{"id":42093,"date":"2018-02-27T11:54:34","date_gmt":"2018-02-27T08:54:34","guid":{"rendered":"https:\/\/btv.md\/?p=42093"},"modified":"2018-02-27T11:54:34","modified_gmt":"2018-02-27T08:54:34","slug":"bmw-ar-putea-produce-primul-mini-electric-in-afara-europei","status":"publish","type":"post","link":"https:\/\/www.btv.md\/ro\/bmw-ar-putea-produce-primul-mini-electric-in-afara-europei\/","title":{"rendered":"BMW ar putea produce primul mini electric \u00een afara Europei"},"content":{"rendered":"<p style=\"text-align: center;\"><iframe data-src=\"https:\/\/www.youtube.com\/embed\/7VQy3rWX9wQ\" width=\"854\" height=\"480\" frameborder=\"0\" allowfullscreen=\"allowfullscreen\" src=\"data:image\/svg+xml;base64,PHN2ZyB3aWR0aD0iMSIgaGVpZ2h0PSIxIiB4bWxucz0iaHR0cDovL3d3dy53My5vcmcvMjAwMC9zdmciPjwvc3ZnPg==\" class=\"lazyload\" data-load-mode=\"1\"><\/iframe><\/p>\n<h4>MINI se preg\u0103te\u0219te de lansarea primului s\u0103u model de serie electric \u00een 2019, iar grupul BMW caut\u0103 posibile loca\u021bii de produc\u021bie pentru viitoarele ma\u0219ini ale constructorului britanic.<\/h4>\n<p>Potrivit Automotive News, BMW se g\u00e2nde\u0219te ca produc\u021bia modelelor electrice Mini s\u0103 fie f\u0103cut\u0103 \u00een China, asta dup\u0103 ce a semnat o scrisoare de inten\u021bie cu privire la un posibil joint-venture cu chinezii de la Great Wall, scrie <a href=\"http:\/\/www.automarket.ro\/stiri\/modelele-electrice-de-la-mini-ar-putea-fi-produse-in-china-bmw-ia-in-82971.html\">automarket.ro<\/a>.<\/p>\n<p>Dac\u0103 parteneriatul va fi oficializat, discu\u021biile dintre BMW \u0219i Great Wall ar putea s\u0103 echivaleze cu produc\u021bia primului model Mini \u00een afara Europei.<\/p>\n<p>\u00cen luna octombrie a anului trecut, Great Wall a confirmat negocierile cu BMW privind un joint-venture.<\/p>\n<p>La vremea respectiv\u0103, BMW a spus c\u0103 este \u00een c\u0103utarea unui partener chinez pentru expansiunea brandului Mini, \u00eens\u0103 f\u0103r\u0103 s\u0103 numeasc\u0103 Great Wall.<\/p>\n","protected":false},"excerpt":{"rendered":"<p>MINI se preg\u0103te\u0219te de lansarea primului s\u0103u model de serie electric \u00een 2019, iar grupul BMW caut\u0103 posibile loca\u021bii de produc\u021bie pentru viitoarele ma\u0219ini ale constructorului britanic. Potrivit Automotive News, BMW se g\u00e2nde\u0219te ca produc\u021bia modelelor electrice Mini s\u0103 fie f\u0103cut\u0103 \u00een China, asta dup\u0103 ce a semnat o scrisoare de inten\u021bie cu privire la [&hellip;]<\/p>\n","protected":false},"author":4,"featured_media":42094,"comment_status":"closed","ping_status":"closed","sticky":false,"template":"","format":"standard","meta":{"footnotes":""},"categories":[8],"tags":[],"class_list":["post-42093","post","type-post","status-publish","format-standard","has-post-thumbnail","hentry","category-obshestvo"],"yoast_head":"<!-- This site is optimized with the Yoast SEO plugin v27.4 - https:\/\/yoast.com\/product\/yoast-seo-wordpress\/ -->\n<title>BMW ar putea produce primul mini electric \u00een afara Europei<\/title>\n<meta name=\"description\" content=\"MINI se preg\u0103te\u0219te de lansarea primului s\u0103u model de serie electric \u00een 2019, iar grupul BMW caut\u0103 posibile loca\u021bii de produc\u021bie pentru viitoarele ma\u0219ini ale constructorului britanic.\" \/>\n<meta name=\"robots\" content=\"index, follow, max-snippet:-1, max-image-preview:large, max-video-preview:-1\" \/>\n<link rel=\"canonical\" href=\"https:\/\/www.btv.md\/ro\/bmw-ar-putea-produce-primul-mini-electric-in-afara-europei\/\" \/>\n<meta property=\"og:locale\" content=\"ro_RO\" \/>\n<meta property=\"og:type\" content=\"article\" \/>\n<meta property=\"og:title\" content=\"BMW ar putea produce primul mini electric \u00een afara Europei\" \/>\n<meta property=\"og:description\" content=\"MINI se preg\u0103te\u0219te de lansarea primului s\u0103u model de serie electric \u00een 2019, iar grupul BMW caut\u0103 posibile loca\u021bii de produc\u021bie pentru viitoarele ma\u0219ini ale constructorului britanic.\" \/>\n<meta property=\"og:url\" content=\"https:\/\/www.btv.md\/ro\/bmw-ar-putea-produce-primul-mini-electric-in-afara-europei\/\" \/>\n<meta property=\"og:site_name\" content=\"BTV\" \/>\n<meta property=\"article:publisher\" content=\"https:\/\/www.facebook.com\/btvmoldova\/\" \/>\n<meta property=\"article:published_time\" content=\"2018-02-27T08:54:34+00:00\" \/>\n<meta property=\"og:image\" content=\"https:\/\/www.btv.md\/wp-content\/uploads\/2018\/02\/755193l-900x0-w-dcf4a81a.jpg\" \/>\n\t<meta property=\"og:image:width\" content=\"700\" \/>\n\t<meta property=\"og:image:height\" content=\"500\" \/>\n\t<meta property=\"og:image:type\" content=\"image\/jpeg\" \/>\n<meta name=\"author\" content=\"admin\" \/>\n<meta name=\"twitter:label1\" content=\"Scris de\" \/>\n\t<meta name=\"twitter:data1\" content=\"admin\" \/>\n\t<meta name=\"twitter:label2\" content=\"Timp estimat pentru citire\" \/>\n\t<meta name=\"twitter:data2\" content=\"1 minut\" \/>\n<script type=\"application\/ld+json\" class=\"yoast-schema-graph\">{\"@context\":\"https:\\\/\\\/schema.org\",\"@graph\":[{\"@type\":\"Article\",\"@id\":\"https:\\\/\\\/www.btv.md\\\/ro\\\/bmw-ar-putea-produce-primul-mini-electric-in-afara-europei\\\/#article\",\"isPartOf\":{\"@id\":\"https:\\\/\\\/www.btv.md\\\/ro\\\/bmw-ar-putea-produce-primul-mini-electric-in-afara-europei\\\/\"},\"author\":{\"name\":\"admin\",\"@id\":\"https:\\\/\\\/www.btv.md\\\/#\\\/schema\\\/person\\\/8fadce81561b3ce2c34c46dadc4ccbf2\"},\"headline\":\"BMW ar putea produce primul mini electric \u00een afara Europei\",\"datePublished\":\"2018-02-27T08:54:34+00:00\",\"mainEntityOfPage\":{\"@id\":\"https:\\\/\\\/www.btv.md\\\/ro\\\/bmw-ar-putea-produce-primul-mini-electric-in-afara-europei\\\/\"},\"wordCount\":153,\"image\":{\"@id\":\"https:\\\/\\\/www.btv.md\\\/ro\\\/bmw-ar-putea-produce-primul-mini-electric-in-afara-europei\\\/#primaryimage\"},\"thumbnailUrl\":\"https:\\\/\\\/www.btv.md\\\/wp-content\\\/uploads\\\/2018\\\/02\\\/755193l-900x0-w-dcf4a81a.jpg\",\"articleSection\":[\"\u041e\u0431\u0449\u0435\u0441\u0442\u0432\u043e\"],\"inLanguage\":\"ro-RO\"},{\"@type\":\"WebPage\",\"@id\":\"https:\\\/\\\/www.btv.md\\\/ro\\\/bmw-ar-putea-produce-primul-mini-electric-in-afara-europei\\\/\",\"url\":\"https:\\\/\\\/www.btv.md\\\/ro\\\/bmw-ar-putea-produce-primul-mini-electric-in-afara-europei\\\/\",\"name\":\"BMW ar putea produce primul mini electric \u00een afara Europei\",\"isPartOf\":{\"@id\":\"https:\\\/\\\/www.btv.md\\\/#website\"},\"primaryImageOfPage\":{\"@id\":\"https:\\\/\\\/www.btv.md\\\/ro\\\/bmw-ar-putea-produce-primul-mini-electric-in-afara-europei\\\/#primaryimage\"},\"image\":{\"@id\":\"https:\\\/\\\/www.btv.md\\\/ro\\\/bmw-ar-putea-produce-primul-mini-electric-in-afara-europei\\\/#primaryimage\"},\"thumbnailUrl\":\"https:\\\/\\\/www.btv.md\\\/wp-content\\\/uploads\\\/2018\\\/02\\\/755193l-900x0-w-dcf4a81a.jpg\",\"datePublished\":\"2018-02-27T08:54:34+00:00\",\"author\":{\"@id\":\"https:\\\/\\\/www.btv.md\\\/#\\\/schema\\\/person\\\/8fadce81561b3ce2c34c46dadc4ccbf2\"},\"description\":\"MINI se preg\u0103te\u0219te de lansarea primului s\u0103u model de serie electric \u00een 2019, iar grupul BMW caut\u0103 posibile loca\u021bii de produc\u021bie pentru viitoarele ma\u0219ini ale constructorului britanic.\",\"inLanguage\":\"ro-RO\",\"potentialAction\":[{\"@type\":\"ReadAction\",\"target\":[\"https:\\\/\\\/www.btv.md\\\/ro\\\/bmw-ar-putea-produce-primul-mini-electric-in-afara-europei\\\/\"]}]},{\"@type\":\"ImageObject\",\"inLanguage\":\"ro-RO\",\"@id\":\"https:\\\/\\\/www.btv.md\\\/ro\\\/bmw-ar-putea-produce-primul-mini-electric-in-afara-europei\\\/#primaryimage\",\"url\":\"https:\\\/\\\/www.btv.md\\\/wp-content\\\/uploads\\\/2018\\\/02\\\/755193l-900x0-w-dcf4a81a.jpg\",\"contentUrl\":\"https:\\\/\\\/www.btv.md\\\/wp-content\\\/uploads\\\/2018\\\/02\\\/755193l-900x0-w-dcf4a81a.jpg\",\"width\":700,\"height\":500},{\"@type\":\"WebSite\",\"@id\":\"https:\\\/\\\/www.btv.md\\\/#website\",\"url\":\"https:\\\/\\\/www.btv.md\\\/\",\"name\":\"BTV\",\"description\":\"\u0411\u0435\u043b\u044c\u0446\u043a\u043e\u0435 \u0442\u0435\u043b\u0435\u0432\u0438\u0434\u0435\u043d\u0438\u0435\",\"potentialAction\":[{\"@type\":\"SearchAction\",\"target\":{\"@type\":\"EntryPoint\",\"urlTemplate\":\"https:\\\/\\\/www.btv.md\\\/?s={search_term_string}\"},\"query-input\":{\"@type\":\"PropertyValueSpecification\",\"valueRequired\":true,\"valueName\":\"search_term_string\"}}],\"inLanguage\":\"ro-RO\"},{\"@type\":\"Person\",\"@id\":\"https:\\\/\\\/www.btv.md\\\/#\\\/schema\\\/person\\\/8fadce81561b3ce2c34c46dadc4ccbf2\",\"name\":\"admin\"}]}<\/script>\n<!-- \/ Yoast SEO plugin. -->","yoast_head_json":{"title":"BMW ar putea produce primul mini electric \u00een afara Europei","description":"MINI se preg\u0103te\u0219te de lansarea primului s\u0103u model de serie electric \u00een 2019, iar grupul BMW caut\u0103 posibile loca\u021bii de produc\u021bie pentru viitoarele ma\u0219ini ale constructorului britanic.","robots":{"index":"index","follow":"follow","max-snippet":"max-snippet:-1","max-image-preview":"max-image-preview:large","max-video-preview":"max-video-preview:-1"},"canonical":"https:\/\/www.btv.md\/ro\/bmw-ar-putea-produce-primul-mini-electric-in-afara-europei\/","og_locale":"ro_RO","og_type":"article","og_title":"BMW ar putea produce primul mini electric \u00een afara Europei","og_description":"MINI se preg\u0103te\u0219te de lansarea primului s\u0103u model de serie electric \u00een 2019, iar grupul BMW caut\u0103 posibile loca\u021bii de produc\u021bie pentru viitoarele ma\u0219ini ale constructorului britanic.","og_url":"https:\/\/www.btv.md\/ro\/bmw-ar-putea-produce-primul-mini-electric-in-afara-europei\/","og_site_name":"BTV","article_publisher":"https:\/\/www.facebook.com\/btvmoldova\/","article_published_time":"2018-02-27T08:54:34+00:00","og_image":[{"width":700,"height":500,"url":"https:\/\/www.btv.md\/wp-content\/uploads\/2018\/02\/755193l-900x0-w-dcf4a81a.jpg","type":"image\/jpeg"}],"author":"admin","twitter_misc":{"Scris de":"admin","Timp estimat pentru citire":"1 minut"},"schema":{"@context":"https:\/\/schema.org","@graph":[{"@type":"Article","@id":"https:\/\/www.btv.md\/ro\/bmw-ar-putea-produce-primul-mini-electric-in-afara-europei\/#article","isPartOf":{"@id":"https:\/\/www.btv.md\/ro\/bmw-ar-putea-produce-primul-mini-electric-in-afara-europei\/"},"author":{"name":"admin","@id":"https:\/\/www.btv.md\/#\/schema\/person\/8fadce81561b3ce2c34c46dadc4ccbf2"},"headline":"BMW ar putea produce primul mini electric \u00een afara Europei","datePublished":"2018-02-27T08:54:34+00:00","mainEntityOfPage":{"@id":"https:\/\/www.btv.md\/ro\/bmw-ar-putea-produce-primul-mini-electric-in-afara-europei\/"},"wordCount":153,"image":{"@id":"https:\/\/www.btv.md\/ro\/bmw-ar-putea-produce-primul-mini-electric-in-afara-europei\/#primaryimage"},"thumbnailUrl":"https:\/\/www.btv.md\/wp-content\/uploads\/2018\/02\/755193l-900x0-w-dcf4a81a.jpg","articleSection":["\u041e\u0431\u0449\u0435\u0441\u0442\u0432\u043e"],"inLanguage":"ro-RO"},{"@type":"WebPage","@id":"https:\/\/www.btv.md\/ro\/bmw-ar-putea-produce-primul-mini-electric-in-afara-europei\/","url":"https:\/\/www.btv.md\/ro\/bmw-ar-putea-produce-primul-mini-electric-in-afara-europei\/","name":"BMW ar putea produce primul mini electric \u00een afara Europei","isPartOf":{"@id":"https:\/\/www.btv.md\/#website"},"primaryImageOfPage":{"@id":"https:\/\/www.btv.md\/ro\/bmw-ar-putea-produce-primul-mini-electric-in-afara-europei\/#primaryimage"},"image":{"@id":"https:\/\/www.btv.md\/ro\/bmw-ar-putea-produce-primul-mini-electric-in-afara-europei\/#primaryimage"},"thumbnailUrl":"https:\/\/www.btv.md\/wp-content\/uploads\/2018\/02\/755193l-900x0-w-dcf4a81a.jpg","datePublished":"2018-02-27T08:54:34+00:00","author":{"@id":"https:\/\/www.btv.md\/#\/schema\/person\/8fadce81561b3ce2c34c46dadc4ccbf2"},"description":"MINI se preg\u0103te\u0219te de lansarea primului s\u0103u model de serie electric \u00een 2019, iar grupul BMW caut\u0103 posibile loca\u021bii de produc\u021bie pentru viitoarele ma\u0219ini ale constructorului britanic.","inLanguage":"ro-RO","potentialAction":[{"@type":"ReadAction","target":["https:\/\/www.btv.md\/ro\/bmw-ar-putea-produce-primul-mini-electric-in-afara-europei\/"]}]},{"@type":"ImageObject","inLanguage":"ro-RO","@id":"https:\/\/www.btv.md\/ro\/bmw-ar-putea-produce-primul-mini-electric-in-afara-europei\/#primaryimage","url":"https:\/\/www.btv.md\/wp-content\/uploads\/2018\/02\/755193l-900x0-w-dcf4a81a.jpg","contentUrl":"https:\/\/www.btv.md\/wp-content\/uploads\/2018\/02\/755193l-900x0-w-dcf4a81a.jpg","width":700,"height":500},{"@type":"WebSite","@id":"https:\/\/www.btv.md\/#website","url":"https:\/\/www.btv.md\/","name":"BTV","description":"\u0411\u0435\u043b\u044c\u0446\u043a\u043e\u0435 \u0442\u0435\u043b\u0435\u0432\u0438\u0434\u0435\u043d\u0438\u0435","potentialAction":[{"@type":"SearchAction","target":{"@type":"EntryPoint","urlTemplate":"https:\/\/www.btv.md\/?s={search_term_string}"},"query-input":{"@type":"PropertyValueSpecification","valueRequired":true,"valueName":"search_term_string"}}],"inLanguage":"ro-RO"},{"@type":"Person","@id":"https:\/\/www.btv.md\/#\/schema\/person\/8fadce81561b3ce2c34c46dadc4ccbf2","name":"admin"}]}},"_links":{"self":[{"href":"https:\/\/www.btv.md\/ro\/wp-json\/wp\/v2\/posts\/42093","targetHints":{"allow":["GET"]}}],"collection":[{"href":"https:\/\/www.btv.md\/ro\/wp-json\/wp\/v2\/posts"}],"about":[{"href":"https:\/\/www.btv.md\/ro\/wp-json\/wp\/v2\/types\/post"}],"author":[{"embeddable":true,"href":"https:\/\/www.btv.md\/ro\/wp-json\/wp\/v2\/users\/4"}],"replies":[{"embeddable":true,"href":"https:\/\/www.btv.md\/ro\/wp-json\/wp\/v2\/comments?post=42093"}],"version-history":[{"count":0,"href":"https:\/\/www.btv.md\/ro\/wp-json\/wp\/v2\/posts\/42093\/revisions"}],"wp:featuredmedia":[{"embeddable":true,"href":"https:\/\/www.btv.md\/ro\/wp-json\/wp\/v2\/media\/42094"}],"wp:attachment":[{"href":"https:\/\/www.btv.md\/ro\/wp-json\/wp\/v2\/media?parent=42093"}],"wp:term":[{"taxonomy":"category","embeddable":true,"href":"https:\/\/www.btv.md\/ro\/wp-json\/wp\/v2\/categories?post=42093"},{"taxonomy":"post_tag","embeddable":true,"href":"https:\/\/www.btv.md\/ro\/wp-json\/wp\/v2\/tags?post=42093"}],"curies":[{"name":"wp","href":"https:\/\/api.w.org\/{rel}","templated":true}]}}