{"id":42111,"date":"2018-02-27T12:16:14","date_gmt":"2018-02-27T09:16:14","guid":{"rendered":"https:\/\/btv.md\/?p=42111"},"modified":"2018-02-27T12:16:14","modified_gmt":"2018-02-27T09:16:14","slug":"sua-atac-cu-17-morti-copilaria-traumatizanta-a-atacatorului","status":"publish","type":"post","link":"https:\/\/www.btv.md\/ro\/sua-atac-cu-17-morti-copilaria-traumatizanta-a-atacatorului\/","title":{"rendered":"SUA: atac cu 17 mor\u0163i. Copil\u0103ria traumatizant\u0103 a atacatorului"},"content":{"rendered":"<p style=\"text-align: center;\"><iframe data-src=\"https:\/\/www.youtube.com\/embed\/xt7gYE9xm_Q\" width=\"854\" height=\"480\" frameborder=\"0\" allowfullscreen=\"allowfullscreen\" src=\"data:image\/svg+xml;base64,PHN2ZyB3aWR0aD0iMSIgaGVpZ2h0PSIxIiB4bWxucz0iaHR0cDovL3d3dy53My5vcmcvMjAwMC9zdmciPjwvc3ZnPg==\" class=\"lazyload\" data-load-mode=\"1\"><\/iframe><\/p>\n<h4>Nikolas Cruz, t\u00e2n\u0103rul de 19 ani acuzat c\u0103 a omor\u00e2t 17 liceeni, \u00eentr-un atac armat care a avut loc la un liceu din Florida, a avut o copil\u0103rie \u0219i o adolescen\u021b\u0103 nefericite, marcate de numeroase episoade traumatizante.<\/h4>\n<p>La numai 5 ani, Cruz a fost martor la moartea tat\u0103lui s\u0103u adoptiv, de care era foarte ata\u0219at. Asta \u00een timp ce fratele lui, Zachary, a recunoscut c\u0103 l-a h\u0103r\u021buit toat\u0103 copil\u0103ria.<\/p>\n<p>Tat\u0103l lui Cruz a murit \u00een 2004, \u00een urma unui atac de cord. Cei doi erau singuri \u00een cas\u0103 atunci c\u00e2nd b\u0103rbatul s-a pr\u0103bu\u0219it din picioare, scrie Daily Mail, citat de <a href=\"https:\/\/www.digi24.ro\/stiri\/externe\/mapamond\/copilaria-traumatizanta-a-lui-nikolas-cruz-atacatorul-din-florida-hartuit-de-fratele-sau-si-a-vazut-tatal-murind-884973\">Digi24<\/a>. La c\u00e2\u021biva ani de la acest eveniment, Nikolas Cruz a \u00eencercat s\u0103-\u0219i ia via\u021ba, \u00eenghi\u021bind benzin\u0103. Se \u00eent\u00e2mpla \u00eenainte ca acesta s\u0103 \u00eemplineasc\u0103 v\u00e2rsta de 18 ani.<\/p>\n<p>Pentru c\u0103 nu avea niciun prieten, mama lui Cruz \u00eel obliga pe fratele lui Zachary, s\u0103-l ia peste tot cu el. Cei doi nu erau \u00eens\u0103 deloc apropia\u021bi, cel din urm\u0103 recunosc\u00e2nd \u00een fa\u021ba autorit\u0103\u021bilor c\u0103 \u0219i-a chinuit fratele.<\/p>\n<p>Descris ca o fire singuratic\u0103, pierdut\u0103 sau chiar violent\u0103, Cruz a fost diagnosticat la v\u00e2rsta de numai 3 ani cu \u201etulbur\u0103ri de comportament\u201d.<\/p>\n<p>\u00centotdeauna se holba la toat\u0103 lumea. Parc\u0103 se holba \u00een sufletul t\u0103u\u201d, \u00ee\u0219i aminte\u0219te Tyra Hemans, o fost\u0103 coleg\u0103, care a povestit \u0219i c\u0103 l-a v\u0103zut o dat\u0103 str\u00e2ng\u00e2nd o pas\u0103re moart\u0103 \u00eentre picioare.<\/p>\n<p>\u201eM-am uitat mai atent \u0219i am v\u0103zut c\u0103 \u021binea o pas\u0103re moart\u0103 l\u00e2ng\u0103 organele genitale. Am v\u0103zut c\u00e2teva pene \u0219i mi-am dat seama c\u0103 este o pas\u0103re. A fost ceva tulbur\u0103tor. \u00cens\u0103 am \u00eentors privirea \u00een alt\u0103 parte, pentru c\u0103 nu era treaba mea ce f\u0103cea\u201d, a spus aceasta.<\/p>\n<p>17 oameni au fost uci\u0219i \u00een atacul armat din\u00a0 Parkland, Florida, comis \u00een data de 14 februarie,\u00a0 la Liceul Marjory Stoneman Douglas. Cruz a fost elev al acestui liceu.<\/p>\n","protected":false},"excerpt":{"rendered":"<p>Nikolas Cruz, t\u00e2n\u0103rul de 19 ani acuzat c\u0103 a omor\u00e2t 17 liceeni, \u00eentr-un atac armat care a avut loc la un liceu din Florida, a avut o copil\u0103rie \u0219i o adolescen\u021b\u0103 nefericite, marcate de numeroase episoade traumatizante. La numai 5 ani, Cruz a fost martor la moartea tat\u0103lui s\u0103u adoptiv, de care era foarte ata\u0219at. [&hellip;]<\/p>\n","protected":false},"author":4,"featured_media":42112,"comment_status":"closed","ping_status":"closed","sticky":false,"template":"","format":"standard","meta":{"footnotes":""},"categories":[6354],"tags":[],"class_list":["post-42111","post","type-post","status-publish","format-standard","has-post-thumbnail","hentry","category-externe-ro"],"yoast_head":"<!-- This site is optimized with the Yoast SEO plugin v27.4 - https:\/\/yoast.com\/product\/yoast-seo-wordpress\/ -->\n<title>SUA: atac cu 17 mor\u0163i. Copil\u0103ria traumatizant\u0103 a atacatorului<\/title>\n<meta name=\"description\" content=\"Nikolas Cruz, t\u00e2n\u0103rul de 19 ani acuzat c\u0103 a omor\u00e2t 17 liceeni, \u00eentr-un atac armat care a avut loc la un liceu din Florida, a avut o copil\u0103rie \u0219i o adolescen\u021b\u0103 nefericite, marcate de numeroase episoade traumatizante.\" \/>\n<meta name=\"robots\" content=\"index, follow, max-snippet:-1, max-image-preview:large, max-video-preview:-1\" \/>\n<link rel=\"canonical\" href=\"https:\/\/www.btv.md\/ro\/sua-atac-cu-17-morti-copilaria-traumatizanta-a-atacatorului\/\" \/>\n<meta property=\"og:locale\" content=\"ro_RO\" \/>\n<meta property=\"og:type\" content=\"article\" \/>\n<meta property=\"og:title\" content=\"SUA: atac cu 17 mor\u0163i. Copil\u0103ria traumatizant\u0103 a atacatorului\" \/>\n<meta property=\"og:description\" content=\"Nikolas Cruz, t\u00e2n\u0103rul de 19 ani acuzat c\u0103 a omor\u00e2t 17 liceeni, \u00eentr-un atac armat care a avut loc la un liceu din Florida, a avut o copil\u0103rie \u0219i o adolescen\u021b\u0103 nefericite, marcate de numeroase episoade traumatizante.\" \/>\n<meta property=\"og:url\" content=\"https:\/\/www.btv.md\/ro\/sua-atac-cu-17-morti-copilaria-traumatizanta-a-atacatorului\/\" \/>\n<meta property=\"og:site_name\" content=\"BTV\" \/>\n<meta property=\"article:publisher\" content=\"https:\/\/www.facebook.com\/btvmoldova\/\" \/>\n<meta property=\"article:published_time\" content=\"2018-02-27T09:16:14+00:00\" \/>\n<meta property=\"og:image\" content=\"https:\/\/www.btv.md\/wp-content\/uploads\/2018\/02\/jmhhc2g9ywjkmzk3yjbkmty3zmq2mdm2yzm2mzyznwm3nja3n2ithumb_13850100.jpg\" \/>\n\t<meta property=\"og:image:width\" content=\"700\" \/>\n\t<meta property=\"og:image:height\" content=\"500\" \/>\n\t<meta property=\"og:image:type\" content=\"image\/jpeg\" \/>\n<meta name=\"author\" content=\"admin\" \/>\n<meta name=\"twitter:label1\" content=\"Scris de\" \/>\n\t<meta name=\"twitter:data1\" content=\"admin\" \/>\n\t<meta name=\"twitter:label2\" content=\"Timp estimat pentru citire\" \/>\n\t<meta name=\"twitter:data2\" content=\"2 minute\" \/>\n<script type=\"application\/ld+json\" class=\"yoast-schema-graph\">{\"@context\":\"https:\\\/\\\/schema.org\",\"@graph\":[{\"@type\":\"Article\",\"@id\":\"https:\\\/\\\/www.btv.md\\\/ro\\\/sua-atac-cu-17-morti-copilaria-traumatizanta-a-atacatorului\\\/#article\",\"isPartOf\":{\"@id\":\"https:\\\/\\\/www.btv.md\\\/ro\\\/sua-atac-cu-17-morti-copilaria-traumatizanta-a-atacatorului\\\/\"},\"author\":{\"name\":\"admin\",\"@id\":\"https:\\\/\\\/www.btv.md\\\/#\\\/schema\\\/person\\\/8fadce81561b3ce2c34c46dadc4ccbf2\"},\"headline\":\"SUA: atac cu 17 mor\u0163i. Copil\u0103ria traumatizant\u0103 a atacatorului\",\"datePublished\":\"2018-02-27T09:16:14+00:00\",\"mainEntityOfPage\":{\"@id\":\"https:\\\/\\\/www.btv.md\\\/ro\\\/sua-atac-cu-17-morti-copilaria-traumatizanta-a-atacatorului\\\/\"},\"wordCount\":348,\"image\":{\"@id\":\"https:\\\/\\\/www.btv.md\\\/ro\\\/sua-atac-cu-17-morti-copilaria-traumatizanta-a-atacatorului\\\/#primaryimage\"},\"thumbnailUrl\":\"https:\\\/\\\/www.btv.md\\\/wp-content\\\/uploads\\\/2018\\\/02\\\/jmhhc2g9ywjkmzk3yjbkmty3zmq2mdm2yzm2mzyznwm3nja3n2ithumb_13850100.jpg\",\"articleSection\":[\"Externe\"],\"inLanguage\":\"ro-RO\"},{\"@type\":\"WebPage\",\"@id\":\"https:\\\/\\\/www.btv.md\\\/ro\\\/sua-atac-cu-17-morti-copilaria-traumatizanta-a-atacatorului\\\/\",\"url\":\"https:\\\/\\\/www.btv.md\\\/ro\\\/sua-atac-cu-17-morti-copilaria-traumatizanta-a-atacatorului\\\/\",\"name\":\"SUA: atac cu 17 mor\u0163i. Copil\u0103ria traumatizant\u0103 a atacatorului\",\"isPartOf\":{\"@id\":\"https:\\\/\\\/www.btv.md\\\/#website\"},\"primaryImageOfPage\":{\"@id\":\"https:\\\/\\\/www.btv.md\\\/ro\\\/sua-atac-cu-17-morti-copilaria-traumatizanta-a-atacatorului\\\/#primaryimage\"},\"image\":{\"@id\":\"https:\\\/\\\/www.btv.md\\\/ro\\\/sua-atac-cu-17-morti-copilaria-traumatizanta-a-atacatorului\\\/#primaryimage\"},\"thumbnailUrl\":\"https:\\\/\\\/www.btv.md\\\/wp-content\\\/uploads\\\/2018\\\/02\\\/jmhhc2g9ywjkmzk3yjbkmty3zmq2mdm2yzm2mzyznwm3nja3n2ithumb_13850100.jpg\",\"datePublished\":\"2018-02-27T09:16:14+00:00\",\"author\":{\"@id\":\"https:\\\/\\\/www.btv.md\\\/#\\\/schema\\\/person\\\/8fadce81561b3ce2c34c46dadc4ccbf2\"},\"description\":\"Nikolas Cruz, t\u00e2n\u0103rul de 19 ani acuzat c\u0103 a omor\u00e2t 17 liceeni, \u00eentr-un atac armat care a avut loc la un liceu din Florida, a avut o copil\u0103rie \u0219i o adolescen\u021b\u0103 nefericite, marcate de numeroase episoade traumatizante.\",\"inLanguage\":\"ro-RO\",\"potentialAction\":[{\"@type\":\"ReadAction\",\"target\":[\"https:\\\/\\\/www.btv.md\\\/ro\\\/sua-atac-cu-17-morti-copilaria-traumatizanta-a-atacatorului\\\/\"]}]},{\"@type\":\"ImageObject\",\"inLanguage\":\"ro-RO\",\"@id\":\"https:\\\/\\\/www.btv.md\\\/ro\\\/sua-atac-cu-17-morti-copilaria-traumatizanta-a-atacatorului\\\/#primaryimage\",\"url\":\"https:\\\/\\\/www.btv.md\\\/wp-content\\\/uploads\\\/2018\\\/02\\\/jmhhc2g9ywjkmzk3yjbkmty3zmq2mdm2yzm2mzyznwm3nja3n2ithumb_13850100.jpg\",\"contentUrl\":\"https:\\\/\\\/www.btv.md\\\/wp-content\\\/uploads\\\/2018\\\/02\\\/jmhhc2g9ywjkmzk3yjbkmty3zmq2mdm2yzm2mzyznwm3nja3n2ithumb_13850100.jpg\",\"width\":700,\"height\":500},{\"@type\":\"WebSite\",\"@id\":\"https:\\\/\\\/www.btv.md\\\/#website\",\"url\":\"https:\\\/\\\/www.btv.md\\\/\",\"name\":\"BTV\",\"description\":\"\u0411\u0435\u043b\u044c\u0446\u043a\u043e\u0435 \u0442\u0435\u043b\u0435\u0432\u0438\u0434\u0435\u043d\u0438\u0435\",\"potentialAction\":[{\"@type\":\"SearchAction\",\"target\":{\"@type\":\"EntryPoint\",\"urlTemplate\":\"https:\\\/\\\/www.btv.md\\\/?s={search_term_string}\"},\"query-input\":{\"@type\":\"PropertyValueSpecification\",\"valueRequired\":true,\"valueName\":\"search_term_string\"}}],\"inLanguage\":\"ro-RO\"},{\"@type\":\"Person\",\"@id\":\"https:\\\/\\\/www.btv.md\\\/#\\\/schema\\\/person\\\/8fadce81561b3ce2c34c46dadc4ccbf2\",\"name\":\"admin\"}]}<\/script>\n<!-- \/ Yoast SEO plugin. -->","yoast_head_json":{"title":"SUA: atac cu 17 mor\u0163i. Copil\u0103ria traumatizant\u0103 a atacatorului","description":"Nikolas Cruz, t\u00e2n\u0103rul de 19 ani acuzat c\u0103 a omor\u00e2t 17 liceeni, \u00eentr-un atac armat care a avut loc la un liceu din Florida, a avut o copil\u0103rie \u0219i o adolescen\u021b\u0103 nefericite, marcate de numeroase episoade traumatizante.","robots":{"index":"index","follow":"follow","max-snippet":"max-snippet:-1","max-image-preview":"max-image-preview:large","max-video-preview":"max-video-preview:-1"},"canonical":"https:\/\/www.btv.md\/ro\/sua-atac-cu-17-morti-copilaria-traumatizanta-a-atacatorului\/","og_locale":"ro_RO","og_type":"article","og_title":"SUA: atac cu 17 mor\u0163i. Copil\u0103ria traumatizant\u0103 a atacatorului","og_description":"Nikolas Cruz, t\u00e2n\u0103rul de 19 ani acuzat c\u0103 a omor\u00e2t 17 liceeni, \u00eentr-un atac armat care a avut loc la un liceu din Florida, a avut o copil\u0103rie \u0219i o adolescen\u021b\u0103 nefericite, marcate de numeroase episoade traumatizante.","og_url":"https:\/\/www.btv.md\/ro\/sua-atac-cu-17-morti-copilaria-traumatizanta-a-atacatorului\/","og_site_name":"BTV","article_publisher":"https:\/\/www.facebook.com\/btvmoldova\/","article_published_time":"2018-02-27T09:16:14+00:00","og_image":[{"width":700,"height":500,"url":"https:\/\/www.btv.md\/wp-content\/uploads\/2018\/02\/jmhhc2g9ywjkmzk3yjbkmty3zmq2mdm2yzm2mzyznwm3nja3n2ithumb_13850100.jpg","type":"image\/jpeg"}],"author":"admin","twitter_misc":{"Scris de":"admin","Timp estimat pentru citire":"2 minute"},"schema":{"@context":"https:\/\/schema.org","@graph":[{"@type":"Article","@id":"https:\/\/www.btv.md\/ro\/sua-atac-cu-17-morti-copilaria-traumatizanta-a-atacatorului\/#article","isPartOf":{"@id":"https:\/\/www.btv.md\/ro\/sua-atac-cu-17-morti-copilaria-traumatizanta-a-atacatorului\/"},"author":{"name":"admin","@id":"https:\/\/www.btv.md\/#\/schema\/person\/8fadce81561b3ce2c34c46dadc4ccbf2"},"headline":"SUA: atac cu 17 mor\u0163i. Copil\u0103ria traumatizant\u0103 a atacatorului","datePublished":"2018-02-27T09:16:14+00:00","mainEntityOfPage":{"@id":"https:\/\/www.btv.md\/ro\/sua-atac-cu-17-morti-copilaria-traumatizanta-a-atacatorului\/"},"wordCount":348,"image":{"@id":"https:\/\/www.btv.md\/ro\/sua-atac-cu-17-morti-copilaria-traumatizanta-a-atacatorului\/#primaryimage"},"thumbnailUrl":"https:\/\/www.btv.md\/wp-content\/uploads\/2018\/02\/jmhhc2g9ywjkmzk3yjbkmty3zmq2mdm2yzm2mzyznwm3nja3n2ithumb_13850100.jpg","articleSection":["Externe"],"inLanguage":"ro-RO"},{"@type":"WebPage","@id":"https:\/\/www.btv.md\/ro\/sua-atac-cu-17-morti-copilaria-traumatizanta-a-atacatorului\/","url":"https:\/\/www.btv.md\/ro\/sua-atac-cu-17-morti-copilaria-traumatizanta-a-atacatorului\/","name":"SUA: atac cu 17 mor\u0163i. Copil\u0103ria traumatizant\u0103 a atacatorului","isPartOf":{"@id":"https:\/\/www.btv.md\/#website"},"primaryImageOfPage":{"@id":"https:\/\/www.btv.md\/ro\/sua-atac-cu-17-morti-copilaria-traumatizanta-a-atacatorului\/#primaryimage"},"image":{"@id":"https:\/\/www.btv.md\/ro\/sua-atac-cu-17-morti-copilaria-traumatizanta-a-atacatorului\/#primaryimage"},"thumbnailUrl":"https:\/\/www.btv.md\/wp-content\/uploads\/2018\/02\/jmhhc2g9ywjkmzk3yjbkmty3zmq2mdm2yzm2mzyznwm3nja3n2ithumb_13850100.jpg","datePublished":"2018-02-27T09:16:14+00:00","author":{"@id":"https:\/\/www.btv.md\/#\/schema\/person\/8fadce81561b3ce2c34c46dadc4ccbf2"},"description":"Nikolas Cruz, t\u00e2n\u0103rul de 19 ani acuzat c\u0103 a omor\u00e2t 17 liceeni, \u00eentr-un atac armat care a avut loc la un liceu din Florida, a avut o copil\u0103rie \u0219i o adolescen\u021b\u0103 nefericite, marcate de numeroase episoade traumatizante.","inLanguage":"ro-RO","potentialAction":[{"@type":"ReadAction","target":["https:\/\/www.btv.md\/ro\/sua-atac-cu-17-morti-copilaria-traumatizanta-a-atacatorului\/"]}]},{"@type":"ImageObject","inLanguage":"ro-RO","@id":"https:\/\/www.btv.md\/ro\/sua-atac-cu-17-morti-copilaria-traumatizanta-a-atacatorului\/#primaryimage","url":"https:\/\/www.btv.md\/wp-content\/uploads\/2018\/02\/jmhhc2g9ywjkmzk3yjbkmty3zmq2mdm2yzm2mzyznwm3nja3n2ithumb_13850100.jpg","contentUrl":"https:\/\/www.btv.md\/wp-content\/uploads\/2018\/02\/jmhhc2g9ywjkmzk3yjbkmty3zmq2mdm2yzm2mzyznwm3nja3n2ithumb_13850100.jpg","width":700,"height":500},{"@type":"WebSite","@id":"https:\/\/www.btv.md\/#website","url":"https:\/\/www.btv.md\/","name":"BTV","description":"\u0411\u0435\u043b\u044c\u0446\u043a\u043e\u0435 \u0442\u0435\u043b\u0435\u0432\u0438\u0434\u0435\u043d\u0438\u0435","potentialAction":[{"@type":"SearchAction","target":{"@type":"EntryPoint","urlTemplate":"https:\/\/www.btv.md\/?s={search_term_string}"},"query-input":{"@type":"PropertyValueSpecification","valueRequired":true,"valueName":"search_term_string"}}],"inLanguage":"ro-RO"},{"@type":"Person","@id":"https:\/\/www.btv.md\/#\/schema\/person\/8fadce81561b3ce2c34c46dadc4ccbf2","name":"admin"}]}},"_links":{"self":[{"href":"https:\/\/www.btv.md\/ro\/wp-json\/wp\/v2\/posts\/42111","targetHints":{"allow":["GET"]}}],"collection":[{"href":"https:\/\/www.btv.md\/ro\/wp-json\/wp\/v2\/posts"}],"about":[{"href":"https:\/\/www.btv.md\/ro\/wp-json\/wp\/v2\/types\/post"}],"author":[{"embeddable":true,"href":"https:\/\/www.btv.md\/ro\/wp-json\/wp\/v2\/users\/4"}],"replies":[{"embeddable":true,"href":"https:\/\/www.btv.md\/ro\/wp-json\/wp\/v2\/comments?post=42111"}],"version-history":[{"count":0,"href":"https:\/\/www.btv.md\/ro\/wp-json\/wp\/v2\/posts\/42111\/revisions"}],"wp:featuredmedia":[{"embeddable":true,"href":"https:\/\/www.btv.md\/ro\/wp-json\/wp\/v2\/media\/42112"}],"wp:attachment":[{"href":"https:\/\/www.btv.md\/ro\/wp-json\/wp\/v2\/media?parent=42111"}],"wp:term":[{"taxonomy":"category","embeddable":true,"href":"https:\/\/www.btv.md\/ro\/wp-json\/wp\/v2\/categories?post=42111"},{"taxonomy":"post_tag","embeddable":true,"href":"https:\/\/www.btv.md\/ro\/wp-json\/wp\/v2\/tags?post=42111"}],"curies":[{"name":"wp","href":"https:\/\/api.w.org\/{rel}","templated":true}]}}