{"id":44048,"date":"2018-03-27T19:43:13","date_gmt":"2018-03-27T16:43:13","guid":{"rendered":"https:\/\/btv.md\/?p=44048"},"modified":"2018-03-27T19:43:13","modified_gmt":"2018-03-27T16:43:13","slug":"programul-pentru-reforme-structurale-in-moldova-prezentat-la-balti","status":"publish","type":"post","link":"https:\/\/www.btv.md\/ro\/programul-pentru-reforme-structurale-in-moldova-prezentat-la-balti\/","title":{"rendered":"Programul pentru reforme structurale \u00een Moldova, prezentat la B\u0103l\u021bi"},"content":{"rendered":"<p style=\"text-align: center;\"><iframe data-src=\"https:\/\/www.youtube.com\/embed\/tysuHcvAF30\" width=\"854\" height=\"480\" frameborder=\"0\" allowfullscreen=\"allowfullscreen\" src=\"data:image\/svg+xml;base64,PHN2ZyB3aWR0aD0iMSIgaGVpZ2h0PSIxIiB4bWxucz0iaHR0cDovL3d3dy53My5vcmcvMjAwMC9zdmciPjwvc3ZnPg==\" class=\"lazyload\" data-load-mode=\"1\"><\/iframe><\/p>\n<h4>Facilitarea comer\u021bului, \u00eembun\u0103t\u0103\u021birea climatului de afaceri, crearea unui fond pentru stimularea activit\u0103\u021bii comerciale \u0219i lupta \u00eempotriva corup\u021biei.\u00a0Acestea sunt c\u00e2teva din obiectivele programului pentru Reforme Structurale \u00een Moldova, lansat de Agen\u021bia Statelor Unite pentru Dezvoltare Interna\u021bional\u0103 (USAID). Subiectul a fost discutat \u00een cadrul unei \u0219edin\u021be organizate la B\u0103l\u021bi, unde s-au adunat ini\u021biatorii programului, reprezentan\u021bii Camerei de Comer\u021b \u0219i Industrie, autorit\u0103\u021bile locale, dar \u0219i agen\u021bi economici.<\/h4>\n<blockquote>\n<p>Sergiu Harea, pre\u0219edinte camera de comer\u021b \u0219i industrie: <em>\u201eProiectul Reforma Structural\u0103 este unul care are drept scop suportul agen\u021bilor economici pe mai multe segmente. \u00cen primul r\u00e2nd, este cre\u0219terea companiilor de a r\u0103spunde cerin\u021belor actuale ale pie\u021bei. A doua, este facilitarea comer\u021bului \u0219i coridoarele comerciale. Trebuie s\u0103 cre\u0219tem capacit\u0103\u021bile de export ale companiilor prin ai preg\u0103ti, prin a investi \u00een aceste comanii \u0219i de a \u00eenl\u0103tura barierele tarifare \u0219i netarifare.\u201d<\/em><\/p>\n<\/blockquote>\n<p>Alte ac\u021biuni prev\u0103zute \u00een program se refer\u0103 la reducerea birocra\u021biei, inclusiv prin \u00eembun\u0103t\u0103\u021birea activit\u0103\u021bii Serviciului Vamal \u0219i aplicarea solu\u021biilor digitale inovatoare. Un ajutor sporit \u00a0va fi acordat \u00eentreprinderilor mici \u0219i mijlocii (IMM-uri).<\/p>\n<blockquote>\n<p>Douglas Muir, director programul USAID pentru reforme structurale \u00een Moldova: <em>\u201eProgramul are drept scop facilitarea comer\u021bului, nu doar a organiza\u021biilor mari, ci \u0219i a celor mici. Importatorii, exportatorii mici vor avea posibilitatea s\u0103 acceseze mai u\u0219or informa\u021bia de la vam\u0103 pentru a \u0219ti cum s\u0103 treac\u0103 produsele din vam\u0103 mai u\u0219or.\u201d<\/em><\/p>\n<\/blockquote>\n<p>Antreprenorii din Moldova sper\u0103 c\u0103, reformele vor avea rezultate.<\/p>\n<blockquote>\n<p>Angela Bejenari, antreprenoare: <em>\u201eAm \u00eenceput de la zero \u0219i doar prin proiectele de care am beneficiat din partea USAID, am reu\u0219it s\u0103 m\u0103 extind \u0219i s\u0103 m\u0103 dezvolt. Acum, ajung\u00e2nd la un teren de pomu\u0219oare mai vast, am ajuns s\u0103 m\u0103 confrunt cu problema exportului \u0219i acest proiect este foarte oportun.\u201d<\/em><\/p>\n<p>Ludmila Gu\u021buleac, antreprenoare: <em>\u201eAm abordat la \u0219edin\u021b\u0103 \u0219i valoarea \u00een vam\u0103. Ar fi corect s\u0103 avem un suport \u0219i din partea speciali\u0219tilor Camerei de Comer\u021b \u0219i Industrie. Trebuie s\u0103 avem o evaluare corect\u0103 a bunurilor, pentru a nu fi m\u0103rit\u0103 automat, f\u0103r\u0103 a o analiza.\u201d<\/em><\/p>\n<\/blockquote>\n<p>Potrivit autorilor, programul urmeaz\u0103 s\u0103 stimuleze cre\u0219terea economic\u0103 a Republicii Moldova \u0219i le va oferi produc\u0103torilor moldoveni sprijinul necesar pentru ca produsele lor s\u0103 se afirme pe pia\u021ba comun\u0103 a Uniunii Europene.<\/p>\n<p>Programul are un buget de 11,2 milioane de dolari \u0219i va fi implementat timp de patru ani.<\/p>\n","protected":false},"excerpt":{"rendered":"<p>Facilitarea comer\u021bului, \u00eembun\u0103t\u0103\u021birea climatului de afaceri, crearea unui fond pentru stimularea activit\u0103\u021bii comerciale \u0219i lupta \u00eempotriva corup\u021biei.\u00a0Acestea sunt c\u00e2teva din obiectivele programului pentru Reforme Structurale \u00een Moldova, lansat de Agen\u021bia Statelor Unite pentru Dezvoltare Interna\u021bional\u0103 (USAID). Subiectul a fost discutat \u00een cadrul unei \u0219edin\u021be organizate la B\u0103l\u021bi, unde s-au adunat ini\u021biatorii programului, reprezentan\u021bii Camerei de [&hellip;]<\/p>\n","protected":false},"author":4,"featured_media":44049,"comment_status":"closed","ping_status":"closed","sticky":false,"template":"","format":"standard","meta":{"footnotes":""},"categories":[6349],"tags":[],"class_list":["post-44048","post","type-post","status-publish","format-standard","has-post-thumbnail","hentry","category-social"],"yoast_head":"<!-- This site is optimized with the Yoast SEO plugin v27.4 - https:\/\/yoast.com\/product\/yoast-seo-wordpress\/ -->\n<title>Programul pentru reforme structurale \u00een Moldova, prezentat la B\u0103l\u021bi<\/title>\n<meta name=\"description\" content=\"Facilitarea comer\u021bului, \u00eembun\u0103t\u0103\u021birea climatului de afaceri, crearea unui fond pentru stimularea activit\u0103\u021bii comerciale \u0219i lupta \u00eempotriva corup\u021biei.\u00a0Acestea sunt c\u00e2teva din obiectivele programului pentru Reforme Structurale \u00een Moldova, lansat de Agen\u021bia Statelor Unite pentru Dezvoltare Interna\u021bional\u0103 (USAID).\" \/>\n<meta name=\"robots\" content=\"index, follow, max-snippet:-1, max-image-preview:large, max-video-preview:-1\" \/>\n<link rel=\"canonical\" href=\"https:\/\/www.btv.md\/ro\/programul-pentru-reforme-structurale-in-moldova-prezentat-la-balti\/\" \/>\n<meta property=\"og:locale\" content=\"ro_RO\" \/>\n<meta property=\"og:type\" content=\"article\" \/>\n<meta property=\"og:title\" content=\"Programul pentru reforme structurale \u00een Moldova, prezentat la B\u0103l\u021bi\" \/>\n<meta property=\"og:description\" content=\"Facilitarea comer\u021bului, \u00eembun\u0103t\u0103\u021birea climatului de afaceri, crearea unui fond pentru stimularea activit\u0103\u021bii comerciale \u0219i lupta \u00eempotriva corup\u021biei.\u00a0Acestea sunt c\u00e2teva din obiectivele programului pentru Reforme Structurale \u00een Moldova, lansat de Agen\u021bia Statelor Unite pentru Dezvoltare Interna\u021bional\u0103 (USAID).\" \/>\n<meta property=\"og:url\" content=\"https:\/\/www.btv.md\/ro\/programul-pentru-reforme-structurale-in-moldova-prezentat-la-balti\/\" \/>\n<meta property=\"og:site_name\" content=\"BTV\" \/>\n<meta property=\"article:publisher\" content=\"https:\/\/www.facebook.com\/btvmoldova\/\" \/>\n<meta property=\"article:published_time\" content=\"2018-03-27T16:43:13+00:00\" \/>\n<meta property=\"og:image\" content=\"https:\/\/www.btv.md\/wp-content\/uploads\/2018\/03\/usaidfb.jpg\" \/>\n\t<meta property=\"og:image:width\" content=\"1200\" \/>\n\t<meta property=\"og:image:height\" content=\"630\" \/>\n\t<meta property=\"og:image:type\" content=\"image\/jpeg\" \/>\n<meta name=\"author\" content=\"admin\" \/>\n<meta name=\"twitter:label1\" content=\"Scris de\" \/>\n\t<meta name=\"twitter:data1\" content=\"admin\" \/>\n\t<meta name=\"twitter:label2\" content=\"Timp estimat pentru citire\" \/>\n\t<meta name=\"twitter:data2\" content=\"2 minute\" \/>\n<script type=\"application\/ld+json\" class=\"yoast-schema-graph\">{\"@context\":\"https:\\\/\\\/schema.org\",\"@graph\":[{\"@type\":\"Article\",\"@id\":\"https:\\\/\\\/www.btv.md\\\/ro\\\/programul-pentru-reforme-structurale-in-moldova-prezentat-la-balti\\\/#article\",\"isPartOf\":{\"@id\":\"https:\\\/\\\/www.btv.md\\\/ro\\\/programul-pentru-reforme-structurale-in-moldova-prezentat-la-balti\\\/\"},\"author\":{\"name\":\"admin\",\"@id\":\"https:\\\/\\\/www.btv.md\\\/#\\\/schema\\\/person\\\/8fadce81561b3ce2c34c46dadc4ccbf2\"},\"headline\":\"Programul pentru reforme structurale \u00een Moldova, prezentat la B\u0103l\u021bi\",\"datePublished\":\"2018-03-27T16:43:13+00:00\",\"mainEntityOfPage\":{\"@id\":\"https:\\\/\\\/www.btv.md\\\/ro\\\/programul-pentru-reforme-structurale-in-moldova-prezentat-la-balti\\\/\"},\"wordCount\":431,\"image\":{\"@id\":\"https:\\\/\\\/www.btv.md\\\/ro\\\/programul-pentru-reforme-structurale-in-moldova-prezentat-la-balti\\\/#primaryimage\"},\"thumbnailUrl\":\"https:\\\/\\\/www.btv.md\\\/wp-content\\\/uploads\\\/2018\\\/03\\\/usaid_700.jpg\",\"articleSection\":[\"Social\"],\"inLanguage\":\"ro-RO\"},{\"@type\":\"WebPage\",\"@id\":\"https:\\\/\\\/www.btv.md\\\/ro\\\/programul-pentru-reforme-structurale-in-moldova-prezentat-la-balti\\\/\",\"url\":\"https:\\\/\\\/www.btv.md\\\/ro\\\/programul-pentru-reforme-structurale-in-moldova-prezentat-la-balti\\\/\",\"name\":\"Programul pentru reforme structurale \u00een Moldova, prezentat la B\u0103l\u021bi\",\"isPartOf\":{\"@id\":\"https:\\\/\\\/www.btv.md\\\/#website\"},\"primaryImageOfPage\":{\"@id\":\"https:\\\/\\\/www.btv.md\\\/ro\\\/programul-pentru-reforme-structurale-in-moldova-prezentat-la-balti\\\/#primaryimage\"},\"image\":{\"@id\":\"https:\\\/\\\/www.btv.md\\\/ro\\\/programul-pentru-reforme-structurale-in-moldova-prezentat-la-balti\\\/#primaryimage\"},\"thumbnailUrl\":\"https:\\\/\\\/www.btv.md\\\/wp-content\\\/uploads\\\/2018\\\/03\\\/usaid_700.jpg\",\"datePublished\":\"2018-03-27T16:43:13+00:00\",\"author\":{\"@id\":\"https:\\\/\\\/www.btv.md\\\/#\\\/schema\\\/person\\\/8fadce81561b3ce2c34c46dadc4ccbf2\"},\"description\":\"Facilitarea comer\u021bului, \u00eembun\u0103t\u0103\u021birea climatului de afaceri, crearea unui fond pentru stimularea activit\u0103\u021bii comerciale \u0219i lupta \u00eempotriva corup\u021biei.\u00a0Acestea sunt c\u00e2teva din obiectivele programului pentru Reforme Structurale \u00een Moldova, lansat de Agen\u021bia Statelor Unite pentru Dezvoltare Interna\u021bional\u0103 (USAID).\",\"inLanguage\":\"ro-RO\",\"potentialAction\":[{\"@type\":\"ReadAction\",\"target\":[\"https:\\\/\\\/www.btv.md\\\/ro\\\/programul-pentru-reforme-structurale-in-moldova-prezentat-la-balti\\\/\"]}]},{\"@type\":\"ImageObject\",\"inLanguage\":\"ro-RO\",\"@id\":\"https:\\\/\\\/www.btv.md\\\/ro\\\/programul-pentru-reforme-structurale-in-moldova-prezentat-la-balti\\\/#primaryimage\",\"url\":\"https:\\\/\\\/www.btv.md\\\/wp-content\\\/uploads\\\/2018\\\/03\\\/usaid_700.jpg\",\"contentUrl\":\"https:\\\/\\\/www.btv.md\\\/wp-content\\\/uploads\\\/2018\\\/03\\\/usaid_700.jpg\",\"width\":700,\"height\":500},{\"@type\":\"WebSite\",\"@id\":\"https:\\\/\\\/www.btv.md\\\/#website\",\"url\":\"https:\\\/\\\/www.btv.md\\\/\",\"name\":\"BTV\",\"description\":\"\u0411\u0435\u043b\u044c\u0446\u043a\u043e\u0435 \u0442\u0435\u043b\u0435\u0432\u0438\u0434\u0435\u043d\u0438\u0435\",\"potentialAction\":[{\"@type\":\"SearchAction\",\"target\":{\"@type\":\"EntryPoint\",\"urlTemplate\":\"https:\\\/\\\/www.btv.md\\\/?s={search_term_string}\"},\"query-input\":{\"@type\":\"PropertyValueSpecification\",\"valueRequired\":true,\"valueName\":\"search_term_string\"}}],\"inLanguage\":\"ro-RO\"},{\"@type\":\"Person\",\"@id\":\"https:\\\/\\\/www.btv.md\\\/#\\\/schema\\\/person\\\/8fadce81561b3ce2c34c46dadc4ccbf2\",\"name\":\"admin\"}]}<\/script>\n<!-- \/ Yoast SEO plugin. -->","yoast_head_json":{"title":"Programul pentru reforme structurale \u00een Moldova, prezentat la B\u0103l\u021bi","description":"Facilitarea comer\u021bului, \u00eembun\u0103t\u0103\u021birea climatului de afaceri, crearea unui fond pentru stimularea activit\u0103\u021bii comerciale \u0219i lupta \u00eempotriva corup\u021biei.\u00a0Acestea sunt c\u00e2teva din obiectivele programului pentru Reforme Structurale \u00een Moldova, lansat de Agen\u021bia Statelor Unite pentru Dezvoltare Interna\u021bional\u0103 (USAID).","robots":{"index":"index","follow":"follow","max-snippet":"max-snippet:-1","max-image-preview":"max-image-preview:large","max-video-preview":"max-video-preview:-1"},"canonical":"https:\/\/www.btv.md\/ro\/programul-pentru-reforme-structurale-in-moldova-prezentat-la-balti\/","og_locale":"ro_RO","og_type":"article","og_title":"Programul pentru reforme structurale \u00een Moldova, prezentat la B\u0103l\u021bi","og_description":"Facilitarea comer\u021bului, \u00eembun\u0103t\u0103\u021birea climatului de afaceri, crearea unui fond pentru stimularea activit\u0103\u021bii comerciale \u0219i lupta \u00eempotriva corup\u021biei.\u00a0Acestea sunt c\u00e2teva din obiectivele programului pentru Reforme Structurale \u00een Moldova, lansat de Agen\u021bia Statelor Unite pentru Dezvoltare Interna\u021bional\u0103 (USAID).","og_url":"https:\/\/www.btv.md\/ro\/programul-pentru-reforme-structurale-in-moldova-prezentat-la-balti\/","og_site_name":"BTV","article_publisher":"https:\/\/www.facebook.com\/btvmoldova\/","article_published_time":"2018-03-27T16:43:13+00:00","og_image":[{"width":1200,"height":630,"url":"https:\/\/www.btv.md\/wp-content\/uploads\/2018\/03\/usaidfb.jpg","type":"image\/jpeg"}],"author":"admin","twitter_misc":{"Scris de":"admin","Timp estimat pentru citire":"2 minute"},"schema":{"@context":"https:\/\/schema.org","@graph":[{"@type":"Article","@id":"https:\/\/www.btv.md\/ro\/programul-pentru-reforme-structurale-in-moldova-prezentat-la-balti\/#article","isPartOf":{"@id":"https:\/\/www.btv.md\/ro\/programul-pentru-reforme-structurale-in-moldova-prezentat-la-balti\/"},"author":{"name":"admin","@id":"https:\/\/www.btv.md\/#\/schema\/person\/8fadce81561b3ce2c34c46dadc4ccbf2"},"headline":"Programul pentru reforme structurale \u00een Moldova, prezentat la B\u0103l\u021bi","datePublished":"2018-03-27T16:43:13+00:00","mainEntityOfPage":{"@id":"https:\/\/www.btv.md\/ro\/programul-pentru-reforme-structurale-in-moldova-prezentat-la-balti\/"},"wordCount":431,"image":{"@id":"https:\/\/www.btv.md\/ro\/programul-pentru-reforme-structurale-in-moldova-prezentat-la-balti\/#primaryimage"},"thumbnailUrl":"https:\/\/www.btv.md\/wp-content\/uploads\/2018\/03\/usaid_700.jpg","articleSection":["Social"],"inLanguage":"ro-RO"},{"@type":"WebPage","@id":"https:\/\/www.btv.md\/ro\/programul-pentru-reforme-structurale-in-moldova-prezentat-la-balti\/","url":"https:\/\/www.btv.md\/ro\/programul-pentru-reforme-structurale-in-moldova-prezentat-la-balti\/","name":"Programul pentru reforme structurale \u00een Moldova, prezentat la B\u0103l\u021bi","isPartOf":{"@id":"https:\/\/www.btv.md\/#website"},"primaryImageOfPage":{"@id":"https:\/\/www.btv.md\/ro\/programul-pentru-reforme-structurale-in-moldova-prezentat-la-balti\/#primaryimage"},"image":{"@id":"https:\/\/www.btv.md\/ro\/programul-pentru-reforme-structurale-in-moldova-prezentat-la-balti\/#primaryimage"},"thumbnailUrl":"https:\/\/www.btv.md\/wp-content\/uploads\/2018\/03\/usaid_700.jpg","datePublished":"2018-03-27T16:43:13+00:00","author":{"@id":"https:\/\/www.btv.md\/#\/schema\/person\/8fadce81561b3ce2c34c46dadc4ccbf2"},"description":"Facilitarea comer\u021bului, \u00eembun\u0103t\u0103\u021birea climatului de afaceri, crearea unui fond pentru stimularea activit\u0103\u021bii comerciale \u0219i lupta \u00eempotriva corup\u021biei.\u00a0Acestea sunt c\u00e2teva din obiectivele programului pentru Reforme Structurale \u00een Moldova, lansat de Agen\u021bia Statelor Unite pentru Dezvoltare Interna\u021bional\u0103 (USAID).","inLanguage":"ro-RO","potentialAction":[{"@type":"ReadAction","target":["https:\/\/www.btv.md\/ro\/programul-pentru-reforme-structurale-in-moldova-prezentat-la-balti\/"]}]},{"@type":"ImageObject","inLanguage":"ro-RO","@id":"https:\/\/www.btv.md\/ro\/programul-pentru-reforme-structurale-in-moldova-prezentat-la-balti\/#primaryimage","url":"https:\/\/www.btv.md\/wp-content\/uploads\/2018\/03\/usaid_700.jpg","contentUrl":"https:\/\/www.btv.md\/wp-content\/uploads\/2018\/03\/usaid_700.jpg","width":700,"height":500},{"@type":"WebSite","@id":"https:\/\/www.btv.md\/#website","url":"https:\/\/www.btv.md\/","name":"BTV","description":"\u0411\u0435\u043b\u044c\u0446\u043a\u043e\u0435 \u0442\u0435\u043b\u0435\u0432\u0438\u0434\u0435\u043d\u0438\u0435","potentialAction":[{"@type":"SearchAction","target":{"@type":"EntryPoint","urlTemplate":"https:\/\/www.btv.md\/?s={search_term_string}"},"query-input":{"@type":"PropertyValueSpecification","valueRequired":true,"valueName":"search_term_string"}}],"inLanguage":"ro-RO"},{"@type":"Person","@id":"https:\/\/www.btv.md\/#\/schema\/person\/8fadce81561b3ce2c34c46dadc4ccbf2","name":"admin"}]}},"_links":{"self":[{"href":"https:\/\/www.btv.md\/ro\/wp-json\/wp\/v2\/posts\/44048","targetHints":{"allow":["GET"]}}],"collection":[{"href":"https:\/\/www.btv.md\/ro\/wp-json\/wp\/v2\/posts"}],"about":[{"href":"https:\/\/www.btv.md\/ro\/wp-json\/wp\/v2\/types\/post"}],"author":[{"embeddable":true,"href":"https:\/\/www.btv.md\/ro\/wp-json\/wp\/v2\/users\/4"}],"replies":[{"embeddable":true,"href":"https:\/\/www.btv.md\/ro\/wp-json\/wp\/v2\/comments?post=44048"}],"version-history":[{"count":0,"href":"https:\/\/www.btv.md\/ro\/wp-json\/wp\/v2\/posts\/44048\/revisions"}],"wp:featuredmedia":[{"embeddable":true,"href":"https:\/\/www.btv.md\/ro\/wp-json\/wp\/v2\/media\/44049"}],"wp:attachment":[{"href":"https:\/\/www.btv.md\/ro\/wp-json\/wp\/v2\/media?parent=44048"}],"wp:term":[{"taxonomy":"category","embeddable":true,"href":"https:\/\/www.btv.md\/ro\/wp-json\/wp\/v2\/categories?post=44048"},{"taxonomy":"post_tag","embeddable":true,"href":"https:\/\/www.btv.md\/ro\/wp-json\/wp\/v2\/tags?post=44048"}],"curies":[{"name":"wp","href":"https:\/\/api.w.org\/{rel}","templated":true}]}}