{"id":44052,"date":"2018-03-27T19:46:21","date_gmt":"2018-03-27T16:46:21","guid":{"rendered":"https:\/\/btv.md\/?p=44052"},"modified":"2018-03-27T19:46:21","modified_gmt":"2018-03-27T16:46:21","slug":"cum-arata-noul-rolls-royce-phantom","status":"publish","type":"post","link":"https:\/\/www.btv.md\/ro\/cum-arata-noul-rolls-royce-phantom\/","title":{"rendered":"Cum arat\u0103 noul Rolls-Royce Phantom"},"content":{"rendered":"<p style=\"text-align: center;\"><iframe data-src=\"https:\/\/www.youtube.com\/embed\/wDTcQBzP6nQ\" width=\"854\" height=\"480\" frameborder=\"0\" allowfullscreen=\"allowfullscreen\" src=\"data:image\/svg+xml;base64,PHN2ZyB3aWR0aD0iMSIgaGVpZ2h0PSIxIiB4bWxucz0iaHR0cDovL3d3dy53My5vcmcvMjAwMC9zdmciPjwvc3ZnPg==\" class=\"lazyload\" data-load-mode=\"1\"><\/iframe><\/p>\n<h4>Noul Rolls-Royce Phantom debuteaz\u0103 la Salonul Interna\u0163ional de Automobile Bucure\u015fti, fiind prima dat\u0103 c\u00e2nd cel mai important produc\u0103tor de ma\u015fini de lux din lume se va prezenta oficial la cel mai important eveniment auto din Rom\u00e2nia \u00een perioada 23 martie \u2013 1 aprilie.<\/h4>\n<p>Noul Rolls-Royce Phantom ofer\u0103 o interpretare contemporan\u0103 de design a esen\u0163ei Rolls-Royce. De asemenea, noul model aduce o evolu\u021bie spectaculoas\u0103 \u00een programul Bespoke, prin conceptul &#8222;The Gallery&#8221;, potrivit\u00a0<a href=\"http:\/\/www.autobook.ro\/stiri\/noul-rolls-royce-phantom-a-debutat-la-salonul-international-de-automobile-bucuresti-2018.html\">autobook.ro.<\/a><\/p>\n<p>Un nou concept f\u0103r\u0103 precedent \u00een ceea ce prive\u015fte luxul, &#8222;The Gallery&#8221; reinterpreteaz\u0103 tabloul de bord al automobilului pentru prima dat\u0103 \u00een 100 de ani.\u00a0<\/p>\n<p>Proprietarii vor putea s\u0103 comande o oper\u0103 de art\u0103 cu adev\u0103rat unic\u0103, \u00een universul extins al conceptului &#8222;The Gallery&#8221;, ce se va reg\u0103si \u00een spatele unui singur panou de sticl\u0103 \u00een interiorul noului Phantom.<\/p>\n<p>Noul Phantom este cel mai avansat Rolls-Royce din punct de vedere tehnologic.<\/p>\n<p>Noua &#8222;Arhitectur\u0103 a luxului&#8221; din aluminiu, care st\u0103 la baza noului Phantom, este mai u\u0219oar\u0103, mai rigid\u0103, mai silen\u021bioas\u0103 \u0219i mai avansat\u0103 din punct de vedere tehnologic.\u00a0<\/p>\n<p>Anii de cercetare \u015fi experien\u0163\u0103 asigur\u0103 echilibrul perfect \u00eentre linia arhitectural\u0103 \u0219i propor\u021bional\u0103 a noului Rolls-Royce, oferind \u00een acela\u0219i timp un nou nivel al senza\u0163iei de &#8222;Magic Carpet Ride&#8221;.<\/p>\n<p>Noul motor V12 twin-turbo de 6.75 litri este inima silen\u0163ioas\u0103 a noului Rolls-Royce Phantom, oferind un nivel perfect de putere \u0219i performan\u021b\u0103.\u00a0<\/p>\n<p>De asemenea, inginerii au aplicat \u00een mod discret transmisia cu asisten\u021b\u0103 prin satelit, sistemul de virare a ro\u0163ilor din spate \u0219i o multitudine de tehnologii \u00een culise, pentru a oferi o experien\u021b\u0103 f\u0103r\u0103 efort.<\/p>\n","protected":false},"excerpt":{"rendered":"<p>Noul Rolls-Royce Phantom debuteaz\u0103 la Salonul Interna\u0163ional de Automobile Bucure\u015fti, fiind prima dat\u0103 c\u00e2nd cel mai important produc\u0103tor de ma\u015fini de lux din lume se va prezenta oficial la cel mai important eveniment auto din Rom\u00e2nia \u00een perioada 23 martie \u2013 1 aprilie. Noul Rolls-Royce Phantom ofer\u0103 o interpretare contemporan\u0103 de design a esen\u0163ei Rolls-Royce. [&hellip;]<\/p>\n","protected":false},"author":4,"featured_media":44053,"comment_status":"closed","ping_status":"closed","sticky":false,"template":"","format":"standard","meta":{"footnotes":""},"categories":[6354],"tags":[],"class_list":["post-44052","post","type-post","status-publish","format-standard","has-post-thumbnail","hentry","category-externe-ro"],"yoast_head":"<!-- This site is optimized with the Yoast SEO plugin v27.4 - https:\/\/yoast.com\/product\/yoast-seo-wordpress\/ -->\n<title>Cum arat\u0103 noul Rolls-Royce Phantom<\/title>\n<meta name=\"description\" content=\"Noul Rolls-Royce Phantom debuteaz\u0103 la Salonul Interna\u0163ional de Automobile Bucure\u015fti, fiind prima dat\u0103 c\u00e2nd cel mai important produc\u0103tor de ma\u015fini de lux din lume se va prezenta oficial la cel mai important eveniment auto din Rom\u00e2nia \u00een perioada 23 martie \u2013 1 aprilie.\" \/>\n<meta name=\"robots\" content=\"index, follow, max-snippet:-1, max-image-preview:large, max-video-preview:-1\" \/>\n<link rel=\"canonical\" href=\"https:\/\/www.btv.md\/ro\/cum-arata-noul-rolls-royce-phantom\/\" \/>\n<meta property=\"og:locale\" content=\"ro_RO\" \/>\n<meta property=\"og:type\" content=\"article\" \/>\n<meta property=\"og:title\" content=\"Cum arat\u0103 noul Rolls-Royce Phantom\" \/>\n<meta property=\"og:description\" content=\"Noul Rolls-Royce Phantom debuteaz\u0103 la Salonul Interna\u0163ional de Automobile Bucure\u015fti, fiind prima dat\u0103 c\u00e2nd cel mai important produc\u0103tor de ma\u015fini de lux din lume se va prezenta oficial la cel mai important eveniment auto din Rom\u00e2nia \u00een perioada 23 martie \u2013 1 aprilie.\" \/>\n<meta property=\"og:url\" content=\"https:\/\/www.btv.md\/ro\/cum-arata-noul-rolls-royce-phantom\/\" \/>\n<meta property=\"og:site_name\" content=\"BTV\" \/>\n<meta property=\"article:publisher\" content=\"https:\/\/www.facebook.com\/btvmoldova\/\" \/>\n<meta property=\"article:published_time\" content=\"2018-03-27T16:46:21+00:00\" \/>\n<meta property=\"og:image\" content=\"https:\/\/www.btv.md\/wp-content\/uploads\/2018\/03\/922188l.jpg\" \/>\n\t<meta property=\"og:image:width\" content=\"700\" \/>\n\t<meta property=\"og:image:height\" content=\"500\" \/>\n\t<meta property=\"og:image:type\" content=\"image\/jpeg\" \/>\n<meta name=\"author\" content=\"admin\" \/>\n<meta name=\"twitter:label1\" content=\"Scris de\" \/>\n\t<meta name=\"twitter:data1\" content=\"admin\" \/>\n\t<meta name=\"twitter:label2\" content=\"Timp estimat pentru citire\" \/>\n\t<meta name=\"twitter:data2\" content=\"1 minut\" \/>\n<script type=\"application\/ld+json\" class=\"yoast-schema-graph\">{\"@context\":\"https:\\\/\\\/schema.org\",\"@graph\":[{\"@type\":\"Article\",\"@id\":\"https:\\\/\\\/www.btv.md\\\/ro\\\/cum-arata-noul-rolls-royce-phantom\\\/#article\",\"isPartOf\":{\"@id\":\"https:\\\/\\\/www.btv.md\\\/ro\\\/cum-arata-noul-rolls-royce-phantom\\\/\"},\"author\":{\"name\":\"admin\",\"@id\":\"https:\\\/\\\/www.btv.md\\\/#\\\/schema\\\/person\\\/8fadce81561b3ce2c34c46dadc4ccbf2\"},\"headline\":\"Cum arat\u0103 noul Rolls-Royce Phantom\",\"datePublished\":\"2018-03-27T16:46:21+00:00\",\"mainEntityOfPage\":{\"@id\":\"https:\\\/\\\/www.btv.md\\\/ro\\\/cum-arata-noul-rolls-royce-phantom\\\/\"},\"wordCount\":276,\"image\":{\"@id\":\"https:\\\/\\\/www.btv.md\\\/ro\\\/cum-arata-noul-rolls-royce-phantom\\\/#primaryimage\"},\"thumbnailUrl\":\"https:\\\/\\\/www.btv.md\\\/wp-content\\\/uploads\\\/2018\\\/03\\\/922188l.jpg\",\"articleSection\":[\"Externe\"],\"inLanguage\":\"ro-RO\"},{\"@type\":\"WebPage\",\"@id\":\"https:\\\/\\\/www.btv.md\\\/ro\\\/cum-arata-noul-rolls-royce-phantom\\\/\",\"url\":\"https:\\\/\\\/www.btv.md\\\/ro\\\/cum-arata-noul-rolls-royce-phantom\\\/\",\"name\":\"Cum arat\u0103 noul Rolls-Royce Phantom\",\"isPartOf\":{\"@id\":\"https:\\\/\\\/www.btv.md\\\/#website\"},\"primaryImageOfPage\":{\"@id\":\"https:\\\/\\\/www.btv.md\\\/ro\\\/cum-arata-noul-rolls-royce-phantom\\\/#primaryimage\"},\"image\":{\"@id\":\"https:\\\/\\\/www.btv.md\\\/ro\\\/cum-arata-noul-rolls-royce-phantom\\\/#primaryimage\"},\"thumbnailUrl\":\"https:\\\/\\\/www.btv.md\\\/wp-content\\\/uploads\\\/2018\\\/03\\\/922188l.jpg\",\"datePublished\":\"2018-03-27T16:46:21+00:00\",\"author\":{\"@id\":\"https:\\\/\\\/www.btv.md\\\/#\\\/schema\\\/person\\\/8fadce81561b3ce2c34c46dadc4ccbf2\"},\"description\":\"Noul Rolls-Royce Phantom debuteaz\u0103 la Salonul Interna\u0163ional de Automobile Bucure\u015fti, fiind prima dat\u0103 c\u00e2nd cel mai important produc\u0103tor de ma\u015fini de lux din lume se va prezenta oficial la cel mai important eveniment auto din Rom\u00e2nia \u00een perioada 23 martie \u2013 1 aprilie.\",\"inLanguage\":\"ro-RO\",\"potentialAction\":[{\"@type\":\"ReadAction\",\"target\":[\"https:\\\/\\\/www.btv.md\\\/ro\\\/cum-arata-noul-rolls-royce-phantom\\\/\"]}]},{\"@type\":\"ImageObject\",\"inLanguage\":\"ro-RO\",\"@id\":\"https:\\\/\\\/www.btv.md\\\/ro\\\/cum-arata-noul-rolls-royce-phantom\\\/#primaryimage\",\"url\":\"https:\\\/\\\/www.btv.md\\\/wp-content\\\/uploads\\\/2018\\\/03\\\/922188l.jpg\",\"contentUrl\":\"https:\\\/\\\/www.btv.md\\\/wp-content\\\/uploads\\\/2018\\\/03\\\/922188l.jpg\",\"width\":700,\"height\":500},{\"@type\":\"WebSite\",\"@id\":\"https:\\\/\\\/www.btv.md\\\/#website\",\"url\":\"https:\\\/\\\/www.btv.md\\\/\",\"name\":\"BTV\",\"description\":\"\u0411\u0435\u043b\u044c\u0446\u043a\u043e\u0435 \u0442\u0435\u043b\u0435\u0432\u0438\u0434\u0435\u043d\u0438\u0435\",\"potentialAction\":[{\"@type\":\"SearchAction\",\"target\":{\"@type\":\"EntryPoint\",\"urlTemplate\":\"https:\\\/\\\/www.btv.md\\\/?s={search_term_string}\"},\"query-input\":{\"@type\":\"PropertyValueSpecification\",\"valueRequired\":true,\"valueName\":\"search_term_string\"}}],\"inLanguage\":\"ro-RO\"},{\"@type\":\"Person\",\"@id\":\"https:\\\/\\\/www.btv.md\\\/#\\\/schema\\\/person\\\/8fadce81561b3ce2c34c46dadc4ccbf2\",\"name\":\"admin\"}]}<\/script>\n<!-- \/ Yoast SEO plugin. -->","yoast_head_json":{"title":"Cum arat\u0103 noul Rolls-Royce Phantom","description":"Noul Rolls-Royce Phantom debuteaz\u0103 la Salonul Interna\u0163ional de Automobile Bucure\u015fti, fiind prima dat\u0103 c\u00e2nd cel mai important produc\u0103tor de ma\u015fini de lux din lume se va prezenta oficial la cel mai important eveniment auto din Rom\u00e2nia \u00een perioada 23 martie \u2013 1 aprilie.","robots":{"index":"index","follow":"follow","max-snippet":"max-snippet:-1","max-image-preview":"max-image-preview:large","max-video-preview":"max-video-preview:-1"},"canonical":"https:\/\/www.btv.md\/ro\/cum-arata-noul-rolls-royce-phantom\/","og_locale":"ro_RO","og_type":"article","og_title":"Cum arat\u0103 noul Rolls-Royce Phantom","og_description":"Noul Rolls-Royce Phantom debuteaz\u0103 la Salonul Interna\u0163ional de Automobile Bucure\u015fti, fiind prima dat\u0103 c\u00e2nd cel mai important produc\u0103tor de ma\u015fini de lux din lume se va prezenta oficial la cel mai important eveniment auto din Rom\u00e2nia \u00een perioada 23 martie \u2013 1 aprilie.","og_url":"https:\/\/www.btv.md\/ro\/cum-arata-noul-rolls-royce-phantom\/","og_site_name":"BTV","article_publisher":"https:\/\/www.facebook.com\/btvmoldova\/","article_published_time":"2018-03-27T16:46:21+00:00","og_image":[{"width":700,"height":500,"url":"https:\/\/www.btv.md\/wp-content\/uploads\/2018\/03\/922188l.jpg","type":"image\/jpeg"}],"author":"admin","twitter_misc":{"Scris de":"admin","Timp estimat pentru citire":"1 minut"},"schema":{"@context":"https:\/\/schema.org","@graph":[{"@type":"Article","@id":"https:\/\/www.btv.md\/ro\/cum-arata-noul-rolls-royce-phantom\/#article","isPartOf":{"@id":"https:\/\/www.btv.md\/ro\/cum-arata-noul-rolls-royce-phantom\/"},"author":{"name":"admin","@id":"https:\/\/www.btv.md\/#\/schema\/person\/8fadce81561b3ce2c34c46dadc4ccbf2"},"headline":"Cum arat\u0103 noul Rolls-Royce Phantom","datePublished":"2018-03-27T16:46:21+00:00","mainEntityOfPage":{"@id":"https:\/\/www.btv.md\/ro\/cum-arata-noul-rolls-royce-phantom\/"},"wordCount":276,"image":{"@id":"https:\/\/www.btv.md\/ro\/cum-arata-noul-rolls-royce-phantom\/#primaryimage"},"thumbnailUrl":"https:\/\/www.btv.md\/wp-content\/uploads\/2018\/03\/922188l.jpg","articleSection":["Externe"],"inLanguage":"ro-RO"},{"@type":"WebPage","@id":"https:\/\/www.btv.md\/ro\/cum-arata-noul-rolls-royce-phantom\/","url":"https:\/\/www.btv.md\/ro\/cum-arata-noul-rolls-royce-phantom\/","name":"Cum arat\u0103 noul Rolls-Royce Phantom","isPartOf":{"@id":"https:\/\/www.btv.md\/#website"},"primaryImageOfPage":{"@id":"https:\/\/www.btv.md\/ro\/cum-arata-noul-rolls-royce-phantom\/#primaryimage"},"image":{"@id":"https:\/\/www.btv.md\/ro\/cum-arata-noul-rolls-royce-phantom\/#primaryimage"},"thumbnailUrl":"https:\/\/www.btv.md\/wp-content\/uploads\/2018\/03\/922188l.jpg","datePublished":"2018-03-27T16:46:21+00:00","author":{"@id":"https:\/\/www.btv.md\/#\/schema\/person\/8fadce81561b3ce2c34c46dadc4ccbf2"},"description":"Noul Rolls-Royce Phantom debuteaz\u0103 la Salonul Interna\u0163ional de Automobile Bucure\u015fti, fiind prima dat\u0103 c\u00e2nd cel mai important produc\u0103tor de ma\u015fini de lux din lume se va prezenta oficial la cel mai important eveniment auto din Rom\u00e2nia \u00een perioada 23 martie \u2013 1 aprilie.","inLanguage":"ro-RO","potentialAction":[{"@type":"ReadAction","target":["https:\/\/www.btv.md\/ro\/cum-arata-noul-rolls-royce-phantom\/"]}]},{"@type":"ImageObject","inLanguage":"ro-RO","@id":"https:\/\/www.btv.md\/ro\/cum-arata-noul-rolls-royce-phantom\/#primaryimage","url":"https:\/\/www.btv.md\/wp-content\/uploads\/2018\/03\/922188l.jpg","contentUrl":"https:\/\/www.btv.md\/wp-content\/uploads\/2018\/03\/922188l.jpg","width":700,"height":500},{"@type":"WebSite","@id":"https:\/\/www.btv.md\/#website","url":"https:\/\/www.btv.md\/","name":"BTV","description":"\u0411\u0435\u043b\u044c\u0446\u043a\u043e\u0435 \u0442\u0435\u043b\u0435\u0432\u0438\u0434\u0435\u043d\u0438\u0435","potentialAction":[{"@type":"SearchAction","target":{"@type":"EntryPoint","urlTemplate":"https:\/\/www.btv.md\/?s={search_term_string}"},"query-input":{"@type":"PropertyValueSpecification","valueRequired":true,"valueName":"search_term_string"}}],"inLanguage":"ro-RO"},{"@type":"Person","@id":"https:\/\/www.btv.md\/#\/schema\/person\/8fadce81561b3ce2c34c46dadc4ccbf2","name":"admin"}]}},"_links":{"self":[{"href":"https:\/\/www.btv.md\/ro\/wp-json\/wp\/v2\/posts\/44052","targetHints":{"allow":["GET"]}}],"collection":[{"href":"https:\/\/www.btv.md\/ro\/wp-json\/wp\/v2\/posts"}],"about":[{"href":"https:\/\/www.btv.md\/ro\/wp-json\/wp\/v2\/types\/post"}],"author":[{"embeddable":true,"href":"https:\/\/www.btv.md\/ro\/wp-json\/wp\/v2\/users\/4"}],"replies":[{"embeddable":true,"href":"https:\/\/www.btv.md\/ro\/wp-json\/wp\/v2\/comments?post=44052"}],"version-history":[{"count":0,"href":"https:\/\/www.btv.md\/ro\/wp-json\/wp\/v2\/posts\/44052\/revisions"}],"wp:featuredmedia":[{"embeddable":true,"href":"https:\/\/www.btv.md\/ro\/wp-json\/wp\/v2\/media\/44053"}],"wp:attachment":[{"href":"https:\/\/www.btv.md\/ro\/wp-json\/wp\/v2\/media?parent=44052"}],"wp:term":[{"taxonomy":"category","embeddable":true,"href":"https:\/\/www.btv.md\/ro\/wp-json\/wp\/v2\/categories?post=44052"},{"taxonomy":"post_tag","embeddable":true,"href":"https:\/\/www.btv.md\/ro\/wp-json\/wp\/v2\/tags?post=44052"}],"curies":[{"name":"wp","href":"https:\/\/api.w.org\/{rel}","templated":true}]}}