{"id":44058,"date":"2018-03-27T19:54:47","date_gmt":"2018-03-27T16:54:47","guid":{"rendered":"https:\/\/btv.md\/?p=44058"},"modified":"2018-03-27T19:54:47","modified_gmt":"2018-03-27T16:54:47","slug":"concert-inedit-desfasurat-la-usarb-orchestra-simfonica-si-colectivul-vocal-din-israil-au-evoluat-la-balti","status":"publish","type":"post","link":"https:\/\/www.btv.md\/ro\/concert-inedit-desfasurat-la-usarb-orchestra-simfonica-si-colectivul-vocal-din-israil-au-evoluat-la-balti\/","title":{"rendered":"Concert inedit desf\u0103\u015furat la USARB. Orchestra simfonic\u0103 \u015fi colectivul vocal din Israil au evoluat la B\u0103l\u0163i"},"content":{"rendered":"<p style=\"text-align: center;\"><iframe data-src=\"https:\/\/www.youtube.com\/embed\/EJZwsHXS-40\" width=\"854\" height=\"480\" frameborder=\"0\" allowfullscreen=\"allowfullscreen\" src=\"data:image\/svg+xml;base64,PHN2ZyB3aWR0aD0iMSIgaGVpZ2h0PSIxIiB4bWxucz0iaHR0cDovL3d3dy53My5vcmcvMjAwMC9zdmciPjwvc3ZnPg==\" class=\"lazyload\" data-load-mode=\"1\"><\/iframe><\/p>\n<h4>Universitatea din B\u0103l\u0163i a fost gazda unui concert de filarmonic\u0103. \u00cen urma colabor\u0103rii USARB, cu \u015ecoala de arte \u201eCiprian Porumbescu\u201d a municipiului B\u0103l\u0163i \u015fi \u015ecoala de Muzic\u0103 din ora\u015ful Yavne, Istrail, s-a desf\u0103\u015furat un proiect interna\u0163ional artistic. Pentru b\u0103l\u0163eni a evoluat orchestra \u015fi colectivul vocal din Israil, conduc\u0103tor artistic \u015fi dirijor Gutman Reuven, \u00eempreun\u0103 cu Levi \u015earon dirijor \u015fi responsabil de aranjament.<\/h4>\n<blockquote>\n<p>Organizatorul proiectului la B\u0103l\u0163i, Ludmila Gheorghe\u015ftean, spune: <em>\u201eFoarte mult ne-am preg\u0103tit pentru a fi gazda acetui concert \u015fi ca s\u0103 fie \u00a0posibil\u0103 dezv\u0103luirea acestuia \u00eentr-o atmosfer\u0103 c\u0103lduroas\u0103. Am \u00eent\u00e2lnit oaspe\u0163ii cum se cuvine, cu p\u00e2ine \u015fi sare. Am c\u00e2ntat \u015fi am dansat \u00eempreun\u0103.\u201d<\/em><\/p>\n<\/blockquote>\n<p>Aceast\u0103 vizit\u0103 este important\u0103 pentru Gutman Reuven, deoarece timp de 18 ani nu a mai fost \u00een Republica Moldova. Dirijorul sus\u0163ine c\u0103 dragostea pentru muzic\u0103 \u00ee\u015fi are \u00eenceputul la \u015ecoala de arte \u201eCiprian Porumbescu\u201d din B\u0103l\u0163i, pe care a absolvit-o.<\/p>\n<blockquote>\n<p>Gutman Reuven, conduc\u0103tor artistic \u015fi dirijor: <em>\u201eFoarte multe cuvinte pl\u0103cute. \u00cens\u0103 a fost greu s\u0103 evoluez pe aceast\u0103 scen\u0103. Sunt sigur c\u0103 colaborarea noastr\u0103 va contnua \u015fi v\u0103 provoc s\u0103 veni\u0163i \u015fi dvs la noi.\u201d<\/em><\/p>\n<\/blockquote>\n<p>Dirijorii \u015fi orchestra \u015ecolii de muzic\u0103 din Yavne au primit daruri din partea Universit\u0103ii de Stat \u201eAlecu Russo\u201d. Orchestra se afl\u0103 \u00eentr-un turen prin Republic\u0103 Moldova, evolund deja la Ungheni \u015fi Chisin\u0103u.<\/p>\n","protected":false},"excerpt":{"rendered":"<p>Universitatea din B\u0103l\u0163i a fost gazda unui concert de filarmonic\u0103. \u00cen urma colabor\u0103rii USARB, cu \u015ecoala de arte \u201eCiprian Porumbescu\u201d a municipiului B\u0103l\u0163i \u015fi \u015ecoala de Muzic\u0103 din ora\u015ful Yavne, Istrail, s-a desf\u0103\u015furat un proiect interna\u0163ional artistic. Pentru b\u0103l\u0163eni a evoluat orchestra \u015fi colectivul vocal din Israil, conduc\u0103tor artistic \u015fi dirijor Gutman Reuven, \u00eempreun\u0103 cu [&hellip;]<\/p>\n","protected":false},"author":4,"featured_media":41530,"comment_status":"closed","ping_status":"closed","sticky":false,"template":"","format":"standard","meta":{"footnotes":""},"categories":[6353],"tags":[],"class_list":["post-44058","post","type-post","status-publish","format-standard","has-post-thumbnail","hentry","category-oras"],"yoast_head":"<!-- This site is optimized with the Yoast SEO plugin v27.4 - https:\/\/yoast.com\/product\/yoast-seo-wordpress\/ -->\n<title>Concert inedit desf\u0103\u015furat la USARB. Orchestra simfonic\u0103 \u015fi colectivul vocal din Israil au evoluat la B\u0103l\u0163i<\/title>\n<meta name=\"description\" content=\"Universitatea din B\u0103l\u0163i a fost gazda unui concert de filarmonic\u0103. \u00cen urma colabor\u0103rii USARB, cu \u015ecoala de arte \u201eCiprian Porumbescu\u201d a municipiului B\u0103l\u0163i \u015fi \u015ecoala de Muzic\u0103 din ora\u015ful Yavne, Istrail, s-a desf\u0103\u015furat un proiect interna\u0163ional artistic.\" \/>\n<meta name=\"robots\" content=\"index, follow, max-snippet:-1, max-image-preview:large, max-video-preview:-1\" \/>\n<link rel=\"canonical\" href=\"https:\/\/www.btv.md\/ro\/concert-inedit-desfasurat-la-usarb-orchestra-simfonica-si-colectivul-vocal-din-israil-au-evoluat-la-balti\/\" \/>\n<meta property=\"og:locale\" content=\"ro_RO\" \/>\n<meta property=\"og:type\" content=\"article\" \/>\n<meta property=\"og:title\" content=\"Concert inedit desf\u0103\u015furat la USARB. Orchestra simfonic\u0103 \u015fi colectivul vocal din Israil au evoluat la B\u0103l\u0163i\" \/>\n<meta property=\"og:description\" content=\"Universitatea din B\u0103l\u0163i a fost gazda unui concert de filarmonic\u0103. \u00cen urma colabor\u0103rii USARB, cu \u015ecoala de arte \u201eCiprian Porumbescu\u201d a municipiului B\u0103l\u0163i \u015fi \u015ecoala de Muzic\u0103 din ora\u015ful Yavne, Istrail, s-a desf\u0103\u015furat un proiect interna\u0163ional artistic.\" \/>\n<meta property=\"og:url\" content=\"https:\/\/www.btv.md\/ro\/concert-inedit-desfasurat-la-usarb-orchestra-simfonica-si-colectivul-vocal-din-israil-au-evoluat-la-balti\/\" \/>\n<meta property=\"og:site_name\" content=\"BTV\" \/>\n<meta property=\"article:publisher\" content=\"https:\/\/www.facebook.com\/btvmoldova\/\" \/>\n<meta property=\"article:published_time\" content=\"2018-03-27T16:54:47+00:00\" \/>\n<meta property=\"og:image\" content=\"https:\/\/www.btv.md\/wp-content\/uploads\/2018\/02\/alecu_russo.jpg\" \/>\n\t<meta property=\"og:image:width\" content=\"700\" \/>\n\t<meta property=\"og:image:height\" content=\"500\" \/>\n\t<meta property=\"og:image:type\" content=\"image\/jpeg\" \/>\n<meta name=\"author\" content=\"admin\" \/>\n<meta name=\"twitter:label1\" content=\"Scris de\" \/>\n\t<meta name=\"twitter:data1\" content=\"admin\" \/>\n\t<meta name=\"twitter:label2\" content=\"Timp estimat pentru citire\" \/>\n\t<meta name=\"twitter:data2\" content=\"1 minut\" \/>\n<script type=\"application\/ld+json\" class=\"yoast-schema-graph\">{\"@context\":\"https:\\\/\\\/schema.org\",\"@graph\":[{\"@type\":\"Article\",\"@id\":\"https:\\\/\\\/www.btv.md\\\/ro\\\/concert-inedit-desfasurat-la-usarb-orchestra-simfonica-si-colectivul-vocal-din-israil-au-evoluat-la-balti\\\/#article\",\"isPartOf\":{\"@id\":\"https:\\\/\\\/www.btv.md\\\/ro\\\/concert-inedit-desfasurat-la-usarb-orchestra-simfonica-si-colectivul-vocal-din-israil-au-evoluat-la-balti\\\/\"},\"author\":{\"name\":\"admin\",\"@id\":\"https:\\\/\\\/www.btv.md\\\/#\\\/schema\\\/person\\\/8fadce81561b3ce2c34c46dadc4ccbf2\"},\"headline\":\"Concert inedit desf\u0103\u015furat la USARB. Orchestra simfonic\u0103 \u015fi colectivul vocal din Israil au evoluat la B\u0103l\u0163i\",\"datePublished\":\"2018-03-27T16:54:47+00:00\",\"mainEntityOfPage\":{\"@id\":\"https:\\\/\\\/www.btv.md\\\/ro\\\/concert-inedit-desfasurat-la-usarb-orchestra-simfonica-si-colectivul-vocal-din-israil-au-evoluat-la-balti\\\/\"},\"wordCount\":259,\"image\":{\"@id\":\"https:\\\/\\\/www.btv.md\\\/ro\\\/concert-inedit-desfasurat-la-usarb-orchestra-simfonica-si-colectivul-vocal-din-israil-au-evoluat-la-balti\\\/#primaryimage\"},\"thumbnailUrl\":\"https:\\\/\\\/www.btv.md\\\/wp-content\\\/uploads\\\/2018\\\/02\\\/alecu_russo.jpg\",\"articleSection\":[\"Ora\u0219\"],\"inLanguage\":\"ro-RO\"},{\"@type\":\"WebPage\",\"@id\":\"https:\\\/\\\/www.btv.md\\\/ro\\\/concert-inedit-desfasurat-la-usarb-orchestra-simfonica-si-colectivul-vocal-din-israil-au-evoluat-la-balti\\\/\",\"url\":\"https:\\\/\\\/www.btv.md\\\/ro\\\/concert-inedit-desfasurat-la-usarb-orchestra-simfonica-si-colectivul-vocal-din-israil-au-evoluat-la-balti\\\/\",\"name\":\"Concert inedit desf\u0103\u015furat la USARB. Orchestra simfonic\u0103 \u015fi colectivul vocal din Israil au evoluat la B\u0103l\u0163i\",\"isPartOf\":{\"@id\":\"https:\\\/\\\/www.btv.md\\\/#website\"},\"primaryImageOfPage\":{\"@id\":\"https:\\\/\\\/www.btv.md\\\/ro\\\/concert-inedit-desfasurat-la-usarb-orchestra-simfonica-si-colectivul-vocal-din-israil-au-evoluat-la-balti\\\/#primaryimage\"},\"image\":{\"@id\":\"https:\\\/\\\/www.btv.md\\\/ro\\\/concert-inedit-desfasurat-la-usarb-orchestra-simfonica-si-colectivul-vocal-din-israil-au-evoluat-la-balti\\\/#primaryimage\"},\"thumbnailUrl\":\"https:\\\/\\\/www.btv.md\\\/wp-content\\\/uploads\\\/2018\\\/02\\\/alecu_russo.jpg\",\"datePublished\":\"2018-03-27T16:54:47+00:00\",\"author\":{\"@id\":\"https:\\\/\\\/www.btv.md\\\/#\\\/schema\\\/person\\\/8fadce81561b3ce2c34c46dadc4ccbf2\"},\"description\":\"Universitatea din B\u0103l\u0163i a fost gazda unui concert de filarmonic\u0103. \u00cen urma colabor\u0103rii USARB, cu \u015ecoala de arte \u201eCiprian Porumbescu\u201d a municipiului B\u0103l\u0163i \u015fi \u015ecoala de Muzic\u0103 din ora\u015ful Yavne, Istrail, s-a desf\u0103\u015furat un proiect interna\u0163ional artistic.\",\"inLanguage\":\"ro-RO\",\"potentialAction\":[{\"@type\":\"ReadAction\",\"target\":[\"https:\\\/\\\/www.btv.md\\\/ro\\\/concert-inedit-desfasurat-la-usarb-orchestra-simfonica-si-colectivul-vocal-din-israil-au-evoluat-la-balti\\\/\"]}]},{\"@type\":\"ImageObject\",\"inLanguage\":\"ro-RO\",\"@id\":\"https:\\\/\\\/www.btv.md\\\/ro\\\/concert-inedit-desfasurat-la-usarb-orchestra-simfonica-si-colectivul-vocal-din-israil-au-evoluat-la-balti\\\/#primaryimage\",\"url\":\"https:\\\/\\\/www.btv.md\\\/wp-content\\\/uploads\\\/2018\\\/02\\\/alecu_russo.jpg\",\"contentUrl\":\"https:\\\/\\\/www.btv.md\\\/wp-content\\\/uploads\\\/2018\\\/02\\\/alecu_russo.jpg\",\"width\":700,\"height\":500},{\"@type\":\"WebSite\",\"@id\":\"https:\\\/\\\/www.btv.md\\\/#website\",\"url\":\"https:\\\/\\\/www.btv.md\\\/\",\"name\":\"BTV\",\"description\":\"\u0411\u0435\u043b\u044c\u0446\u043a\u043e\u0435 \u0442\u0435\u043b\u0435\u0432\u0438\u0434\u0435\u043d\u0438\u0435\",\"potentialAction\":[{\"@type\":\"SearchAction\",\"target\":{\"@type\":\"EntryPoint\",\"urlTemplate\":\"https:\\\/\\\/www.btv.md\\\/?s={search_term_string}\"},\"query-input\":{\"@type\":\"PropertyValueSpecification\",\"valueRequired\":true,\"valueName\":\"search_term_string\"}}],\"inLanguage\":\"ro-RO\"},{\"@type\":\"Person\",\"@id\":\"https:\\\/\\\/www.btv.md\\\/#\\\/schema\\\/person\\\/8fadce81561b3ce2c34c46dadc4ccbf2\",\"name\":\"admin\"}]}<\/script>\n<!-- \/ Yoast SEO plugin. -->","yoast_head_json":{"title":"Concert inedit desf\u0103\u015furat la USARB. Orchestra simfonic\u0103 \u015fi colectivul vocal din Israil au evoluat la B\u0103l\u0163i","description":"Universitatea din B\u0103l\u0163i a fost gazda unui concert de filarmonic\u0103. \u00cen urma colabor\u0103rii USARB, cu \u015ecoala de arte \u201eCiprian Porumbescu\u201d a municipiului B\u0103l\u0163i \u015fi \u015ecoala de Muzic\u0103 din ora\u015ful Yavne, Istrail, s-a desf\u0103\u015furat un proiect interna\u0163ional artistic.","robots":{"index":"index","follow":"follow","max-snippet":"max-snippet:-1","max-image-preview":"max-image-preview:large","max-video-preview":"max-video-preview:-1"},"canonical":"https:\/\/www.btv.md\/ro\/concert-inedit-desfasurat-la-usarb-orchestra-simfonica-si-colectivul-vocal-din-israil-au-evoluat-la-balti\/","og_locale":"ro_RO","og_type":"article","og_title":"Concert inedit desf\u0103\u015furat la USARB. Orchestra simfonic\u0103 \u015fi colectivul vocal din Israil au evoluat la B\u0103l\u0163i","og_description":"Universitatea din B\u0103l\u0163i a fost gazda unui concert de filarmonic\u0103. \u00cen urma colabor\u0103rii USARB, cu \u015ecoala de arte \u201eCiprian Porumbescu\u201d a municipiului B\u0103l\u0163i \u015fi \u015ecoala de Muzic\u0103 din ora\u015ful Yavne, Istrail, s-a desf\u0103\u015furat un proiect interna\u0163ional artistic.","og_url":"https:\/\/www.btv.md\/ro\/concert-inedit-desfasurat-la-usarb-orchestra-simfonica-si-colectivul-vocal-din-israil-au-evoluat-la-balti\/","og_site_name":"BTV","article_publisher":"https:\/\/www.facebook.com\/btvmoldova\/","article_published_time":"2018-03-27T16:54:47+00:00","og_image":[{"width":700,"height":500,"url":"https:\/\/www.btv.md\/wp-content\/uploads\/2018\/02\/alecu_russo.jpg","type":"image\/jpeg"}],"author":"admin","twitter_misc":{"Scris de":"admin","Timp estimat pentru citire":"1 minut"},"schema":{"@context":"https:\/\/schema.org","@graph":[{"@type":"Article","@id":"https:\/\/www.btv.md\/ro\/concert-inedit-desfasurat-la-usarb-orchestra-simfonica-si-colectivul-vocal-din-israil-au-evoluat-la-balti\/#article","isPartOf":{"@id":"https:\/\/www.btv.md\/ro\/concert-inedit-desfasurat-la-usarb-orchestra-simfonica-si-colectivul-vocal-din-israil-au-evoluat-la-balti\/"},"author":{"name":"admin","@id":"https:\/\/www.btv.md\/#\/schema\/person\/8fadce81561b3ce2c34c46dadc4ccbf2"},"headline":"Concert inedit desf\u0103\u015furat la USARB. Orchestra simfonic\u0103 \u015fi colectivul vocal din Israil au evoluat la B\u0103l\u0163i","datePublished":"2018-03-27T16:54:47+00:00","mainEntityOfPage":{"@id":"https:\/\/www.btv.md\/ro\/concert-inedit-desfasurat-la-usarb-orchestra-simfonica-si-colectivul-vocal-din-israil-au-evoluat-la-balti\/"},"wordCount":259,"image":{"@id":"https:\/\/www.btv.md\/ro\/concert-inedit-desfasurat-la-usarb-orchestra-simfonica-si-colectivul-vocal-din-israil-au-evoluat-la-balti\/#primaryimage"},"thumbnailUrl":"https:\/\/www.btv.md\/wp-content\/uploads\/2018\/02\/alecu_russo.jpg","articleSection":["Ora\u0219"],"inLanguage":"ro-RO"},{"@type":"WebPage","@id":"https:\/\/www.btv.md\/ro\/concert-inedit-desfasurat-la-usarb-orchestra-simfonica-si-colectivul-vocal-din-israil-au-evoluat-la-balti\/","url":"https:\/\/www.btv.md\/ro\/concert-inedit-desfasurat-la-usarb-orchestra-simfonica-si-colectivul-vocal-din-israil-au-evoluat-la-balti\/","name":"Concert inedit desf\u0103\u015furat la USARB. Orchestra simfonic\u0103 \u015fi colectivul vocal din Israil au evoluat la B\u0103l\u0163i","isPartOf":{"@id":"https:\/\/www.btv.md\/#website"},"primaryImageOfPage":{"@id":"https:\/\/www.btv.md\/ro\/concert-inedit-desfasurat-la-usarb-orchestra-simfonica-si-colectivul-vocal-din-israil-au-evoluat-la-balti\/#primaryimage"},"image":{"@id":"https:\/\/www.btv.md\/ro\/concert-inedit-desfasurat-la-usarb-orchestra-simfonica-si-colectivul-vocal-din-israil-au-evoluat-la-balti\/#primaryimage"},"thumbnailUrl":"https:\/\/www.btv.md\/wp-content\/uploads\/2018\/02\/alecu_russo.jpg","datePublished":"2018-03-27T16:54:47+00:00","author":{"@id":"https:\/\/www.btv.md\/#\/schema\/person\/8fadce81561b3ce2c34c46dadc4ccbf2"},"description":"Universitatea din B\u0103l\u0163i a fost gazda unui concert de filarmonic\u0103. \u00cen urma colabor\u0103rii USARB, cu \u015ecoala de arte \u201eCiprian Porumbescu\u201d a municipiului B\u0103l\u0163i \u015fi \u015ecoala de Muzic\u0103 din ora\u015ful Yavne, Istrail, s-a desf\u0103\u015furat un proiect interna\u0163ional artistic.","inLanguage":"ro-RO","potentialAction":[{"@type":"ReadAction","target":["https:\/\/www.btv.md\/ro\/concert-inedit-desfasurat-la-usarb-orchestra-simfonica-si-colectivul-vocal-din-israil-au-evoluat-la-balti\/"]}]},{"@type":"ImageObject","inLanguage":"ro-RO","@id":"https:\/\/www.btv.md\/ro\/concert-inedit-desfasurat-la-usarb-orchestra-simfonica-si-colectivul-vocal-din-israil-au-evoluat-la-balti\/#primaryimage","url":"https:\/\/www.btv.md\/wp-content\/uploads\/2018\/02\/alecu_russo.jpg","contentUrl":"https:\/\/www.btv.md\/wp-content\/uploads\/2018\/02\/alecu_russo.jpg","width":700,"height":500},{"@type":"WebSite","@id":"https:\/\/www.btv.md\/#website","url":"https:\/\/www.btv.md\/","name":"BTV","description":"\u0411\u0435\u043b\u044c\u0446\u043a\u043e\u0435 \u0442\u0435\u043b\u0435\u0432\u0438\u0434\u0435\u043d\u0438\u0435","potentialAction":[{"@type":"SearchAction","target":{"@type":"EntryPoint","urlTemplate":"https:\/\/www.btv.md\/?s={search_term_string}"},"query-input":{"@type":"PropertyValueSpecification","valueRequired":true,"valueName":"search_term_string"}}],"inLanguage":"ro-RO"},{"@type":"Person","@id":"https:\/\/www.btv.md\/#\/schema\/person\/8fadce81561b3ce2c34c46dadc4ccbf2","name":"admin"}]}},"_links":{"self":[{"href":"https:\/\/www.btv.md\/ro\/wp-json\/wp\/v2\/posts\/44058","targetHints":{"allow":["GET"]}}],"collection":[{"href":"https:\/\/www.btv.md\/ro\/wp-json\/wp\/v2\/posts"}],"about":[{"href":"https:\/\/www.btv.md\/ro\/wp-json\/wp\/v2\/types\/post"}],"author":[{"embeddable":true,"href":"https:\/\/www.btv.md\/ro\/wp-json\/wp\/v2\/users\/4"}],"replies":[{"embeddable":true,"href":"https:\/\/www.btv.md\/ro\/wp-json\/wp\/v2\/comments?post=44058"}],"version-history":[{"count":0,"href":"https:\/\/www.btv.md\/ro\/wp-json\/wp\/v2\/posts\/44058\/revisions"}],"wp:featuredmedia":[{"embeddable":true,"href":"https:\/\/www.btv.md\/ro\/wp-json\/wp\/v2\/media\/41530"}],"wp:attachment":[{"href":"https:\/\/www.btv.md\/ro\/wp-json\/wp\/v2\/media?parent=44058"}],"wp:term":[{"taxonomy":"category","embeddable":true,"href":"https:\/\/www.btv.md\/ro\/wp-json\/wp\/v2\/categories?post=44058"},{"taxonomy":"post_tag","embeddable":true,"href":"https:\/\/www.btv.md\/ro\/wp-json\/wp\/v2\/tags?post=44058"}],"curies":[{"name":"wp","href":"https:\/\/api.w.org\/{rel}","templated":true}]}}