{"id":44063,"date":"2018-03-27T20:03:41","date_gmt":"2018-03-27T17:03:41","guid":{"rendered":"https:\/\/btv.md\/?p=44063"},"modified":"2018-03-27T20:03:41","modified_gmt":"2018-03-27T17:03:41","slug":"cel-mai-mare-ou-de-paste-montat-intr-un-sat-din-slovacia","status":"publish","type":"post","link":"https:\/\/www.btv.md\/ro\/cel-mai-mare-ou-de-paste-montat-intr-un-sat-din-slovacia\/","title":{"rendered":"Cel mai mare ou de Pa\u0219te, montat \u00eentr-un sat din Slovacia"},"content":{"rendered":"<p style=\"text-align: center;\"><iframe data-src=\"https:\/\/www.youtube.com\/embed\/ksB1fqfNcv0\" width=\"854\" height=\"480\" frameborder=\"0\" allowfullscreen=\"allowfullscreen\" src=\"data:image\/svg+xml;base64,PHN2ZyB3aWR0aD0iMSIgaGVpZ2h0PSIxIiB4bWxucz0iaHR0cDovL3d3dy53My5vcmcvMjAwMC9zdmciPjwvc3ZnPg==\" class=\"lazyload\" data-load-mode=\"1\"><\/iframe><\/p>\n<h4>\u00cen satul Lemesany din Slovacia a fost montat cel mai mare ou de Pa\u0219te din lume. Acesta are peste 5 metri \u00een\u0103l\u021bime \u0219i c\u00e2nt\u0103re\u0219te aproape 800 de kilograme.<\/h4>\n<p>Oul uria\u0219, care a fost montat s\u00e2mb\u0103t\u0103, pentru a figata \u00een Duminica Floriilor catolice, a fost creat de un arhitect local, Jozef Kuruc. Acesta spune c\u0103 oul, care este cele mai mare din lume, are o \u00een\u0103\u021bime de 5,08 metri, un diametru de 3,08 metri \u0219i c\u00e2nt\u0103re\u0219te aproape 800 de kilograme<strong>,\u00a0<\/strong>scrie\u00a0<a href=\"https:\/\/www.libertatea.ro\/stiri\/stiri-externe\/cel-mai-mare-ou-de-paste-din-lume-2194082\">libertatea.ro.<\/a><\/p>\n<p>Procesul de construc\u021bie al noului ou de Pa\u0219ti a durat mai mult de un an. Corpul \u0219i suprafa\u021ba oului sunt sculptate din straturi de spum\u0103 poliesteric\u0103.<\/p>\n<p>Oul uria\u0219 este fixat pe un cadru metalic, care a jucat, de asemenea, un rol esen\u021bial prin transportul acestuia de la atelier \u00een pia\u021ba principal\u0103 a satului.<\/p>\n<p>\u201cSunt foarte m\u00e2ndru de acest ou minunat. A fost nevoie de o mul\u021bime de timp \u0219i de efort pentru a-l finaliza, dar a meritat, este a patra oar\u0103 c\u00e2nd am transportat oul cu un tractor\u201d, spune realizatorul oului.<\/p>\n","protected":false},"excerpt":{"rendered":"<p>\u00cen satul Lemesany din Slovacia a fost montat cel mai mare ou de Pa\u0219te din lume. Acesta are peste 5 metri \u00een\u0103l\u021bime \u0219i c\u00e2nt\u0103re\u0219te aproape 800 de kilograme. Oul uria\u0219, care a fost montat s\u00e2mb\u0103t\u0103, pentru a figata \u00een Duminica Floriilor catolice, a fost creat de un arhitect local, Jozef Kuruc. Acesta spune c\u0103 oul, [&hellip;]<\/p>\n","protected":false},"author":4,"featured_media":44064,"comment_status":"closed","ping_status":"closed","sticky":false,"template":"","format":"standard","meta":{"footnotes":""},"categories":[6354],"tags":[],"class_list":["post-44063","post","type-post","status-publish","format-standard","has-post-thumbnail","hentry","category-externe-ro"],"yoast_head":"<!-- This site is optimized with the Yoast SEO plugin v27.4 - https:\/\/yoast.com\/product\/yoast-seo-wordpress\/ -->\n<title>Cel mai mare ou de Pa\u0219te, montat \u00eentr-un sat din Slovacia<\/title>\n<meta name=\"description\" content=\"\u00cen satul Lemesany din Slovacia a fost montat cel mai mare ou de Pa\u0219te din lume. Acesta are peste 5 metri \u00een\u0103l\u021bime \u0219i c\u00e2nt\u0103re\u0219te aproape 800 de kilograme.\" \/>\n<meta name=\"robots\" content=\"index, follow, max-snippet:-1, max-image-preview:large, max-video-preview:-1\" \/>\n<link rel=\"canonical\" href=\"https:\/\/www.btv.md\/ro\/amp\/cel-mai-mare-ou-de-paste-montat-intr-un-sat-din-slovacia\/\" \/>\n<meta property=\"og:locale\" content=\"ro_RO\" \/>\n<meta property=\"og:type\" content=\"article\" \/>\n<meta property=\"og:title\" content=\"Cel mai mare ou de Pa\u0219te, montat \u00eentr-un sat din Slovacia\" \/>\n<meta property=\"og:description\" content=\"\u00cen satul Lemesany din Slovacia a fost montat cel mai mare ou de Pa\u0219te din lume. Acesta are peste 5 metri \u00een\u0103l\u021bime \u0219i c\u00e2nt\u0103re\u0219te aproape 800 de kilograme.\" \/>\n<meta property=\"og:url\" content=\"https:\/\/www.btv.md\/ro\/amp\/cel-mai-mare-ou-de-paste-montat-intr-un-sat-din-slovacia\/\" \/>\n<meta property=\"og:site_name\" content=\"BTV\" \/>\n<meta property=\"article:publisher\" content=\"https:\/\/www.facebook.com\/btvmoldova\/\" \/>\n<meta property=\"article:published_time\" content=\"2018-03-27T17:03:41+00:00\" \/>\n<meta property=\"og:image\" content=\"https:\/\/www.btv.md\/wp-content\/uploads\/2018\/03\/5aba121c9647d_5aba121c964ce.jpg\" \/>\n\t<meta property=\"og:image:width\" content=\"700\" \/>\n\t<meta property=\"og:image:height\" content=\"500\" \/>\n\t<meta property=\"og:image:type\" content=\"image\/jpeg\" \/>\n<meta name=\"author\" content=\"admin\" \/>\n<meta name=\"twitter:label1\" content=\"Scris de\" \/>\n\t<meta name=\"twitter:data1\" content=\"admin\" \/>\n\t<meta name=\"twitter:label2\" content=\"Timp estimat pentru citire\" \/>\n\t<meta name=\"twitter:data2\" content=\"1 minut\" \/>\n<script type=\"application\/ld+json\" class=\"yoast-schema-graph\">{\"@context\":\"https:\\\/\\\/schema.org\",\"@graph\":[{\"@type\":\"Article\",\"@id\":\"https:\\\/\\\/www.btv.md\\\/ro\\\/amp\\\/cel-mai-mare-ou-de-paste-montat-intr-un-sat-din-slovacia\\\/#article\",\"isPartOf\":{\"@id\":\"https:\\\/\\\/www.btv.md\\\/ro\\\/amp\\\/cel-mai-mare-ou-de-paste-montat-intr-un-sat-din-slovacia\\\/\"},\"author\":{\"name\":\"admin\",\"@id\":\"https:\\\/\\\/www.btv.md\\\/#\\\/schema\\\/person\\\/8fadce81561b3ce2c34c46dadc4ccbf2\"},\"headline\":\"Cel mai mare ou de Pa\u0219te, montat \u00eentr-un sat din Slovacia\",\"datePublished\":\"2018-03-27T17:03:41+00:00\",\"mainEntityOfPage\":{\"@id\":\"https:\\\/\\\/www.btv.md\\\/ro\\\/amp\\\/cel-mai-mare-ou-de-paste-montat-intr-un-sat-din-slovacia\\\/\"},\"wordCount\":200,\"image\":{\"@id\":\"https:\\\/\\\/www.btv.md\\\/ro\\\/amp\\\/cel-mai-mare-ou-de-paste-montat-intr-un-sat-din-slovacia\\\/#primaryimage\"},\"thumbnailUrl\":\"https:\\\/\\\/www.btv.md\\\/wp-content\\\/uploads\\\/2018\\\/03\\\/5aba121c9647d_5aba121c964ce.jpg\",\"articleSection\":[\"Externe\"],\"inLanguage\":\"ro-RO\"},{\"@type\":\"WebPage\",\"@id\":\"https:\\\/\\\/www.btv.md\\\/ro\\\/amp\\\/cel-mai-mare-ou-de-paste-montat-intr-un-sat-din-slovacia\\\/\",\"url\":\"https:\\\/\\\/www.btv.md\\\/ro\\\/amp\\\/cel-mai-mare-ou-de-paste-montat-intr-un-sat-din-slovacia\\\/\",\"name\":\"Cel mai mare ou de Pa\u0219te, montat \u00eentr-un sat din Slovacia\",\"isPartOf\":{\"@id\":\"https:\\\/\\\/www.btv.md\\\/#website\"},\"primaryImageOfPage\":{\"@id\":\"https:\\\/\\\/www.btv.md\\\/ro\\\/amp\\\/cel-mai-mare-ou-de-paste-montat-intr-un-sat-din-slovacia\\\/#primaryimage\"},\"image\":{\"@id\":\"https:\\\/\\\/www.btv.md\\\/ro\\\/amp\\\/cel-mai-mare-ou-de-paste-montat-intr-un-sat-din-slovacia\\\/#primaryimage\"},\"thumbnailUrl\":\"https:\\\/\\\/www.btv.md\\\/wp-content\\\/uploads\\\/2018\\\/03\\\/5aba121c9647d_5aba121c964ce.jpg\",\"datePublished\":\"2018-03-27T17:03:41+00:00\",\"author\":{\"@id\":\"https:\\\/\\\/www.btv.md\\\/#\\\/schema\\\/person\\\/8fadce81561b3ce2c34c46dadc4ccbf2\"},\"description\":\"\u00cen satul Lemesany din Slovacia a fost montat cel mai mare ou de Pa\u0219te din lume. Acesta are peste 5 metri \u00een\u0103l\u021bime \u0219i c\u00e2nt\u0103re\u0219te aproape 800 de kilograme.\",\"inLanguage\":\"ro-RO\",\"potentialAction\":[{\"@type\":\"ReadAction\",\"target\":[\"https:\\\/\\\/www.btv.md\\\/ro\\\/amp\\\/cel-mai-mare-ou-de-paste-montat-intr-un-sat-din-slovacia\\\/\"]}]},{\"@type\":\"ImageObject\",\"inLanguage\":\"ro-RO\",\"@id\":\"https:\\\/\\\/www.btv.md\\\/ro\\\/amp\\\/cel-mai-mare-ou-de-paste-montat-intr-un-sat-din-slovacia\\\/#primaryimage\",\"url\":\"https:\\\/\\\/www.btv.md\\\/wp-content\\\/uploads\\\/2018\\\/03\\\/5aba121c9647d_5aba121c964ce.jpg\",\"contentUrl\":\"https:\\\/\\\/www.btv.md\\\/wp-content\\\/uploads\\\/2018\\\/03\\\/5aba121c9647d_5aba121c964ce.jpg\",\"width\":700,\"height\":500},{\"@type\":\"WebSite\",\"@id\":\"https:\\\/\\\/www.btv.md\\\/#website\",\"url\":\"https:\\\/\\\/www.btv.md\\\/\",\"name\":\"BTV\",\"description\":\"\u0411\u0435\u043b\u044c\u0446\u043a\u043e\u0435 \u0442\u0435\u043b\u0435\u0432\u0438\u0434\u0435\u043d\u0438\u0435\",\"potentialAction\":[{\"@type\":\"SearchAction\",\"target\":{\"@type\":\"EntryPoint\",\"urlTemplate\":\"https:\\\/\\\/www.btv.md\\\/?s={search_term_string}\"},\"query-input\":{\"@type\":\"PropertyValueSpecification\",\"valueRequired\":true,\"valueName\":\"search_term_string\"}}],\"inLanguage\":\"ro-RO\"},{\"@type\":\"Person\",\"@id\":\"https:\\\/\\\/www.btv.md\\\/#\\\/schema\\\/person\\\/8fadce81561b3ce2c34c46dadc4ccbf2\",\"name\":\"admin\"}]}<\/script>\n<!-- \/ Yoast SEO plugin. -->","yoast_head_json":{"title":"Cel mai mare ou de Pa\u0219te, montat \u00eentr-un sat din Slovacia","description":"\u00cen satul Lemesany din Slovacia a fost montat cel mai mare ou de Pa\u0219te din lume. Acesta are peste 5 metri \u00een\u0103l\u021bime \u0219i c\u00e2nt\u0103re\u0219te aproape 800 de kilograme.","robots":{"index":"index","follow":"follow","max-snippet":"max-snippet:-1","max-image-preview":"max-image-preview:large","max-video-preview":"max-video-preview:-1"},"canonical":"https:\/\/www.btv.md\/ro\/amp\/cel-mai-mare-ou-de-paste-montat-intr-un-sat-din-slovacia\/","og_locale":"ro_RO","og_type":"article","og_title":"Cel mai mare ou de Pa\u0219te, montat \u00eentr-un sat din Slovacia","og_description":"\u00cen satul Lemesany din Slovacia a fost montat cel mai mare ou de Pa\u0219te din lume. Acesta are peste 5 metri \u00een\u0103l\u021bime \u0219i c\u00e2nt\u0103re\u0219te aproape 800 de kilograme.","og_url":"https:\/\/www.btv.md\/ro\/amp\/cel-mai-mare-ou-de-paste-montat-intr-un-sat-din-slovacia\/","og_site_name":"BTV","article_publisher":"https:\/\/www.facebook.com\/btvmoldova\/","article_published_time":"2018-03-27T17:03:41+00:00","og_image":[{"width":700,"height":500,"url":"https:\/\/www.btv.md\/wp-content\/uploads\/2018\/03\/5aba121c9647d_5aba121c964ce.jpg","type":"image\/jpeg"}],"author":"admin","twitter_misc":{"Scris de":"admin","Timp estimat pentru citire":"1 minut"},"schema":{"@context":"https:\/\/schema.org","@graph":[{"@type":"Article","@id":"https:\/\/www.btv.md\/ro\/amp\/cel-mai-mare-ou-de-paste-montat-intr-un-sat-din-slovacia\/#article","isPartOf":{"@id":"https:\/\/www.btv.md\/ro\/amp\/cel-mai-mare-ou-de-paste-montat-intr-un-sat-din-slovacia\/"},"author":{"name":"admin","@id":"https:\/\/www.btv.md\/#\/schema\/person\/8fadce81561b3ce2c34c46dadc4ccbf2"},"headline":"Cel mai mare ou de Pa\u0219te, montat \u00eentr-un sat din Slovacia","datePublished":"2018-03-27T17:03:41+00:00","mainEntityOfPage":{"@id":"https:\/\/www.btv.md\/ro\/amp\/cel-mai-mare-ou-de-paste-montat-intr-un-sat-din-slovacia\/"},"wordCount":200,"image":{"@id":"https:\/\/www.btv.md\/ro\/amp\/cel-mai-mare-ou-de-paste-montat-intr-un-sat-din-slovacia\/#primaryimage"},"thumbnailUrl":"https:\/\/www.btv.md\/wp-content\/uploads\/2018\/03\/5aba121c9647d_5aba121c964ce.jpg","articleSection":["Externe"],"inLanguage":"ro-RO"},{"@type":"WebPage","@id":"https:\/\/www.btv.md\/ro\/amp\/cel-mai-mare-ou-de-paste-montat-intr-un-sat-din-slovacia\/","url":"https:\/\/www.btv.md\/ro\/amp\/cel-mai-mare-ou-de-paste-montat-intr-un-sat-din-slovacia\/","name":"Cel mai mare ou de Pa\u0219te, montat \u00eentr-un sat din Slovacia","isPartOf":{"@id":"https:\/\/www.btv.md\/#website"},"primaryImageOfPage":{"@id":"https:\/\/www.btv.md\/ro\/amp\/cel-mai-mare-ou-de-paste-montat-intr-un-sat-din-slovacia\/#primaryimage"},"image":{"@id":"https:\/\/www.btv.md\/ro\/amp\/cel-mai-mare-ou-de-paste-montat-intr-un-sat-din-slovacia\/#primaryimage"},"thumbnailUrl":"https:\/\/www.btv.md\/wp-content\/uploads\/2018\/03\/5aba121c9647d_5aba121c964ce.jpg","datePublished":"2018-03-27T17:03:41+00:00","author":{"@id":"https:\/\/www.btv.md\/#\/schema\/person\/8fadce81561b3ce2c34c46dadc4ccbf2"},"description":"\u00cen satul Lemesany din Slovacia a fost montat cel mai mare ou de Pa\u0219te din lume. Acesta are peste 5 metri \u00een\u0103l\u021bime \u0219i c\u00e2nt\u0103re\u0219te aproape 800 de kilograme.","inLanguage":"ro-RO","potentialAction":[{"@type":"ReadAction","target":["https:\/\/www.btv.md\/ro\/amp\/cel-mai-mare-ou-de-paste-montat-intr-un-sat-din-slovacia\/"]}]},{"@type":"ImageObject","inLanguage":"ro-RO","@id":"https:\/\/www.btv.md\/ro\/amp\/cel-mai-mare-ou-de-paste-montat-intr-un-sat-din-slovacia\/#primaryimage","url":"https:\/\/www.btv.md\/wp-content\/uploads\/2018\/03\/5aba121c9647d_5aba121c964ce.jpg","contentUrl":"https:\/\/www.btv.md\/wp-content\/uploads\/2018\/03\/5aba121c9647d_5aba121c964ce.jpg","width":700,"height":500},{"@type":"WebSite","@id":"https:\/\/www.btv.md\/#website","url":"https:\/\/www.btv.md\/","name":"BTV","description":"\u0411\u0435\u043b\u044c\u0446\u043a\u043e\u0435 \u0442\u0435\u043b\u0435\u0432\u0438\u0434\u0435\u043d\u0438\u0435","potentialAction":[{"@type":"SearchAction","target":{"@type":"EntryPoint","urlTemplate":"https:\/\/www.btv.md\/?s={search_term_string}"},"query-input":{"@type":"PropertyValueSpecification","valueRequired":true,"valueName":"search_term_string"}}],"inLanguage":"ro-RO"},{"@type":"Person","@id":"https:\/\/www.btv.md\/#\/schema\/person\/8fadce81561b3ce2c34c46dadc4ccbf2","name":"admin"}]}},"_links":{"self":[{"href":"https:\/\/www.btv.md\/ro\/wp-json\/wp\/v2\/posts\/44063","targetHints":{"allow":["GET"]}}],"collection":[{"href":"https:\/\/www.btv.md\/ro\/wp-json\/wp\/v2\/posts"}],"about":[{"href":"https:\/\/www.btv.md\/ro\/wp-json\/wp\/v2\/types\/post"}],"author":[{"embeddable":true,"href":"https:\/\/www.btv.md\/ro\/wp-json\/wp\/v2\/users\/4"}],"replies":[{"embeddable":true,"href":"https:\/\/www.btv.md\/ro\/wp-json\/wp\/v2\/comments?post=44063"}],"version-history":[{"count":0,"href":"https:\/\/www.btv.md\/ro\/wp-json\/wp\/v2\/posts\/44063\/revisions"}],"wp:featuredmedia":[{"embeddable":true,"href":"https:\/\/www.btv.md\/ro\/wp-json\/wp\/v2\/media\/44064"}],"wp:attachment":[{"href":"https:\/\/www.btv.md\/ro\/wp-json\/wp\/v2\/media?parent=44063"}],"wp:term":[{"taxonomy":"category","embeddable":true,"href":"https:\/\/www.btv.md\/ro\/wp-json\/wp\/v2\/categories?post=44063"},{"taxonomy":"post_tag","embeddable":true,"href":"https:\/\/www.btv.md\/ro\/wp-json\/wp\/v2\/tags?post=44063"}],"curies":[{"name":"wp","href":"https:\/\/api.w.org\/{rel}","templated":true}]}}