{"id":44071,"date":"2018-03-27T20:14:06","date_gmt":"2018-03-27T17:14:06","guid":{"rendered":"https:\/\/btv.md\/?p=44071"},"modified":"2018-03-27T20:14:06","modified_gmt":"2018-03-27T17:14:06","slug":"pazea-jefuitorii-ataca-femeile-in-plina-strada-trei-femei-din-balti-jefuite-de-mai-multi-indivizi","status":"publish","type":"post","link":"https:\/\/www.btv.md\/ro\/pazea-jefuitorii-ataca-femeile-in-plina-strada-trei-femei-din-balti-jefuite-de-mai-multi-indivizi\/","title":{"rendered":"P\u0103zea! Jefuitorii atac\u0103 femeile \u00een plin\u0103 strad\u0103. Trei femei din B\u0103l\u021bi, jefuite de mai mul\u021bi indivizi"},"content":{"rendered":"<p style=\"text-align: center;\"><iframe data-src=\"https:\/\/www.youtube.com\/embed\/UbaEMNbUpNY\" width=\"854\" height=\"480\" frameborder=\"0\" allowfullscreen=\"allowfullscreen\" src=\"data:image\/svg+xml;base64,PHN2ZyB3aWR0aD0iMSIgaGVpZ2h0PSIxIiB4bWxucz0iaHR0cDovL3d3dy53My5vcmcvMjAwMC9zdmciPjwvc3ZnPg==\" class=\"lazyload\" data-load-mode=\"1\"><\/iframe><\/p>\n<h4>Dou\u0103 femei din B\u0103l\u021bi au fost jefuite de c\u0103tre trei indivizi \u00een plin\u0103 strad\u0103. R\u0103uf\u0103c\u0103torii au luat gen\u021bile femeilor \u0219i s-au f\u0103cut nev\u0103zu\u021bi. Incidentul a avut loc \u00een seara zilei de vineri, 23 martie, \u00een regiunea microraionul Dacia.<\/h4>\n<p>R\u0103uf\u0103c\u0103torii, printre care doi minori, au fost re\u021binu\u021bi la scurt timp de c\u0103tre angaja\u021bii Inspectoratului de Poli\u021bie B\u0103l\u021bi.<\/p>\n<p>Jana Molceanov, ofi\u021ber de pres\u0103 IP B\u0103l\u021bi: <em>\u201eCa urmare a m\u0103surilor de investiga\u021bie speciale, f\u0103ptuitorii au fost identifica\u021bi la scurt timp. Ace\u0219tia s-au dovedit a fi trei persoane, originari din raionul Drochia, cu v\u00e2rstele cuprinse \u00eentre 17 \u0219i 26 de ani. La moment, b\u0103rbatul de 26 \u00a0de ani este re\u021binut pentru 72 de ore, iar minorii sunt cerceta\u021bi \u00een stare de libertate.\u201d<\/em><\/p>\n<p>La doar dou\u0103 zile de la incident, a avut loc un atac similar, se arat\u0103 \u00eentr-un comunicat al Inspectoratului Na\u021bional de Patrulare. Pe o strad\u0103 din B\u0103l\u021bi, trei persoane necunoscute au sustras o geant\u0103 \u00een mod deschis, , de la o femeie \u00een v\u00e2rst\u0103 de 68 de ani.\u00a0 De aceast\u0103 dat\u0103, indivizii au ac\u021bionat ziua \u00een amiaza mare. La scurt timp angaja\u021bii INP au re\u021binut persoanele suspecte, care s-au dovedit a fi trei tineri cu v\u00e2rstele 15, 17 \u0219i 25 ani, locuitori ai ora\u0219ului B\u0103l\u021bi.<\/p>\n<p>Dac\u0103 vor fi g\u0103si\u021bi\u00a0 vinova\u021bi, indivizii risc\u0103 amend\u0103 de la 27.500 p\u00e2n\u0103 la 42.500 lei sau de la 5 la 7 ani de \u00eenchisoare.<\/p>\n","protected":false},"excerpt":{"rendered":"<p>Dou\u0103 femei din B\u0103l\u021bi au fost jefuite de c\u0103tre trei indivizi \u00een plin\u0103 strad\u0103. R\u0103uf\u0103c\u0103torii au luat gen\u021bile femeilor \u0219i s-au f\u0103cut nev\u0103zu\u021bi. Incidentul a avut loc \u00een seara zilei de vineri, 23 martie, \u00een regiunea microraionul Dacia. R\u0103uf\u0103c\u0103torii, printre care doi minori, au fost re\u021binu\u021bi la scurt timp de c\u0103tre angaja\u021bii Inspectoratului de Poli\u021bie [&hellip;]<\/p>\n","protected":false},"author":4,"featured_media":44072,"comment_status":"closed","ping_status":"closed","sticky":false,"template":"","format":"standard","meta":{"footnotes":""},"categories":[6353,6351],"tags":[],"class_list":["post-44071","post","type-post","status-publish","format-standard","has-post-thumbnail","hentry","category-oras","category-incidente"],"yoast_head":"<!-- This site is optimized with the Yoast SEO plugin v27.4 - https:\/\/yoast.com\/product\/yoast-seo-wordpress\/ -->\n<title>P\u0103zea! Jefuitorii atac\u0103 femeile \u00een plin\u0103 strad\u0103. Trei femei din B\u0103l\u021bi, jefuite de mai mul\u021bi indivizi<\/title>\n<meta name=\"description\" content=\"Dou\u0103 femei din B\u0103l\u021bi au fost jefuite de c\u0103tre trei indivizi \u00een plin\u0103 strad\u0103. R\u0103uf\u0103c\u0103torii au luat gen\u021bile femeilor \u0219i s-au f\u0103cut nev\u0103zu\u021bi. Incidentul a avut loc \u00een seara zilei de vineri, 23 martie, \u00een regiunea microraionul Dacia.\" \/>\n<meta name=\"robots\" content=\"index, follow, max-snippet:-1, max-image-preview:large, max-video-preview:-1\" \/>\n<link rel=\"canonical\" href=\"https:\/\/www.btv.md\/ro\/pazea-jefuitorii-ataca-femeile-in-plina-strada-trei-femei-din-balti-jefuite-de-mai-multi-indivizi\/\" \/>\n<meta property=\"og:locale\" content=\"ro_RO\" \/>\n<meta property=\"og:type\" content=\"article\" \/>\n<meta property=\"og:title\" content=\"P\u0103zea! Jefuitorii atac\u0103 femeile \u00een plin\u0103 strad\u0103. Trei femei din B\u0103l\u021bi, jefuite de mai mul\u021bi indivizi\" \/>\n<meta property=\"og:description\" content=\"Dou\u0103 femei din B\u0103l\u021bi au fost jefuite de c\u0103tre trei indivizi \u00een plin\u0103 strad\u0103. R\u0103uf\u0103c\u0103torii au luat gen\u021bile femeilor \u0219i s-au f\u0103cut nev\u0103zu\u021bi. Incidentul a avut loc \u00een seara zilei de vineri, 23 martie, \u00een regiunea microraionul Dacia.\" \/>\n<meta property=\"og:url\" content=\"https:\/\/www.btv.md\/ro\/pazea-jefuitorii-ataca-femeile-in-plina-strada-trei-femei-din-balti-jefuite-de-mai-multi-indivizi\/\" \/>\n<meta property=\"og:site_name\" content=\"BTV\" \/>\n<meta property=\"article:publisher\" content=\"https:\/\/www.facebook.com\/btvmoldova\/\" \/>\n<meta property=\"article:published_time\" content=\"2018-03-27T17:14:06+00:00\" \/>\n<meta property=\"og:image\" content=\"https:\/\/www.btv.md\/wp-content\/uploads\/2018\/03\/vor-1.jpg\" \/>\n\t<meta property=\"og:image:width\" content=\"700\" \/>\n\t<meta property=\"og:image:height\" content=\"500\" \/>\n\t<meta property=\"og:image:type\" content=\"image\/jpeg\" \/>\n<meta name=\"author\" content=\"admin\" \/>\n<meta name=\"twitter:label1\" content=\"Scris de\" \/>\n\t<meta name=\"twitter:data1\" content=\"admin\" \/>\n\t<meta name=\"twitter:label2\" content=\"Timp estimat pentru citire\" \/>\n\t<meta name=\"twitter:data2\" content=\"1 minut\" \/>\n<script type=\"application\/ld+json\" class=\"yoast-schema-graph\">{\"@context\":\"https:\\\/\\\/schema.org\",\"@graph\":[{\"@type\":\"Article\",\"@id\":\"https:\\\/\\\/www.btv.md\\\/ro\\\/pazea-jefuitorii-ataca-femeile-in-plina-strada-trei-femei-din-balti-jefuite-de-mai-multi-indivizi\\\/#article\",\"isPartOf\":{\"@id\":\"https:\\\/\\\/www.btv.md\\\/ro\\\/pazea-jefuitorii-ataca-femeile-in-plina-strada-trei-femei-din-balti-jefuite-de-mai-multi-indivizi\\\/\"},\"author\":{\"name\":\"admin\",\"@id\":\"https:\\\/\\\/www.btv.md\\\/#\\\/schema\\\/person\\\/8fadce81561b3ce2c34c46dadc4ccbf2\"},\"headline\":\"P\u0103zea! Jefuitorii atac\u0103 femeile \u00een plin\u0103 strad\u0103. Trei femei din B\u0103l\u021bi, jefuite de mai mul\u021bi indivizi\",\"datePublished\":\"2018-03-27T17:14:06+00:00\",\"mainEntityOfPage\":{\"@id\":\"https:\\\/\\\/www.btv.md\\\/ro\\\/pazea-jefuitorii-ataca-femeile-in-plina-strada-trei-femei-din-balti-jefuite-de-mai-multi-indivizi\\\/\"},\"wordCount\":280,\"image\":{\"@id\":\"https:\\\/\\\/www.btv.md\\\/ro\\\/pazea-jefuitorii-ataca-femeile-in-plina-strada-trei-femei-din-balti-jefuite-de-mai-multi-indivizi\\\/#primaryimage\"},\"thumbnailUrl\":\"https:\\\/\\\/www.btv.md\\\/wp-content\\\/uploads\\\/2018\\\/03\\\/vor-1.jpg\",\"articleSection\":[\"Ora\u0219\",\"Incidente\"],\"inLanguage\":\"ro-RO\"},{\"@type\":\"WebPage\",\"@id\":\"https:\\\/\\\/www.btv.md\\\/ro\\\/pazea-jefuitorii-ataca-femeile-in-plina-strada-trei-femei-din-balti-jefuite-de-mai-multi-indivizi\\\/\",\"url\":\"https:\\\/\\\/www.btv.md\\\/ro\\\/pazea-jefuitorii-ataca-femeile-in-plina-strada-trei-femei-din-balti-jefuite-de-mai-multi-indivizi\\\/\",\"name\":\"P\u0103zea! Jefuitorii atac\u0103 femeile \u00een plin\u0103 strad\u0103. Trei femei din B\u0103l\u021bi, jefuite de mai mul\u021bi indivizi\",\"isPartOf\":{\"@id\":\"https:\\\/\\\/www.btv.md\\\/#website\"},\"primaryImageOfPage\":{\"@id\":\"https:\\\/\\\/www.btv.md\\\/ro\\\/pazea-jefuitorii-ataca-femeile-in-plina-strada-trei-femei-din-balti-jefuite-de-mai-multi-indivizi\\\/#primaryimage\"},\"image\":{\"@id\":\"https:\\\/\\\/www.btv.md\\\/ro\\\/pazea-jefuitorii-ataca-femeile-in-plina-strada-trei-femei-din-balti-jefuite-de-mai-multi-indivizi\\\/#primaryimage\"},\"thumbnailUrl\":\"https:\\\/\\\/www.btv.md\\\/wp-content\\\/uploads\\\/2018\\\/03\\\/vor-1.jpg\",\"datePublished\":\"2018-03-27T17:14:06+00:00\",\"author\":{\"@id\":\"https:\\\/\\\/www.btv.md\\\/#\\\/schema\\\/person\\\/8fadce81561b3ce2c34c46dadc4ccbf2\"},\"description\":\"Dou\u0103 femei din B\u0103l\u021bi au fost jefuite de c\u0103tre trei indivizi \u00een plin\u0103 strad\u0103. R\u0103uf\u0103c\u0103torii au luat gen\u021bile femeilor \u0219i s-au f\u0103cut nev\u0103zu\u021bi. Incidentul a avut loc \u00een seara zilei de vineri, 23 martie, \u00een regiunea microraionul Dacia.\",\"inLanguage\":\"ro-RO\",\"potentialAction\":[{\"@type\":\"ReadAction\",\"target\":[\"https:\\\/\\\/www.btv.md\\\/ro\\\/pazea-jefuitorii-ataca-femeile-in-plina-strada-trei-femei-din-balti-jefuite-de-mai-multi-indivizi\\\/\"]}]},{\"@type\":\"ImageObject\",\"inLanguage\":\"ro-RO\",\"@id\":\"https:\\\/\\\/www.btv.md\\\/ro\\\/pazea-jefuitorii-ataca-femeile-in-plina-strada-trei-femei-din-balti-jefuite-de-mai-multi-indivizi\\\/#primaryimage\",\"url\":\"https:\\\/\\\/www.btv.md\\\/wp-content\\\/uploads\\\/2018\\\/03\\\/vor-1.jpg\",\"contentUrl\":\"https:\\\/\\\/www.btv.md\\\/wp-content\\\/uploads\\\/2018\\\/03\\\/vor-1.jpg\",\"width\":700,\"height\":500},{\"@type\":\"WebSite\",\"@id\":\"https:\\\/\\\/www.btv.md\\\/#website\",\"url\":\"https:\\\/\\\/www.btv.md\\\/\",\"name\":\"BTV\",\"description\":\"\u0411\u0435\u043b\u044c\u0446\u043a\u043e\u0435 \u0442\u0435\u043b\u0435\u0432\u0438\u0434\u0435\u043d\u0438\u0435\",\"potentialAction\":[{\"@type\":\"SearchAction\",\"target\":{\"@type\":\"EntryPoint\",\"urlTemplate\":\"https:\\\/\\\/www.btv.md\\\/?s={search_term_string}\"},\"query-input\":{\"@type\":\"PropertyValueSpecification\",\"valueRequired\":true,\"valueName\":\"search_term_string\"}}],\"inLanguage\":\"ro-RO\"},{\"@type\":\"Person\",\"@id\":\"https:\\\/\\\/www.btv.md\\\/#\\\/schema\\\/person\\\/8fadce81561b3ce2c34c46dadc4ccbf2\",\"name\":\"admin\"}]}<\/script>\n<!-- \/ Yoast SEO plugin. -->","yoast_head_json":{"title":"P\u0103zea! Jefuitorii atac\u0103 femeile \u00een plin\u0103 strad\u0103. Trei femei din B\u0103l\u021bi, jefuite de mai mul\u021bi indivizi","description":"Dou\u0103 femei din B\u0103l\u021bi au fost jefuite de c\u0103tre trei indivizi \u00een plin\u0103 strad\u0103. R\u0103uf\u0103c\u0103torii au luat gen\u021bile femeilor \u0219i s-au f\u0103cut nev\u0103zu\u021bi. Incidentul a avut loc \u00een seara zilei de vineri, 23 martie, \u00een regiunea microraionul Dacia.","robots":{"index":"index","follow":"follow","max-snippet":"max-snippet:-1","max-image-preview":"max-image-preview:large","max-video-preview":"max-video-preview:-1"},"canonical":"https:\/\/www.btv.md\/ro\/pazea-jefuitorii-ataca-femeile-in-plina-strada-trei-femei-din-balti-jefuite-de-mai-multi-indivizi\/","og_locale":"ro_RO","og_type":"article","og_title":"P\u0103zea! Jefuitorii atac\u0103 femeile \u00een plin\u0103 strad\u0103. Trei femei din B\u0103l\u021bi, jefuite de mai mul\u021bi indivizi","og_description":"Dou\u0103 femei din B\u0103l\u021bi au fost jefuite de c\u0103tre trei indivizi \u00een plin\u0103 strad\u0103. R\u0103uf\u0103c\u0103torii au luat gen\u021bile femeilor \u0219i s-au f\u0103cut nev\u0103zu\u021bi. Incidentul a avut loc \u00een seara zilei de vineri, 23 martie, \u00een regiunea microraionul Dacia.","og_url":"https:\/\/www.btv.md\/ro\/pazea-jefuitorii-ataca-femeile-in-plina-strada-trei-femei-din-balti-jefuite-de-mai-multi-indivizi\/","og_site_name":"BTV","article_publisher":"https:\/\/www.facebook.com\/btvmoldova\/","article_published_time":"2018-03-27T17:14:06+00:00","og_image":[{"width":700,"height":500,"url":"https:\/\/www.btv.md\/wp-content\/uploads\/2018\/03\/vor-1.jpg","type":"image\/jpeg"}],"author":"admin","twitter_misc":{"Scris de":"admin","Timp estimat pentru citire":"1 minut"},"schema":{"@context":"https:\/\/schema.org","@graph":[{"@type":"Article","@id":"https:\/\/www.btv.md\/ro\/pazea-jefuitorii-ataca-femeile-in-plina-strada-trei-femei-din-balti-jefuite-de-mai-multi-indivizi\/#article","isPartOf":{"@id":"https:\/\/www.btv.md\/ro\/pazea-jefuitorii-ataca-femeile-in-plina-strada-trei-femei-din-balti-jefuite-de-mai-multi-indivizi\/"},"author":{"name":"admin","@id":"https:\/\/www.btv.md\/#\/schema\/person\/8fadce81561b3ce2c34c46dadc4ccbf2"},"headline":"P\u0103zea! Jefuitorii atac\u0103 femeile \u00een plin\u0103 strad\u0103. Trei femei din B\u0103l\u021bi, jefuite de mai mul\u021bi indivizi","datePublished":"2018-03-27T17:14:06+00:00","mainEntityOfPage":{"@id":"https:\/\/www.btv.md\/ro\/pazea-jefuitorii-ataca-femeile-in-plina-strada-trei-femei-din-balti-jefuite-de-mai-multi-indivizi\/"},"wordCount":280,"image":{"@id":"https:\/\/www.btv.md\/ro\/pazea-jefuitorii-ataca-femeile-in-plina-strada-trei-femei-din-balti-jefuite-de-mai-multi-indivizi\/#primaryimage"},"thumbnailUrl":"https:\/\/www.btv.md\/wp-content\/uploads\/2018\/03\/vor-1.jpg","articleSection":["Ora\u0219","Incidente"],"inLanguage":"ro-RO"},{"@type":"WebPage","@id":"https:\/\/www.btv.md\/ro\/pazea-jefuitorii-ataca-femeile-in-plina-strada-trei-femei-din-balti-jefuite-de-mai-multi-indivizi\/","url":"https:\/\/www.btv.md\/ro\/pazea-jefuitorii-ataca-femeile-in-plina-strada-trei-femei-din-balti-jefuite-de-mai-multi-indivizi\/","name":"P\u0103zea! Jefuitorii atac\u0103 femeile \u00een plin\u0103 strad\u0103. Trei femei din B\u0103l\u021bi, jefuite de mai mul\u021bi indivizi","isPartOf":{"@id":"https:\/\/www.btv.md\/#website"},"primaryImageOfPage":{"@id":"https:\/\/www.btv.md\/ro\/pazea-jefuitorii-ataca-femeile-in-plina-strada-trei-femei-din-balti-jefuite-de-mai-multi-indivizi\/#primaryimage"},"image":{"@id":"https:\/\/www.btv.md\/ro\/pazea-jefuitorii-ataca-femeile-in-plina-strada-trei-femei-din-balti-jefuite-de-mai-multi-indivizi\/#primaryimage"},"thumbnailUrl":"https:\/\/www.btv.md\/wp-content\/uploads\/2018\/03\/vor-1.jpg","datePublished":"2018-03-27T17:14:06+00:00","author":{"@id":"https:\/\/www.btv.md\/#\/schema\/person\/8fadce81561b3ce2c34c46dadc4ccbf2"},"description":"Dou\u0103 femei din B\u0103l\u021bi au fost jefuite de c\u0103tre trei indivizi \u00een plin\u0103 strad\u0103. R\u0103uf\u0103c\u0103torii au luat gen\u021bile femeilor \u0219i s-au f\u0103cut nev\u0103zu\u021bi. Incidentul a avut loc \u00een seara zilei de vineri, 23 martie, \u00een regiunea microraionul Dacia.","inLanguage":"ro-RO","potentialAction":[{"@type":"ReadAction","target":["https:\/\/www.btv.md\/ro\/pazea-jefuitorii-ataca-femeile-in-plina-strada-trei-femei-din-balti-jefuite-de-mai-multi-indivizi\/"]}]},{"@type":"ImageObject","inLanguage":"ro-RO","@id":"https:\/\/www.btv.md\/ro\/pazea-jefuitorii-ataca-femeile-in-plina-strada-trei-femei-din-balti-jefuite-de-mai-multi-indivizi\/#primaryimage","url":"https:\/\/www.btv.md\/wp-content\/uploads\/2018\/03\/vor-1.jpg","contentUrl":"https:\/\/www.btv.md\/wp-content\/uploads\/2018\/03\/vor-1.jpg","width":700,"height":500},{"@type":"WebSite","@id":"https:\/\/www.btv.md\/#website","url":"https:\/\/www.btv.md\/","name":"BTV","description":"\u0411\u0435\u043b\u044c\u0446\u043a\u043e\u0435 \u0442\u0435\u043b\u0435\u0432\u0438\u0434\u0435\u043d\u0438\u0435","potentialAction":[{"@type":"SearchAction","target":{"@type":"EntryPoint","urlTemplate":"https:\/\/www.btv.md\/?s={search_term_string}"},"query-input":{"@type":"PropertyValueSpecification","valueRequired":true,"valueName":"search_term_string"}}],"inLanguage":"ro-RO"},{"@type":"Person","@id":"https:\/\/www.btv.md\/#\/schema\/person\/8fadce81561b3ce2c34c46dadc4ccbf2","name":"admin"}]}},"_links":{"self":[{"href":"https:\/\/www.btv.md\/ro\/wp-json\/wp\/v2\/posts\/44071","targetHints":{"allow":["GET"]}}],"collection":[{"href":"https:\/\/www.btv.md\/ro\/wp-json\/wp\/v2\/posts"}],"about":[{"href":"https:\/\/www.btv.md\/ro\/wp-json\/wp\/v2\/types\/post"}],"author":[{"embeddable":true,"href":"https:\/\/www.btv.md\/ro\/wp-json\/wp\/v2\/users\/4"}],"replies":[{"embeddable":true,"href":"https:\/\/www.btv.md\/ro\/wp-json\/wp\/v2\/comments?post=44071"}],"version-history":[{"count":0,"href":"https:\/\/www.btv.md\/ro\/wp-json\/wp\/v2\/posts\/44071\/revisions"}],"wp:featuredmedia":[{"embeddable":true,"href":"https:\/\/www.btv.md\/ro\/wp-json\/wp\/v2\/media\/44072"}],"wp:attachment":[{"href":"https:\/\/www.btv.md\/ro\/wp-json\/wp\/v2\/media?parent=44071"}],"wp:term":[{"taxonomy":"category","embeddable":true,"href":"https:\/\/www.btv.md\/ro\/wp-json\/wp\/v2\/categories?post=44071"},{"taxonomy":"post_tag","embeddable":true,"href":"https:\/\/www.btv.md\/ro\/wp-json\/wp\/v2\/tags?post=44071"}],"curies":[{"name":"wp","href":"https:\/\/api.w.org\/{rel}","templated":true}]}}