{"id":44098,"date":"2018-03-28T21:23:14","date_gmt":"2018-03-28T18:23:14","guid":{"rendered":"https:\/\/btv.md\/?p=44098"},"modified":"2018-03-28T21:23:14","modified_gmt":"2018-03-28T18:23:14","slug":"trei-diplomati-rusi-din-republica-moldva-au-fost-declarati-persona-non-grata","status":"publish","type":"post","link":"https:\/\/www.btv.md\/ro\/trei-diplomati-rusi-din-republica-moldva-au-fost-declarati-persona-non-grata\/","title":{"rendered":"Trei diploma\u021bi ru\u0219i din Republica Moldva au fost declara\u021bi persona non-grata"},"content":{"rendered":"<p style=\"text-align: center;\"><iframe data-src=\"https:\/\/www.youtube.com\/embed\/P151McyEMAk\" width=\"854\" height=\"480\" frameborder=\"0\" allowfullscreen=\"allowfullscreen\" src=\"data:image\/svg+xml;base64,PHN2ZyB3aWR0aD0iMSIgaGVpZ2h0PSIxIiB4bWxucz0iaHR0cDovL3d3dy53My5vcmcvMjAwMC9zdmciPjwvc3ZnPg==\" class=\"lazyload\" data-load-mode=\"1\"><\/iframe><\/p>\n<h4>Trei diploma\u021bi din cadrul Ambasadei Federa\u021biei Ruse \u00een Republica Moldova au fost declara\u021bi persona non-grata, anun\u021b\u0103 Ministerul Afacerilor Externe \u015fi Integr\u0103rii Europene al Republicii Moldova, relateaz\u0103 TV8.<\/h4>\n<p>Potrivit unui comunicat de pres\u0103 remis, institu\u021bia l-a convocat ast\u0103zi pe Ambasadorul Federa\u021biei Ruse \u00een Republica Moldova, Farit Muhametshin, c\u0103ruia i s-a adus la cuno\u015ftin\u0163\u0103 con\u0163inutul Notei Verbale, prin care, \u00een conformitate cu prevederile Conven\u0163iei de la Viena privind rela\u0163iile diplomatice (1961), trei diploma\u021bi din cadrul misiunii sunt declara\u0163i persona non grata \u0219i sunt obliga\u021bi s\u0103 p\u0103r\u0103seasc\u0103 teritoriul \u021b\u0103rii \u00een termen de 7 zile.<\/p>\n<p>Decizia autorit\u0103\u021bilor Republicii Moldova vine drept solidaritate cu Regatul Unit al Marii Britanii \u0219i Irlandei de Nord \u0219i urmare a concluziilor Consiliului European din 23-24 martie 2018, care calific\u0103 atacul de la Salisbury drept o amenin\u021bare la adresa securit\u0103\u021bii colective \u0219i a dreptului interna\u021bional.<\/p>\n","protected":false},"excerpt":{"rendered":"<p>Trei diploma\u021bi din cadrul Ambasadei Federa\u021biei Ruse \u00een Republica Moldova au fost declara\u021bi persona non-grata, anun\u021b\u0103 Ministerul Afacerilor Externe \u015fi Integr\u0103rii Europene al Republicii Moldova, relateaz\u0103 TV8. Potrivit unui comunicat de pres\u0103 remis, institu\u021bia l-a convocat ast\u0103zi pe Ambasadorul Federa\u021biei Ruse \u00een Republica Moldova, Farit Muhametshin, c\u0103ruia i s-a adus la cuno\u015ftin\u0163\u0103 con\u0163inutul Notei Verbale, [&hellip;]<\/p>\n","protected":false},"author":4,"featured_media":44099,"comment_status":"closed","ping_status":"closed","sticky":false,"template":"","format":"standard","meta":{"footnotes":""},"categories":[6368],"tags":[],"class_list":["post-44098","post","type-post","status-publish","format-standard","has-post-thumbnail","hentry","category-politica-ro"],"yoast_head":"<!-- This site is optimized with the Yoast SEO plugin v27.4 - https:\/\/yoast.com\/product\/yoast-seo-wordpress\/ -->\n<title>Trei diploma\u021bi ru\u0219i din Republica Moldva au fost declara\u021bi persona non-grata<\/title>\n<meta name=\"description\" content=\"Trei diploma\u021bi din cadrul Ambasadei Federa\u021biei Ruse \u00een Republica Moldova au fost declara\u021bi persona non-grata, anun\u021b\u0103 Ministerul Afacerilor Externe \u015fi Integr\u0103rii Europene al Republicii Moldova, relateaz\u0103 TV8.\" \/>\n<meta name=\"robots\" content=\"index, follow, max-snippet:-1, max-image-preview:large, max-video-preview:-1\" \/>\n<link rel=\"canonical\" href=\"https:\/\/www.btv.md\/ro\/trei-diplomati-rusi-din-republica-moldva-au-fost-declarati-persona-non-grata\/\" \/>\n<meta property=\"og:locale\" content=\"ro_RO\" \/>\n<meta property=\"og:type\" content=\"article\" \/>\n<meta property=\"og:title\" content=\"Trei diploma\u021bi ru\u0219i din Republica Moldva au fost declara\u021bi persona non-grata\" \/>\n<meta property=\"og:description\" content=\"Trei diploma\u021bi din cadrul Ambasadei Federa\u021biei Ruse \u00een Republica Moldova au fost declara\u021bi persona non-grata, anun\u021b\u0103 Ministerul Afacerilor Externe \u015fi Integr\u0103rii Europene al Republicii Moldova, relateaz\u0103 TV8.\" \/>\n<meta property=\"og:url\" content=\"https:\/\/www.btv.md\/ro\/trei-diplomati-rusi-din-republica-moldva-au-fost-declarati-persona-non-grata\/\" \/>\n<meta property=\"og:site_name\" content=\"BTV\" \/>\n<meta property=\"article:publisher\" content=\"https:\/\/www.facebook.com\/btvmoldova\/\" \/>\n<meta property=\"article:published_time\" content=\"2018-03-28T18:23:14+00:00\" \/>\n<meta property=\"og:image\" content=\"https:\/\/www.btv.md\/wp-content\/uploads\/2018\/03\/diplomati.jpg\" \/>\n\t<meta property=\"og:image:width\" content=\"700\" \/>\n\t<meta property=\"og:image:height\" content=\"500\" \/>\n\t<meta property=\"og:image:type\" content=\"image\/jpeg\" \/>\n<meta name=\"author\" content=\"admin\" \/>\n<meta name=\"twitter:label1\" content=\"Scris de\" \/>\n\t<meta name=\"twitter:data1\" content=\"admin\" \/>\n\t<meta name=\"twitter:label2\" content=\"Timp estimat pentru citire\" \/>\n\t<meta name=\"twitter:data2\" content=\"1 minut\" \/>\n<script type=\"application\/ld+json\" class=\"yoast-schema-graph\">{\"@context\":\"https:\\\/\\\/schema.org\",\"@graph\":[{\"@type\":\"Article\",\"@id\":\"https:\\\/\\\/www.btv.md\\\/ro\\\/trei-diplomati-rusi-din-republica-moldva-au-fost-declarati-persona-non-grata\\\/#article\",\"isPartOf\":{\"@id\":\"https:\\\/\\\/www.btv.md\\\/ro\\\/trei-diplomati-rusi-din-republica-moldva-au-fost-declarati-persona-non-grata\\\/\"},\"author\":{\"name\":\"admin\",\"@id\":\"https:\\\/\\\/www.btv.md\\\/#\\\/schema\\\/person\\\/8fadce81561b3ce2c34c46dadc4ccbf2\"},\"headline\":\"Trei diploma\u021bi ru\u0219i din Republica Moldva au fost declara\u021bi persona non-grata\",\"datePublished\":\"2018-03-28T18:23:14+00:00\",\"mainEntityOfPage\":{\"@id\":\"https:\\\/\\\/www.btv.md\\\/ro\\\/trei-diplomati-rusi-din-republica-moldva-au-fost-declarati-persona-non-grata\\\/\"},\"wordCount\":167,\"image\":{\"@id\":\"https:\\\/\\\/www.btv.md\\\/ro\\\/trei-diplomati-rusi-din-republica-moldva-au-fost-declarati-persona-non-grata\\\/#primaryimage\"},\"thumbnailUrl\":\"https:\\\/\\\/www.btv.md\\\/wp-content\\\/uploads\\\/2018\\\/03\\\/diplomati.jpg\",\"articleSection\":[\"Politic\u0103\"],\"inLanguage\":\"ro-RO\"},{\"@type\":\"WebPage\",\"@id\":\"https:\\\/\\\/www.btv.md\\\/ro\\\/trei-diplomati-rusi-din-republica-moldva-au-fost-declarati-persona-non-grata\\\/\",\"url\":\"https:\\\/\\\/www.btv.md\\\/ro\\\/trei-diplomati-rusi-din-republica-moldva-au-fost-declarati-persona-non-grata\\\/\",\"name\":\"Trei diploma\u021bi ru\u0219i din Republica Moldva au fost declara\u021bi persona non-grata\",\"isPartOf\":{\"@id\":\"https:\\\/\\\/www.btv.md\\\/#website\"},\"primaryImageOfPage\":{\"@id\":\"https:\\\/\\\/www.btv.md\\\/ro\\\/trei-diplomati-rusi-din-republica-moldva-au-fost-declarati-persona-non-grata\\\/#primaryimage\"},\"image\":{\"@id\":\"https:\\\/\\\/www.btv.md\\\/ro\\\/trei-diplomati-rusi-din-republica-moldva-au-fost-declarati-persona-non-grata\\\/#primaryimage\"},\"thumbnailUrl\":\"https:\\\/\\\/www.btv.md\\\/wp-content\\\/uploads\\\/2018\\\/03\\\/diplomati.jpg\",\"datePublished\":\"2018-03-28T18:23:14+00:00\",\"author\":{\"@id\":\"https:\\\/\\\/www.btv.md\\\/#\\\/schema\\\/person\\\/8fadce81561b3ce2c34c46dadc4ccbf2\"},\"description\":\"Trei diploma\u021bi din cadrul Ambasadei Federa\u021biei Ruse \u00een Republica Moldova au fost declara\u021bi persona non-grata, anun\u021b\u0103 Ministerul Afacerilor Externe \u015fi Integr\u0103rii Europene al Republicii Moldova, relateaz\u0103 TV8.\",\"inLanguage\":\"ro-RO\",\"potentialAction\":[{\"@type\":\"ReadAction\",\"target\":[\"https:\\\/\\\/www.btv.md\\\/ro\\\/trei-diplomati-rusi-din-republica-moldva-au-fost-declarati-persona-non-grata\\\/\"]}]},{\"@type\":\"ImageObject\",\"inLanguage\":\"ro-RO\",\"@id\":\"https:\\\/\\\/www.btv.md\\\/ro\\\/trei-diplomati-rusi-din-republica-moldva-au-fost-declarati-persona-non-grata\\\/#primaryimage\",\"url\":\"https:\\\/\\\/www.btv.md\\\/wp-content\\\/uploads\\\/2018\\\/03\\\/diplomati.jpg\",\"contentUrl\":\"https:\\\/\\\/www.btv.md\\\/wp-content\\\/uploads\\\/2018\\\/03\\\/diplomati.jpg\",\"width\":700,\"height\":500},{\"@type\":\"WebSite\",\"@id\":\"https:\\\/\\\/www.btv.md\\\/#website\",\"url\":\"https:\\\/\\\/www.btv.md\\\/\",\"name\":\"BTV\",\"description\":\"\u0411\u0435\u043b\u044c\u0446\u043a\u043e\u0435 \u0442\u0435\u043b\u0435\u0432\u0438\u0434\u0435\u043d\u0438\u0435\",\"potentialAction\":[{\"@type\":\"SearchAction\",\"target\":{\"@type\":\"EntryPoint\",\"urlTemplate\":\"https:\\\/\\\/www.btv.md\\\/?s={search_term_string}\"},\"query-input\":{\"@type\":\"PropertyValueSpecification\",\"valueRequired\":true,\"valueName\":\"search_term_string\"}}],\"inLanguage\":\"ro-RO\"},{\"@type\":\"Person\",\"@id\":\"https:\\\/\\\/www.btv.md\\\/#\\\/schema\\\/person\\\/8fadce81561b3ce2c34c46dadc4ccbf2\",\"name\":\"admin\"}]}<\/script>\n<!-- \/ Yoast SEO plugin. -->","yoast_head_json":{"title":"Trei diploma\u021bi ru\u0219i din Republica Moldva au fost declara\u021bi persona non-grata","description":"Trei diploma\u021bi din cadrul Ambasadei Federa\u021biei Ruse \u00een Republica Moldova au fost declara\u021bi persona non-grata, anun\u021b\u0103 Ministerul Afacerilor Externe \u015fi Integr\u0103rii Europene al Republicii Moldova, relateaz\u0103 TV8.","robots":{"index":"index","follow":"follow","max-snippet":"max-snippet:-1","max-image-preview":"max-image-preview:large","max-video-preview":"max-video-preview:-1"},"canonical":"https:\/\/www.btv.md\/ro\/trei-diplomati-rusi-din-republica-moldva-au-fost-declarati-persona-non-grata\/","og_locale":"ro_RO","og_type":"article","og_title":"Trei diploma\u021bi ru\u0219i din Republica Moldva au fost declara\u021bi persona non-grata","og_description":"Trei diploma\u021bi din cadrul Ambasadei Federa\u021biei Ruse \u00een Republica Moldova au fost declara\u021bi persona non-grata, anun\u021b\u0103 Ministerul Afacerilor Externe \u015fi Integr\u0103rii Europene al Republicii Moldova, relateaz\u0103 TV8.","og_url":"https:\/\/www.btv.md\/ro\/trei-diplomati-rusi-din-republica-moldva-au-fost-declarati-persona-non-grata\/","og_site_name":"BTV","article_publisher":"https:\/\/www.facebook.com\/btvmoldova\/","article_published_time":"2018-03-28T18:23:14+00:00","og_image":[{"width":700,"height":500,"url":"https:\/\/www.btv.md\/wp-content\/uploads\/2018\/03\/diplomati.jpg","type":"image\/jpeg"}],"author":"admin","twitter_misc":{"Scris de":"admin","Timp estimat pentru citire":"1 minut"},"schema":{"@context":"https:\/\/schema.org","@graph":[{"@type":"Article","@id":"https:\/\/www.btv.md\/ro\/trei-diplomati-rusi-din-republica-moldva-au-fost-declarati-persona-non-grata\/#article","isPartOf":{"@id":"https:\/\/www.btv.md\/ro\/trei-diplomati-rusi-din-republica-moldva-au-fost-declarati-persona-non-grata\/"},"author":{"name":"admin","@id":"https:\/\/www.btv.md\/#\/schema\/person\/8fadce81561b3ce2c34c46dadc4ccbf2"},"headline":"Trei diploma\u021bi ru\u0219i din Republica Moldva au fost declara\u021bi persona non-grata","datePublished":"2018-03-28T18:23:14+00:00","mainEntityOfPage":{"@id":"https:\/\/www.btv.md\/ro\/trei-diplomati-rusi-din-republica-moldva-au-fost-declarati-persona-non-grata\/"},"wordCount":167,"image":{"@id":"https:\/\/www.btv.md\/ro\/trei-diplomati-rusi-din-republica-moldva-au-fost-declarati-persona-non-grata\/#primaryimage"},"thumbnailUrl":"https:\/\/www.btv.md\/wp-content\/uploads\/2018\/03\/diplomati.jpg","articleSection":["Politic\u0103"],"inLanguage":"ro-RO"},{"@type":"WebPage","@id":"https:\/\/www.btv.md\/ro\/trei-diplomati-rusi-din-republica-moldva-au-fost-declarati-persona-non-grata\/","url":"https:\/\/www.btv.md\/ro\/trei-diplomati-rusi-din-republica-moldva-au-fost-declarati-persona-non-grata\/","name":"Trei diploma\u021bi ru\u0219i din Republica Moldva au fost declara\u021bi persona non-grata","isPartOf":{"@id":"https:\/\/www.btv.md\/#website"},"primaryImageOfPage":{"@id":"https:\/\/www.btv.md\/ro\/trei-diplomati-rusi-din-republica-moldva-au-fost-declarati-persona-non-grata\/#primaryimage"},"image":{"@id":"https:\/\/www.btv.md\/ro\/trei-diplomati-rusi-din-republica-moldva-au-fost-declarati-persona-non-grata\/#primaryimage"},"thumbnailUrl":"https:\/\/www.btv.md\/wp-content\/uploads\/2018\/03\/diplomati.jpg","datePublished":"2018-03-28T18:23:14+00:00","author":{"@id":"https:\/\/www.btv.md\/#\/schema\/person\/8fadce81561b3ce2c34c46dadc4ccbf2"},"description":"Trei diploma\u021bi din cadrul Ambasadei Federa\u021biei Ruse \u00een Republica Moldova au fost declara\u021bi persona non-grata, anun\u021b\u0103 Ministerul Afacerilor Externe \u015fi Integr\u0103rii Europene al Republicii Moldova, relateaz\u0103 TV8.","inLanguage":"ro-RO","potentialAction":[{"@type":"ReadAction","target":["https:\/\/www.btv.md\/ro\/trei-diplomati-rusi-din-republica-moldva-au-fost-declarati-persona-non-grata\/"]}]},{"@type":"ImageObject","inLanguage":"ro-RO","@id":"https:\/\/www.btv.md\/ro\/trei-diplomati-rusi-din-republica-moldva-au-fost-declarati-persona-non-grata\/#primaryimage","url":"https:\/\/www.btv.md\/wp-content\/uploads\/2018\/03\/diplomati.jpg","contentUrl":"https:\/\/www.btv.md\/wp-content\/uploads\/2018\/03\/diplomati.jpg","width":700,"height":500},{"@type":"WebSite","@id":"https:\/\/www.btv.md\/#website","url":"https:\/\/www.btv.md\/","name":"BTV","description":"\u0411\u0435\u043b\u044c\u0446\u043a\u043e\u0435 \u0442\u0435\u043b\u0435\u0432\u0438\u0434\u0435\u043d\u0438\u0435","potentialAction":[{"@type":"SearchAction","target":{"@type":"EntryPoint","urlTemplate":"https:\/\/www.btv.md\/?s={search_term_string}"},"query-input":{"@type":"PropertyValueSpecification","valueRequired":true,"valueName":"search_term_string"}}],"inLanguage":"ro-RO"},{"@type":"Person","@id":"https:\/\/www.btv.md\/#\/schema\/person\/8fadce81561b3ce2c34c46dadc4ccbf2","name":"admin"}]}},"_links":{"self":[{"href":"https:\/\/www.btv.md\/ro\/wp-json\/wp\/v2\/posts\/44098","targetHints":{"allow":["GET"]}}],"collection":[{"href":"https:\/\/www.btv.md\/ro\/wp-json\/wp\/v2\/posts"}],"about":[{"href":"https:\/\/www.btv.md\/ro\/wp-json\/wp\/v2\/types\/post"}],"author":[{"embeddable":true,"href":"https:\/\/www.btv.md\/ro\/wp-json\/wp\/v2\/users\/4"}],"replies":[{"embeddable":true,"href":"https:\/\/www.btv.md\/ro\/wp-json\/wp\/v2\/comments?post=44098"}],"version-history":[{"count":0,"href":"https:\/\/www.btv.md\/ro\/wp-json\/wp\/v2\/posts\/44098\/revisions"}],"wp:featuredmedia":[{"embeddable":true,"href":"https:\/\/www.btv.md\/ro\/wp-json\/wp\/v2\/media\/44099"}],"wp:attachment":[{"href":"https:\/\/www.btv.md\/ro\/wp-json\/wp\/v2\/media?parent=44098"}],"wp:term":[{"taxonomy":"category","embeddable":true,"href":"https:\/\/www.btv.md\/ro\/wp-json\/wp\/v2\/categories?post=44098"},{"taxonomy":"post_tag","embeddable":true,"href":"https:\/\/www.btv.md\/ro\/wp-json\/wp\/v2\/tags?post=44098"}],"curies":[{"name":"wp","href":"https:\/\/api.w.org\/{rel}","templated":true}]}}