{"id":44101,"date":"2018-03-28T21:25:58","date_gmt":"2018-03-28T18:25:58","guid":{"rendered":"https:\/\/btv.md\/?p=44101"},"modified":"2018-03-28T21:26:40","modified_gmt":"2018-03-28T18:26:40","slug":"sint-sau-nu-moldoveni-printre-victimele-incendiului-din-kemerovo","status":"publish","type":"post","link":"https:\/\/www.btv.md\/ro\/sint-sau-nu-moldoveni-printre-victimele-incendiului-din-kemerovo\/","title":{"rendered":"S\u00eent sau nu moldoveni printre victimele incendiului din Kemerovo?"},"content":{"rendered":"<p style=\"text-align: center;\"><iframe data-src=\"https:\/\/www.youtube.com\/embed\/m4NIYph6rME\" width=\"854\" height=\"480\" frameborder=\"0\" allowfullscreen=\"allowfullscreen\" src=\"data:image\/svg+xml;base64,PHN2ZyB3aWR0aD0iMSIgaGVpZ2h0PSIxIiB4bWxucz0iaHR0cDovL3d3dy53My5vcmcvMjAwMC9zdmciPjwvc3ZnPg==\" class=\"lazyload\" data-load-mode=\"1\"><\/iframe><\/p>\n<h4>Din fericire, printre victimele tragicului incendiu din Kemerovo, Rusia, nu s\u00eent cet\u0103\u0163eni moldoveni.<\/h4>\n<p>Informa\u0163ia a fost confirmat\u0103 pentru <a href=\"https:\/\/noi.md\">Noi.md<\/a> de c\u0103tre purt\u0103torul de cuv\u00eent al\u00a0Ministerului Afacerilor Externe \u0219i Integr\u0103rii Europene, Alexandru Roitman.<\/p>\n<p>Amintim c\u0103, 64 de oameni, printre care 50 de copii au murit \u00een urma incendiului produs duminic\u0103 \u00eentr-un mall din Rusia.<\/p>\n<p>Potrivit\u00a0presei locale, incendiul a pornit \u00een sala de cinema, unde au fost depistate corpurile mai maultor copii, iar martorii sus\u021bin c\u0103\u00a0sistemul de alarm\u0103\u00a0nu a func\u021bionat, oamenii fiind \u00eenso\u021bi\u021bi afar\u0103\u00a0de controlori.<\/p>\n","protected":false},"excerpt":{"rendered":"<p>Din fericire, printre victimele tragicului incendiu din Kemerovo, Rusia, nu s\u00eent cet\u0103\u0163eni moldoveni. Informa\u0163ia a fost confirmat\u0103 pentru Noi.md de c\u0103tre purt\u0103torul de cuv\u00eent al\u00a0Ministerului Afacerilor Externe \u0219i Integr\u0103rii Europene, Alexandru Roitman. Amintim c\u0103, 64 de oameni, printre care 50 de copii au murit \u00een urma incendiului produs duminic\u0103 \u00eentr-un mall din Rusia. Potrivit\u00a0presei locale, [&hellip;]<\/p>\n","protected":false},"author":4,"featured_media":44102,"comment_status":"closed","ping_status":"closed","sticky":false,"template":"","format":"standard","meta":{"footnotes":""},"categories":[6354],"tags":[],"class_list":["post-44101","post","type-post","status-publish","format-standard","has-post-thumbnail","hentry","category-externe-ro"],"yoast_head":"<!-- This site is optimized with the Yoast SEO plugin v27.4 - https:\/\/yoast.com\/product\/yoast-seo-wordpress\/ -->\n<title>S\u00eent sau nu moldoveni printre victimele incendiului din Kemerovo?<\/title>\n<meta name=\"description\" content=\"Din fericire, printre victimele tragicului incendiu din Kemerovo, Rusia, nu s\u00eent cet\u0103\u0163eni moldoveni.\" \/>\n<meta name=\"robots\" content=\"index, follow, max-snippet:-1, max-image-preview:large, max-video-preview:-1\" \/>\n<link rel=\"canonical\" href=\"https:\/\/www.btv.md\/ro\/sint-sau-nu-moldoveni-printre-victimele-incendiului-din-kemerovo\/\" \/>\n<meta property=\"og:locale\" content=\"ro_RO\" \/>\n<meta property=\"og:type\" content=\"article\" \/>\n<meta property=\"og:title\" content=\"S\u00eent sau nu moldoveni printre victimele incendiului din Kemerovo?\" \/>\n<meta property=\"og:description\" content=\"Din fericire, printre victimele tragicului incendiu din Kemerovo, Rusia, nu s\u00eent cet\u0103\u0163eni moldoveni.\" \/>\n<meta property=\"og:url\" content=\"https:\/\/www.btv.md\/ro\/sint-sau-nu-moldoveni-printre-victimele-incendiului-din-kemerovo\/\" \/>\n<meta property=\"og:site_name\" content=\"BTV\" \/>\n<meta property=\"article:publisher\" content=\"https:\/\/www.facebook.com\/btvmoldova\/\" \/>\n<meta property=\"article:published_time\" content=\"2018-03-28T18:25:58+00:00\" \/>\n<meta property=\"article:modified_time\" content=\"2018-03-28T18:26:40+00:00\" \/>\n<meta property=\"og:image\" content=\"https:\/\/www.btv.md\/wp-content\/uploads\/2018\/03\/kemerovo.jpg\" \/>\n\t<meta property=\"og:image:width\" content=\"700\" \/>\n\t<meta property=\"og:image:height\" content=\"500\" \/>\n\t<meta property=\"og:image:type\" content=\"image\/jpeg\" \/>\n<meta name=\"author\" content=\"admin\" \/>\n<meta name=\"twitter:label1\" content=\"Scris de\" \/>\n\t<meta name=\"twitter:data1\" content=\"admin\" \/>\n<script type=\"application\/ld+json\" class=\"yoast-schema-graph\">{\"@context\":\"https:\\\/\\\/schema.org\",\"@graph\":[{\"@type\":\"Article\",\"@id\":\"https:\\\/\\\/www.btv.md\\\/ro\\\/sint-sau-nu-moldoveni-printre-victimele-incendiului-din-kemerovo\\\/#article\",\"isPartOf\":{\"@id\":\"https:\\\/\\\/www.btv.md\\\/ro\\\/sint-sau-nu-moldoveni-printre-victimele-incendiului-din-kemerovo\\\/\"},\"author\":{\"name\":\"admin\",\"@id\":\"https:\\\/\\\/www.btv.md\\\/#\\\/schema\\\/person\\\/8fadce81561b3ce2c34c46dadc4ccbf2\"},\"headline\":\"S\u00eent sau nu moldoveni printre victimele incendiului din Kemerovo?\",\"datePublished\":\"2018-03-28T18:25:58+00:00\",\"dateModified\":\"2018-03-28T18:26:40+00:00\",\"mainEntityOfPage\":{\"@id\":\"https:\\\/\\\/www.btv.md\\\/ro\\\/sint-sau-nu-moldoveni-printre-victimele-incendiului-din-kemerovo\\\/\"},\"wordCount\":108,\"image\":{\"@id\":\"https:\\\/\\\/www.btv.md\\\/ro\\\/sint-sau-nu-moldoveni-printre-victimele-incendiului-din-kemerovo\\\/#primaryimage\"},\"thumbnailUrl\":\"https:\\\/\\\/www.btv.md\\\/wp-content\\\/uploads\\\/2018\\\/03\\\/kemerovo.jpg\",\"articleSection\":[\"Externe\"],\"inLanguage\":\"ro-RO\"},{\"@type\":\"WebPage\",\"@id\":\"https:\\\/\\\/www.btv.md\\\/ro\\\/sint-sau-nu-moldoveni-printre-victimele-incendiului-din-kemerovo\\\/\",\"url\":\"https:\\\/\\\/www.btv.md\\\/ro\\\/sint-sau-nu-moldoveni-printre-victimele-incendiului-din-kemerovo\\\/\",\"name\":\"S\u00eent sau nu moldoveni printre victimele incendiului din Kemerovo?\",\"isPartOf\":{\"@id\":\"https:\\\/\\\/www.btv.md\\\/#website\"},\"primaryImageOfPage\":{\"@id\":\"https:\\\/\\\/www.btv.md\\\/ro\\\/sint-sau-nu-moldoveni-printre-victimele-incendiului-din-kemerovo\\\/#primaryimage\"},\"image\":{\"@id\":\"https:\\\/\\\/www.btv.md\\\/ro\\\/sint-sau-nu-moldoveni-printre-victimele-incendiului-din-kemerovo\\\/#primaryimage\"},\"thumbnailUrl\":\"https:\\\/\\\/www.btv.md\\\/wp-content\\\/uploads\\\/2018\\\/03\\\/kemerovo.jpg\",\"datePublished\":\"2018-03-28T18:25:58+00:00\",\"dateModified\":\"2018-03-28T18:26:40+00:00\",\"author\":{\"@id\":\"https:\\\/\\\/www.btv.md\\\/#\\\/schema\\\/person\\\/8fadce81561b3ce2c34c46dadc4ccbf2\"},\"description\":\"Din fericire, printre victimele tragicului incendiu din Kemerovo, Rusia, nu s\u00eent cet\u0103\u0163eni moldoveni.\",\"inLanguage\":\"ro-RO\",\"potentialAction\":[{\"@type\":\"ReadAction\",\"target\":[\"https:\\\/\\\/www.btv.md\\\/ro\\\/sint-sau-nu-moldoveni-printre-victimele-incendiului-din-kemerovo\\\/\"]}]},{\"@type\":\"ImageObject\",\"inLanguage\":\"ro-RO\",\"@id\":\"https:\\\/\\\/www.btv.md\\\/ro\\\/sint-sau-nu-moldoveni-printre-victimele-incendiului-din-kemerovo\\\/#primaryimage\",\"url\":\"https:\\\/\\\/www.btv.md\\\/wp-content\\\/uploads\\\/2018\\\/03\\\/kemerovo.jpg\",\"contentUrl\":\"https:\\\/\\\/www.btv.md\\\/wp-content\\\/uploads\\\/2018\\\/03\\\/kemerovo.jpg\",\"width\":700,\"height\":500,\"caption\":\"\u0424\u043e\u0442\u043e: \u00a9 VK\\\/ ElunaBlog\"},{\"@type\":\"WebSite\",\"@id\":\"https:\\\/\\\/www.btv.md\\\/#website\",\"url\":\"https:\\\/\\\/www.btv.md\\\/\",\"name\":\"BTV\",\"description\":\"\u0411\u0435\u043b\u044c\u0446\u043a\u043e\u0435 \u0442\u0435\u043b\u0435\u0432\u0438\u0434\u0435\u043d\u0438\u0435\",\"potentialAction\":[{\"@type\":\"SearchAction\",\"target\":{\"@type\":\"EntryPoint\",\"urlTemplate\":\"https:\\\/\\\/www.btv.md\\\/?s={search_term_string}\"},\"query-input\":{\"@type\":\"PropertyValueSpecification\",\"valueRequired\":true,\"valueName\":\"search_term_string\"}}],\"inLanguage\":\"ro-RO\"},{\"@type\":\"Person\",\"@id\":\"https:\\\/\\\/www.btv.md\\\/#\\\/schema\\\/person\\\/8fadce81561b3ce2c34c46dadc4ccbf2\",\"name\":\"admin\"}]}<\/script>\n<!-- \/ Yoast SEO plugin. -->","yoast_head_json":{"title":"S\u00eent sau nu moldoveni printre victimele incendiului din Kemerovo?","description":"Din fericire, printre victimele tragicului incendiu din Kemerovo, Rusia, nu s\u00eent cet\u0103\u0163eni moldoveni.","robots":{"index":"index","follow":"follow","max-snippet":"max-snippet:-1","max-image-preview":"max-image-preview:large","max-video-preview":"max-video-preview:-1"},"canonical":"https:\/\/www.btv.md\/ro\/sint-sau-nu-moldoveni-printre-victimele-incendiului-din-kemerovo\/","og_locale":"ro_RO","og_type":"article","og_title":"S\u00eent sau nu moldoveni printre victimele incendiului din Kemerovo?","og_description":"Din fericire, printre victimele tragicului incendiu din Kemerovo, Rusia, nu s\u00eent cet\u0103\u0163eni moldoveni.","og_url":"https:\/\/www.btv.md\/ro\/sint-sau-nu-moldoveni-printre-victimele-incendiului-din-kemerovo\/","og_site_name":"BTV","article_publisher":"https:\/\/www.facebook.com\/btvmoldova\/","article_published_time":"2018-03-28T18:25:58+00:00","article_modified_time":"2018-03-28T18:26:40+00:00","og_image":[{"width":700,"height":500,"url":"https:\/\/www.btv.md\/wp-content\/uploads\/2018\/03\/kemerovo.jpg","type":"image\/jpeg"}],"author":"admin","twitter_misc":{"Scris de":"admin"},"schema":{"@context":"https:\/\/schema.org","@graph":[{"@type":"Article","@id":"https:\/\/www.btv.md\/ro\/sint-sau-nu-moldoveni-printre-victimele-incendiului-din-kemerovo\/#article","isPartOf":{"@id":"https:\/\/www.btv.md\/ro\/sint-sau-nu-moldoveni-printre-victimele-incendiului-din-kemerovo\/"},"author":{"name":"admin","@id":"https:\/\/www.btv.md\/#\/schema\/person\/8fadce81561b3ce2c34c46dadc4ccbf2"},"headline":"S\u00eent sau nu moldoveni printre victimele incendiului din Kemerovo?","datePublished":"2018-03-28T18:25:58+00:00","dateModified":"2018-03-28T18:26:40+00:00","mainEntityOfPage":{"@id":"https:\/\/www.btv.md\/ro\/sint-sau-nu-moldoveni-printre-victimele-incendiului-din-kemerovo\/"},"wordCount":108,"image":{"@id":"https:\/\/www.btv.md\/ro\/sint-sau-nu-moldoveni-printre-victimele-incendiului-din-kemerovo\/#primaryimage"},"thumbnailUrl":"https:\/\/www.btv.md\/wp-content\/uploads\/2018\/03\/kemerovo.jpg","articleSection":["Externe"],"inLanguage":"ro-RO"},{"@type":"WebPage","@id":"https:\/\/www.btv.md\/ro\/sint-sau-nu-moldoveni-printre-victimele-incendiului-din-kemerovo\/","url":"https:\/\/www.btv.md\/ro\/sint-sau-nu-moldoveni-printre-victimele-incendiului-din-kemerovo\/","name":"S\u00eent sau nu moldoveni printre victimele incendiului din Kemerovo?","isPartOf":{"@id":"https:\/\/www.btv.md\/#website"},"primaryImageOfPage":{"@id":"https:\/\/www.btv.md\/ro\/sint-sau-nu-moldoveni-printre-victimele-incendiului-din-kemerovo\/#primaryimage"},"image":{"@id":"https:\/\/www.btv.md\/ro\/sint-sau-nu-moldoveni-printre-victimele-incendiului-din-kemerovo\/#primaryimage"},"thumbnailUrl":"https:\/\/www.btv.md\/wp-content\/uploads\/2018\/03\/kemerovo.jpg","datePublished":"2018-03-28T18:25:58+00:00","dateModified":"2018-03-28T18:26:40+00:00","author":{"@id":"https:\/\/www.btv.md\/#\/schema\/person\/8fadce81561b3ce2c34c46dadc4ccbf2"},"description":"Din fericire, printre victimele tragicului incendiu din Kemerovo, Rusia, nu s\u00eent cet\u0103\u0163eni moldoveni.","inLanguage":"ro-RO","potentialAction":[{"@type":"ReadAction","target":["https:\/\/www.btv.md\/ro\/sint-sau-nu-moldoveni-printre-victimele-incendiului-din-kemerovo\/"]}]},{"@type":"ImageObject","inLanguage":"ro-RO","@id":"https:\/\/www.btv.md\/ro\/sint-sau-nu-moldoveni-printre-victimele-incendiului-din-kemerovo\/#primaryimage","url":"https:\/\/www.btv.md\/wp-content\/uploads\/2018\/03\/kemerovo.jpg","contentUrl":"https:\/\/www.btv.md\/wp-content\/uploads\/2018\/03\/kemerovo.jpg","width":700,"height":500,"caption":"\u0424\u043e\u0442\u043e: \u00a9 VK\/ ElunaBlog"},{"@type":"WebSite","@id":"https:\/\/www.btv.md\/#website","url":"https:\/\/www.btv.md\/","name":"BTV","description":"\u0411\u0435\u043b\u044c\u0446\u043a\u043e\u0435 \u0442\u0435\u043b\u0435\u0432\u0438\u0434\u0435\u043d\u0438\u0435","potentialAction":[{"@type":"SearchAction","target":{"@type":"EntryPoint","urlTemplate":"https:\/\/www.btv.md\/?s={search_term_string}"},"query-input":{"@type":"PropertyValueSpecification","valueRequired":true,"valueName":"search_term_string"}}],"inLanguage":"ro-RO"},{"@type":"Person","@id":"https:\/\/www.btv.md\/#\/schema\/person\/8fadce81561b3ce2c34c46dadc4ccbf2","name":"admin"}]}},"_links":{"self":[{"href":"https:\/\/www.btv.md\/ro\/wp-json\/wp\/v2\/posts\/44101","targetHints":{"allow":["GET"]}}],"collection":[{"href":"https:\/\/www.btv.md\/ro\/wp-json\/wp\/v2\/posts"}],"about":[{"href":"https:\/\/www.btv.md\/ro\/wp-json\/wp\/v2\/types\/post"}],"author":[{"embeddable":true,"href":"https:\/\/www.btv.md\/ro\/wp-json\/wp\/v2\/users\/4"}],"replies":[{"embeddable":true,"href":"https:\/\/www.btv.md\/ro\/wp-json\/wp\/v2\/comments?post=44101"}],"version-history":[{"count":0,"href":"https:\/\/www.btv.md\/ro\/wp-json\/wp\/v2\/posts\/44101\/revisions"}],"wp:featuredmedia":[{"embeddable":true,"href":"https:\/\/www.btv.md\/ro\/wp-json\/wp\/v2\/media\/44102"}],"wp:attachment":[{"href":"https:\/\/www.btv.md\/ro\/wp-json\/wp\/v2\/media?parent=44101"}],"wp:term":[{"taxonomy":"category","embeddable":true,"href":"https:\/\/www.btv.md\/ro\/wp-json\/wp\/v2\/categories?post=44101"},{"taxonomy":"post_tag","embeddable":true,"href":"https:\/\/www.btv.md\/ro\/wp-json\/wp\/v2\/tags?post=44101"}],"curies":[{"name":"wp","href":"https:\/\/api.w.org\/{rel}","templated":true}]}}