{"id":44105,"date":"2018-03-28T21:29:39","date_gmt":"2018-03-28T18:29:39","guid":{"rendered":"https:\/\/btv.md\/?p=44105"},"modified":"2018-03-28T21:29:39","modified_gmt":"2018-03-28T18:29:39","slug":"fara-vara-in-2018-se-va-repeta-precedentul-de-acum-200-de-ani","status":"publish","type":"post","link":"https:\/\/www.btv.md\/ro\/fara-vara-in-2018-se-va-repeta-precedentul-de-acum-200-de-ani\/","title":{"rendered":"F\u0103r\u0103 var\u0103 \u00een 2018. Se va repeta precedentul de acum 200 de ani?"},"content":{"rendered":"<p style=\"text-align: center;\"><iframe data-src=\"https:\/\/www.youtube.com\/embed\/GOQfE-EK5dw\" width=\"854\" height=\"480\" frameborder=\"0\" allowfullscreen=\"allowfullscreen\" src=\"data:image\/svg+xml;base64,PHN2ZyB3aWR0aD0iMSIgaGVpZ2h0PSIxIiB4bWxucz0iaHR0cDovL3d3dy53My5vcmcvMjAwMC9zdmciPjwvc3ZnPg==\" class=\"lazyload\" data-load-mode=\"1\"><\/iframe><\/p>\n<h4>\u00cen ultima perioad\u0103 vremea este tot mai imprevizibil\u0103, cu schimb\u0103ri bru\u0219te \u0219i fenomene extreme.<\/h4>\n<p>Exper\u021bii \u00een meteorologie afirm\u0103 c\u0103 \u00een acest an am putea s\u0103 nu avem var\u0103, \u00een accep\u021bia obi\u0219nuit\u0103 a cuv\u00e2ntului. Autorii acestor prognoze apocaliptice fac o paralel\u0103 cu anul 1816\u00b8 atunci c\u00e2nd \u00een Europa a fost deosebit de frig, iar nordul continentului a fost acoperit chiar de z\u0103pad\u0103.<\/p>\n<p>Astfel, temperaturile medii la nivel global au fost cu 0,4\u00a0\u2014 0,7 grade mai mici dec\u00e2t cele normale, potrivit\u00a0<a href=\"http:\/\/www.descopera.ro\/natura\/9145975-1816-anul-fara-vara\">descoper\u0103.ro<\/a>, citat de Sputnik.\u00a0<\/p>\n<p>Oamenii de \u0219tiin\u021b\u0103 consider\u0103 c\u0103 acea anomalie ar fi fost provocat\u0103 de efectele cumulate a cel pu\u0163in doi factori: un minim istoric al activit\u0103\u0163ii solare, la care s-a ad\u0103ugat efectul de iarn\u0103 vulcanic\u0103 provocat de o serie de erup\u0163ii care avuseser\u0103 loc \u00een anul precedent, 1815, culmin\u00e2nd cu erup\u0163ia vulcanului indonezian Tambora, cea mai puternic\u0103 \u00eenregistrat\u0103 vreodat\u0103 \u00een cursul istoriei.\u00a0<\/p>\n<p>\u00cen toat\u0103 emisfera nordic\u0103 a planetei, acolo unde norul de cenu\u015f\u0103, ajuns \u00een prim\u0103vara \u015fi vara anului 1816, a produs o modificare drastic\u0103 a climei estivale. Potrivit speciali\u0219tilor, \u00een partea estic\u0103 a Statelor Unite ale Americii, \u00een regiunea de r\u0103s\u0103rit a Canadei \u015fi \u00een vestul Europei, vara a fost doar \u00een calendar. Pentru c\u0103, \u00een realitate, \u00eenghe\u0163uri nea\u015fteptate din lunile mai \u015fi iunie 1816 au distrus cea mai mare parte a culturilor agricole. La \u00eenceputul lunii iunie, a nins \u00een statele americane New York \u015fi Maine, iar \u00een ora\u015ful canadian Quebec stratul de z\u0103pad\u0103 a ajuns la 30 cm.<\/p>\n<p>\u00cen iulie \u015fi august, americanii puteau vedea ghea\u0163\u0103 pe suprafa\u0163a r\u00e2urilor \u015fi a lacurilor. \u015ei mai \u00eenfrico\u015f\u0103toare erau schimb\u0103rile bru\u015fte ale vremii: \u00een c\u00e2teva ore, temperatura cre\u015ftea p\u00e2n\u0103 la valorile normale ori le dep\u0103\u015fea, ajung\u00e2nd la 35 grade, pentru ca, \u00een alte c\u00eeteva ore, s\u0103 ajung\u0103 la punctul de \u00eenghe\u0163, mai noteaz\u0103 sursa.<\/p>\n<p>Recoltele au fost compromise pe o mare parte a suprafe\u0163elor plantate. Pre\u0163urile cerealelor au urcat dramatic; oamenii au \u00eenceput s\u0103 sufere de malnutri\u0163ie, \u015fi-au f\u0103cut apari\u0163ia epidemiile, iar mortalitatea a crescut. \u00cen Marea Britanie, sute de familii de \u0163\u0103rani din regiunile cele mai greu lovite au pornit \u00een pribegie, cer\u015find. \u00cen Germania \u015fi Elve\u0163ia, \u00een Marea Britanie \u015fi Fran\u0163a, oamenii dispera\u0163i de foame se r\u0103sculau, incendiau, jefuiau depozitele de gr\u00e2ne. A fost cea mai cumplit\u0103 foamete a secolului al XIX-lea.<\/p>\n<p>Ceea ce f\u0103cea situa\u0163ia \u015fi mai groaznic\u0103 era faptul c\u0103, la vremea respectiv\u0103, nu se cuno\u015ftea cauza acestui dezastru.<br \/>\n Exist\u0103 oare ast\u0103zi factori ce ar putea duce la repetarea fenomenului \u00een vara lui 2018? Unii sunt de p\u0103rere c\u0103 anumite schimb\u0103ri ar putea fi provocate inclusiv de experimentele nucleare. Totu\u0219i, ar trebui s\u0103 \u021binem cont de faptul c\u0103, \u0219i \u00een anul trecut, au fost vehiculate astfel de pronosticuri care \u00eens\u0103 nu sa-u adeverit. Ceea ce ne inspir\u0103 o bun\u0103 doz\u0103 de optimism.<\/p>\n","protected":false},"excerpt":{"rendered":"<p>\u00cen ultima perioad\u0103 vremea este tot mai imprevizibil\u0103, cu schimb\u0103ri bru\u0219te \u0219i fenomene extreme. Exper\u021bii \u00een meteorologie afirm\u0103 c\u0103 \u00een acest an am putea s\u0103 nu avem var\u0103, \u00een accep\u021bia obi\u0219nuit\u0103 a cuv\u00e2ntului. Autorii acestor prognoze apocaliptice fac o paralel\u0103 cu anul 1816\u00b8 atunci c\u00e2nd \u00een Europa a fost deosebit de frig, iar nordul continentului [&hellip;]<\/p>\n","protected":false},"author":4,"featured_media":44106,"comment_status":"closed","ping_status":"closed","sticky":false,"template":"","format":"standard","meta":{"footnotes":""},"categories":[8],"tags":[],"class_list":["post-44105","post","type-post","status-publish","format-standard","has-post-thumbnail","hentry","category-obshestvo"],"yoast_head":"<!-- This site is optimized with the Yoast SEO plugin v27.4 - https:\/\/yoast.com\/product\/yoast-seo-wordpress\/ -->\n<title>F\u0103r\u0103 var\u0103 \u00een 2018. Se va repeta precedentul de acum 200 de ani?<\/title>\n<meta name=\"description\" content=\"\u00cen ultima perioad\u0103 vremea este tot mai imprevizibil\u0103, cu schimb\u0103ri bru\u0219te \u0219i fenomene extreme.\" \/>\n<meta name=\"robots\" content=\"index, follow, max-snippet:-1, max-image-preview:large, max-video-preview:-1\" \/>\n<link rel=\"canonical\" href=\"https:\/\/www.btv.md\/ro\/fara-vara-in-2018-se-va-repeta-precedentul-de-acum-200-de-ani\/\" \/>\n<meta property=\"og:locale\" content=\"ro_RO\" \/>\n<meta property=\"og:type\" content=\"article\" \/>\n<meta property=\"og:title\" content=\"F\u0103r\u0103 var\u0103 \u00een 2018. Se va repeta precedentul de acum 200 de ani?\" \/>\n<meta property=\"og:description\" content=\"\u00cen ultima perioad\u0103 vremea este tot mai imprevizibil\u0103, cu schimb\u0103ri bru\u0219te \u0219i fenomene extreme.\" \/>\n<meta property=\"og:url\" content=\"https:\/\/www.btv.md\/ro\/fara-vara-in-2018-se-va-repeta-precedentul-de-acum-200-de-ani\/\" \/>\n<meta property=\"og:site_name\" content=\"BTV\" \/>\n<meta property=\"article:publisher\" content=\"https:\/\/www.facebook.com\/btvmoldova\/\" \/>\n<meta property=\"article:published_time\" content=\"2018-03-28T18:29:39+00:00\" \/>\n<meta property=\"og:image\" content=\"https:\/\/www.btv.md\/wp-content\/uploads\/2018\/03\/vesna-1.jpg\" \/>\n\t<meta property=\"og:image:width\" content=\"700\" \/>\n\t<meta property=\"og:image:height\" content=\"500\" \/>\n\t<meta property=\"og:image:type\" content=\"image\/jpeg\" \/>\n<meta name=\"author\" content=\"admin\" \/>\n<meta name=\"twitter:label1\" content=\"Scris de\" \/>\n\t<meta name=\"twitter:data1\" content=\"admin\" \/>\n\t<meta name=\"twitter:label2\" content=\"Timp estimat pentru citire\" \/>\n\t<meta name=\"twitter:data2\" content=\"3 minute\" \/>\n<script type=\"application\/ld+json\" class=\"yoast-schema-graph\">{\"@context\":\"https:\\\/\\\/schema.org\",\"@graph\":[{\"@type\":\"Article\",\"@id\":\"https:\\\/\\\/www.btv.md\\\/ro\\\/fara-vara-in-2018-se-va-repeta-precedentul-de-acum-200-de-ani\\\/#article\",\"isPartOf\":{\"@id\":\"https:\\\/\\\/www.btv.md\\\/ro\\\/fara-vara-in-2018-se-va-repeta-precedentul-de-acum-200-de-ani\\\/\"},\"author\":{\"name\":\"admin\",\"@id\":\"https:\\\/\\\/www.btv.md\\\/#\\\/schema\\\/person\\\/8fadce81561b3ce2c34c46dadc4ccbf2\"},\"headline\":\"F\u0103r\u0103 var\u0103 \u00een 2018. Se va repeta precedentul de acum 200 de ani?\",\"datePublished\":\"2018-03-28T18:29:39+00:00\",\"mainEntityOfPage\":{\"@id\":\"https:\\\/\\\/www.btv.md\\\/ro\\\/fara-vara-in-2018-se-va-repeta-precedentul-de-acum-200-de-ani\\\/\"},\"wordCount\":513,\"image\":{\"@id\":\"https:\\\/\\\/www.btv.md\\\/ro\\\/fara-vara-in-2018-se-va-repeta-precedentul-de-acum-200-de-ani\\\/#primaryimage\"},\"thumbnailUrl\":\"https:\\\/\\\/www.btv.md\\\/wp-content\\\/uploads\\\/2018\\\/03\\\/vesna-1.jpg\",\"articleSection\":[\"\u041e\u0431\u0449\u0435\u0441\u0442\u0432\u043e\"],\"inLanguage\":\"ro-RO\"},{\"@type\":\"WebPage\",\"@id\":\"https:\\\/\\\/www.btv.md\\\/ro\\\/fara-vara-in-2018-se-va-repeta-precedentul-de-acum-200-de-ani\\\/\",\"url\":\"https:\\\/\\\/www.btv.md\\\/ro\\\/fara-vara-in-2018-se-va-repeta-precedentul-de-acum-200-de-ani\\\/\",\"name\":\"F\u0103r\u0103 var\u0103 \u00een 2018. Se va repeta precedentul de acum 200 de ani?\",\"isPartOf\":{\"@id\":\"https:\\\/\\\/www.btv.md\\\/#website\"},\"primaryImageOfPage\":{\"@id\":\"https:\\\/\\\/www.btv.md\\\/ro\\\/fara-vara-in-2018-se-va-repeta-precedentul-de-acum-200-de-ani\\\/#primaryimage\"},\"image\":{\"@id\":\"https:\\\/\\\/www.btv.md\\\/ro\\\/fara-vara-in-2018-se-va-repeta-precedentul-de-acum-200-de-ani\\\/#primaryimage\"},\"thumbnailUrl\":\"https:\\\/\\\/www.btv.md\\\/wp-content\\\/uploads\\\/2018\\\/03\\\/vesna-1.jpg\",\"datePublished\":\"2018-03-28T18:29:39+00:00\",\"author\":{\"@id\":\"https:\\\/\\\/www.btv.md\\\/#\\\/schema\\\/person\\\/8fadce81561b3ce2c34c46dadc4ccbf2\"},\"description\":\"\u00cen ultima perioad\u0103 vremea este tot mai imprevizibil\u0103, cu schimb\u0103ri bru\u0219te \u0219i fenomene extreme.\",\"inLanguage\":\"ro-RO\",\"potentialAction\":[{\"@type\":\"ReadAction\",\"target\":[\"https:\\\/\\\/www.btv.md\\\/ro\\\/fara-vara-in-2018-se-va-repeta-precedentul-de-acum-200-de-ani\\\/\"]}]},{\"@type\":\"ImageObject\",\"inLanguage\":\"ro-RO\",\"@id\":\"https:\\\/\\\/www.btv.md\\\/ro\\\/fara-vara-in-2018-se-va-repeta-precedentul-de-acum-200-de-ani\\\/#primaryimage\",\"url\":\"https:\\\/\\\/www.btv.md\\\/wp-content\\\/uploads\\\/2018\\\/03\\\/vesna-1.jpg\",\"contentUrl\":\"https:\\\/\\\/www.btv.md\\\/wp-content\\\/uploads\\\/2018\\\/03\\\/vesna-1.jpg\",\"width\":700,\"height\":500},{\"@type\":\"WebSite\",\"@id\":\"https:\\\/\\\/www.btv.md\\\/#website\",\"url\":\"https:\\\/\\\/www.btv.md\\\/\",\"name\":\"BTV\",\"description\":\"\u0411\u0435\u043b\u044c\u0446\u043a\u043e\u0435 \u0442\u0435\u043b\u0435\u0432\u0438\u0434\u0435\u043d\u0438\u0435\",\"potentialAction\":[{\"@type\":\"SearchAction\",\"target\":{\"@type\":\"EntryPoint\",\"urlTemplate\":\"https:\\\/\\\/www.btv.md\\\/?s={search_term_string}\"},\"query-input\":{\"@type\":\"PropertyValueSpecification\",\"valueRequired\":true,\"valueName\":\"search_term_string\"}}],\"inLanguage\":\"ro-RO\"},{\"@type\":\"Person\",\"@id\":\"https:\\\/\\\/www.btv.md\\\/#\\\/schema\\\/person\\\/8fadce81561b3ce2c34c46dadc4ccbf2\",\"name\":\"admin\"}]}<\/script>\n<!-- \/ Yoast SEO plugin. -->","yoast_head_json":{"title":"F\u0103r\u0103 var\u0103 \u00een 2018. Se va repeta precedentul de acum 200 de ani?","description":"\u00cen ultima perioad\u0103 vremea este tot mai imprevizibil\u0103, cu schimb\u0103ri bru\u0219te \u0219i fenomene extreme.","robots":{"index":"index","follow":"follow","max-snippet":"max-snippet:-1","max-image-preview":"max-image-preview:large","max-video-preview":"max-video-preview:-1"},"canonical":"https:\/\/www.btv.md\/ro\/fara-vara-in-2018-se-va-repeta-precedentul-de-acum-200-de-ani\/","og_locale":"ro_RO","og_type":"article","og_title":"F\u0103r\u0103 var\u0103 \u00een 2018. Se va repeta precedentul de acum 200 de ani?","og_description":"\u00cen ultima perioad\u0103 vremea este tot mai imprevizibil\u0103, cu schimb\u0103ri bru\u0219te \u0219i fenomene extreme.","og_url":"https:\/\/www.btv.md\/ro\/fara-vara-in-2018-se-va-repeta-precedentul-de-acum-200-de-ani\/","og_site_name":"BTV","article_publisher":"https:\/\/www.facebook.com\/btvmoldova\/","article_published_time":"2018-03-28T18:29:39+00:00","og_image":[{"width":700,"height":500,"url":"https:\/\/www.btv.md\/wp-content\/uploads\/2018\/03\/vesna-1.jpg","type":"image\/jpeg"}],"author":"admin","twitter_misc":{"Scris de":"admin","Timp estimat pentru citire":"3 minute"},"schema":{"@context":"https:\/\/schema.org","@graph":[{"@type":"Article","@id":"https:\/\/www.btv.md\/ro\/fara-vara-in-2018-se-va-repeta-precedentul-de-acum-200-de-ani\/#article","isPartOf":{"@id":"https:\/\/www.btv.md\/ro\/fara-vara-in-2018-se-va-repeta-precedentul-de-acum-200-de-ani\/"},"author":{"name":"admin","@id":"https:\/\/www.btv.md\/#\/schema\/person\/8fadce81561b3ce2c34c46dadc4ccbf2"},"headline":"F\u0103r\u0103 var\u0103 \u00een 2018. Se va repeta precedentul de acum 200 de ani?","datePublished":"2018-03-28T18:29:39+00:00","mainEntityOfPage":{"@id":"https:\/\/www.btv.md\/ro\/fara-vara-in-2018-se-va-repeta-precedentul-de-acum-200-de-ani\/"},"wordCount":513,"image":{"@id":"https:\/\/www.btv.md\/ro\/fara-vara-in-2018-se-va-repeta-precedentul-de-acum-200-de-ani\/#primaryimage"},"thumbnailUrl":"https:\/\/www.btv.md\/wp-content\/uploads\/2018\/03\/vesna-1.jpg","articleSection":["\u041e\u0431\u0449\u0435\u0441\u0442\u0432\u043e"],"inLanguage":"ro-RO"},{"@type":"WebPage","@id":"https:\/\/www.btv.md\/ro\/fara-vara-in-2018-se-va-repeta-precedentul-de-acum-200-de-ani\/","url":"https:\/\/www.btv.md\/ro\/fara-vara-in-2018-se-va-repeta-precedentul-de-acum-200-de-ani\/","name":"F\u0103r\u0103 var\u0103 \u00een 2018. Se va repeta precedentul de acum 200 de ani?","isPartOf":{"@id":"https:\/\/www.btv.md\/#website"},"primaryImageOfPage":{"@id":"https:\/\/www.btv.md\/ro\/fara-vara-in-2018-se-va-repeta-precedentul-de-acum-200-de-ani\/#primaryimage"},"image":{"@id":"https:\/\/www.btv.md\/ro\/fara-vara-in-2018-se-va-repeta-precedentul-de-acum-200-de-ani\/#primaryimage"},"thumbnailUrl":"https:\/\/www.btv.md\/wp-content\/uploads\/2018\/03\/vesna-1.jpg","datePublished":"2018-03-28T18:29:39+00:00","author":{"@id":"https:\/\/www.btv.md\/#\/schema\/person\/8fadce81561b3ce2c34c46dadc4ccbf2"},"description":"\u00cen ultima perioad\u0103 vremea este tot mai imprevizibil\u0103, cu schimb\u0103ri bru\u0219te \u0219i fenomene extreme.","inLanguage":"ro-RO","potentialAction":[{"@type":"ReadAction","target":["https:\/\/www.btv.md\/ro\/fara-vara-in-2018-se-va-repeta-precedentul-de-acum-200-de-ani\/"]}]},{"@type":"ImageObject","inLanguage":"ro-RO","@id":"https:\/\/www.btv.md\/ro\/fara-vara-in-2018-se-va-repeta-precedentul-de-acum-200-de-ani\/#primaryimage","url":"https:\/\/www.btv.md\/wp-content\/uploads\/2018\/03\/vesna-1.jpg","contentUrl":"https:\/\/www.btv.md\/wp-content\/uploads\/2018\/03\/vesna-1.jpg","width":700,"height":500},{"@type":"WebSite","@id":"https:\/\/www.btv.md\/#website","url":"https:\/\/www.btv.md\/","name":"BTV","description":"\u0411\u0435\u043b\u044c\u0446\u043a\u043e\u0435 \u0442\u0435\u043b\u0435\u0432\u0438\u0434\u0435\u043d\u0438\u0435","potentialAction":[{"@type":"SearchAction","target":{"@type":"EntryPoint","urlTemplate":"https:\/\/www.btv.md\/?s={search_term_string}"},"query-input":{"@type":"PropertyValueSpecification","valueRequired":true,"valueName":"search_term_string"}}],"inLanguage":"ro-RO"},{"@type":"Person","@id":"https:\/\/www.btv.md\/#\/schema\/person\/8fadce81561b3ce2c34c46dadc4ccbf2","name":"admin"}]}},"_links":{"self":[{"href":"https:\/\/www.btv.md\/ro\/wp-json\/wp\/v2\/posts\/44105","targetHints":{"allow":["GET"]}}],"collection":[{"href":"https:\/\/www.btv.md\/ro\/wp-json\/wp\/v2\/posts"}],"about":[{"href":"https:\/\/www.btv.md\/ro\/wp-json\/wp\/v2\/types\/post"}],"author":[{"embeddable":true,"href":"https:\/\/www.btv.md\/ro\/wp-json\/wp\/v2\/users\/4"}],"replies":[{"embeddable":true,"href":"https:\/\/www.btv.md\/ro\/wp-json\/wp\/v2\/comments?post=44105"}],"version-history":[{"count":0,"href":"https:\/\/www.btv.md\/ro\/wp-json\/wp\/v2\/posts\/44105\/revisions"}],"wp:featuredmedia":[{"embeddable":true,"href":"https:\/\/www.btv.md\/ro\/wp-json\/wp\/v2\/media\/44106"}],"wp:attachment":[{"href":"https:\/\/www.btv.md\/ro\/wp-json\/wp\/v2\/media?parent=44105"}],"wp:term":[{"taxonomy":"category","embeddable":true,"href":"https:\/\/www.btv.md\/ro\/wp-json\/wp\/v2\/categories?post=44105"},{"taxonomy":"post_tag","embeddable":true,"href":"https:\/\/www.btv.md\/ro\/wp-json\/wp\/v2\/tags?post=44105"}],"curies":[{"name":"wp","href":"https:\/\/api.w.org\/{rel}","templated":true}]}}