{"id":44108,"date":"2018-03-28T21:32:40","date_gmt":"2018-03-28T18:32:40","guid":{"rendered":"https:\/\/btv.md\/?p=44108"},"modified":"2018-03-28T21:32:40","modified_gmt":"2018-03-28T18:32:40","slug":"ciclonul-cu-praf-din-sahara-ce-ne-asteapta-in-lunile-aprilie-si-mai","status":"publish","type":"post","link":"https:\/\/www.btv.md\/ro\/ciclonul-cu-praf-din-sahara-ce-ne-asteapta-in-lunile-aprilie-si-mai\/","title":{"rendered":"Ciclonul cu praf din Sahara. Ce ne a\u0219teapt\u0103 \u00een lunile aprilie \u0219i mai"},"content":{"rendered":"<p style=\"text-align: center;\"><iframe data-src=\"https:\/\/www.youtube.com\/embed\/vkHaLp33kzQ\" width=\"854\" height=\"480\" frameborder=\"0\" allowfullscreen=\"allowfullscreen\" src=\"data:image\/svg+xml;base64,PHN2ZyB3aWR0aD0iMSIgaGVpZ2h0PSIxIiB4bWxucz0iaHR0cDovL3d3dy53My5vcmcvMjAwMC9zdmciPjwvc3ZnPg==\" class=\"lazyload\" data-load-mode=\"1\"><\/iframe><\/p>\n<h4>Meteorologii anun\u0163\u0103 c\u0103 vom avea parte de un nou fenomen neobi\u015fnuit dup\u0103 ninsoarea portocalie: cum ne va afecta.<\/h4>\n<p>Potrivit speciali\u015ftilor de la Administra\u0163ia Na\u0163ional\u0103 de Meteorologie (ANM), un ciclon format deasupra M\u0103rii Negre va aduce peste Rom\u00e2nia un praf saharian, de culoare portocalie. Cel mai probabil, acesta va ajunge \u015fi peste \u0163ara noastr\u0103.<\/p>\n<p>Din fericire, acesta nu ne poate afecta s\u0103n\u0103tatea, fiind vorba de cantit\u0103\u0163i foarte mici, transmite <a href=\"https:\/\/sputnik.md\/meteo\/20180326\/18096522\/ciclon-saharian-meteo-aprilie-mai.html\">Sputnik<\/a>.<\/p>\n<p>\u201ePe 26 martie 2018, \u00een a doua parte a zilei, deasupra regiunii noastre se va afla o mas\u0103 de aer care va con\u021bine praf saharian. Acest praf nu reprezint\u0103 un pericol pentru popula\u021bie, \u00eens\u0103 \u00een cazul averselor e posibil s\u0103 \u00eel reg\u0103si\u021bi pe ferestre \u0219i ma\u0219ini&#8221;, spun meteorologii de la ANM.<\/p>\n<p>Aceste ploi cu praf saharian se vor observa mai ales \u00een zona Moldovei, \u00een jude\u0163e precum Ia\u015fi, Suceava sau Boto\u015fani.<\/p>\n<p>Dup\u0103 aceea se pare c\u0103 prim\u0103vara \u00ee\u015fi va intra \u00een drepturi, fiind anun\u0163ate temperaturi de p\u00e2n\u0103 la 20 de grade pentru weekendul urm\u0103tor.<\/p>\n<p>Pe de alt\u0103 parte \u00eens\u0103, lunile aprilie \u015fi mai vor fi mai reci \u015fi mai ploioase dec\u00e2t \u00een mod obi\u015fnuit, mai spun speciali\u015ftii.<\/p>\n","protected":false},"excerpt":{"rendered":"<p>Meteorologii anun\u0163\u0103 c\u0103 vom avea parte de un nou fenomen neobi\u015fnuit dup\u0103 ninsoarea portocalie: cum ne va afecta. Potrivit speciali\u015ftilor de la Administra\u0163ia Na\u0163ional\u0103 de Meteorologie (ANM), un ciclon format deasupra M\u0103rii Negre va aduce peste Rom\u00e2nia un praf saharian, de culoare portocalie. Cel mai probabil, acesta va ajunge \u015fi peste \u0163ara noastr\u0103. Din fericire, [&hellip;]<\/p>\n","protected":false},"author":4,"featured_media":44109,"comment_status":"closed","ping_status":"closed","sticky":false,"template":"","format":"standard","meta":{"footnotes":""},"categories":[6349],"tags":[],"class_list":["post-44108","post","type-post","status-publish","format-standard","has-post-thumbnail","hentry","category-social"],"yoast_head":"<!-- This site is optimized with the Yoast SEO plugin v27.4 - https:\/\/yoast.com\/product\/yoast-seo-wordpress\/ -->\n<title>Ciclonul cu praf din Sahara. Ce ne a\u0219teapt\u0103 \u00een lunile aprilie \u0219i mai<\/title>\n<meta name=\"description\" content=\"Meteorologii anun\u0163\u0103 c\u0103 vom avea parte de un nou fenomen neobi\u015fnuit dup\u0103 ninsoarea portocalie: cum ne va afecta.\" \/>\n<meta name=\"robots\" content=\"index, follow, max-snippet:-1, max-image-preview:large, max-video-preview:-1\" \/>\n<link rel=\"canonical\" href=\"https:\/\/www.btv.md\/ro\/ciclonul-cu-praf-din-sahara-ce-ne-asteapta-in-lunile-aprilie-si-mai\/\" \/>\n<meta property=\"og:locale\" content=\"ro_RO\" \/>\n<meta property=\"og:type\" content=\"article\" \/>\n<meta property=\"og:title\" content=\"Ciclonul cu praf din Sahara. Ce ne a\u0219teapt\u0103 \u00een lunile aprilie \u0219i mai\" \/>\n<meta property=\"og:description\" content=\"Meteorologii anun\u0163\u0103 c\u0103 vom avea parte de un nou fenomen neobi\u015fnuit dup\u0103 ninsoarea portocalie: cum ne va afecta.\" \/>\n<meta property=\"og:url\" content=\"https:\/\/www.btv.md\/ro\/ciclonul-cu-praf-din-sahara-ce-ne-asteapta-in-lunile-aprilie-si-mai\/\" \/>\n<meta property=\"og:site_name\" content=\"BTV\" \/>\n<meta property=\"article:publisher\" content=\"https:\/\/www.facebook.com\/btvmoldova\/\" \/>\n<meta property=\"article:published_time\" content=\"2018-03-28T18:32:40+00:00\" \/>\n<meta property=\"og:image\" content=\"https:\/\/www.btv.md\/wp-content\/uploads\/2018\/03\/nebo.jpg\" \/>\n\t<meta property=\"og:image:width\" content=\"700\" \/>\n\t<meta property=\"og:image:height\" content=\"500\" \/>\n\t<meta property=\"og:image:type\" content=\"image\/jpeg\" \/>\n<meta name=\"author\" content=\"admin\" \/>\n<meta name=\"twitter:label1\" content=\"Scris de\" \/>\n\t<meta name=\"twitter:data1\" content=\"admin\" \/>\n\t<meta name=\"twitter:label2\" content=\"Timp estimat pentru citire\" \/>\n\t<meta name=\"twitter:data2\" content=\"1 minut\" \/>\n<script type=\"application\/ld+json\" class=\"yoast-schema-graph\">{\"@context\":\"https:\\\/\\\/schema.org\",\"@graph\":[{\"@type\":\"Article\",\"@id\":\"https:\\\/\\\/www.btv.md\\\/ro\\\/ciclonul-cu-praf-din-sahara-ce-ne-asteapta-in-lunile-aprilie-si-mai\\\/#article\",\"isPartOf\":{\"@id\":\"https:\\\/\\\/www.btv.md\\\/ro\\\/ciclonul-cu-praf-din-sahara-ce-ne-asteapta-in-lunile-aprilie-si-mai\\\/\"},\"author\":{\"name\":\"admin\",\"@id\":\"https:\\\/\\\/www.btv.md\\\/#\\\/schema\\\/person\\\/8fadce81561b3ce2c34c46dadc4ccbf2\"},\"headline\":\"Ciclonul cu praf din Sahara. Ce ne a\u0219teapt\u0103 \u00een lunile aprilie \u0219i mai\",\"datePublished\":\"2018-03-28T18:32:40+00:00\",\"mainEntityOfPage\":{\"@id\":\"https:\\\/\\\/www.btv.md\\\/ro\\\/ciclonul-cu-praf-din-sahara-ce-ne-asteapta-in-lunile-aprilie-si-mai\\\/\"},\"wordCount\":221,\"image\":{\"@id\":\"https:\\\/\\\/www.btv.md\\\/ro\\\/ciclonul-cu-praf-din-sahara-ce-ne-asteapta-in-lunile-aprilie-si-mai\\\/#primaryimage\"},\"thumbnailUrl\":\"https:\\\/\\\/www.btv.md\\\/wp-content\\\/uploads\\\/2018\\\/03\\\/nebo.jpg\",\"articleSection\":[\"Social\"],\"inLanguage\":\"ro-RO\"},{\"@type\":\"WebPage\",\"@id\":\"https:\\\/\\\/www.btv.md\\\/ro\\\/ciclonul-cu-praf-din-sahara-ce-ne-asteapta-in-lunile-aprilie-si-mai\\\/\",\"url\":\"https:\\\/\\\/www.btv.md\\\/ro\\\/ciclonul-cu-praf-din-sahara-ce-ne-asteapta-in-lunile-aprilie-si-mai\\\/\",\"name\":\"Ciclonul cu praf din Sahara. Ce ne a\u0219teapt\u0103 \u00een lunile aprilie \u0219i mai\",\"isPartOf\":{\"@id\":\"https:\\\/\\\/www.btv.md\\\/#website\"},\"primaryImageOfPage\":{\"@id\":\"https:\\\/\\\/www.btv.md\\\/ro\\\/ciclonul-cu-praf-din-sahara-ce-ne-asteapta-in-lunile-aprilie-si-mai\\\/#primaryimage\"},\"image\":{\"@id\":\"https:\\\/\\\/www.btv.md\\\/ro\\\/ciclonul-cu-praf-din-sahara-ce-ne-asteapta-in-lunile-aprilie-si-mai\\\/#primaryimage\"},\"thumbnailUrl\":\"https:\\\/\\\/www.btv.md\\\/wp-content\\\/uploads\\\/2018\\\/03\\\/nebo.jpg\",\"datePublished\":\"2018-03-28T18:32:40+00:00\",\"author\":{\"@id\":\"https:\\\/\\\/www.btv.md\\\/#\\\/schema\\\/person\\\/8fadce81561b3ce2c34c46dadc4ccbf2\"},\"description\":\"Meteorologii anun\u0163\u0103 c\u0103 vom avea parte de un nou fenomen neobi\u015fnuit dup\u0103 ninsoarea portocalie: cum ne va afecta.\",\"inLanguage\":\"ro-RO\",\"potentialAction\":[{\"@type\":\"ReadAction\",\"target\":[\"https:\\\/\\\/www.btv.md\\\/ro\\\/ciclonul-cu-praf-din-sahara-ce-ne-asteapta-in-lunile-aprilie-si-mai\\\/\"]}]},{\"@type\":\"ImageObject\",\"inLanguage\":\"ro-RO\",\"@id\":\"https:\\\/\\\/www.btv.md\\\/ro\\\/ciclonul-cu-praf-din-sahara-ce-ne-asteapta-in-lunile-aprilie-si-mai\\\/#primaryimage\",\"url\":\"https:\\\/\\\/www.btv.md\\\/wp-content\\\/uploads\\\/2018\\\/03\\\/nebo.jpg\",\"contentUrl\":\"https:\\\/\\\/www.btv.md\\\/wp-content\\\/uploads\\\/2018\\\/03\\\/nebo.jpg\",\"width\":700,\"height\":500},{\"@type\":\"WebSite\",\"@id\":\"https:\\\/\\\/www.btv.md\\\/#website\",\"url\":\"https:\\\/\\\/www.btv.md\\\/\",\"name\":\"BTV\",\"description\":\"\u0411\u0435\u043b\u044c\u0446\u043a\u043e\u0435 \u0442\u0435\u043b\u0435\u0432\u0438\u0434\u0435\u043d\u0438\u0435\",\"potentialAction\":[{\"@type\":\"SearchAction\",\"target\":{\"@type\":\"EntryPoint\",\"urlTemplate\":\"https:\\\/\\\/www.btv.md\\\/?s={search_term_string}\"},\"query-input\":{\"@type\":\"PropertyValueSpecification\",\"valueRequired\":true,\"valueName\":\"search_term_string\"}}],\"inLanguage\":\"ro-RO\"},{\"@type\":\"Person\",\"@id\":\"https:\\\/\\\/www.btv.md\\\/#\\\/schema\\\/person\\\/8fadce81561b3ce2c34c46dadc4ccbf2\",\"name\":\"admin\"}]}<\/script>\n<!-- \/ Yoast SEO plugin. -->","yoast_head_json":{"title":"Ciclonul cu praf din Sahara. Ce ne a\u0219teapt\u0103 \u00een lunile aprilie \u0219i mai","description":"Meteorologii anun\u0163\u0103 c\u0103 vom avea parte de un nou fenomen neobi\u015fnuit dup\u0103 ninsoarea portocalie: cum ne va afecta.","robots":{"index":"index","follow":"follow","max-snippet":"max-snippet:-1","max-image-preview":"max-image-preview:large","max-video-preview":"max-video-preview:-1"},"canonical":"https:\/\/www.btv.md\/ro\/ciclonul-cu-praf-din-sahara-ce-ne-asteapta-in-lunile-aprilie-si-mai\/","og_locale":"ro_RO","og_type":"article","og_title":"Ciclonul cu praf din Sahara. Ce ne a\u0219teapt\u0103 \u00een lunile aprilie \u0219i mai","og_description":"Meteorologii anun\u0163\u0103 c\u0103 vom avea parte de un nou fenomen neobi\u015fnuit dup\u0103 ninsoarea portocalie: cum ne va afecta.","og_url":"https:\/\/www.btv.md\/ro\/ciclonul-cu-praf-din-sahara-ce-ne-asteapta-in-lunile-aprilie-si-mai\/","og_site_name":"BTV","article_publisher":"https:\/\/www.facebook.com\/btvmoldova\/","article_published_time":"2018-03-28T18:32:40+00:00","og_image":[{"width":700,"height":500,"url":"https:\/\/www.btv.md\/wp-content\/uploads\/2018\/03\/nebo.jpg","type":"image\/jpeg"}],"author":"admin","twitter_misc":{"Scris de":"admin","Timp estimat pentru citire":"1 minut"},"schema":{"@context":"https:\/\/schema.org","@graph":[{"@type":"Article","@id":"https:\/\/www.btv.md\/ro\/ciclonul-cu-praf-din-sahara-ce-ne-asteapta-in-lunile-aprilie-si-mai\/#article","isPartOf":{"@id":"https:\/\/www.btv.md\/ro\/ciclonul-cu-praf-din-sahara-ce-ne-asteapta-in-lunile-aprilie-si-mai\/"},"author":{"name":"admin","@id":"https:\/\/www.btv.md\/#\/schema\/person\/8fadce81561b3ce2c34c46dadc4ccbf2"},"headline":"Ciclonul cu praf din Sahara. Ce ne a\u0219teapt\u0103 \u00een lunile aprilie \u0219i mai","datePublished":"2018-03-28T18:32:40+00:00","mainEntityOfPage":{"@id":"https:\/\/www.btv.md\/ro\/ciclonul-cu-praf-din-sahara-ce-ne-asteapta-in-lunile-aprilie-si-mai\/"},"wordCount":221,"image":{"@id":"https:\/\/www.btv.md\/ro\/ciclonul-cu-praf-din-sahara-ce-ne-asteapta-in-lunile-aprilie-si-mai\/#primaryimage"},"thumbnailUrl":"https:\/\/www.btv.md\/wp-content\/uploads\/2018\/03\/nebo.jpg","articleSection":["Social"],"inLanguage":"ro-RO"},{"@type":"WebPage","@id":"https:\/\/www.btv.md\/ro\/ciclonul-cu-praf-din-sahara-ce-ne-asteapta-in-lunile-aprilie-si-mai\/","url":"https:\/\/www.btv.md\/ro\/ciclonul-cu-praf-din-sahara-ce-ne-asteapta-in-lunile-aprilie-si-mai\/","name":"Ciclonul cu praf din Sahara. Ce ne a\u0219teapt\u0103 \u00een lunile aprilie \u0219i mai","isPartOf":{"@id":"https:\/\/www.btv.md\/#website"},"primaryImageOfPage":{"@id":"https:\/\/www.btv.md\/ro\/ciclonul-cu-praf-din-sahara-ce-ne-asteapta-in-lunile-aprilie-si-mai\/#primaryimage"},"image":{"@id":"https:\/\/www.btv.md\/ro\/ciclonul-cu-praf-din-sahara-ce-ne-asteapta-in-lunile-aprilie-si-mai\/#primaryimage"},"thumbnailUrl":"https:\/\/www.btv.md\/wp-content\/uploads\/2018\/03\/nebo.jpg","datePublished":"2018-03-28T18:32:40+00:00","author":{"@id":"https:\/\/www.btv.md\/#\/schema\/person\/8fadce81561b3ce2c34c46dadc4ccbf2"},"description":"Meteorologii anun\u0163\u0103 c\u0103 vom avea parte de un nou fenomen neobi\u015fnuit dup\u0103 ninsoarea portocalie: cum ne va afecta.","inLanguage":"ro-RO","potentialAction":[{"@type":"ReadAction","target":["https:\/\/www.btv.md\/ro\/ciclonul-cu-praf-din-sahara-ce-ne-asteapta-in-lunile-aprilie-si-mai\/"]}]},{"@type":"ImageObject","inLanguage":"ro-RO","@id":"https:\/\/www.btv.md\/ro\/ciclonul-cu-praf-din-sahara-ce-ne-asteapta-in-lunile-aprilie-si-mai\/#primaryimage","url":"https:\/\/www.btv.md\/wp-content\/uploads\/2018\/03\/nebo.jpg","contentUrl":"https:\/\/www.btv.md\/wp-content\/uploads\/2018\/03\/nebo.jpg","width":700,"height":500},{"@type":"WebSite","@id":"https:\/\/www.btv.md\/#website","url":"https:\/\/www.btv.md\/","name":"BTV","description":"\u0411\u0435\u043b\u044c\u0446\u043a\u043e\u0435 \u0442\u0435\u043b\u0435\u0432\u0438\u0434\u0435\u043d\u0438\u0435","potentialAction":[{"@type":"SearchAction","target":{"@type":"EntryPoint","urlTemplate":"https:\/\/www.btv.md\/?s={search_term_string}"},"query-input":{"@type":"PropertyValueSpecification","valueRequired":true,"valueName":"search_term_string"}}],"inLanguage":"ro-RO"},{"@type":"Person","@id":"https:\/\/www.btv.md\/#\/schema\/person\/8fadce81561b3ce2c34c46dadc4ccbf2","name":"admin"}]}},"_links":{"self":[{"href":"https:\/\/www.btv.md\/ro\/wp-json\/wp\/v2\/posts\/44108","targetHints":{"allow":["GET"]}}],"collection":[{"href":"https:\/\/www.btv.md\/ro\/wp-json\/wp\/v2\/posts"}],"about":[{"href":"https:\/\/www.btv.md\/ro\/wp-json\/wp\/v2\/types\/post"}],"author":[{"embeddable":true,"href":"https:\/\/www.btv.md\/ro\/wp-json\/wp\/v2\/users\/4"}],"replies":[{"embeddable":true,"href":"https:\/\/www.btv.md\/ro\/wp-json\/wp\/v2\/comments?post=44108"}],"version-history":[{"count":0,"href":"https:\/\/www.btv.md\/ro\/wp-json\/wp\/v2\/posts\/44108\/revisions"}],"wp:featuredmedia":[{"embeddable":true,"href":"https:\/\/www.btv.md\/ro\/wp-json\/wp\/v2\/media\/44109"}],"wp:attachment":[{"href":"https:\/\/www.btv.md\/ro\/wp-json\/wp\/v2\/media?parent=44108"}],"wp:term":[{"taxonomy":"category","embeddable":true,"href":"https:\/\/www.btv.md\/ro\/wp-json\/wp\/v2\/categories?post=44108"},{"taxonomy":"post_tag","embeddable":true,"href":"https:\/\/www.btv.md\/ro\/wp-json\/wp\/v2\/tags?post=44108"}],"curies":[{"name":"wp","href":"https:\/\/api.w.org\/{rel}","templated":true}]}}