{"id":44111,"date":"2018-03-28T21:36:06","date_gmt":"2018-03-28T18:36:06","guid":{"rendered":"https:\/\/btv.md\/?p=44111"},"modified":"2018-03-28T21:36:06","modified_gmt":"2018-03-28T18:36:06","slug":"elevii-de-la-scolile-profesionale-vor-primi-bursa-si-salariu","status":"publish","type":"post","link":"https:\/\/www.btv.md\/ro\/elevii-de-la-scolile-profesionale-vor-primi-bursa-si-salariu\/","title":{"rendered":"Elevii de la \u0219colile profesionale vor primi burs\u0103 \u0219i salariu"},"content":{"rendered":"<p style=\"text-align: center;\"><iframe data-src=\"https:\/\/www.youtube.com\/embed\/uor2rRRQfm4\" width=\"854\" height=\"480\" frameborder=\"0\" allowfullscreen=\"allowfullscreen\" src=\"data:image\/svg+xml;base64,PHN2ZyB3aWR0aD0iMSIgaGVpZ2h0PSIxIiB4bWxucz0iaHR0cDovL3d3dy53My5vcmcvMjAwMC9zdmciPjwvc3ZnPg==\" class=\"lazyload\" data-load-mode=\"1\"><\/iframe><\/p>\n<h4>Premier\u0103 \u00een Moldova, elevii de la \u0219colile profesionale vor primi salariu \u00een anumite condi\u021bii, vezi ce a decis Guvernul de la Chi\u0219in\u0103u.<\/h4>\n<p>Elevii de la \u0219colile profesionale care vor face practic\u0103 la \u00eentreprinderi vor primi \u201dsalariu de ucenicie\u201d. Aceast\u0103 premier\u0103 este prev\u0103zut\u0103 \u00een\u00a0 Regulamentul cu privire la organizarea programelor de formare profesional\u0103 tehnic\u0103 prin \u00eenv\u0103\u021b\u0103m\u00e2ntul dual, informeaz\u0103 <a href=\"https:\/\/sputnik.md\/society\/20180326\/18080847\/elevi-bursa-salariu-scoli-profesionale.html\">Sputnik<\/a>.<\/p>\n<p>Documentul stabile\u015fte elementele definitorii pentru \u00eenv\u0103\u0163\u0103m\u00e2ntul dual, timpul alocat preg\u0103tirii teoretice \u015fi practice. Totodat\u0103, sunt reglementate drepturile \u0219i obliga\u0163iile agentului economic \u015fi ale institu\u0163iei de \u00eenv\u0103\u0163\u0103m\u00e2nt profesional tehnic, ale maistrului-instructor \u00een produc\u0163ie \u015fi ale celui din cadrul institu\u0163iei de \u00eenv\u0103\u0163\u0103m\u00e2nt, precum \u0219i ale elevului.<\/p>\n<p> \u00cen premier\u0103, este introdus termenul de \u201esalariu de ucenicie\u201d pentru remunerarea activit\u0103\u021bii desf\u0103\u015furate de elev \u00een cadrul \u00eentreprinderii. Elevul ob\u021bine calitatea de ucenic la semnarea contractului de ucenicie cu agentul economic.<\/p>\n<p> Ucenicului i se va acorda anual un concediu de odihn\u0103 pl\u0103tit, cu o durat\u0103 minim\u0103 de 28 de zile calendaristice, cu excep\u021bia zilelor de s\u0103rb\u0103toare nelucr\u0103toare. Acesta va beneficiaz\u0103 de concediu pl\u0103tit \u00een perioada vacan\u021belor, conform planului-cadru aprobat de Ministerul Educa\u021biei, Culturii \u0219i Cercet\u0103rii. \u00cen cazul \u00een care perioada vacan\u021belor dep\u0103\u0219e\u0219te durata concediului anual de odihn\u0103, acestuia i se poate acorda un concediu nepl\u0103tit, conform legisla\u021biei muncii \u00een vigoare.<\/p>\n<p>\u00cen perioada studiilor, elevul va beneficia de burs\u0103 lunar\u0103, asigurare obligatorie medical\u0103, asigurare social\u0103, salariu de ucenicie achitat de agentul economic, care constituie nu mai pu\u021bin de 2\/3 din cuantumul minim garantat al salariului \u00een sectorul real.<\/p>\n<p>Finan\u0163area \u00eenv\u0103\u0163\u0103m\u00e2ntului dual va fi asigurat\u0103,\u00a0 at\u00e2t din bugetul de stat, c\u00e2t \u0219i din sursele agentului economic.<\/p>\n<p>\u00cenv\u0103\u021b\u0103m\u00e2ntul dual este o form\u0103 alternativ\u0103 de organizare a \u00eenv\u0103\u021b\u0103m\u00e2ntului profesional tehnic, care presupune instruirea simultan\u0103 \u00een cadrul unei institu\u021bii de \u00eenv\u0103\u021b\u0103m\u00e2nt profesional tehnic \u0219i \u00een cadrul unei \u00eentreprinderi. Ponderea preg\u0103tirii practice este de aproximativ 70 la sut\u0103, iar elevii absolven\u0163i pot fi angaja\u0163i \u00een cadrul \u00eentreprinderii.<\/p>\n<p>\u00cen anul de studii 2016-2017, circa 20 de companii au implementat astfel de programe de studii, \u00een colaborare cu nou\u0103 institu\u0163ii de \u00eenv\u0103\u0163\u0103m\u00e2nt profesional tehnic.\n <\/p>\n","protected":false},"excerpt":{"rendered":"<p>Premier\u0103 \u00een Moldova, elevii de la \u0219colile profesionale vor primi salariu \u00een anumite condi\u021bii, vezi ce a decis Guvernul de la Chi\u0219in\u0103u. Elevii de la \u0219colile profesionale care vor face practic\u0103 la \u00eentreprinderi vor primi \u201dsalariu de ucenicie\u201d. Aceast\u0103 premier\u0103 este prev\u0103zut\u0103 \u00een\u00a0 Regulamentul cu privire la organizarea programelor de formare profesional\u0103 tehnic\u0103 prin \u00eenv\u0103\u021b\u0103m\u00e2ntul [&hellip;]<\/p>\n","protected":false},"author":4,"featured_media":44112,"comment_status":"closed","ping_status":"closed","sticky":false,"template":"","format":"standard","meta":{"footnotes":""},"categories":[6349],"tags":[],"class_list":["post-44111","post","type-post","status-publish","format-standard","has-post-thumbnail","hentry","category-social"],"yoast_head":"<!-- This site is optimized with the Yoast SEO plugin v27.4 - https:\/\/yoast.com\/product\/yoast-seo-wordpress\/ -->\n<title>Elevii de la \u0219colile profesionale vor primi burs\u0103 \u0219i salariu<\/title>\n<meta name=\"description\" content=\"Premier\u0103 \u00een Moldova, elevii de la \u0219colile profesionale vor primi salariu \u00een anumite condi\u021bii, vezi ce a decis Guvernul de la Chi\u0219in\u0103u.\" \/>\n<meta name=\"robots\" content=\"index, follow, max-snippet:-1, max-image-preview:large, max-video-preview:-1\" \/>\n<link rel=\"canonical\" href=\"https:\/\/www.btv.md\/ro\/elevii-de-la-scolile-profesionale-vor-primi-bursa-si-salariu\/\" \/>\n<meta property=\"og:locale\" content=\"ro_RO\" \/>\n<meta property=\"og:type\" content=\"article\" \/>\n<meta property=\"og:title\" content=\"Elevii de la \u0219colile profesionale vor primi burs\u0103 \u0219i salariu\" \/>\n<meta property=\"og:description\" content=\"Premier\u0103 \u00een Moldova, elevii de la \u0219colile profesionale vor primi salariu \u00een anumite condi\u021bii, vezi ce a decis Guvernul de la Chi\u0219in\u0103u.\" \/>\n<meta property=\"og:url\" content=\"https:\/\/www.btv.md\/ro\/elevii-de-la-scolile-profesionale-vor-primi-bursa-si-salariu\/\" \/>\n<meta property=\"og:site_name\" content=\"BTV\" \/>\n<meta property=\"article:publisher\" content=\"https:\/\/www.facebook.com\/btvmoldova\/\" \/>\n<meta property=\"article:published_time\" content=\"2018-03-28T18:36:06+00:00\" \/>\n<meta property=\"og:image\" content=\"https:\/\/www.btv.md\/wp-content\/uploads\/2018\/03\/18080858.jpg\" \/>\n\t<meta property=\"og:image:width\" content=\"700\" \/>\n\t<meta property=\"og:image:height\" content=\"500\" \/>\n\t<meta property=\"og:image:type\" content=\"image\/jpeg\" \/>\n<meta name=\"author\" content=\"admin\" \/>\n<meta name=\"twitter:label1\" content=\"Scris de\" \/>\n\t<meta name=\"twitter:data1\" content=\"admin\" \/>\n\t<meta name=\"twitter:label2\" content=\"Timp estimat pentru citire\" \/>\n\t<meta name=\"twitter:data2\" content=\"2 minute\" \/>\n<script type=\"application\/ld+json\" class=\"yoast-schema-graph\">{\"@context\":\"https:\\\/\\\/schema.org\",\"@graph\":[{\"@type\":\"Article\",\"@id\":\"https:\\\/\\\/www.btv.md\\\/ro\\\/elevii-de-la-scolile-profesionale-vor-primi-bursa-si-salariu\\\/#article\",\"isPartOf\":{\"@id\":\"https:\\\/\\\/www.btv.md\\\/ro\\\/elevii-de-la-scolile-profesionale-vor-primi-bursa-si-salariu\\\/\"},\"author\":{\"name\":\"admin\",\"@id\":\"https:\\\/\\\/www.btv.md\\\/#\\\/schema\\\/person\\\/8fadce81561b3ce2c34c46dadc4ccbf2\"},\"headline\":\"Elevii de la \u0219colile profesionale vor primi burs\u0103 \u0219i salariu\",\"datePublished\":\"2018-03-28T18:36:06+00:00\",\"mainEntityOfPage\":{\"@id\":\"https:\\\/\\\/www.btv.md\\\/ro\\\/elevii-de-la-scolile-profesionale-vor-primi-bursa-si-salariu\\\/\"},\"wordCount\":388,\"image\":{\"@id\":\"https:\\\/\\\/www.btv.md\\\/ro\\\/elevii-de-la-scolile-profesionale-vor-primi-bursa-si-salariu\\\/#primaryimage\"},\"thumbnailUrl\":\"https:\\\/\\\/www.btv.md\\\/wp-content\\\/uploads\\\/2018\\\/03\\\/18080858.jpg\",\"articleSection\":[\"Social\"],\"inLanguage\":\"ro-RO\"},{\"@type\":\"WebPage\",\"@id\":\"https:\\\/\\\/www.btv.md\\\/ro\\\/elevii-de-la-scolile-profesionale-vor-primi-bursa-si-salariu\\\/\",\"url\":\"https:\\\/\\\/www.btv.md\\\/ro\\\/elevii-de-la-scolile-profesionale-vor-primi-bursa-si-salariu\\\/\",\"name\":\"Elevii de la \u0219colile profesionale vor primi burs\u0103 \u0219i salariu\",\"isPartOf\":{\"@id\":\"https:\\\/\\\/www.btv.md\\\/#website\"},\"primaryImageOfPage\":{\"@id\":\"https:\\\/\\\/www.btv.md\\\/ro\\\/elevii-de-la-scolile-profesionale-vor-primi-bursa-si-salariu\\\/#primaryimage\"},\"image\":{\"@id\":\"https:\\\/\\\/www.btv.md\\\/ro\\\/elevii-de-la-scolile-profesionale-vor-primi-bursa-si-salariu\\\/#primaryimage\"},\"thumbnailUrl\":\"https:\\\/\\\/www.btv.md\\\/wp-content\\\/uploads\\\/2018\\\/03\\\/18080858.jpg\",\"datePublished\":\"2018-03-28T18:36:06+00:00\",\"author\":{\"@id\":\"https:\\\/\\\/www.btv.md\\\/#\\\/schema\\\/person\\\/8fadce81561b3ce2c34c46dadc4ccbf2\"},\"description\":\"Premier\u0103 \u00een Moldova, elevii de la \u0219colile profesionale vor primi salariu \u00een anumite condi\u021bii, vezi ce a decis Guvernul de la Chi\u0219in\u0103u.\",\"inLanguage\":\"ro-RO\",\"potentialAction\":[{\"@type\":\"ReadAction\",\"target\":[\"https:\\\/\\\/www.btv.md\\\/ro\\\/elevii-de-la-scolile-profesionale-vor-primi-bursa-si-salariu\\\/\"]}]},{\"@type\":\"ImageObject\",\"inLanguage\":\"ro-RO\",\"@id\":\"https:\\\/\\\/www.btv.md\\\/ro\\\/elevii-de-la-scolile-profesionale-vor-primi-bursa-si-salariu\\\/#primaryimage\",\"url\":\"https:\\\/\\\/www.btv.md\\\/wp-content\\\/uploads\\\/2018\\\/03\\\/18080858.jpg\",\"contentUrl\":\"https:\\\/\\\/www.btv.md\\\/wp-content\\\/uploads\\\/2018\\\/03\\\/18080858.jpg\",\"width\":700,\"height\":500},{\"@type\":\"WebSite\",\"@id\":\"https:\\\/\\\/www.btv.md\\\/#website\",\"url\":\"https:\\\/\\\/www.btv.md\\\/\",\"name\":\"BTV\",\"description\":\"\u0411\u0435\u043b\u044c\u0446\u043a\u043e\u0435 \u0442\u0435\u043b\u0435\u0432\u0438\u0434\u0435\u043d\u0438\u0435\",\"potentialAction\":[{\"@type\":\"SearchAction\",\"target\":{\"@type\":\"EntryPoint\",\"urlTemplate\":\"https:\\\/\\\/www.btv.md\\\/?s={search_term_string}\"},\"query-input\":{\"@type\":\"PropertyValueSpecification\",\"valueRequired\":true,\"valueName\":\"search_term_string\"}}],\"inLanguage\":\"ro-RO\"},{\"@type\":\"Person\",\"@id\":\"https:\\\/\\\/www.btv.md\\\/#\\\/schema\\\/person\\\/8fadce81561b3ce2c34c46dadc4ccbf2\",\"name\":\"admin\"}]}<\/script>\n<!-- \/ Yoast SEO plugin. -->","yoast_head_json":{"title":"Elevii de la \u0219colile profesionale vor primi burs\u0103 \u0219i salariu","description":"Premier\u0103 \u00een Moldova, elevii de la \u0219colile profesionale vor primi salariu \u00een anumite condi\u021bii, vezi ce a decis Guvernul de la Chi\u0219in\u0103u.","robots":{"index":"index","follow":"follow","max-snippet":"max-snippet:-1","max-image-preview":"max-image-preview:large","max-video-preview":"max-video-preview:-1"},"canonical":"https:\/\/www.btv.md\/ro\/elevii-de-la-scolile-profesionale-vor-primi-bursa-si-salariu\/","og_locale":"ro_RO","og_type":"article","og_title":"Elevii de la \u0219colile profesionale vor primi burs\u0103 \u0219i salariu","og_description":"Premier\u0103 \u00een Moldova, elevii de la \u0219colile profesionale vor primi salariu \u00een anumite condi\u021bii, vezi ce a decis Guvernul de la Chi\u0219in\u0103u.","og_url":"https:\/\/www.btv.md\/ro\/elevii-de-la-scolile-profesionale-vor-primi-bursa-si-salariu\/","og_site_name":"BTV","article_publisher":"https:\/\/www.facebook.com\/btvmoldova\/","article_published_time":"2018-03-28T18:36:06+00:00","og_image":[{"width":700,"height":500,"url":"https:\/\/www.btv.md\/wp-content\/uploads\/2018\/03\/18080858.jpg","type":"image\/jpeg"}],"author":"admin","twitter_misc":{"Scris de":"admin","Timp estimat pentru citire":"2 minute"},"schema":{"@context":"https:\/\/schema.org","@graph":[{"@type":"Article","@id":"https:\/\/www.btv.md\/ro\/elevii-de-la-scolile-profesionale-vor-primi-bursa-si-salariu\/#article","isPartOf":{"@id":"https:\/\/www.btv.md\/ro\/elevii-de-la-scolile-profesionale-vor-primi-bursa-si-salariu\/"},"author":{"name":"admin","@id":"https:\/\/www.btv.md\/#\/schema\/person\/8fadce81561b3ce2c34c46dadc4ccbf2"},"headline":"Elevii de la \u0219colile profesionale vor primi burs\u0103 \u0219i salariu","datePublished":"2018-03-28T18:36:06+00:00","mainEntityOfPage":{"@id":"https:\/\/www.btv.md\/ro\/elevii-de-la-scolile-profesionale-vor-primi-bursa-si-salariu\/"},"wordCount":388,"image":{"@id":"https:\/\/www.btv.md\/ro\/elevii-de-la-scolile-profesionale-vor-primi-bursa-si-salariu\/#primaryimage"},"thumbnailUrl":"https:\/\/www.btv.md\/wp-content\/uploads\/2018\/03\/18080858.jpg","articleSection":["Social"],"inLanguage":"ro-RO"},{"@type":"WebPage","@id":"https:\/\/www.btv.md\/ro\/elevii-de-la-scolile-profesionale-vor-primi-bursa-si-salariu\/","url":"https:\/\/www.btv.md\/ro\/elevii-de-la-scolile-profesionale-vor-primi-bursa-si-salariu\/","name":"Elevii de la \u0219colile profesionale vor primi burs\u0103 \u0219i salariu","isPartOf":{"@id":"https:\/\/www.btv.md\/#website"},"primaryImageOfPage":{"@id":"https:\/\/www.btv.md\/ro\/elevii-de-la-scolile-profesionale-vor-primi-bursa-si-salariu\/#primaryimage"},"image":{"@id":"https:\/\/www.btv.md\/ro\/elevii-de-la-scolile-profesionale-vor-primi-bursa-si-salariu\/#primaryimage"},"thumbnailUrl":"https:\/\/www.btv.md\/wp-content\/uploads\/2018\/03\/18080858.jpg","datePublished":"2018-03-28T18:36:06+00:00","author":{"@id":"https:\/\/www.btv.md\/#\/schema\/person\/8fadce81561b3ce2c34c46dadc4ccbf2"},"description":"Premier\u0103 \u00een Moldova, elevii de la \u0219colile profesionale vor primi salariu \u00een anumite condi\u021bii, vezi ce a decis Guvernul de la Chi\u0219in\u0103u.","inLanguage":"ro-RO","potentialAction":[{"@type":"ReadAction","target":["https:\/\/www.btv.md\/ro\/elevii-de-la-scolile-profesionale-vor-primi-bursa-si-salariu\/"]}]},{"@type":"ImageObject","inLanguage":"ro-RO","@id":"https:\/\/www.btv.md\/ro\/elevii-de-la-scolile-profesionale-vor-primi-bursa-si-salariu\/#primaryimage","url":"https:\/\/www.btv.md\/wp-content\/uploads\/2018\/03\/18080858.jpg","contentUrl":"https:\/\/www.btv.md\/wp-content\/uploads\/2018\/03\/18080858.jpg","width":700,"height":500},{"@type":"WebSite","@id":"https:\/\/www.btv.md\/#website","url":"https:\/\/www.btv.md\/","name":"BTV","description":"\u0411\u0435\u043b\u044c\u0446\u043a\u043e\u0435 \u0442\u0435\u043b\u0435\u0432\u0438\u0434\u0435\u043d\u0438\u0435","potentialAction":[{"@type":"SearchAction","target":{"@type":"EntryPoint","urlTemplate":"https:\/\/www.btv.md\/?s={search_term_string}"},"query-input":{"@type":"PropertyValueSpecification","valueRequired":true,"valueName":"search_term_string"}}],"inLanguage":"ro-RO"},{"@type":"Person","@id":"https:\/\/www.btv.md\/#\/schema\/person\/8fadce81561b3ce2c34c46dadc4ccbf2","name":"admin"}]}},"_links":{"self":[{"href":"https:\/\/www.btv.md\/ro\/wp-json\/wp\/v2\/posts\/44111","targetHints":{"allow":["GET"]}}],"collection":[{"href":"https:\/\/www.btv.md\/ro\/wp-json\/wp\/v2\/posts"}],"about":[{"href":"https:\/\/www.btv.md\/ro\/wp-json\/wp\/v2\/types\/post"}],"author":[{"embeddable":true,"href":"https:\/\/www.btv.md\/ro\/wp-json\/wp\/v2\/users\/4"}],"replies":[{"embeddable":true,"href":"https:\/\/www.btv.md\/ro\/wp-json\/wp\/v2\/comments?post=44111"}],"version-history":[{"count":0,"href":"https:\/\/www.btv.md\/ro\/wp-json\/wp\/v2\/posts\/44111\/revisions"}],"wp:featuredmedia":[{"embeddable":true,"href":"https:\/\/www.btv.md\/ro\/wp-json\/wp\/v2\/media\/44112"}],"wp:attachment":[{"href":"https:\/\/www.btv.md\/ro\/wp-json\/wp\/v2\/media?parent=44111"}],"wp:term":[{"taxonomy":"category","embeddable":true,"href":"https:\/\/www.btv.md\/ro\/wp-json\/wp\/v2\/categories?post=44111"},{"taxonomy":"post_tag","embeddable":true,"href":"https:\/\/www.btv.md\/ro\/wp-json\/wp\/v2\/tags?post=44111"}],"curies":[{"name":"wp","href":"https:\/\/api.w.org\/{rel}","templated":true}]}}