{"id":44119,"date":"2018-03-28T21:48:50","date_gmt":"2018-03-28T18:48:50","guid":{"rendered":"https:\/\/btv.md\/?p=44119"},"modified":"2018-03-28T21:48:50","modified_gmt":"2018-03-28T18:48:50","slug":"gripa-a-mai-facut-o-victima-in-capitala-in-total-4-moldoveni-au-murit","status":"publish","type":"post","link":"https:\/\/www.btv.md\/ro\/gripa-a-mai-facut-o-victima-in-capitala-in-total-4-moldoveni-au-murit\/","title":{"rendered":"Gripa a mai f\u0103cut o victim\u0103 \u00een Capital\u0103. \u00cen total 4 moldoveni au murit"},"content":{"rendered":"<p style=\"text-align: center;\"><iframe data-src=\"https:\/\/www.youtube.com\/embed\/ndXjHOho2xc\" width=\"854\" height=\"480\" frameborder=\"0\" allowfullscreen=\"allowfullscreen\" src=\"data:image\/svg+xml;base64,PHN2ZyB3aWR0aD0iMSIgaGVpZ2h0PSIxIiB4bWxucz0iaHR0cDovL3d3dy53My5vcmcvMjAwMC9zdmciPjwvc3ZnPg==\" class=\"lazyload\" data-load-mode=\"1\"><\/iframe><\/p>\n<h4>Un b\u0103rbat din Capital\u0103, \u00een v\u00e2rst\u0103 de 40 de ani, a murit acum c\u00e2teva zile \u00een urma complica\u021biilor virusului gripal A(H1N1).<\/h4>\n<p>De la \u00eenceputul sezonului rece, gripa a provocat patru decese \u00een Republica Moldova, comunic\u0103\u00a0<a href=\"https:\/\/www.moldpres.md\/ro\/account\/viewnews\/18002485\/?myid=298&amp;hash=4d5893aeb06039651f555a7a6084cba4\">Moldpres<\/a>.<\/p>\n<p>Potrivit datelor Ministerului S\u0103n\u0103t\u0103\u021bii, Muncii \u015fi Protec\u0163iei Sociale, b\u0103rbatul a fost diagnosticat cu \u201epneumonie bilateral\u0103 viruso-bacteriana masiv\u0103, insuficien\u021b\u0103 cardiac\u0103, hepatic\u0103, renal\u0103, respiratorie, cerebral\u0103. \u015eoc septic pulmonar \u015fi stop cardiac\u201d.<\/p>\n<p>Conform sursei citate, persoana nu a fost vaccinat\u0103 \u00eempotriva gripei sezoniere.<\/p>\n<p>Datele Agen\u021biei Na\u021bionale pentru S\u0103n\u0103tate Public\u0103 arat\u0103 c\u0103, la momentul actual, \u00een Republica Moldova, situa\u021bia epidemiologic\u0103 prin grip\u0103 este\u00a0la nivel mediu. Conform datelor parvenite din\u00a0raioane, \u00een s\u0103pt\u0103m\u00e2na 19 martie -25 martie, num\u0103rul cazurilor de infec\u0163ii respiratorii acute a sc\u0103zut. \u00cen aceast\u0103 perioad\u0103 au fost raportate 1286 cazuri noi de infec\u0163ii acute ale c\u0103ilor respiratorii superioare, \u00een descre\u0219tere cu 20,5% \u00een compara\u021bie cu s\u0103pt\u0103m\u00e2na trecut\u0103.<\/p>\n<p>\u00cen aceea\u015fi perioad\u0103, \u00een laboratorul Infec\u021bii Virale din cadrul Agen\u021biei Na\u021bionale pentru S\u0103n\u0103tate Public\u0103 au fost investigate 35 probe la prezen\u021ba virusurilor gripale \u0219i non-gripale, opt probe\u00a0fiind pozitive la prezen\u021ba virusului gripal de tip B, unul la prezen\u021ba virusului gripal de tip A(H1N1) \u0219i \u015fase probe pozitive la prezen\u021ba virusurilor nongripale.<\/p>\n<p>Pentru evitarea \u00eemboln\u0103virii, epidemiologii recomand\u0103 cet\u0103\u0163enilor s\u0103 nu recurg\u0103 la autotratament \u015fi s\u0103 se adreseze la medic la apari\u0163ia primelor simptome de boal\u0103 compatibile cu gripa. S\u0103 evite contactul bolnavilor cu femeile gravide, persoanele imuno-compromise, bolnavii cu afec\u0163iuni cardiovasculare, afec\u0163iuni cronice ale aparatului respirator, diabet zaharat \u015fi obezitate.<\/p>\n<p>De asemenea, medicii \u00eendeamn\u0103 popula\u0163ia \u015fi personalul medical s\u0103 foloseasc\u0103 m\u0103\u015fti de protec\u0163ie c\u00e2nd asist\u0103 \u0219i \u00eengrijesc bolnavii. Printre recomand\u0103rile medicilor se num\u0103r\u0103 \u015fi sp\u0103latul pe m\u00e2ini cu ap\u0103 \u015fi s\u0103pun, acoperirea gurii \u015fi a nasului cu \u015ferve\u0163ele de unic\u0103 folosin\u0163\u0103 \u00een timpul tusei \u015fi str\u0103nutului, evitarea locurilor aglomerate.<\/p>\n","protected":false},"excerpt":{"rendered":"<p>Un b\u0103rbat din Capital\u0103, \u00een v\u00e2rst\u0103 de 40 de ani, a murit acum c\u00e2teva zile \u00een urma complica\u021biilor virusului gripal A(H1N1). De la \u00eenceputul sezonului rece, gripa a provocat patru decese \u00een Republica Moldova, comunic\u0103\u00a0Moldpres. Potrivit datelor Ministerului S\u0103n\u0103t\u0103\u021bii, Muncii \u015fi Protec\u0163iei Sociale, b\u0103rbatul a fost diagnosticat cu \u201epneumonie bilateral\u0103 viruso-bacteriana masiv\u0103, insuficien\u021b\u0103 cardiac\u0103, hepatic\u0103, [&hellip;]<\/p>\n","protected":false},"author":4,"featured_media":39598,"comment_status":"closed","ping_status":"closed","sticky":false,"template":"","format":"standard","meta":{"footnotes":""},"categories":[6349],"tags":[],"class_list":["post-44119","post","type-post","status-publish","format-standard","has-post-thumbnail","hentry","category-social"],"yoast_head":"<!-- This site is optimized with the Yoast SEO plugin v27.4 - https:\/\/yoast.com\/product\/yoast-seo-wordpress\/ -->\n<title>Gripa a mai f\u0103cut o victim\u0103 \u00een Capital\u0103. \u00cen total 4 moldoveni au murit<\/title>\n<meta name=\"description\" content=\"Un b\u0103rbat din Capital\u0103, \u00een v\u00e2rst\u0103 de 40 de ani, a murit acum c\u00e2teva zile \u00een urma complica\u021biilor virusului gripal A(H1N1).\" \/>\n<meta name=\"robots\" content=\"index, follow, max-snippet:-1, max-image-preview:large, max-video-preview:-1\" \/>\n<link rel=\"canonical\" href=\"https:\/\/www.btv.md\/ro\/gripa-a-mai-facut-o-victima-in-capitala-in-total-4-moldoveni-au-murit\/\" \/>\n<meta property=\"og:locale\" content=\"ro_RO\" \/>\n<meta property=\"og:type\" content=\"article\" \/>\n<meta property=\"og:title\" content=\"Gripa a mai f\u0103cut o victim\u0103 \u00een Capital\u0103. \u00cen total 4 moldoveni au murit\" \/>\n<meta property=\"og:description\" content=\"Un b\u0103rbat din Capital\u0103, \u00een v\u00e2rst\u0103 de 40 de ani, a murit acum c\u00e2teva zile \u00een urma complica\u021biilor virusului gripal A(H1N1).\" \/>\n<meta property=\"og:url\" content=\"https:\/\/www.btv.md\/ro\/gripa-a-mai-facut-o-victima-in-capitala-in-total-4-moldoveni-au-murit\/\" \/>\n<meta property=\"og:site_name\" content=\"BTV\" \/>\n<meta property=\"article:publisher\" content=\"https:\/\/www.facebook.com\/btvmoldova\/\" \/>\n<meta property=\"article:published_time\" content=\"2018-03-28T18:48:50+00:00\" \/>\n<meta property=\"og:image\" content=\"https:\/\/www.btv.md\/wp-content\/uploads\/2018\/01\/grip_h1n1.jpg\" \/>\n\t<meta property=\"og:image:width\" content=\"700\" \/>\n\t<meta property=\"og:image:height\" content=\"500\" \/>\n\t<meta property=\"og:image:type\" content=\"image\/jpeg\" \/>\n<meta name=\"author\" content=\"admin\" \/>\n<meta name=\"twitter:label1\" content=\"Scris de\" \/>\n\t<meta name=\"twitter:data1\" content=\"admin\" \/>\n\t<meta name=\"twitter:label2\" content=\"Timp estimat pentru citire\" \/>\n\t<meta name=\"twitter:data2\" content=\"2 minute\" \/>\n<script type=\"application\/ld+json\" class=\"yoast-schema-graph\">{\"@context\":\"https:\\\/\\\/schema.org\",\"@graph\":[{\"@type\":\"Article\",\"@id\":\"https:\\\/\\\/www.btv.md\\\/ro\\\/gripa-a-mai-facut-o-victima-in-capitala-in-total-4-moldoveni-au-murit\\\/#article\",\"isPartOf\":{\"@id\":\"https:\\\/\\\/www.btv.md\\\/ro\\\/gripa-a-mai-facut-o-victima-in-capitala-in-total-4-moldoveni-au-murit\\\/\"},\"author\":{\"name\":\"admin\",\"@id\":\"https:\\\/\\\/www.btv.md\\\/#\\\/schema\\\/person\\\/8fadce81561b3ce2c34c46dadc4ccbf2\"},\"headline\":\"Gripa a mai f\u0103cut o victim\u0103 \u00een Capital\u0103. \u00cen total 4 moldoveni au murit\",\"datePublished\":\"2018-03-28T18:48:50+00:00\",\"mainEntityOfPage\":{\"@id\":\"https:\\\/\\\/www.btv.md\\\/ro\\\/gripa-a-mai-facut-o-victima-in-capitala-in-total-4-moldoveni-au-murit\\\/\"},\"wordCount\":357,\"image\":{\"@id\":\"https:\\\/\\\/www.btv.md\\\/ro\\\/gripa-a-mai-facut-o-victima-in-capitala-in-total-4-moldoveni-au-murit\\\/#primaryimage\"},\"thumbnailUrl\":\"https:\\\/\\\/www.btv.md\\\/wp-content\\\/uploads\\\/2018\\\/01\\\/grip_h1n1.jpg\",\"articleSection\":[\"Social\"],\"inLanguage\":\"ro-RO\"},{\"@type\":\"WebPage\",\"@id\":\"https:\\\/\\\/www.btv.md\\\/ro\\\/gripa-a-mai-facut-o-victima-in-capitala-in-total-4-moldoveni-au-murit\\\/\",\"url\":\"https:\\\/\\\/www.btv.md\\\/ro\\\/gripa-a-mai-facut-o-victima-in-capitala-in-total-4-moldoveni-au-murit\\\/\",\"name\":\"Gripa a mai f\u0103cut o victim\u0103 \u00een Capital\u0103. \u00cen total 4 moldoveni au murit\",\"isPartOf\":{\"@id\":\"https:\\\/\\\/www.btv.md\\\/#website\"},\"primaryImageOfPage\":{\"@id\":\"https:\\\/\\\/www.btv.md\\\/ro\\\/gripa-a-mai-facut-o-victima-in-capitala-in-total-4-moldoveni-au-murit\\\/#primaryimage\"},\"image\":{\"@id\":\"https:\\\/\\\/www.btv.md\\\/ro\\\/gripa-a-mai-facut-o-victima-in-capitala-in-total-4-moldoveni-au-murit\\\/#primaryimage\"},\"thumbnailUrl\":\"https:\\\/\\\/www.btv.md\\\/wp-content\\\/uploads\\\/2018\\\/01\\\/grip_h1n1.jpg\",\"datePublished\":\"2018-03-28T18:48:50+00:00\",\"author\":{\"@id\":\"https:\\\/\\\/www.btv.md\\\/#\\\/schema\\\/person\\\/8fadce81561b3ce2c34c46dadc4ccbf2\"},\"description\":\"Un b\u0103rbat din Capital\u0103, \u00een v\u00e2rst\u0103 de 40 de ani, a murit acum c\u00e2teva zile \u00een urma complica\u021biilor virusului gripal A(H1N1).\",\"inLanguage\":\"ro-RO\",\"potentialAction\":[{\"@type\":\"ReadAction\",\"target\":[\"https:\\\/\\\/www.btv.md\\\/ro\\\/gripa-a-mai-facut-o-victima-in-capitala-in-total-4-moldoveni-au-murit\\\/\"]}]},{\"@type\":\"ImageObject\",\"inLanguage\":\"ro-RO\",\"@id\":\"https:\\\/\\\/www.btv.md\\\/ro\\\/gripa-a-mai-facut-o-victima-in-capitala-in-total-4-moldoveni-au-murit\\\/#primaryimage\",\"url\":\"https:\\\/\\\/www.btv.md\\\/wp-content\\\/uploads\\\/2018\\\/01\\\/grip_h1n1.jpg\",\"contentUrl\":\"https:\\\/\\\/www.btv.md\\\/wp-content\\\/uploads\\\/2018\\\/01\\\/grip_h1n1.jpg\",\"width\":700,\"height\":500},{\"@type\":\"WebSite\",\"@id\":\"https:\\\/\\\/www.btv.md\\\/#website\",\"url\":\"https:\\\/\\\/www.btv.md\\\/\",\"name\":\"BTV\",\"description\":\"\u0411\u0435\u043b\u044c\u0446\u043a\u043e\u0435 \u0442\u0435\u043b\u0435\u0432\u0438\u0434\u0435\u043d\u0438\u0435\",\"potentialAction\":[{\"@type\":\"SearchAction\",\"target\":{\"@type\":\"EntryPoint\",\"urlTemplate\":\"https:\\\/\\\/www.btv.md\\\/?s={search_term_string}\"},\"query-input\":{\"@type\":\"PropertyValueSpecification\",\"valueRequired\":true,\"valueName\":\"search_term_string\"}}],\"inLanguage\":\"ro-RO\"},{\"@type\":\"Person\",\"@id\":\"https:\\\/\\\/www.btv.md\\\/#\\\/schema\\\/person\\\/8fadce81561b3ce2c34c46dadc4ccbf2\",\"name\":\"admin\"}]}<\/script>\n<!-- \/ Yoast SEO plugin. -->","yoast_head_json":{"title":"Gripa a mai f\u0103cut o victim\u0103 \u00een Capital\u0103. \u00cen total 4 moldoveni au murit","description":"Un b\u0103rbat din Capital\u0103, \u00een v\u00e2rst\u0103 de 40 de ani, a murit acum c\u00e2teva zile \u00een urma complica\u021biilor virusului gripal A(H1N1).","robots":{"index":"index","follow":"follow","max-snippet":"max-snippet:-1","max-image-preview":"max-image-preview:large","max-video-preview":"max-video-preview:-1"},"canonical":"https:\/\/www.btv.md\/ro\/gripa-a-mai-facut-o-victima-in-capitala-in-total-4-moldoveni-au-murit\/","og_locale":"ro_RO","og_type":"article","og_title":"Gripa a mai f\u0103cut o victim\u0103 \u00een Capital\u0103. \u00cen total 4 moldoveni au murit","og_description":"Un b\u0103rbat din Capital\u0103, \u00een v\u00e2rst\u0103 de 40 de ani, a murit acum c\u00e2teva zile \u00een urma complica\u021biilor virusului gripal A(H1N1).","og_url":"https:\/\/www.btv.md\/ro\/gripa-a-mai-facut-o-victima-in-capitala-in-total-4-moldoveni-au-murit\/","og_site_name":"BTV","article_publisher":"https:\/\/www.facebook.com\/btvmoldova\/","article_published_time":"2018-03-28T18:48:50+00:00","og_image":[{"width":700,"height":500,"url":"https:\/\/www.btv.md\/wp-content\/uploads\/2018\/01\/grip_h1n1.jpg","type":"image\/jpeg"}],"author":"admin","twitter_misc":{"Scris de":"admin","Timp estimat pentru citire":"2 minute"},"schema":{"@context":"https:\/\/schema.org","@graph":[{"@type":"Article","@id":"https:\/\/www.btv.md\/ro\/gripa-a-mai-facut-o-victima-in-capitala-in-total-4-moldoveni-au-murit\/#article","isPartOf":{"@id":"https:\/\/www.btv.md\/ro\/gripa-a-mai-facut-o-victima-in-capitala-in-total-4-moldoveni-au-murit\/"},"author":{"name":"admin","@id":"https:\/\/www.btv.md\/#\/schema\/person\/8fadce81561b3ce2c34c46dadc4ccbf2"},"headline":"Gripa a mai f\u0103cut o victim\u0103 \u00een Capital\u0103. \u00cen total 4 moldoveni au murit","datePublished":"2018-03-28T18:48:50+00:00","mainEntityOfPage":{"@id":"https:\/\/www.btv.md\/ro\/gripa-a-mai-facut-o-victima-in-capitala-in-total-4-moldoveni-au-murit\/"},"wordCount":357,"image":{"@id":"https:\/\/www.btv.md\/ro\/gripa-a-mai-facut-o-victima-in-capitala-in-total-4-moldoveni-au-murit\/#primaryimage"},"thumbnailUrl":"https:\/\/www.btv.md\/wp-content\/uploads\/2018\/01\/grip_h1n1.jpg","articleSection":["Social"],"inLanguage":"ro-RO"},{"@type":"WebPage","@id":"https:\/\/www.btv.md\/ro\/gripa-a-mai-facut-o-victima-in-capitala-in-total-4-moldoveni-au-murit\/","url":"https:\/\/www.btv.md\/ro\/gripa-a-mai-facut-o-victima-in-capitala-in-total-4-moldoveni-au-murit\/","name":"Gripa a mai f\u0103cut o victim\u0103 \u00een Capital\u0103. \u00cen total 4 moldoveni au murit","isPartOf":{"@id":"https:\/\/www.btv.md\/#website"},"primaryImageOfPage":{"@id":"https:\/\/www.btv.md\/ro\/gripa-a-mai-facut-o-victima-in-capitala-in-total-4-moldoveni-au-murit\/#primaryimage"},"image":{"@id":"https:\/\/www.btv.md\/ro\/gripa-a-mai-facut-o-victima-in-capitala-in-total-4-moldoveni-au-murit\/#primaryimage"},"thumbnailUrl":"https:\/\/www.btv.md\/wp-content\/uploads\/2018\/01\/grip_h1n1.jpg","datePublished":"2018-03-28T18:48:50+00:00","author":{"@id":"https:\/\/www.btv.md\/#\/schema\/person\/8fadce81561b3ce2c34c46dadc4ccbf2"},"description":"Un b\u0103rbat din Capital\u0103, \u00een v\u00e2rst\u0103 de 40 de ani, a murit acum c\u00e2teva zile \u00een urma complica\u021biilor virusului gripal A(H1N1).","inLanguage":"ro-RO","potentialAction":[{"@type":"ReadAction","target":["https:\/\/www.btv.md\/ro\/gripa-a-mai-facut-o-victima-in-capitala-in-total-4-moldoveni-au-murit\/"]}]},{"@type":"ImageObject","inLanguage":"ro-RO","@id":"https:\/\/www.btv.md\/ro\/gripa-a-mai-facut-o-victima-in-capitala-in-total-4-moldoveni-au-murit\/#primaryimage","url":"https:\/\/www.btv.md\/wp-content\/uploads\/2018\/01\/grip_h1n1.jpg","contentUrl":"https:\/\/www.btv.md\/wp-content\/uploads\/2018\/01\/grip_h1n1.jpg","width":700,"height":500},{"@type":"WebSite","@id":"https:\/\/www.btv.md\/#website","url":"https:\/\/www.btv.md\/","name":"BTV","description":"\u0411\u0435\u043b\u044c\u0446\u043a\u043e\u0435 \u0442\u0435\u043b\u0435\u0432\u0438\u0434\u0435\u043d\u0438\u0435","potentialAction":[{"@type":"SearchAction","target":{"@type":"EntryPoint","urlTemplate":"https:\/\/www.btv.md\/?s={search_term_string}"},"query-input":{"@type":"PropertyValueSpecification","valueRequired":true,"valueName":"search_term_string"}}],"inLanguage":"ro-RO"},{"@type":"Person","@id":"https:\/\/www.btv.md\/#\/schema\/person\/8fadce81561b3ce2c34c46dadc4ccbf2","name":"admin"}]}},"_links":{"self":[{"href":"https:\/\/www.btv.md\/ro\/wp-json\/wp\/v2\/posts\/44119","targetHints":{"allow":["GET"]}}],"collection":[{"href":"https:\/\/www.btv.md\/ro\/wp-json\/wp\/v2\/posts"}],"about":[{"href":"https:\/\/www.btv.md\/ro\/wp-json\/wp\/v2\/types\/post"}],"author":[{"embeddable":true,"href":"https:\/\/www.btv.md\/ro\/wp-json\/wp\/v2\/users\/4"}],"replies":[{"embeddable":true,"href":"https:\/\/www.btv.md\/ro\/wp-json\/wp\/v2\/comments?post=44119"}],"version-history":[{"count":0,"href":"https:\/\/www.btv.md\/ro\/wp-json\/wp\/v2\/posts\/44119\/revisions"}],"wp:featuredmedia":[{"embeddable":true,"href":"https:\/\/www.btv.md\/ro\/wp-json\/wp\/v2\/media\/39598"}],"wp:attachment":[{"href":"https:\/\/www.btv.md\/ro\/wp-json\/wp\/v2\/media?parent=44119"}],"wp:term":[{"taxonomy":"category","embeddable":true,"href":"https:\/\/www.btv.md\/ro\/wp-json\/wp\/v2\/categories?post=44119"},{"taxonomy":"post_tag","embeddable":true,"href":"https:\/\/www.btv.md\/ro\/wp-json\/wp\/v2\/tags?post=44119"}],"curies":[{"name":"wp","href":"https:\/\/api.w.org\/{rel}","templated":true}]}}