{"id":44121,"date":"2018-03-28T21:56:46","date_gmt":"2018-03-28T18:56:46","guid":{"rendered":"https:\/\/btv.md\/?p=44121"},"modified":"2018-03-28T21:56:46","modified_gmt":"2018-03-28T18:56:46","slug":"inundatii-in-zeci-de-localitati-din-sudul-romaniei","status":"publish","type":"post","link":"https:\/\/www.btv.md\/ro\/inundatii-in-zeci-de-localitati-din-sudul-romaniei\/","title":{"rendered":"Inunda\u0163ii \u00een zeci de localit\u0103\u0163i din sudul Rom\u00e2niei"},"content":{"rendered":"<p style=\"text-align: center;\"><iframe data-src=\"https:\/\/www.youtube.com\/embed\/dKmj0cYi_wo\" width=\"854\" height=\"480\" frameborder=\"0\" allowfullscreen=\"allowfullscreen\" src=\"data:image\/svg+xml;base64,PHN2ZyB3aWR0aD0iMSIgaGVpZ2h0PSIxIiB4bWxucz0iaHR0cDovL3d3dy53My5vcmcvMjAwMC9zdmciPjwvc3ZnPg==\" class=\"lazyload\" data-load-mode=\"1\"><\/iframe><\/p>\n<h4>Inunda\u0163ii \u00een Rom\u00e2nia, dup\u0103 \u00eenc\u0103lzirea brusc\u0103 a vremii. Zeci de gospod\u0103rii din 15 localit\u0103\u0163i din Teleorman au fost afectate de inunda\u0163iile produse, \u00een principal, de topirea rapid\u0103 a z\u0103pezii.<\/h4>\n<p>Traficul este blocat miercuri diminea\u021b\u0103 pe \u0218oseaua de Centur\u0103, \u00een zona Chitila &#8211; Chiajna, la kilometrul 58, din cauza inunda\u0163iilor. Z\u0103pada s-a topit, iar \u015foseaua s-a umplut cu ap\u0103, scrie\u00a0<a href=\"https:\/\/www.realitatea.net\/romania-sub-ape-inundatii-in-zeci-de-localitati_2141843.html\">realitatea.net.<\/a><\/p>\n<p>\u201eCircula\u0163ia pe sensul Chitila &#8211; Chiajna al \u015foselei de centur\u0103 a Capitalei este \u00eentrerupt\u0103 la km 58+100 de metri. Situa\u0163ia a ap\u0103rut ca urmare a acumul\u0103rii de ap\u0103 pe carosabil, rezultat\u0103 din topirea z\u0103pezii. Traficul se desf\u0103\u015foar\u0103 deviat, pe cel\u0103lalt sens de deplasare&#8221;, transmit reprezentan\u021bii Centrului Infotrafic.<\/p>\n<p>Inspectoratul pentru Situa\u0163ii de Urgen\u0163\u0103 Teleorman a anun\u0163at c\u0103 cele mai multe gospod\u0103rii inundate sunt \u00een \u0162ig\u0103ne\u015fti, respectiv 45.<\/p>\n<p>Pompierii ac\u0163ioneaz\u0103 \u015fi la aceast\u0103 or\u0103 pentru scoaterea apei din case \u015fi cur\u0163i. Jude\u0163ul Teleorman se afl\u0103 sub cod portocaliu de inunda\u0163ii p\u00e2n\u0103 disear\u0103.<\/p>\n<p>Alerta este valabil\u0103 \u015fi pentru r\u00e2urile din Arge\u015f, D\u00e2mbovi\u0163a \u015fi Giurgiu. De asemenea, p\u00e2n\u0103 m\u00e2ine la ora 16:00, este cod galben de inunda\u0163ii \u00een alte nou\u0103 jude\u0163e din sudul \u0163\u0103rii.<\/p>\n<p>Este cod portocaliu de inunda\u021bii acum pe r\u00e2urile din patru jude\u021be: Arge\u015f, Teleorman, D\u00e2mbovi\u0163a \u015fi Giurgiu. \u00cen unele locuri sunt posbile chiar dep\u0103\u0219iri ale cotelor de ap\u0103rare.<\/p>\n<p>&nbsp;<\/p>\n","protected":false},"excerpt":{"rendered":"<p>Inunda\u0163ii \u00een Rom\u00e2nia, dup\u0103 \u00eenc\u0103lzirea brusc\u0103 a vremii. Zeci de gospod\u0103rii din 15 localit\u0103\u0163i din Teleorman au fost afectate de inunda\u0163iile produse, \u00een principal, de topirea rapid\u0103 a z\u0103pezii. Traficul este blocat miercuri diminea\u021b\u0103 pe \u0218oseaua de Centur\u0103, \u00een zona Chitila &#8211; Chiajna, la kilometrul 58, din cauza inunda\u0163iilor. Z\u0103pada s-a topit, iar \u015foseaua s-a [&hellip;]<\/p>\n","protected":false},"author":4,"featured_media":44122,"comment_status":"closed","ping_status":"closed","sticky":false,"template":"","format":"standard","meta":{"footnotes":""},"categories":[6351],"tags":[],"class_list":["post-44121","post","type-post","status-publish","format-standard","has-post-thumbnail","hentry","category-incidente"],"yoast_head":"<!-- This site is optimized with the Yoast SEO plugin v27.4 - https:\/\/yoast.com\/product\/yoast-seo-wordpress\/ -->\n<title>Inunda\u0163ii \u00een zeci de localit\u0103\u0163i din sudul Rom\u00e2niei<\/title>\n<meta name=\"description\" content=\"Inunda\u0163ii \u00een Rom\u00e2nia, dup\u0103 \u00eenc\u0103lzirea brusc\u0103 a vremii. Zeci de gospod\u0103rii din 15 localit\u0103\u0163i din Teleorman au fost afectate de inunda\u0163iile produse, \u00een principal, de topirea rapid\u0103 a z\u0103pezii.\" \/>\n<meta name=\"robots\" content=\"index, follow, max-snippet:-1, max-image-preview:large, max-video-preview:-1\" \/>\n<link rel=\"canonical\" href=\"https:\/\/www.btv.md\/ro\/inundatii-in-zeci-de-localitati-din-sudul-romaniei\/\" \/>\n<meta property=\"og:locale\" content=\"ro_RO\" \/>\n<meta property=\"og:type\" content=\"article\" \/>\n<meta property=\"og:title\" content=\"Inunda\u0163ii \u00een zeci de localit\u0103\u0163i din sudul Rom\u00e2niei\" \/>\n<meta property=\"og:description\" content=\"Inunda\u0163ii \u00een Rom\u00e2nia, dup\u0103 \u00eenc\u0103lzirea brusc\u0103 a vremii. Zeci de gospod\u0103rii din 15 localit\u0103\u0163i din Teleorman au fost afectate de inunda\u0163iile produse, \u00een principal, de topirea rapid\u0103 a z\u0103pezii.\" \/>\n<meta property=\"og:url\" content=\"https:\/\/www.btv.md\/ro\/inundatii-in-zeci-de-localitati-din-sudul-romaniei\/\" \/>\n<meta property=\"og:site_name\" content=\"BTV\" \/>\n<meta property=\"article:publisher\" content=\"https:\/\/www.facebook.com\/btvmoldova\/\" \/>\n<meta property=\"article:published_time\" content=\"2018-03-28T18:56:46+00:00\" \/>\n<meta property=\"og:image\" content=\"https:\/\/www.btv.md\/wp-content\/uploads\/2018\/03\/media-141940567400925200.jpg\" \/>\n\t<meta property=\"og:image:width\" content=\"700\" \/>\n\t<meta property=\"og:image:height\" content=\"500\" \/>\n\t<meta property=\"og:image:type\" content=\"image\/jpeg\" \/>\n<meta name=\"author\" content=\"admin\" \/>\n<meta name=\"twitter:label1\" content=\"Scris de\" \/>\n\t<meta name=\"twitter:data1\" content=\"admin\" \/>\n\t<meta name=\"twitter:label2\" content=\"Timp estimat pentru citire\" \/>\n\t<meta name=\"twitter:data2\" content=\"1 minut\" \/>\n<script type=\"application\/ld+json\" class=\"yoast-schema-graph\">{\"@context\":\"https:\\\/\\\/schema.org\",\"@graph\":[{\"@type\":\"Article\",\"@id\":\"https:\\\/\\\/www.btv.md\\\/ro\\\/inundatii-in-zeci-de-localitati-din-sudul-romaniei\\\/#article\",\"isPartOf\":{\"@id\":\"https:\\\/\\\/www.btv.md\\\/ro\\\/inundatii-in-zeci-de-localitati-din-sudul-romaniei\\\/\"},\"author\":{\"name\":\"admin\",\"@id\":\"https:\\\/\\\/www.btv.md\\\/#\\\/schema\\\/person\\\/8fadce81561b3ce2c34c46dadc4ccbf2\"},\"headline\":\"Inunda\u0163ii \u00een zeci de localit\u0103\u0163i din sudul Rom\u00e2niei\",\"datePublished\":\"2018-03-28T18:56:46+00:00\",\"mainEntityOfPage\":{\"@id\":\"https:\\\/\\\/www.btv.md\\\/ro\\\/inundatii-in-zeci-de-localitati-din-sudul-romaniei\\\/\"},\"wordCount\":256,\"image\":{\"@id\":\"https:\\\/\\\/www.btv.md\\\/ro\\\/inundatii-in-zeci-de-localitati-din-sudul-romaniei\\\/#primaryimage\"},\"thumbnailUrl\":\"https:\\\/\\\/www.btv.md\\\/wp-content\\\/uploads\\\/2018\\\/03\\\/media-141940567400925200.jpg\",\"articleSection\":[\"Incidente\"],\"inLanguage\":\"ro-RO\"},{\"@type\":\"WebPage\",\"@id\":\"https:\\\/\\\/www.btv.md\\\/ro\\\/inundatii-in-zeci-de-localitati-din-sudul-romaniei\\\/\",\"url\":\"https:\\\/\\\/www.btv.md\\\/ro\\\/inundatii-in-zeci-de-localitati-din-sudul-romaniei\\\/\",\"name\":\"Inunda\u0163ii \u00een zeci de localit\u0103\u0163i din sudul Rom\u00e2niei\",\"isPartOf\":{\"@id\":\"https:\\\/\\\/www.btv.md\\\/#website\"},\"primaryImageOfPage\":{\"@id\":\"https:\\\/\\\/www.btv.md\\\/ro\\\/inundatii-in-zeci-de-localitati-din-sudul-romaniei\\\/#primaryimage\"},\"image\":{\"@id\":\"https:\\\/\\\/www.btv.md\\\/ro\\\/inundatii-in-zeci-de-localitati-din-sudul-romaniei\\\/#primaryimage\"},\"thumbnailUrl\":\"https:\\\/\\\/www.btv.md\\\/wp-content\\\/uploads\\\/2018\\\/03\\\/media-141940567400925200.jpg\",\"datePublished\":\"2018-03-28T18:56:46+00:00\",\"author\":{\"@id\":\"https:\\\/\\\/www.btv.md\\\/#\\\/schema\\\/person\\\/8fadce81561b3ce2c34c46dadc4ccbf2\"},\"description\":\"Inunda\u0163ii \u00een Rom\u00e2nia, dup\u0103 \u00eenc\u0103lzirea brusc\u0103 a vremii. Zeci de gospod\u0103rii din 15 localit\u0103\u0163i din Teleorman au fost afectate de inunda\u0163iile produse, \u00een principal, de topirea rapid\u0103 a z\u0103pezii.\",\"inLanguage\":\"ro-RO\",\"potentialAction\":[{\"@type\":\"ReadAction\",\"target\":[\"https:\\\/\\\/www.btv.md\\\/ro\\\/inundatii-in-zeci-de-localitati-din-sudul-romaniei\\\/\"]}]},{\"@type\":\"ImageObject\",\"inLanguage\":\"ro-RO\",\"@id\":\"https:\\\/\\\/www.btv.md\\\/ro\\\/inundatii-in-zeci-de-localitati-din-sudul-romaniei\\\/#primaryimage\",\"url\":\"https:\\\/\\\/www.btv.md\\\/wp-content\\\/uploads\\\/2018\\\/03\\\/media-141940567400925200.jpg\",\"contentUrl\":\"https:\\\/\\\/www.btv.md\\\/wp-content\\\/uploads\\\/2018\\\/03\\\/media-141940567400925200.jpg\",\"width\":700,\"height\":500},{\"@type\":\"WebSite\",\"@id\":\"https:\\\/\\\/www.btv.md\\\/#website\",\"url\":\"https:\\\/\\\/www.btv.md\\\/\",\"name\":\"BTV\",\"description\":\"\u0411\u0435\u043b\u044c\u0446\u043a\u043e\u0435 \u0442\u0435\u043b\u0435\u0432\u0438\u0434\u0435\u043d\u0438\u0435\",\"potentialAction\":[{\"@type\":\"SearchAction\",\"target\":{\"@type\":\"EntryPoint\",\"urlTemplate\":\"https:\\\/\\\/www.btv.md\\\/?s={search_term_string}\"},\"query-input\":{\"@type\":\"PropertyValueSpecification\",\"valueRequired\":true,\"valueName\":\"search_term_string\"}}],\"inLanguage\":\"ro-RO\"},{\"@type\":\"Person\",\"@id\":\"https:\\\/\\\/www.btv.md\\\/#\\\/schema\\\/person\\\/8fadce81561b3ce2c34c46dadc4ccbf2\",\"name\":\"admin\"}]}<\/script>\n<!-- \/ Yoast SEO plugin. -->","yoast_head_json":{"title":"Inunda\u0163ii \u00een zeci de localit\u0103\u0163i din sudul Rom\u00e2niei","description":"Inunda\u0163ii \u00een Rom\u00e2nia, dup\u0103 \u00eenc\u0103lzirea brusc\u0103 a vremii. Zeci de gospod\u0103rii din 15 localit\u0103\u0163i din Teleorman au fost afectate de inunda\u0163iile produse, \u00een principal, de topirea rapid\u0103 a z\u0103pezii.","robots":{"index":"index","follow":"follow","max-snippet":"max-snippet:-1","max-image-preview":"max-image-preview:large","max-video-preview":"max-video-preview:-1"},"canonical":"https:\/\/www.btv.md\/ro\/inundatii-in-zeci-de-localitati-din-sudul-romaniei\/","og_locale":"ro_RO","og_type":"article","og_title":"Inunda\u0163ii \u00een zeci de localit\u0103\u0163i din sudul Rom\u00e2niei","og_description":"Inunda\u0163ii \u00een Rom\u00e2nia, dup\u0103 \u00eenc\u0103lzirea brusc\u0103 a vremii. Zeci de gospod\u0103rii din 15 localit\u0103\u0163i din Teleorman au fost afectate de inunda\u0163iile produse, \u00een principal, de topirea rapid\u0103 a z\u0103pezii.","og_url":"https:\/\/www.btv.md\/ro\/inundatii-in-zeci-de-localitati-din-sudul-romaniei\/","og_site_name":"BTV","article_publisher":"https:\/\/www.facebook.com\/btvmoldova\/","article_published_time":"2018-03-28T18:56:46+00:00","og_image":[{"width":700,"height":500,"url":"https:\/\/www.btv.md\/wp-content\/uploads\/2018\/03\/media-141940567400925200.jpg","type":"image\/jpeg"}],"author":"admin","twitter_misc":{"Scris de":"admin","Timp estimat pentru citire":"1 minut"},"schema":{"@context":"https:\/\/schema.org","@graph":[{"@type":"Article","@id":"https:\/\/www.btv.md\/ro\/inundatii-in-zeci-de-localitati-din-sudul-romaniei\/#article","isPartOf":{"@id":"https:\/\/www.btv.md\/ro\/inundatii-in-zeci-de-localitati-din-sudul-romaniei\/"},"author":{"name":"admin","@id":"https:\/\/www.btv.md\/#\/schema\/person\/8fadce81561b3ce2c34c46dadc4ccbf2"},"headline":"Inunda\u0163ii \u00een zeci de localit\u0103\u0163i din sudul Rom\u00e2niei","datePublished":"2018-03-28T18:56:46+00:00","mainEntityOfPage":{"@id":"https:\/\/www.btv.md\/ro\/inundatii-in-zeci-de-localitati-din-sudul-romaniei\/"},"wordCount":256,"image":{"@id":"https:\/\/www.btv.md\/ro\/inundatii-in-zeci-de-localitati-din-sudul-romaniei\/#primaryimage"},"thumbnailUrl":"https:\/\/www.btv.md\/wp-content\/uploads\/2018\/03\/media-141940567400925200.jpg","articleSection":["Incidente"],"inLanguage":"ro-RO"},{"@type":"WebPage","@id":"https:\/\/www.btv.md\/ro\/inundatii-in-zeci-de-localitati-din-sudul-romaniei\/","url":"https:\/\/www.btv.md\/ro\/inundatii-in-zeci-de-localitati-din-sudul-romaniei\/","name":"Inunda\u0163ii \u00een zeci de localit\u0103\u0163i din sudul Rom\u00e2niei","isPartOf":{"@id":"https:\/\/www.btv.md\/#website"},"primaryImageOfPage":{"@id":"https:\/\/www.btv.md\/ro\/inundatii-in-zeci-de-localitati-din-sudul-romaniei\/#primaryimage"},"image":{"@id":"https:\/\/www.btv.md\/ro\/inundatii-in-zeci-de-localitati-din-sudul-romaniei\/#primaryimage"},"thumbnailUrl":"https:\/\/www.btv.md\/wp-content\/uploads\/2018\/03\/media-141940567400925200.jpg","datePublished":"2018-03-28T18:56:46+00:00","author":{"@id":"https:\/\/www.btv.md\/#\/schema\/person\/8fadce81561b3ce2c34c46dadc4ccbf2"},"description":"Inunda\u0163ii \u00een Rom\u00e2nia, dup\u0103 \u00eenc\u0103lzirea brusc\u0103 a vremii. Zeci de gospod\u0103rii din 15 localit\u0103\u0163i din Teleorman au fost afectate de inunda\u0163iile produse, \u00een principal, de topirea rapid\u0103 a z\u0103pezii.","inLanguage":"ro-RO","potentialAction":[{"@type":"ReadAction","target":["https:\/\/www.btv.md\/ro\/inundatii-in-zeci-de-localitati-din-sudul-romaniei\/"]}]},{"@type":"ImageObject","inLanguage":"ro-RO","@id":"https:\/\/www.btv.md\/ro\/inundatii-in-zeci-de-localitati-din-sudul-romaniei\/#primaryimage","url":"https:\/\/www.btv.md\/wp-content\/uploads\/2018\/03\/media-141940567400925200.jpg","contentUrl":"https:\/\/www.btv.md\/wp-content\/uploads\/2018\/03\/media-141940567400925200.jpg","width":700,"height":500},{"@type":"WebSite","@id":"https:\/\/www.btv.md\/#website","url":"https:\/\/www.btv.md\/","name":"BTV","description":"\u0411\u0435\u043b\u044c\u0446\u043a\u043e\u0435 \u0442\u0435\u043b\u0435\u0432\u0438\u0434\u0435\u043d\u0438\u0435","potentialAction":[{"@type":"SearchAction","target":{"@type":"EntryPoint","urlTemplate":"https:\/\/www.btv.md\/?s={search_term_string}"},"query-input":{"@type":"PropertyValueSpecification","valueRequired":true,"valueName":"search_term_string"}}],"inLanguage":"ro-RO"},{"@type":"Person","@id":"https:\/\/www.btv.md\/#\/schema\/person\/8fadce81561b3ce2c34c46dadc4ccbf2","name":"admin"}]}},"_links":{"self":[{"href":"https:\/\/www.btv.md\/ro\/wp-json\/wp\/v2\/posts\/44121","targetHints":{"allow":["GET"]}}],"collection":[{"href":"https:\/\/www.btv.md\/ro\/wp-json\/wp\/v2\/posts"}],"about":[{"href":"https:\/\/www.btv.md\/ro\/wp-json\/wp\/v2\/types\/post"}],"author":[{"embeddable":true,"href":"https:\/\/www.btv.md\/ro\/wp-json\/wp\/v2\/users\/4"}],"replies":[{"embeddable":true,"href":"https:\/\/www.btv.md\/ro\/wp-json\/wp\/v2\/comments?post=44121"}],"version-history":[{"count":0,"href":"https:\/\/www.btv.md\/ro\/wp-json\/wp\/v2\/posts\/44121\/revisions"}],"wp:featuredmedia":[{"embeddable":true,"href":"https:\/\/www.btv.md\/ro\/wp-json\/wp\/v2\/media\/44122"}],"wp:attachment":[{"href":"https:\/\/www.btv.md\/ro\/wp-json\/wp\/v2\/media?parent=44121"}],"wp:term":[{"taxonomy":"category","embeddable":true,"href":"https:\/\/www.btv.md\/ro\/wp-json\/wp\/v2\/categories?post=44121"},{"taxonomy":"post_tag","embeddable":true,"href":"https:\/\/www.btv.md\/ro\/wp-json\/wp\/v2\/tags?post=44121"}],"curies":[{"name":"wp","href":"https:\/\/api.w.org\/{rel}","templated":true}]}}