{"id":44159,"date":"2018-03-28T17:35:31","date_gmt":"2018-03-28T14:35:31","guid":{"rendered":"https:\/\/btv.md\/?p=44159"},"modified":"2018-03-29T20:39:25","modified_gmt":"2018-03-29T17:39:25","slug":"tragedia-din-kemerovo-viceguvernatorul-regiunii-si-a-cerut-iertare-in-genunchi","status":"publish","type":"post","link":"https:\/\/www.btv.md\/ro\/tragedia-din-kemerovo-viceguvernatorul-regiunii-si-a-cerut-iertare-in-genunchi\/","title":{"rendered":"Tragedia din Kemerovo: viceguvernatorul regiunii \u0219i-a cerut iertare \u00een genunchi"},"content":{"rendered":"<h4>Protest spontan mar\u021bi \u00een pia\u021ba central\u0103 din Kemerovo, unde un mall a fost devastat duminic\u0103 de un incendiu care a f\u0103cut cel pu\u021bin 64 de mor\u021bi.<\/h4>\n<p>Viceguvernatorul regiunii Kuzbass, Serghei \u021aiviliov a ie\u015fit \u00een fa\u0163a mul\u0163imii. Oamenii l-au huidiut \u015fi au scandat \u201eUciga\u015fii!\u201d. Acesta \u015fi-a cerut iertare \u00een genunchi \u00een fa\u0163a lor, relateaz\u0103 Ria Novosti citat\u0103 de<a href=\"http:\/\/protv.md\/stiri\/international\/viceguvernatorul-regiunii-si-a-cerut-iertare-in-genunchi-dupa---2196131.html\">\u00a0protv.md.<\/a><\/p>\n<p>Vladimir Putin a calificat tragedia din Kemerovo drept \u201cneglijen\u0163\u0103 criminal\u0103\u201d.<\/p>\n<p>Mii de persoane au protestat mar\u0163i \u00een Kemerovo, cer\u00e2nd o anchet\u0103 curat\u0103 privind incendiul care a ucis cel pu\u0163in 64 de persoane \u00eentr-un centru comercial, 41 dintre cei deceda\u0163i fiind copii.<\/p>\n<p>Protestatarii contest\u0103 bilan\u0163ul oficial al celor deceda\u0163i \u015fi sus\u0163in c\u0103 autorit\u0103\u0163ile ascund num\u0103rul real.<\/p>\n<p>Fl\u0103c\u0103rile au cuprins duminic\u0103 centrul comercial Winter Cherry din Kemerovo iar investigatorii sus\u0163in c\u0103 alarmele de incendiu nu au func\u0163ionat \u015fi c\u0103 multe ie\u015firi de urgen\u0163\u0103 erau blocate.<\/p>\n","protected":false},"excerpt":{"rendered":"<p>Protest spontan mar\u021bi \u00een pia\u021ba central\u0103 din Kemerovo, unde un mall a fost devastat duminic\u0103 de un incendiu care a f\u0103cut cel pu\u021bin 64 de mor\u021bi. Viceguvernatorul regiunii Kuzbass, Serghei \u021aiviliov a ie\u015fit \u00een fa\u0163a mul\u0163imii. Oamenii l-au huidiut \u015fi au scandat \u201eUciga\u015fii!\u201d. Acesta \u015fi-a cerut iertare \u00een genunchi \u00een fa\u0163a lor, relateaz\u0103 Ria Novosti [&hellip;]<\/p>\n","protected":false},"author":4,"featured_media":44160,"comment_status":"closed","ping_status":"closed","sticky":false,"template":"","format":"standard","meta":{"footnotes":""},"categories":[6354],"tags":[],"class_list":["post-44159","post","type-post","status-publish","format-standard","has-post-thumbnail","hentry","category-externe-ro"],"yoast_head":"<!-- This site is optimized with the Yoast SEO plugin v27.4 - https:\/\/yoast.com\/product\/yoast-seo-wordpress\/ -->\n<title>Tragedia din Kemerovo: viceguvernatorul regiunii \u0219i-a cerut iertare \u00een genunchi<\/title>\n<meta name=\"description\" content=\"Protest spontan mar\u021bi \u00een pia\u021ba central\u0103 din Kemerovo, unde un mall a fost devastat duminic\u0103 de un incendiu care a f\u0103cut cel pu\u021bin 64 de mor\u021bi.\" \/>\n<meta name=\"robots\" content=\"index, follow, max-snippet:-1, max-image-preview:large, max-video-preview:-1\" \/>\n<link rel=\"canonical\" href=\"https:\/\/www.btv.md\/ro\/tragedia-din-kemerovo-viceguvernatorul-regiunii-si-a-cerut-iertare-in-genunchi\/\" \/>\n<meta property=\"og:locale\" content=\"ro_RO\" \/>\n<meta property=\"og:type\" content=\"article\" \/>\n<meta property=\"og:title\" content=\"Tragedia din Kemerovo: viceguvernatorul regiunii \u0219i-a cerut iertare \u00een genunchi\" \/>\n<meta property=\"og:description\" content=\"Protest spontan mar\u021bi \u00een pia\u021ba central\u0103 din Kemerovo, unde un mall a fost devastat duminic\u0103 de un incendiu care a f\u0103cut cel pu\u021bin 64 de mor\u021bi.\" \/>\n<meta property=\"og:url\" content=\"https:\/\/www.btv.md\/ro\/tragedia-din-kemerovo-viceguvernatorul-regiunii-si-a-cerut-iertare-in-genunchi\/\" \/>\n<meta property=\"og:site_name\" content=\"BTV\" \/>\n<meta property=\"article:publisher\" content=\"https:\/\/www.facebook.com\/btvmoldova\/\" \/>\n<meta property=\"article:published_time\" content=\"2018-03-28T14:35:31+00:00\" \/>\n<meta property=\"article:modified_time\" content=\"2018-03-29T17:39:25+00:00\" \/>\n<meta property=\"og:image\" content=\"https:\/\/www.btv.md\/wp-content\/uploads\/2018\/03\/1355265.jpg\" \/>\n\t<meta property=\"og:image:width\" content=\"700\" \/>\n\t<meta property=\"og:image:height\" content=\"500\" \/>\n\t<meta property=\"og:image:type\" content=\"image\/jpeg\" \/>\n<meta name=\"author\" content=\"admin\" \/>\n<meta name=\"twitter:label1\" content=\"Scris de\" \/>\n\t<meta name=\"twitter:data1\" content=\"admin\" \/>\n\t<meta name=\"twitter:label2\" content=\"Timp estimat pentru citire\" \/>\n\t<meta name=\"twitter:data2\" content=\"1 minut\" \/>\n<script type=\"application\/ld+json\" class=\"yoast-schema-graph\">{\"@context\":\"https:\\\/\\\/schema.org\",\"@graph\":[{\"@type\":\"Article\",\"@id\":\"https:\\\/\\\/www.btv.md\\\/ro\\\/tragedia-din-kemerovo-viceguvernatorul-regiunii-si-a-cerut-iertare-in-genunchi\\\/#article\",\"isPartOf\":{\"@id\":\"https:\\\/\\\/www.btv.md\\\/ro\\\/tragedia-din-kemerovo-viceguvernatorul-regiunii-si-a-cerut-iertare-in-genunchi\\\/\"},\"author\":{\"name\":\"admin\",\"@id\":\"https:\\\/\\\/www.btv.md\\\/#\\\/schema\\\/person\\\/8fadce81561b3ce2c34c46dadc4ccbf2\"},\"headline\":\"Tragedia din Kemerovo: viceguvernatorul regiunii \u0219i-a cerut iertare \u00een genunchi\",\"datePublished\":\"2018-03-28T14:35:31+00:00\",\"dateModified\":\"2018-03-29T17:39:25+00:00\",\"mainEntityOfPage\":{\"@id\":\"https:\\\/\\\/www.btv.md\\\/ro\\\/tragedia-din-kemerovo-viceguvernatorul-regiunii-si-a-cerut-iertare-in-genunchi\\\/\"},\"wordCount\":173,\"image\":{\"@id\":\"https:\\\/\\\/www.btv.md\\\/ro\\\/tragedia-din-kemerovo-viceguvernatorul-regiunii-si-a-cerut-iertare-in-genunchi\\\/#primaryimage\"},\"thumbnailUrl\":\"https:\\\/\\\/www.btv.md\\\/wp-content\\\/uploads\\\/2018\\\/03\\\/1355265.jpg\",\"articleSection\":[\"Externe\"],\"inLanguage\":\"ro-RO\"},{\"@type\":\"WebPage\",\"@id\":\"https:\\\/\\\/www.btv.md\\\/ro\\\/tragedia-din-kemerovo-viceguvernatorul-regiunii-si-a-cerut-iertare-in-genunchi\\\/\",\"url\":\"https:\\\/\\\/www.btv.md\\\/ro\\\/tragedia-din-kemerovo-viceguvernatorul-regiunii-si-a-cerut-iertare-in-genunchi\\\/\",\"name\":\"Tragedia din Kemerovo: viceguvernatorul regiunii \u0219i-a cerut iertare \u00een genunchi\",\"isPartOf\":{\"@id\":\"https:\\\/\\\/www.btv.md\\\/#website\"},\"primaryImageOfPage\":{\"@id\":\"https:\\\/\\\/www.btv.md\\\/ro\\\/tragedia-din-kemerovo-viceguvernatorul-regiunii-si-a-cerut-iertare-in-genunchi\\\/#primaryimage\"},\"image\":{\"@id\":\"https:\\\/\\\/www.btv.md\\\/ro\\\/tragedia-din-kemerovo-viceguvernatorul-regiunii-si-a-cerut-iertare-in-genunchi\\\/#primaryimage\"},\"thumbnailUrl\":\"https:\\\/\\\/www.btv.md\\\/wp-content\\\/uploads\\\/2018\\\/03\\\/1355265.jpg\",\"datePublished\":\"2018-03-28T14:35:31+00:00\",\"dateModified\":\"2018-03-29T17:39:25+00:00\",\"author\":{\"@id\":\"https:\\\/\\\/www.btv.md\\\/#\\\/schema\\\/person\\\/8fadce81561b3ce2c34c46dadc4ccbf2\"},\"description\":\"Protest spontan mar\u021bi \u00een pia\u021ba central\u0103 din Kemerovo, unde un mall a fost devastat duminic\u0103 de un incendiu care a f\u0103cut cel pu\u021bin 64 de mor\u021bi.\",\"inLanguage\":\"ro-RO\",\"potentialAction\":[{\"@type\":\"ReadAction\",\"target\":[\"https:\\\/\\\/www.btv.md\\\/ro\\\/tragedia-din-kemerovo-viceguvernatorul-regiunii-si-a-cerut-iertare-in-genunchi\\\/\"]}]},{\"@type\":\"ImageObject\",\"inLanguage\":\"ro-RO\",\"@id\":\"https:\\\/\\\/www.btv.md\\\/ro\\\/tragedia-din-kemerovo-viceguvernatorul-regiunii-si-a-cerut-iertare-in-genunchi\\\/#primaryimage\",\"url\":\"https:\\\/\\\/www.btv.md\\\/wp-content\\\/uploads\\\/2018\\\/03\\\/1355265.jpg\",\"contentUrl\":\"https:\\\/\\\/www.btv.md\\\/wp-content\\\/uploads\\\/2018\\\/03\\\/1355265.jpg\",\"width\":700,\"height\":500},{\"@type\":\"WebSite\",\"@id\":\"https:\\\/\\\/www.btv.md\\\/#website\",\"url\":\"https:\\\/\\\/www.btv.md\\\/\",\"name\":\"BTV\",\"description\":\"\u0411\u0435\u043b\u044c\u0446\u043a\u043e\u0435 \u0442\u0435\u043b\u0435\u0432\u0438\u0434\u0435\u043d\u0438\u0435\",\"potentialAction\":[{\"@type\":\"SearchAction\",\"target\":{\"@type\":\"EntryPoint\",\"urlTemplate\":\"https:\\\/\\\/www.btv.md\\\/?s={search_term_string}\"},\"query-input\":{\"@type\":\"PropertyValueSpecification\",\"valueRequired\":true,\"valueName\":\"search_term_string\"}}],\"inLanguage\":\"ro-RO\"},{\"@type\":\"Person\",\"@id\":\"https:\\\/\\\/www.btv.md\\\/#\\\/schema\\\/person\\\/8fadce81561b3ce2c34c46dadc4ccbf2\",\"name\":\"admin\"}]}<\/script>\n<!-- \/ Yoast SEO plugin. -->","yoast_head_json":{"title":"Tragedia din Kemerovo: viceguvernatorul regiunii \u0219i-a cerut iertare \u00een genunchi","description":"Protest spontan mar\u021bi \u00een pia\u021ba central\u0103 din Kemerovo, unde un mall a fost devastat duminic\u0103 de un incendiu care a f\u0103cut cel pu\u021bin 64 de mor\u021bi.","robots":{"index":"index","follow":"follow","max-snippet":"max-snippet:-1","max-image-preview":"max-image-preview:large","max-video-preview":"max-video-preview:-1"},"canonical":"https:\/\/www.btv.md\/ro\/tragedia-din-kemerovo-viceguvernatorul-regiunii-si-a-cerut-iertare-in-genunchi\/","og_locale":"ro_RO","og_type":"article","og_title":"Tragedia din Kemerovo: viceguvernatorul regiunii \u0219i-a cerut iertare \u00een genunchi","og_description":"Protest spontan mar\u021bi \u00een pia\u021ba central\u0103 din Kemerovo, unde un mall a fost devastat duminic\u0103 de un incendiu care a f\u0103cut cel pu\u021bin 64 de mor\u021bi.","og_url":"https:\/\/www.btv.md\/ro\/tragedia-din-kemerovo-viceguvernatorul-regiunii-si-a-cerut-iertare-in-genunchi\/","og_site_name":"BTV","article_publisher":"https:\/\/www.facebook.com\/btvmoldova\/","article_published_time":"2018-03-28T14:35:31+00:00","article_modified_time":"2018-03-29T17:39:25+00:00","og_image":[{"width":700,"height":500,"url":"https:\/\/www.btv.md\/wp-content\/uploads\/2018\/03\/1355265.jpg","type":"image\/jpeg"}],"author":"admin","twitter_misc":{"Scris de":"admin","Timp estimat pentru citire":"1 minut"},"schema":{"@context":"https:\/\/schema.org","@graph":[{"@type":"Article","@id":"https:\/\/www.btv.md\/ro\/tragedia-din-kemerovo-viceguvernatorul-regiunii-si-a-cerut-iertare-in-genunchi\/#article","isPartOf":{"@id":"https:\/\/www.btv.md\/ro\/tragedia-din-kemerovo-viceguvernatorul-regiunii-si-a-cerut-iertare-in-genunchi\/"},"author":{"name":"admin","@id":"https:\/\/www.btv.md\/#\/schema\/person\/8fadce81561b3ce2c34c46dadc4ccbf2"},"headline":"Tragedia din Kemerovo: viceguvernatorul regiunii \u0219i-a cerut iertare \u00een genunchi","datePublished":"2018-03-28T14:35:31+00:00","dateModified":"2018-03-29T17:39:25+00:00","mainEntityOfPage":{"@id":"https:\/\/www.btv.md\/ro\/tragedia-din-kemerovo-viceguvernatorul-regiunii-si-a-cerut-iertare-in-genunchi\/"},"wordCount":173,"image":{"@id":"https:\/\/www.btv.md\/ro\/tragedia-din-kemerovo-viceguvernatorul-regiunii-si-a-cerut-iertare-in-genunchi\/#primaryimage"},"thumbnailUrl":"https:\/\/www.btv.md\/wp-content\/uploads\/2018\/03\/1355265.jpg","articleSection":["Externe"],"inLanguage":"ro-RO"},{"@type":"WebPage","@id":"https:\/\/www.btv.md\/ro\/tragedia-din-kemerovo-viceguvernatorul-regiunii-si-a-cerut-iertare-in-genunchi\/","url":"https:\/\/www.btv.md\/ro\/tragedia-din-kemerovo-viceguvernatorul-regiunii-si-a-cerut-iertare-in-genunchi\/","name":"Tragedia din Kemerovo: viceguvernatorul regiunii \u0219i-a cerut iertare \u00een genunchi","isPartOf":{"@id":"https:\/\/www.btv.md\/#website"},"primaryImageOfPage":{"@id":"https:\/\/www.btv.md\/ro\/tragedia-din-kemerovo-viceguvernatorul-regiunii-si-a-cerut-iertare-in-genunchi\/#primaryimage"},"image":{"@id":"https:\/\/www.btv.md\/ro\/tragedia-din-kemerovo-viceguvernatorul-regiunii-si-a-cerut-iertare-in-genunchi\/#primaryimage"},"thumbnailUrl":"https:\/\/www.btv.md\/wp-content\/uploads\/2018\/03\/1355265.jpg","datePublished":"2018-03-28T14:35:31+00:00","dateModified":"2018-03-29T17:39:25+00:00","author":{"@id":"https:\/\/www.btv.md\/#\/schema\/person\/8fadce81561b3ce2c34c46dadc4ccbf2"},"description":"Protest spontan mar\u021bi \u00een pia\u021ba central\u0103 din Kemerovo, unde un mall a fost devastat duminic\u0103 de un incendiu care a f\u0103cut cel pu\u021bin 64 de mor\u021bi.","inLanguage":"ro-RO","potentialAction":[{"@type":"ReadAction","target":["https:\/\/www.btv.md\/ro\/tragedia-din-kemerovo-viceguvernatorul-regiunii-si-a-cerut-iertare-in-genunchi\/"]}]},{"@type":"ImageObject","inLanguage":"ro-RO","@id":"https:\/\/www.btv.md\/ro\/tragedia-din-kemerovo-viceguvernatorul-regiunii-si-a-cerut-iertare-in-genunchi\/#primaryimage","url":"https:\/\/www.btv.md\/wp-content\/uploads\/2018\/03\/1355265.jpg","contentUrl":"https:\/\/www.btv.md\/wp-content\/uploads\/2018\/03\/1355265.jpg","width":700,"height":500},{"@type":"WebSite","@id":"https:\/\/www.btv.md\/#website","url":"https:\/\/www.btv.md\/","name":"BTV","description":"\u0411\u0435\u043b\u044c\u0446\u043a\u043e\u0435 \u0442\u0435\u043b\u0435\u0432\u0438\u0434\u0435\u043d\u0438\u0435","potentialAction":[{"@type":"SearchAction","target":{"@type":"EntryPoint","urlTemplate":"https:\/\/www.btv.md\/?s={search_term_string}"},"query-input":{"@type":"PropertyValueSpecification","valueRequired":true,"valueName":"search_term_string"}}],"inLanguage":"ro-RO"},{"@type":"Person","@id":"https:\/\/www.btv.md\/#\/schema\/person\/8fadce81561b3ce2c34c46dadc4ccbf2","name":"admin"}]}},"_links":{"self":[{"href":"https:\/\/www.btv.md\/ro\/wp-json\/wp\/v2\/posts\/44159","targetHints":{"allow":["GET"]}}],"collection":[{"href":"https:\/\/www.btv.md\/ro\/wp-json\/wp\/v2\/posts"}],"about":[{"href":"https:\/\/www.btv.md\/ro\/wp-json\/wp\/v2\/types\/post"}],"author":[{"embeddable":true,"href":"https:\/\/www.btv.md\/ro\/wp-json\/wp\/v2\/users\/4"}],"replies":[{"embeddable":true,"href":"https:\/\/www.btv.md\/ro\/wp-json\/wp\/v2\/comments?post=44159"}],"version-history":[{"count":0,"href":"https:\/\/www.btv.md\/ro\/wp-json\/wp\/v2\/posts\/44159\/revisions"}],"wp:featuredmedia":[{"embeddable":true,"href":"https:\/\/www.btv.md\/ro\/wp-json\/wp\/v2\/media\/44160"}],"wp:attachment":[{"href":"https:\/\/www.btv.md\/ro\/wp-json\/wp\/v2\/media?parent=44159"}],"wp:term":[{"taxonomy":"category","embeddable":true,"href":"https:\/\/www.btv.md\/ro\/wp-json\/wp\/v2\/categories?post=44159"},{"taxonomy":"post_tag","embeddable":true,"href":"https:\/\/www.btv.md\/ro\/wp-json\/wp\/v2\/tags?post=44159"}],"curies":[{"name":"wp","href":"https:\/\/api.w.org\/{rel}","templated":true}]}}