{"id":44162,"date":"2018-03-28T20:39:52","date_gmt":"2018-03-28T17:39:52","guid":{"rendered":"https:\/\/btv.md\/?p=44162"},"modified":"2018-03-29T20:41:36","modified_gmt":"2018-03-29T17:41:36","slug":"scoala-obligatorie-de-la-3-ani","status":"publish","type":"post","link":"https:\/\/www.btv.md\/ro\/scoala-obligatorie-de-la-3-ani\/","title":{"rendered":"\u0218coala, obligatorie de la 3 ani"},"content":{"rendered":"<h4>Francezii vor avea \u00eenv\u0103\u0163\u0103m\u00e2nt obligatoriu de la v\u00e2rsta de 3 ani, cu trei ani mai devreme dec\u00e2t prevede legea actual\u0103.<\/h4>\n<p>Este o ini\u0163iativ\u0103 a pre\u015fedintelui Emmanuel Macron, care vrea astfel ca orice copil francez s\u0103 poat\u0103 beneficia de educa\u0163ie, scrie\u00a0<a href=\"https:\/\/www.digi24.ro\/stiri\/externe\/ue\/scoala-obligatorie-de-la-3-ani-tara-care-adopta-aceasta-masura-902777\">digi24.ro<\/a>.<\/p>\n<p>Exist\u0103 voci care calific\u0103 m\u0103sura drept una simbolic\u0103, pentru c\u0103, potrivit statisticilor, 97% din copiii de peste 3 ani se afl\u0103 \u00een diverse forme de \u00eenv\u0103\u0163\u0103m\u00e2nt pre\u015fcolar. Diferen\u0163a este c\u0103, \u00een prezent, \u00eenscrierea este la latitudinea p\u0103rin\u0163ilor. \u00cen schimb, de anul viitor, va fi obligatorie.<\/p>\n","protected":false},"excerpt":{"rendered":"<p>Francezii vor avea \u00eenv\u0103\u0163\u0103m\u00e2nt obligatoriu de la v\u00e2rsta de 3 ani, cu trei ani mai devreme dec\u00e2t prevede legea actual\u0103. Este o ini\u0163iativ\u0103 a pre\u015fedintelui Emmanuel Macron, care vrea astfel ca orice copil francez s\u0103 poat\u0103 beneficia de educa\u0163ie, scrie\u00a0digi24.ro. Exist\u0103 voci care calific\u0103 m\u0103sura drept una simbolic\u0103, pentru c\u0103, potrivit statisticilor, 97% din copiii [&hellip;]<\/p>\n","protected":false},"author":4,"featured_media":40733,"comment_status":"closed","ping_status":"closed","sticky":false,"template":"","format":"standard","meta":{"footnotes":""},"categories":[6354],"tags":[],"class_list":["post-44162","post","type-post","status-publish","format-standard","has-post-thumbnail","hentry","category-externe-ro"],"yoast_head":"<!-- This site is optimized with the Yoast SEO plugin v27.4 - https:\/\/yoast.com\/product\/yoast-seo-wordpress\/ -->\n<title>\u0218coala, obligatorie de la 3 ani<\/title>\n<meta name=\"description\" content=\"Francezii vor avea \u00eenv\u0103\u0163\u0103m\u00e2nt obligatoriu de la v\u00e2rsta de 3 ani, cu trei ani mai devreme dec\u00e2t prevede legea actual\u0103.\" \/>\n<meta name=\"robots\" content=\"index, follow, max-snippet:-1, max-image-preview:large, max-video-preview:-1\" \/>\n<link rel=\"canonical\" href=\"https:\/\/www.btv.md\/ro\/scoala-obligatorie-de-la-3-ani\/\" \/>\n<meta property=\"og:locale\" content=\"ro_RO\" \/>\n<meta property=\"og:type\" content=\"article\" \/>\n<meta property=\"og:title\" content=\"\u0218coala, obligatorie de la 3 ani\" \/>\n<meta property=\"og:description\" content=\"Francezii vor avea \u00eenv\u0103\u0163\u0103m\u00e2nt obligatoriu de la v\u00e2rsta de 3 ani, cu trei ani mai devreme dec\u00e2t prevede legea actual\u0103.\" \/>\n<meta property=\"og:url\" content=\"https:\/\/www.btv.md\/ro\/scoala-obligatorie-de-la-3-ani\/\" \/>\n<meta property=\"og:site_name\" content=\"BTV\" \/>\n<meta property=\"article:publisher\" content=\"https:\/\/www.facebook.com\/btvmoldova\/\" \/>\n<meta property=\"article:published_time\" content=\"2018-03-28T17:39:52+00:00\" \/>\n<meta property=\"article:modified_time\" content=\"2018-03-29T17:41:36+00:00\" \/>\n<meta property=\"og:image\" content=\"https:\/\/www.btv.md\/wp-content\/uploads\/2018\/02\/shkola.jpg\" \/>\n\t<meta property=\"og:image:width\" content=\"700\" \/>\n\t<meta property=\"og:image:height\" content=\"500\" \/>\n\t<meta property=\"og:image:type\" content=\"image\/jpeg\" \/>\n<meta name=\"author\" content=\"admin\" \/>\n<meta name=\"twitter:label1\" content=\"Scris de\" \/>\n\t<meta name=\"twitter:data1\" content=\"admin\" \/>\n<script type=\"application\/ld+json\" class=\"yoast-schema-graph\">{\"@context\":\"https:\\\/\\\/schema.org\",\"@graph\":[{\"@type\":\"Article\",\"@id\":\"https:\\\/\\\/www.btv.md\\\/ro\\\/scoala-obligatorie-de-la-3-ani\\\/#article\",\"isPartOf\":{\"@id\":\"https:\\\/\\\/www.btv.md\\\/ro\\\/scoala-obligatorie-de-la-3-ani\\\/\"},\"author\":{\"name\":\"admin\",\"@id\":\"https:\\\/\\\/www.btv.md\\\/#\\\/schema\\\/person\\\/8fadce81561b3ce2c34c46dadc4ccbf2\"},\"headline\":\"\u0218coala, obligatorie de la 3 ani\",\"datePublished\":\"2018-03-28T17:39:52+00:00\",\"dateModified\":\"2018-03-29T17:41:36+00:00\",\"mainEntityOfPage\":{\"@id\":\"https:\\\/\\\/www.btv.md\\\/ro\\\/scoala-obligatorie-de-la-3-ani\\\/\"},\"wordCount\":103,\"image\":{\"@id\":\"https:\\\/\\\/www.btv.md\\\/ro\\\/scoala-obligatorie-de-la-3-ani\\\/#primaryimage\"},\"thumbnailUrl\":\"https:\\\/\\\/www.btv.md\\\/wp-content\\\/uploads\\\/2018\\\/02\\\/shkola.jpg\",\"articleSection\":[\"Externe\"],\"inLanguage\":\"ro-RO\"},{\"@type\":\"WebPage\",\"@id\":\"https:\\\/\\\/www.btv.md\\\/ro\\\/scoala-obligatorie-de-la-3-ani\\\/\",\"url\":\"https:\\\/\\\/www.btv.md\\\/ro\\\/scoala-obligatorie-de-la-3-ani\\\/\",\"name\":\"\u0218coala, obligatorie de la 3 ani\",\"isPartOf\":{\"@id\":\"https:\\\/\\\/www.btv.md\\\/#website\"},\"primaryImageOfPage\":{\"@id\":\"https:\\\/\\\/www.btv.md\\\/ro\\\/scoala-obligatorie-de-la-3-ani\\\/#primaryimage\"},\"image\":{\"@id\":\"https:\\\/\\\/www.btv.md\\\/ro\\\/scoala-obligatorie-de-la-3-ani\\\/#primaryimage\"},\"thumbnailUrl\":\"https:\\\/\\\/www.btv.md\\\/wp-content\\\/uploads\\\/2018\\\/02\\\/shkola.jpg\",\"datePublished\":\"2018-03-28T17:39:52+00:00\",\"dateModified\":\"2018-03-29T17:41:36+00:00\",\"author\":{\"@id\":\"https:\\\/\\\/www.btv.md\\\/#\\\/schema\\\/person\\\/8fadce81561b3ce2c34c46dadc4ccbf2\"},\"description\":\"Francezii vor avea \u00eenv\u0103\u0163\u0103m\u00e2nt obligatoriu de la v\u00e2rsta de 3 ani, cu trei ani mai devreme dec\u00e2t prevede legea actual\u0103.\",\"inLanguage\":\"ro-RO\",\"potentialAction\":[{\"@type\":\"ReadAction\",\"target\":[\"https:\\\/\\\/www.btv.md\\\/ro\\\/scoala-obligatorie-de-la-3-ani\\\/\"]}]},{\"@type\":\"ImageObject\",\"inLanguage\":\"ro-RO\",\"@id\":\"https:\\\/\\\/www.btv.md\\\/ro\\\/scoala-obligatorie-de-la-3-ani\\\/#primaryimage\",\"url\":\"https:\\\/\\\/www.btv.md\\\/wp-content\\\/uploads\\\/2018\\\/02\\\/shkola.jpg\",\"contentUrl\":\"https:\\\/\\\/www.btv.md\\\/wp-content\\\/uploads\\\/2018\\\/02\\\/shkola.jpg\",\"width\":700,\"height\":500},{\"@type\":\"WebSite\",\"@id\":\"https:\\\/\\\/www.btv.md\\\/#website\",\"url\":\"https:\\\/\\\/www.btv.md\\\/\",\"name\":\"BTV\",\"description\":\"\u0411\u0435\u043b\u044c\u0446\u043a\u043e\u0435 \u0442\u0435\u043b\u0435\u0432\u0438\u0434\u0435\u043d\u0438\u0435\",\"potentialAction\":[{\"@type\":\"SearchAction\",\"target\":{\"@type\":\"EntryPoint\",\"urlTemplate\":\"https:\\\/\\\/www.btv.md\\\/?s={search_term_string}\"},\"query-input\":{\"@type\":\"PropertyValueSpecification\",\"valueRequired\":true,\"valueName\":\"search_term_string\"}}],\"inLanguage\":\"ro-RO\"},{\"@type\":\"Person\",\"@id\":\"https:\\\/\\\/www.btv.md\\\/#\\\/schema\\\/person\\\/8fadce81561b3ce2c34c46dadc4ccbf2\",\"name\":\"admin\"}]}<\/script>\n<!-- \/ Yoast SEO plugin. -->","yoast_head_json":{"title":"\u0218coala, obligatorie de la 3 ani","description":"Francezii vor avea \u00eenv\u0103\u0163\u0103m\u00e2nt obligatoriu de la v\u00e2rsta de 3 ani, cu trei ani mai devreme dec\u00e2t prevede legea actual\u0103.","robots":{"index":"index","follow":"follow","max-snippet":"max-snippet:-1","max-image-preview":"max-image-preview:large","max-video-preview":"max-video-preview:-1"},"canonical":"https:\/\/www.btv.md\/ro\/scoala-obligatorie-de-la-3-ani\/","og_locale":"ro_RO","og_type":"article","og_title":"\u0218coala, obligatorie de la 3 ani","og_description":"Francezii vor avea \u00eenv\u0103\u0163\u0103m\u00e2nt obligatoriu de la v\u00e2rsta de 3 ani, cu trei ani mai devreme dec\u00e2t prevede legea actual\u0103.","og_url":"https:\/\/www.btv.md\/ro\/scoala-obligatorie-de-la-3-ani\/","og_site_name":"BTV","article_publisher":"https:\/\/www.facebook.com\/btvmoldova\/","article_published_time":"2018-03-28T17:39:52+00:00","article_modified_time":"2018-03-29T17:41:36+00:00","og_image":[{"width":700,"height":500,"url":"https:\/\/www.btv.md\/wp-content\/uploads\/2018\/02\/shkola.jpg","type":"image\/jpeg"}],"author":"admin","twitter_misc":{"Scris de":"admin"},"schema":{"@context":"https:\/\/schema.org","@graph":[{"@type":"Article","@id":"https:\/\/www.btv.md\/ro\/scoala-obligatorie-de-la-3-ani\/#article","isPartOf":{"@id":"https:\/\/www.btv.md\/ro\/scoala-obligatorie-de-la-3-ani\/"},"author":{"name":"admin","@id":"https:\/\/www.btv.md\/#\/schema\/person\/8fadce81561b3ce2c34c46dadc4ccbf2"},"headline":"\u0218coala, obligatorie de la 3 ani","datePublished":"2018-03-28T17:39:52+00:00","dateModified":"2018-03-29T17:41:36+00:00","mainEntityOfPage":{"@id":"https:\/\/www.btv.md\/ro\/scoala-obligatorie-de-la-3-ani\/"},"wordCount":103,"image":{"@id":"https:\/\/www.btv.md\/ro\/scoala-obligatorie-de-la-3-ani\/#primaryimage"},"thumbnailUrl":"https:\/\/www.btv.md\/wp-content\/uploads\/2018\/02\/shkola.jpg","articleSection":["Externe"],"inLanguage":"ro-RO"},{"@type":"WebPage","@id":"https:\/\/www.btv.md\/ro\/scoala-obligatorie-de-la-3-ani\/","url":"https:\/\/www.btv.md\/ro\/scoala-obligatorie-de-la-3-ani\/","name":"\u0218coala, obligatorie de la 3 ani","isPartOf":{"@id":"https:\/\/www.btv.md\/#website"},"primaryImageOfPage":{"@id":"https:\/\/www.btv.md\/ro\/scoala-obligatorie-de-la-3-ani\/#primaryimage"},"image":{"@id":"https:\/\/www.btv.md\/ro\/scoala-obligatorie-de-la-3-ani\/#primaryimage"},"thumbnailUrl":"https:\/\/www.btv.md\/wp-content\/uploads\/2018\/02\/shkola.jpg","datePublished":"2018-03-28T17:39:52+00:00","dateModified":"2018-03-29T17:41:36+00:00","author":{"@id":"https:\/\/www.btv.md\/#\/schema\/person\/8fadce81561b3ce2c34c46dadc4ccbf2"},"description":"Francezii vor avea \u00eenv\u0103\u0163\u0103m\u00e2nt obligatoriu de la v\u00e2rsta de 3 ani, cu trei ani mai devreme dec\u00e2t prevede legea actual\u0103.","inLanguage":"ro-RO","potentialAction":[{"@type":"ReadAction","target":["https:\/\/www.btv.md\/ro\/scoala-obligatorie-de-la-3-ani\/"]}]},{"@type":"ImageObject","inLanguage":"ro-RO","@id":"https:\/\/www.btv.md\/ro\/scoala-obligatorie-de-la-3-ani\/#primaryimage","url":"https:\/\/www.btv.md\/wp-content\/uploads\/2018\/02\/shkola.jpg","contentUrl":"https:\/\/www.btv.md\/wp-content\/uploads\/2018\/02\/shkola.jpg","width":700,"height":500},{"@type":"WebSite","@id":"https:\/\/www.btv.md\/#website","url":"https:\/\/www.btv.md\/","name":"BTV","description":"\u0411\u0435\u043b\u044c\u0446\u043a\u043e\u0435 \u0442\u0435\u043b\u0435\u0432\u0438\u0434\u0435\u043d\u0438\u0435","potentialAction":[{"@type":"SearchAction","target":{"@type":"EntryPoint","urlTemplate":"https:\/\/www.btv.md\/?s={search_term_string}"},"query-input":{"@type":"PropertyValueSpecification","valueRequired":true,"valueName":"search_term_string"}}],"inLanguage":"ro-RO"},{"@type":"Person","@id":"https:\/\/www.btv.md\/#\/schema\/person\/8fadce81561b3ce2c34c46dadc4ccbf2","name":"admin"}]}},"_links":{"self":[{"href":"https:\/\/www.btv.md\/ro\/wp-json\/wp\/v2\/posts\/44162","targetHints":{"allow":["GET"]}}],"collection":[{"href":"https:\/\/www.btv.md\/ro\/wp-json\/wp\/v2\/posts"}],"about":[{"href":"https:\/\/www.btv.md\/ro\/wp-json\/wp\/v2\/types\/post"}],"author":[{"embeddable":true,"href":"https:\/\/www.btv.md\/ro\/wp-json\/wp\/v2\/users\/4"}],"replies":[{"embeddable":true,"href":"https:\/\/www.btv.md\/ro\/wp-json\/wp\/v2\/comments?post=44162"}],"version-history":[{"count":0,"href":"https:\/\/www.btv.md\/ro\/wp-json\/wp\/v2\/posts\/44162\/revisions"}],"wp:featuredmedia":[{"embeddable":true,"href":"https:\/\/www.btv.md\/ro\/wp-json\/wp\/v2\/media\/40733"}],"wp:attachment":[{"href":"https:\/\/www.btv.md\/ro\/wp-json\/wp\/v2\/media?parent=44162"}],"wp:term":[{"taxonomy":"category","embeddable":true,"href":"https:\/\/www.btv.md\/ro\/wp-json\/wp\/v2\/categories?post=44162"},{"taxonomy":"post_tag","embeddable":true,"href":"https:\/\/www.btv.md\/ro\/wp-json\/wp\/v2\/tags?post=44162"}],"curies":[{"name":"wp","href":"https:\/\/api.w.org\/{rel}","templated":true}]}}