{"id":44167,"date":"2018-03-28T20:45:01","date_gmt":"2018-03-28T17:45:01","guid":{"rendered":"https:\/\/btv.md\/?p=44167"},"modified":"2018-03-29T20:48:49","modified_gmt":"2018-03-29T17:48:49","slug":"capitala-europeana-care-a-ajuns-sa-semene-cu-planeta-marte","status":"publish","type":"post","link":"https:\/\/www.btv.md\/ro\/capitala-europeana-care-a-ajuns-sa-semene-cu-planeta-marte\/","title":{"rendered":"Capitala European\u0103 care a ajuns s\u0103 semene cu planeta marte"},"content":{"rendered":"<h4>Norul de praf saharian care a \u00eenro\u015fit z\u0103pada la noi \u015fi \u00een alte c\u00e2teva \u0163\u0103ri din jur a transformat capitala Greciei \u00eentr-un peisaj mar\u0163ian.<\/h4>\n<p>Suburbiile nordice, Acropole \u015fi centrul istoric, dar \u015fi sudul Atenei, spre Pireu, au fost acoperite de un praf dens ro\u015fiatic, relateaz\u0103\u00a0<a href=\"https:\/\/stirileprotv.ro\/stiri\/actualitate\/capitala-europeana-care-a-ajuns-sa-semene-cu-planeta-marte-video.html\">Protv.ro<\/a>.\u00a0<\/p>\n<p>Potrivit speciali\u015ftilor eleni, a fost unul dintre cele mai mari transferuri de nisip saharian \u00eenregistrat vreodat\u0103.<\/p>\n<p>Nu doar capitala, ci toat\u0103 \u0163ara a fost acoperit\u0103, iar concentra\u0163ia de praf ro\u015fu a fost mai ridicat\u0103 ca oric\u00e2nd \u00een ultimii zece ani.<\/p>\n<p>Praful nu e toxic sau d\u0103un\u0103tor ca smogul, dar persoanele cu probleme respiratorii, copiii \u015fi b\u0103tr\u00e2nii au fost sf\u0103tui\u0163i s\u0103 r\u0103m\u00e2n\u0103 \u00een cas\u0103.<\/p>\n","protected":false},"excerpt":{"rendered":"<p>Norul de praf saharian care a \u00eenro\u015fit z\u0103pada la noi \u015fi \u00een alte c\u00e2teva \u0163\u0103ri din jur a transformat capitala Greciei \u00eentr-un peisaj mar\u0163ian. Suburbiile nordice, Acropole \u015fi centrul istoric, dar \u015fi sudul Atenei, spre Pireu, au fost acoperite de un praf dens ro\u015fiatic, relateaz\u0103\u00a0Protv.ro.\u00a0 Potrivit speciali\u015ftilor eleni, a fost unul dintre cele mai mari [&hellip;]<\/p>\n","protected":false},"author":4,"featured_media":44169,"comment_status":"closed","ping_status":"closed","sticky":false,"template":"","format":"standard","meta":{"footnotes":""},"categories":[6354],"tags":[],"class_list":["post-44167","post","type-post","status-publish","format-standard","has-post-thumbnail","hentry","category-externe-ro"],"yoast_head":"<!-- This site is optimized with the Yoast SEO plugin v27.4 - https:\/\/yoast.com\/product\/yoast-seo-wordpress\/ -->\n<title>Capitala European\u0103 care a ajuns s\u0103 semene cu planeta marte<\/title>\n<meta name=\"description\" content=\"Norul de praf saharian care a \u00eenro\u015fit z\u0103pada la noi \u015fi \u00een alte c\u00e2teva \u0163\u0103ri din jur a transformat capitala Greciei \u00eentr-un peisaj mar\u0163ian.\" \/>\n<meta name=\"robots\" content=\"index, follow, max-snippet:-1, max-image-preview:large, max-video-preview:-1\" \/>\n<link rel=\"canonical\" href=\"https:\/\/www.btv.md\/ro\/capitala-europeana-care-a-ajuns-sa-semene-cu-planeta-marte\/\" \/>\n<meta property=\"og:locale\" content=\"ro_RO\" \/>\n<meta property=\"og:type\" content=\"article\" \/>\n<meta property=\"og:title\" content=\"Capitala European\u0103 care a ajuns s\u0103 semene cu planeta marte\" \/>\n<meta property=\"og:description\" content=\"Norul de praf saharian care a \u00eenro\u015fit z\u0103pada la noi \u015fi \u00een alte c\u00e2teva \u0163\u0103ri din jur a transformat capitala Greciei \u00eentr-un peisaj mar\u0163ian.\" \/>\n<meta property=\"og:url\" content=\"https:\/\/www.btv.md\/ro\/capitala-europeana-care-a-ajuns-sa-semene-cu-planeta-marte\/\" \/>\n<meta property=\"og:site_name\" content=\"BTV\" \/>\n<meta property=\"article:publisher\" content=\"https:\/\/www.facebook.com\/btvmoldova\/\" \/>\n<meta property=\"article:published_time\" content=\"2018-03-28T17:45:01+00:00\" \/>\n<meta property=\"article:modified_time\" content=\"2018-03-29T17:48:49+00:00\" \/>\n<meta property=\"og:image\" content=\"https:\/\/www.btv.md\/wp-content\/uploads\/2018\/03\/61949432.jpg\" \/>\n\t<meta property=\"og:image:width\" content=\"700\" \/>\n\t<meta property=\"og:image:height\" content=\"500\" \/>\n\t<meta property=\"og:image:type\" content=\"image\/jpeg\" \/>\n<meta name=\"author\" content=\"admin\" \/>\n<meta name=\"twitter:label1\" content=\"Scris de\" \/>\n\t<meta name=\"twitter:data1\" content=\"admin\" \/>\n\t<meta name=\"twitter:label2\" content=\"Timp estimat pentru citire\" \/>\n\t<meta name=\"twitter:data2\" content=\"1 minut\" \/>\n<script type=\"application\/ld+json\" class=\"yoast-schema-graph\">{\"@context\":\"https:\\\/\\\/schema.org\",\"@graph\":[{\"@type\":\"Article\",\"@id\":\"https:\\\/\\\/www.btv.md\\\/ro\\\/capitala-europeana-care-a-ajuns-sa-semene-cu-planeta-marte\\\/#article\",\"isPartOf\":{\"@id\":\"https:\\\/\\\/www.btv.md\\\/ro\\\/capitala-europeana-care-a-ajuns-sa-semene-cu-planeta-marte\\\/\"},\"author\":{\"name\":\"admin\",\"@id\":\"https:\\\/\\\/www.btv.md\\\/#\\\/schema\\\/person\\\/8fadce81561b3ce2c34c46dadc4ccbf2\"},\"headline\":\"Capitala European\u0103 care a ajuns s\u0103 semene cu planeta marte\",\"datePublished\":\"2018-03-28T17:45:01+00:00\",\"dateModified\":\"2018-03-29T17:48:49+00:00\",\"mainEntityOfPage\":{\"@id\":\"https:\\\/\\\/www.btv.md\\\/ro\\\/capitala-europeana-care-a-ajuns-sa-semene-cu-planeta-marte\\\/\"},\"wordCount\":137,\"image\":{\"@id\":\"https:\\\/\\\/www.btv.md\\\/ro\\\/capitala-europeana-care-a-ajuns-sa-semene-cu-planeta-marte\\\/#primaryimage\"},\"thumbnailUrl\":\"https:\\\/\\\/www.btv.md\\\/wp-content\\\/uploads\\\/2018\\\/03\\\/61949432.jpg\",\"articleSection\":[\"Externe\"],\"inLanguage\":\"ro-RO\"},{\"@type\":\"WebPage\",\"@id\":\"https:\\\/\\\/www.btv.md\\\/ro\\\/capitala-europeana-care-a-ajuns-sa-semene-cu-planeta-marte\\\/\",\"url\":\"https:\\\/\\\/www.btv.md\\\/ro\\\/capitala-europeana-care-a-ajuns-sa-semene-cu-planeta-marte\\\/\",\"name\":\"Capitala European\u0103 care a ajuns s\u0103 semene cu planeta marte\",\"isPartOf\":{\"@id\":\"https:\\\/\\\/www.btv.md\\\/#website\"},\"primaryImageOfPage\":{\"@id\":\"https:\\\/\\\/www.btv.md\\\/ro\\\/capitala-europeana-care-a-ajuns-sa-semene-cu-planeta-marte\\\/#primaryimage\"},\"image\":{\"@id\":\"https:\\\/\\\/www.btv.md\\\/ro\\\/capitala-europeana-care-a-ajuns-sa-semene-cu-planeta-marte\\\/#primaryimage\"},\"thumbnailUrl\":\"https:\\\/\\\/www.btv.md\\\/wp-content\\\/uploads\\\/2018\\\/03\\\/61949432.jpg\",\"datePublished\":\"2018-03-28T17:45:01+00:00\",\"dateModified\":\"2018-03-29T17:48:49+00:00\",\"author\":{\"@id\":\"https:\\\/\\\/www.btv.md\\\/#\\\/schema\\\/person\\\/8fadce81561b3ce2c34c46dadc4ccbf2\"},\"description\":\"Norul de praf saharian care a \u00eenro\u015fit z\u0103pada la noi \u015fi \u00een alte c\u00e2teva \u0163\u0103ri din jur a transformat capitala Greciei \u00eentr-un peisaj mar\u0163ian.\",\"inLanguage\":\"ro-RO\",\"potentialAction\":[{\"@type\":\"ReadAction\",\"target\":[\"https:\\\/\\\/www.btv.md\\\/ro\\\/capitala-europeana-care-a-ajuns-sa-semene-cu-planeta-marte\\\/\"]}]},{\"@type\":\"ImageObject\",\"inLanguage\":\"ro-RO\",\"@id\":\"https:\\\/\\\/www.btv.md\\\/ro\\\/capitala-europeana-care-a-ajuns-sa-semene-cu-planeta-marte\\\/#primaryimage\",\"url\":\"https:\\\/\\\/www.btv.md\\\/wp-content\\\/uploads\\\/2018\\\/03\\\/61949432.jpg\",\"contentUrl\":\"https:\\\/\\\/www.btv.md\\\/wp-content\\\/uploads\\\/2018\\\/03\\\/61949432.jpg\",\"width\":700,\"height\":500},{\"@type\":\"WebSite\",\"@id\":\"https:\\\/\\\/www.btv.md\\\/#website\",\"url\":\"https:\\\/\\\/www.btv.md\\\/\",\"name\":\"BTV\",\"description\":\"\u0411\u0435\u043b\u044c\u0446\u043a\u043e\u0435 \u0442\u0435\u043b\u0435\u0432\u0438\u0434\u0435\u043d\u0438\u0435\",\"potentialAction\":[{\"@type\":\"SearchAction\",\"target\":{\"@type\":\"EntryPoint\",\"urlTemplate\":\"https:\\\/\\\/www.btv.md\\\/?s={search_term_string}\"},\"query-input\":{\"@type\":\"PropertyValueSpecification\",\"valueRequired\":true,\"valueName\":\"search_term_string\"}}],\"inLanguage\":\"ro-RO\"},{\"@type\":\"Person\",\"@id\":\"https:\\\/\\\/www.btv.md\\\/#\\\/schema\\\/person\\\/8fadce81561b3ce2c34c46dadc4ccbf2\",\"name\":\"admin\"}]}<\/script>\n<!-- \/ Yoast SEO plugin. -->","yoast_head_json":{"title":"Capitala European\u0103 care a ajuns s\u0103 semene cu planeta marte","description":"Norul de praf saharian care a \u00eenro\u015fit z\u0103pada la noi \u015fi \u00een alte c\u00e2teva \u0163\u0103ri din jur a transformat capitala Greciei \u00eentr-un peisaj mar\u0163ian.","robots":{"index":"index","follow":"follow","max-snippet":"max-snippet:-1","max-image-preview":"max-image-preview:large","max-video-preview":"max-video-preview:-1"},"canonical":"https:\/\/www.btv.md\/ro\/capitala-europeana-care-a-ajuns-sa-semene-cu-planeta-marte\/","og_locale":"ro_RO","og_type":"article","og_title":"Capitala European\u0103 care a ajuns s\u0103 semene cu planeta marte","og_description":"Norul de praf saharian care a \u00eenro\u015fit z\u0103pada la noi \u015fi \u00een alte c\u00e2teva \u0163\u0103ri din jur a transformat capitala Greciei \u00eentr-un peisaj mar\u0163ian.","og_url":"https:\/\/www.btv.md\/ro\/capitala-europeana-care-a-ajuns-sa-semene-cu-planeta-marte\/","og_site_name":"BTV","article_publisher":"https:\/\/www.facebook.com\/btvmoldova\/","article_published_time":"2018-03-28T17:45:01+00:00","article_modified_time":"2018-03-29T17:48:49+00:00","og_image":[{"width":700,"height":500,"url":"https:\/\/www.btv.md\/wp-content\/uploads\/2018\/03\/61949432.jpg","type":"image\/jpeg"}],"author":"admin","twitter_misc":{"Scris de":"admin","Timp estimat pentru citire":"1 minut"},"schema":{"@context":"https:\/\/schema.org","@graph":[{"@type":"Article","@id":"https:\/\/www.btv.md\/ro\/capitala-europeana-care-a-ajuns-sa-semene-cu-planeta-marte\/#article","isPartOf":{"@id":"https:\/\/www.btv.md\/ro\/capitala-europeana-care-a-ajuns-sa-semene-cu-planeta-marte\/"},"author":{"name":"admin","@id":"https:\/\/www.btv.md\/#\/schema\/person\/8fadce81561b3ce2c34c46dadc4ccbf2"},"headline":"Capitala European\u0103 care a ajuns s\u0103 semene cu planeta marte","datePublished":"2018-03-28T17:45:01+00:00","dateModified":"2018-03-29T17:48:49+00:00","mainEntityOfPage":{"@id":"https:\/\/www.btv.md\/ro\/capitala-europeana-care-a-ajuns-sa-semene-cu-planeta-marte\/"},"wordCount":137,"image":{"@id":"https:\/\/www.btv.md\/ro\/capitala-europeana-care-a-ajuns-sa-semene-cu-planeta-marte\/#primaryimage"},"thumbnailUrl":"https:\/\/www.btv.md\/wp-content\/uploads\/2018\/03\/61949432.jpg","articleSection":["Externe"],"inLanguage":"ro-RO"},{"@type":"WebPage","@id":"https:\/\/www.btv.md\/ro\/capitala-europeana-care-a-ajuns-sa-semene-cu-planeta-marte\/","url":"https:\/\/www.btv.md\/ro\/capitala-europeana-care-a-ajuns-sa-semene-cu-planeta-marte\/","name":"Capitala European\u0103 care a ajuns s\u0103 semene cu planeta marte","isPartOf":{"@id":"https:\/\/www.btv.md\/#website"},"primaryImageOfPage":{"@id":"https:\/\/www.btv.md\/ro\/capitala-europeana-care-a-ajuns-sa-semene-cu-planeta-marte\/#primaryimage"},"image":{"@id":"https:\/\/www.btv.md\/ro\/capitala-europeana-care-a-ajuns-sa-semene-cu-planeta-marte\/#primaryimage"},"thumbnailUrl":"https:\/\/www.btv.md\/wp-content\/uploads\/2018\/03\/61949432.jpg","datePublished":"2018-03-28T17:45:01+00:00","dateModified":"2018-03-29T17:48:49+00:00","author":{"@id":"https:\/\/www.btv.md\/#\/schema\/person\/8fadce81561b3ce2c34c46dadc4ccbf2"},"description":"Norul de praf saharian care a \u00eenro\u015fit z\u0103pada la noi \u015fi \u00een alte c\u00e2teva \u0163\u0103ri din jur a transformat capitala Greciei \u00eentr-un peisaj mar\u0163ian.","inLanguage":"ro-RO","potentialAction":[{"@type":"ReadAction","target":["https:\/\/www.btv.md\/ro\/capitala-europeana-care-a-ajuns-sa-semene-cu-planeta-marte\/"]}]},{"@type":"ImageObject","inLanguage":"ro-RO","@id":"https:\/\/www.btv.md\/ro\/capitala-europeana-care-a-ajuns-sa-semene-cu-planeta-marte\/#primaryimage","url":"https:\/\/www.btv.md\/wp-content\/uploads\/2018\/03\/61949432.jpg","contentUrl":"https:\/\/www.btv.md\/wp-content\/uploads\/2018\/03\/61949432.jpg","width":700,"height":500},{"@type":"WebSite","@id":"https:\/\/www.btv.md\/#website","url":"https:\/\/www.btv.md\/","name":"BTV","description":"\u0411\u0435\u043b\u044c\u0446\u043a\u043e\u0435 \u0442\u0435\u043b\u0435\u0432\u0438\u0434\u0435\u043d\u0438\u0435","potentialAction":[{"@type":"SearchAction","target":{"@type":"EntryPoint","urlTemplate":"https:\/\/www.btv.md\/?s={search_term_string}"},"query-input":{"@type":"PropertyValueSpecification","valueRequired":true,"valueName":"search_term_string"}}],"inLanguage":"ro-RO"},{"@type":"Person","@id":"https:\/\/www.btv.md\/#\/schema\/person\/8fadce81561b3ce2c34c46dadc4ccbf2","name":"admin"}]}},"_links":{"self":[{"href":"https:\/\/www.btv.md\/ro\/wp-json\/wp\/v2\/posts\/44167","targetHints":{"allow":["GET"]}}],"collection":[{"href":"https:\/\/www.btv.md\/ro\/wp-json\/wp\/v2\/posts"}],"about":[{"href":"https:\/\/www.btv.md\/ro\/wp-json\/wp\/v2\/types\/post"}],"author":[{"embeddable":true,"href":"https:\/\/www.btv.md\/ro\/wp-json\/wp\/v2\/users\/4"}],"replies":[{"embeddable":true,"href":"https:\/\/www.btv.md\/ro\/wp-json\/wp\/v2\/comments?post=44167"}],"version-history":[{"count":0,"href":"https:\/\/www.btv.md\/ro\/wp-json\/wp\/v2\/posts\/44167\/revisions"}],"wp:featuredmedia":[{"embeddable":true,"href":"https:\/\/www.btv.md\/ro\/wp-json\/wp\/v2\/media\/44169"}],"wp:attachment":[{"href":"https:\/\/www.btv.md\/ro\/wp-json\/wp\/v2\/media?parent=44167"}],"wp:term":[{"taxonomy":"category","embeddable":true,"href":"https:\/\/www.btv.md\/ro\/wp-json\/wp\/v2\/categories?post=44167"},{"taxonomy":"post_tag","embeddable":true,"href":"https:\/\/www.btv.md\/ro\/wp-json\/wp\/v2\/tags?post=44167"}],"curies":[{"name":"wp","href":"https:\/\/api.w.org\/{rel}","templated":true}]}}