{"id":44174,"date":"2018-03-28T20:52:59","date_gmt":"2018-03-28T17:52:59","guid":{"rendered":"https:\/\/btv.md\/?p=44174"},"modified":"2018-03-29T20:59:00","modified_gmt":"2018-03-29T17:59:00","slug":"un-rus-si-a-transformat-limuzina-bmw-seria-7-intr-un-monster-truck-cu-motor-v8","status":"publish","type":"post","link":"https:\/\/www.btv.md\/ro\/un-rus-si-a-transformat-limuzina-bmw-seria-7-intr-un-monster-truck-cu-motor-v8\/","title":{"rendered":"Un rus \u0219i-a transformat limuzina BMW Seria 7 \u00eentr-un monster truck cu motor V8"},"content":{"rendered":"<h4>Un cet\u0103\u021bean al Federa\u021biei Ruse, av\u00e2nd la \u00eendem\u00e2n\u0103 un BMW Seria 7, a hot\u0103r\u00e2t s\u0103 \u00eel fac\u0103 mai deosebit \u0219i s\u0103 \u00eel modifice \u00eentr-un mod mai pu\u021bin neobi\u0219nuit.<\/h4>\n<p>B\u0103rbatul a lucrat asupra acestei limuzine timp de circa cinci ani pentru a construi un adev\u0103rat monster truck, iar lucr\u0103rile continu\u0103 p\u00e2n\u0103 \u0219i in ziua de azi, scrie\u00a0<a href=\"http:\/\/www.autoexpert.md\/tuning\/video-un-rus-si-transformat-limuzina-bmw-seria-7-intr-un-monster-truck-cu-motor-v8\/\">autoexpert.md.<\/a><\/p>\n<p>BMW Seria 7 \u00een caroseria E32, a primit platforma camionului rusesc GAZ 66, ro\u021bi de la ZIL, dar cel mai important un motor V8, care \u00een pofida celor care credeau c\u0103 este vorba despre un propulsor bavarez de \u00eenalt\u0103 performan\u021b\u0103, s-a dovedit a fi \u00eemprumutat de la acela\u0219i camion GAZ 66.<\/p>\n<p>De\u0219i acest motor care din uzin\u0103 vine cu 4.2 litri volum, este unul destul de vechi, acesta a fost la fel modificat pentru a livra circa 300 CP \u0219i a se ispr\u0103vi de minune c\u00e2nd vine momentul s\u0103 mi\u0219te BMW-ul prin off road, unde mai adaugi c\u0103 acest propulsor este extrem de fiabil \u0219i poate fi deservit f\u0103r\u0103 a apela la service-uri speciale.<\/p>\n<p>Dac\u0103 v\u0103 \u00eentreba\u021bi despre consumul acestui Bigfoot, v\u0103 putem spune c\u0103 fiind instalat pe GAZ 66, p\u00e2n\u0103 la viteza de 60 km\/h, acest motor V8 consum\u0103 minim 20 litri la per 100 de kilometri.<\/p>\n<p>Mai jos v\u0103 invit\u0103m s\u0103 vede\u021bi BMW-ul modificat, care a primit \u0219i un nume pe m\u0103sur\u0103 Valkyrie 766!<\/p>\n","protected":false},"excerpt":{"rendered":"<p>Un cet\u0103\u021bean al Federa\u021biei Ruse, av\u00e2nd la \u00eendem\u00e2n\u0103 un BMW Seria 7, a hot\u0103r\u00e2t s\u0103 \u00eel fac\u0103 mai deosebit \u0219i s\u0103 \u00eel modifice \u00eentr-un mod mai pu\u021bin neobi\u0219nuit. B\u0103rbatul a lucrat asupra acestei limuzine timp de circa cinci ani pentru a construi un adev\u0103rat monster truck, iar lucr\u0103rile continu\u0103 p\u00e2n\u0103 \u0219i in ziua de azi, [&hellip;]<\/p>\n","protected":false},"author":4,"featured_media":44175,"comment_status":"closed","ping_status":"closed","sticky":false,"template":"","format":"standard","meta":{"footnotes":""},"categories":[6354],"tags":[],"class_list":["post-44174","post","type-post","status-publish","format-standard","has-post-thumbnail","hentry","category-externe-ro"],"yoast_head":"<!-- This site is optimized with the Yoast SEO plugin v27.4 - https:\/\/yoast.com\/product\/yoast-seo-wordpress\/ -->\n<title>Un rus \u0219i-a transformat limuzina BMW Seria 7 \u00eentr-un monster truck cu motor V8<\/title>\n<meta name=\"description\" content=\"Un cet\u0103\u021bean al Federa\u021biei Ruse, av\u00e2nd la \u00eendem\u00e2n\u0103 un BMW Seria 7, a hot\u0103r\u00e2t s\u0103 \u00eel fac\u0103 mai deosebit \u0219i s\u0103 \u00eel modifice \u00eentr-un mod mai pu\u021bin neobi\u0219nuit.\" \/>\n<meta name=\"robots\" content=\"index, follow, max-snippet:-1, max-image-preview:large, max-video-preview:-1\" \/>\n<link rel=\"canonical\" href=\"https:\/\/www.btv.md\/ro\/un-rus-si-a-transformat-limuzina-bmw-seria-7-intr-un-monster-truck-cu-motor-v8\/\" \/>\n<meta property=\"og:locale\" content=\"ro_RO\" \/>\n<meta property=\"og:type\" content=\"article\" \/>\n<meta property=\"og:title\" content=\"Un rus \u0219i-a transformat limuzina BMW Seria 7 \u00eentr-un monster truck cu motor V8\" \/>\n<meta property=\"og:description\" content=\"Un cet\u0103\u021bean al Federa\u021biei Ruse, av\u00e2nd la \u00eendem\u00e2n\u0103 un BMW Seria 7, a hot\u0103r\u00e2t s\u0103 \u00eel fac\u0103 mai deosebit \u0219i s\u0103 \u00eel modifice \u00eentr-un mod mai pu\u021bin neobi\u0219nuit.\" \/>\n<meta property=\"og:url\" content=\"https:\/\/www.btv.md\/ro\/un-rus-si-a-transformat-limuzina-bmw-seria-7-intr-un-monster-truck-cu-motor-v8\/\" \/>\n<meta property=\"og:site_name\" content=\"BTV\" \/>\n<meta property=\"article:publisher\" content=\"https:\/\/www.facebook.com\/btvmoldova\/\" \/>\n<meta property=\"article:published_time\" content=\"2018-03-28T17:52:59+00:00\" \/>\n<meta property=\"article:modified_time\" content=\"2018-03-29T17:59:00+00:00\" \/>\n<meta property=\"og:image\" content=\"https:\/\/www.btv.md\/wp-content\/uploads\/2018\/03\/001_700-14.jpg\" \/>\n\t<meta property=\"og:image:width\" content=\"700\" \/>\n\t<meta property=\"og:image:height\" content=\"500\" \/>\n\t<meta property=\"og:image:type\" content=\"image\/jpeg\" \/>\n<meta name=\"author\" content=\"admin\" \/>\n<meta name=\"twitter:label1\" content=\"Scris de\" \/>\n\t<meta name=\"twitter:data1\" content=\"admin\" \/>\n\t<meta name=\"twitter:label2\" content=\"Timp estimat pentru citire\" \/>\n\t<meta name=\"twitter:data2\" content=\"1 minut\" \/>\n<script type=\"application\/ld+json\" class=\"yoast-schema-graph\">{\"@context\":\"https:\\\/\\\/schema.org\",\"@graph\":[{\"@type\":\"Article\",\"@id\":\"https:\\\/\\\/www.btv.md\\\/ro\\\/un-rus-si-a-transformat-limuzina-bmw-seria-7-intr-un-monster-truck-cu-motor-v8\\\/#article\",\"isPartOf\":{\"@id\":\"https:\\\/\\\/www.btv.md\\\/ro\\\/un-rus-si-a-transformat-limuzina-bmw-seria-7-intr-un-monster-truck-cu-motor-v8\\\/\"},\"author\":{\"name\":\"admin\",\"@id\":\"https:\\\/\\\/www.btv.md\\\/#\\\/schema\\\/person\\\/8fadce81561b3ce2c34c46dadc4ccbf2\"},\"headline\":\"Un rus \u0219i-a transformat limuzina BMW Seria 7 \u00eentr-un monster truck cu motor V8\",\"datePublished\":\"2018-03-28T17:52:59+00:00\",\"dateModified\":\"2018-03-29T17:59:00+00:00\",\"mainEntityOfPage\":{\"@id\":\"https:\\\/\\\/www.btv.md\\\/ro\\\/un-rus-si-a-transformat-limuzina-bmw-seria-7-intr-un-monster-truck-cu-motor-v8\\\/\"},\"wordCount\":251,\"image\":{\"@id\":\"https:\\\/\\\/www.btv.md\\\/ro\\\/un-rus-si-a-transformat-limuzina-bmw-seria-7-intr-un-monster-truck-cu-motor-v8\\\/#primaryimage\"},\"thumbnailUrl\":\"https:\\\/\\\/www.btv.md\\\/wp-content\\\/uploads\\\/2018\\\/03\\\/001_700-14.jpg\",\"articleSection\":[\"Externe\"],\"inLanguage\":\"ro-RO\"},{\"@type\":\"WebPage\",\"@id\":\"https:\\\/\\\/www.btv.md\\\/ro\\\/un-rus-si-a-transformat-limuzina-bmw-seria-7-intr-un-monster-truck-cu-motor-v8\\\/\",\"url\":\"https:\\\/\\\/www.btv.md\\\/ro\\\/un-rus-si-a-transformat-limuzina-bmw-seria-7-intr-un-monster-truck-cu-motor-v8\\\/\",\"name\":\"Un rus \u0219i-a transformat limuzina BMW Seria 7 \u00eentr-un monster truck cu motor V8\",\"isPartOf\":{\"@id\":\"https:\\\/\\\/www.btv.md\\\/#website\"},\"primaryImageOfPage\":{\"@id\":\"https:\\\/\\\/www.btv.md\\\/ro\\\/un-rus-si-a-transformat-limuzina-bmw-seria-7-intr-un-monster-truck-cu-motor-v8\\\/#primaryimage\"},\"image\":{\"@id\":\"https:\\\/\\\/www.btv.md\\\/ro\\\/un-rus-si-a-transformat-limuzina-bmw-seria-7-intr-un-monster-truck-cu-motor-v8\\\/#primaryimage\"},\"thumbnailUrl\":\"https:\\\/\\\/www.btv.md\\\/wp-content\\\/uploads\\\/2018\\\/03\\\/001_700-14.jpg\",\"datePublished\":\"2018-03-28T17:52:59+00:00\",\"dateModified\":\"2018-03-29T17:59:00+00:00\",\"author\":{\"@id\":\"https:\\\/\\\/www.btv.md\\\/#\\\/schema\\\/person\\\/8fadce81561b3ce2c34c46dadc4ccbf2\"},\"description\":\"Un cet\u0103\u021bean al Federa\u021biei Ruse, av\u00e2nd la \u00eendem\u00e2n\u0103 un BMW Seria 7, a hot\u0103r\u00e2t s\u0103 \u00eel fac\u0103 mai deosebit \u0219i s\u0103 \u00eel modifice \u00eentr-un mod mai pu\u021bin neobi\u0219nuit.\",\"inLanguage\":\"ro-RO\",\"potentialAction\":[{\"@type\":\"ReadAction\",\"target\":[\"https:\\\/\\\/www.btv.md\\\/ro\\\/un-rus-si-a-transformat-limuzina-bmw-seria-7-intr-un-monster-truck-cu-motor-v8\\\/\"]}]},{\"@type\":\"ImageObject\",\"inLanguage\":\"ro-RO\",\"@id\":\"https:\\\/\\\/www.btv.md\\\/ro\\\/un-rus-si-a-transformat-limuzina-bmw-seria-7-intr-un-monster-truck-cu-motor-v8\\\/#primaryimage\",\"url\":\"https:\\\/\\\/www.btv.md\\\/wp-content\\\/uploads\\\/2018\\\/03\\\/001_700-14.jpg\",\"contentUrl\":\"https:\\\/\\\/www.btv.md\\\/wp-content\\\/uploads\\\/2018\\\/03\\\/001_700-14.jpg\",\"width\":700,\"height\":500},{\"@type\":\"WebSite\",\"@id\":\"https:\\\/\\\/www.btv.md\\\/#website\",\"url\":\"https:\\\/\\\/www.btv.md\\\/\",\"name\":\"BTV\",\"description\":\"\u0411\u0435\u043b\u044c\u0446\u043a\u043e\u0435 \u0442\u0435\u043b\u0435\u0432\u0438\u0434\u0435\u043d\u0438\u0435\",\"potentialAction\":[{\"@type\":\"SearchAction\",\"target\":{\"@type\":\"EntryPoint\",\"urlTemplate\":\"https:\\\/\\\/www.btv.md\\\/?s={search_term_string}\"},\"query-input\":{\"@type\":\"PropertyValueSpecification\",\"valueRequired\":true,\"valueName\":\"search_term_string\"}}],\"inLanguage\":\"ro-RO\"},{\"@type\":\"Person\",\"@id\":\"https:\\\/\\\/www.btv.md\\\/#\\\/schema\\\/person\\\/8fadce81561b3ce2c34c46dadc4ccbf2\",\"name\":\"admin\"}]}<\/script>\n<!-- \/ Yoast SEO plugin. -->","yoast_head_json":{"title":"Un rus \u0219i-a transformat limuzina BMW Seria 7 \u00eentr-un monster truck cu motor V8","description":"Un cet\u0103\u021bean al Federa\u021biei Ruse, av\u00e2nd la \u00eendem\u00e2n\u0103 un BMW Seria 7, a hot\u0103r\u00e2t s\u0103 \u00eel fac\u0103 mai deosebit \u0219i s\u0103 \u00eel modifice \u00eentr-un mod mai pu\u021bin neobi\u0219nuit.","robots":{"index":"index","follow":"follow","max-snippet":"max-snippet:-1","max-image-preview":"max-image-preview:large","max-video-preview":"max-video-preview:-1"},"canonical":"https:\/\/www.btv.md\/ro\/un-rus-si-a-transformat-limuzina-bmw-seria-7-intr-un-monster-truck-cu-motor-v8\/","og_locale":"ro_RO","og_type":"article","og_title":"Un rus \u0219i-a transformat limuzina BMW Seria 7 \u00eentr-un monster truck cu motor V8","og_description":"Un cet\u0103\u021bean al Federa\u021biei Ruse, av\u00e2nd la \u00eendem\u00e2n\u0103 un BMW Seria 7, a hot\u0103r\u00e2t s\u0103 \u00eel fac\u0103 mai deosebit \u0219i s\u0103 \u00eel modifice \u00eentr-un mod mai pu\u021bin neobi\u0219nuit.","og_url":"https:\/\/www.btv.md\/ro\/un-rus-si-a-transformat-limuzina-bmw-seria-7-intr-un-monster-truck-cu-motor-v8\/","og_site_name":"BTV","article_publisher":"https:\/\/www.facebook.com\/btvmoldova\/","article_published_time":"2018-03-28T17:52:59+00:00","article_modified_time":"2018-03-29T17:59:00+00:00","og_image":[{"width":700,"height":500,"url":"https:\/\/www.btv.md\/wp-content\/uploads\/2018\/03\/001_700-14.jpg","type":"image\/jpeg"}],"author":"admin","twitter_misc":{"Scris de":"admin","Timp estimat pentru citire":"1 minut"},"schema":{"@context":"https:\/\/schema.org","@graph":[{"@type":"Article","@id":"https:\/\/www.btv.md\/ro\/un-rus-si-a-transformat-limuzina-bmw-seria-7-intr-un-monster-truck-cu-motor-v8\/#article","isPartOf":{"@id":"https:\/\/www.btv.md\/ro\/un-rus-si-a-transformat-limuzina-bmw-seria-7-intr-un-monster-truck-cu-motor-v8\/"},"author":{"name":"admin","@id":"https:\/\/www.btv.md\/#\/schema\/person\/8fadce81561b3ce2c34c46dadc4ccbf2"},"headline":"Un rus \u0219i-a transformat limuzina BMW Seria 7 \u00eentr-un monster truck cu motor V8","datePublished":"2018-03-28T17:52:59+00:00","dateModified":"2018-03-29T17:59:00+00:00","mainEntityOfPage":{"@id":"https:\/\/www.btv.md\/ro\/un-rus-si-a-transformat-limuzina-bmw-seria-7-intr-un-monster-truck-cu-motor-v8\/"},"wordCount":251,"image":{"@id":"https:\/\/www.btv.md\/ro\/un-rus-si-a-transformat-limuzina-bmw-seria-7-intr-un-monster-truck-cu-motor-v8\/#primaryimage"},"thumbnailUrl":"https:\/\/www.btv.md\/wp-content\/uploads\/2018\/03\/001_700-14.jpg","articleSection":["Externe"],"inLanguage":"ro-RO"},{"@type":"WebPage","@id":"https:\/\/www.btv.md\/ro\/un-rus-si-a-transformat-limuzina-bmw-seria-7-intr-un-monster-truck-cu-motor-v8\/","url":"https:\/\/www.btv.md\/ro\/un-rus-si-a-transformat-limuzina-bmw-seria-7-intr-un-monster-truck-cu-motor-v8\/","name":"Un rus \u0219i-a transformat limuzina BMW Seria 7 \u00eentr-un monster truck cu motor V8","isPartOf":{"@id":"https:\/\/www.btv.md\/#website"},"primaryImageOfPage":{"@id":"https:\/\/www.btv.md\/ro\/un-rus-si-a-transformat-limuzina-bmw-seria-7-intr-un-monster-truck-cu-motor-v8\/#primaryimage"},"image":{"@id":"https:\/\/www.btv.md\/ro\/un-rus-si-a-transformat-limuzina-bmw-seria-7-intr-un-monster-truck-cu-motor-v8\/#primaryimage"},"thumbnailUrl":"https:\/\/www.btv.md\/wp-content\/uploads\/2018\/03\/001_700-14.jpg","datePublished":"2018-03-28T17:52:59+00:00","dateModified":"2018-03-29T17:59:00+00:00","author":{"@id":"https:\/\/www.btv.md\/#\/schema\/person\/8fadce81561b3ce2c34c46dadc4ccbf2"},"description":"Un cet\u0103\u021bean al Federa\u021biei Ruse, av\u00e2nd la \u00eendem\u00e2n\u0103 un BMW Seria 7, a hot\u0103r\u00e2t s\u0103 \u00eel fac\u0103 mai deosebit \u0219i s\u0103 \u00eel modifice \u00eentr-un mod mai pu\u021bin neobi\u0219nuit.","inLanguage":"ro-RO","potentialAction":[{"@type":"ReadAction","target":["https:\/\/www.btv.md\/ro\/un-rus-si-a-transformat-limuzina-bmw-seria-7-intr-un-monster-truck-cu-motor-v8\/"]}]},{"@type":"ImageObject","inLanguage":"ro-RO","@id":"https:\/\/www.btv.md\/ro\/un-rus-si-a-transformat-limuzina-bmw-seria-7-intr-un-monster-truck-cu-motor-v8\/#primaryimage","url":"https:\/\/www.btv.md\/wp-content\/uploads\/2018\/03\/001_700-14.jpg","contentUrl":"https:\/\/www.btv.md\/wp-content\/uploads\/2018\/03\/001_700-14.jpg","width":700,"height":500},{"@type":"WebSite","@id":"https:\/\/www.btv.md\/#website","url":"https:\/\/www.btv.md\/","name":"BTV","description":"\u0411\u0435\u043b\u044c\u0446\u043a\u043e\u0435 \u0442\u0435\u043b\u0435\u0432\u0438\u0434\u0435\u043d\u0438\u0435","potentialAction":[{"@type":"SearchAction","target":{"@type":"EntryPoint","urlTemplate":"https:\/\/www.btv.md\/?s={search_term_string}"},"query-input":{"@type":"PropertyValueSpecification","valueRequired":true,"valueName":"search_term_string"}}],"inLanguage":"ro-RO"},{"@type":"Person","@id":"https:\/\/www.btv.md\/#\/schema\/person\/8fadce81561b3ce2c34c46dadc4ccbf2","name":"admin"}]}},"_links":{"self":[{"href":"https:\/\/www.btv.md\/ro\/wp-json\/wp\/v2\/posts\/44174","targetHints":{"allow":["GET"]}}],"collection":[{"href":"https:\/\/www.btv.md\/ro\/wp-json\/wp\/v2\/posts"}],"about":[{"href":"https:\/\/www.btv.md\/ro\/wp-json\/wp\/v2\/types\/post"}],"author":[{"embeddable":true,"href":"https:\/\/www.btv.md\/ro\/wp-json\/wp\/v2\/users\/4"}],"replies":[{"embeddable":true,"href":"https:\/\/www.btv.md\/ro\/wp-json\/wp\/v2\/comments?post=44174"}],"version-history":[{"count":0,"href":"https:\/\/www.btv.md\/ro\/wp-json\/wp\/v2\/posts\/44174\/revisions"}],"wp:featuredmedia":[{"embeddable":true,"href":"https:\/\/www.btv.md\/ro\/wp-json\/wp\/v2\/media\/44175"}],"wp:attachment":[{"href":"https:\/\/www.btv.md\/ro\/wp-json\/wp\/v2\/media?parent=44174"}],"wp:term":[{"taxonomy":"category","embeddable":true,"href":"https:\/\/www.btv.md\/ro\/wp-json\/wp\/v2\/categories?post=44174"},{"taxonomy":"post_tag","embeddable":true,"href":"https:\/\/www.btv.md\/ro\/wp-json\/wp\/v2\/tags?post=44174"}],"curies":[{"name":"wp","href":"https:\/\/api.w.org\/{rel}","templated":true}]}}