{"id":49613,"date":"2018-12-06T15:36:27","date_gmt":"2018-12-06T12:36:27","guid":{"rendered":"https:\/\/btv.md\/?p=49613"},"modified":"2018-12-06T15:37:20","modified_gmt":"2018-12-06T12:37:20","slug":"baltenii-au-fost-indemnati-sa-fie-mai-toleranti-fata-de-persoanele-hiv","status":"publish","type":"post","link":"https:\/\/www.btv.md\/ro\/baltenii-au-fost-indemnati-sa-fie-mai-toleranti-fata-de-persoanele-hiv\/","title":{"rendered":"B\u0102L\u021aENII AU FOST \u00ceNDEMNA\u021aI S\u0102 FIE MAI TOLERAN\u021aI FA\u021a\u0102 DE PERSOANELE HIV+"},"content":{"rendered":"<p><strong>\u00cen Republica Moldova sunt 11.500 de persoane infectate cu virus HIV, \u00eenregistrate de la \u00eenceputul epidemiei, \u00een 1987, c\u00e2nd a fost depistat\u0103 prima persoan\u0103 cu HIV. <\/strong><\/p>\n<p>Anual sunt \u00eenregistra\u021bi 830 de pacien\u021bi noi. \u00cen acest context, Centrul Social ,, Via\u021ba cu Speran\u021b\u0103 \u201c din B\u0103l\u021bi, \u00een data 1 decembrie, c\u00e2nd este marcat\u0103 ziua mondial\u0103 de combatere a infec\u021biei SIDA, a \u00eentreprins un \u0219ir de activit\u0103\u021bi pentru a informa popula\u021bia despre aceast\u0103 afec\u021biune.<\/p>\n<div id=\"fb-root\"><\/div>\n<p><script>(function(d, s, id) {  var js, fjs = d.getElementsByTagName(s)[0];  if (d.getElementById(id)) return;  js = d.createElement(s); js.id = id;  js.src = 'https:\/\/connect.facebook.net\/de_DE\/sdk.js#xfbml=1&version=v3.2';  fjs.parentNode.insertBefore(js, fjs);}(document, 'script', 'facebook-jssdk'));<\/script><\/p>\n<div class=\"fb-video\" data-href=\"https:\/\/www.facebook.com\/btvmoldova\/videos\/2203706143214960\/\" data-width=\"1170\">\n<blockquote cite=\"https:\/\/www.facebook.com\/btvmoldova\/videos\/2203706143214960\/\" class=\"fb-xfbml-parse-ignore\"><p><a href=\"https:\/\/www.facebook.com\/btvmoldova\/videos\/2203706143214960\/\">B\u0102L\u021aENII AU FOST \u00ceNDEMNA\u021aI S\u0102 FIE MAI TOLERAN\u021aI FA\u021a\u0102 DE PERSOANELE HIV+<\/a><\/p>\n<p>B\u0102L\u021aENII AU FOST \u00ceNDEMNA\u021aI S\u0102 FIE MAI TOLERAN\u021aI FA\u021a\u0102 DE PERSOANELE HIV+<\/p>\n<p>Gepostet von <a href=\"https:\/\/www.facebook.com\/btvmoldova\/\">\u0422\u0435\u043b\u0435\u043a\u043e\u043c\u043f\u0430\u043d\u0438\u044f BTV &#8211; Balti, \u0411\u0435\u043b\u044c\u0446\u044b<\/a> am Montag, 3. Dezember 2018<\/p><\/blockquote>\n<\/div>\n<p>VERONICA ANTONIUC, ASISTENT\u0102 SOCIAL\u0102 \u00ceN CADRUL CENTRULUI ,,VIA\u021aA CU SPERAN\u021a\u0102 \u201c<\/p>\n<p>,,Am ie\u0219it cu scopul de a sensibiliza popula\u021bia, de a sus\u021bine persoanele afectate de problema dat\u0103, de a\u00a0 distribui materiale informa\u021bionale. \u0218i de a fi al\u0103turi de aceast\u0103 problem\u0103. \u201c <\/p>\n<p>B\u0103l\u021benii au fost informa\u021bi despre c\u0103ile de transmitere, metodele de protec\u021bie \u00eempotriva acestei afec\u021biuni \u0219i au fost \u00eendemna\u021bi s\u0103 aib\u0103 o atitudine tolerant\u0103 \u015fi nediscriminatorie fa\u0163\u0103 de persoanele seropozitive. La fel ace\u0219tia au avut posibilitatea de a face un test la virusul HIV.<\/p>\n<p>ECATERINA RUSU, REPREZENTANT CENTRUL ,, VIA\u021aA CU SPERAN\u021a\u0102 \u201c<\/p>\n<p>,, Noi vom informa popula\u021bia despre posibilitatea de a trece testul. Testul este gratuit, rapid \u0219i adic\u0103 oricine poate s\u0103-l treac\u0103. Noi o s\u0103 mai tragem aten\u021bia, c\u0103 prin internet se poate desc\u0103rca\u00a0 ,, HIV Test \u201c, o program\u0103, prin care po\u021bi s\u0103 vezi riscurile.\u201d<\/p>\n<p>\u00cen prezent, \u00een Republica Moldova sunt peste 8500 de personae posesoare ale acestui virus, dintre care 7500 sunt la eviden\u021ba medicilor.<\/p>\n","protected":false},"excerpt":{"rendered":"<p>\u00cen Republica Moldova sunt 11.500 de persoane infectate cu virus HIV, \u00eenregistrate de la \u00eenceputul epidemiei, \u00een 1987, c\u00e2nd a fost depistat\u0103 prima persoan\u0103 cu HIV. Anual sunt \u00eenregistra\u021bi 830 de pacien\u021bi noi. \u00cen acest context, Centrul Social ,, Via\u021ba cu Speran\u021b\u0103 \u201c din B\u0103l\u021bi, \u00een data 1 decembrie, c\u00e2nd este marcat\u0103 ziua mondial\u0103 de [&hellip;]<\/p>\n","protected":false},"author":4,"featured_media":49576,"comment_status":"closed","ping_status":"closed","sticky":false,"template":"","format":"standard","meta":{"footnotes":""},"categories":[6353],"tags":[],"class_list":["post-49613","post","type-post","status-publish","format-standard","has-post-thumbnail","hentry","category-oras"],"yoast_head":"<!-- This site is optimized with the Yoast SEO plugin v27.4 - https:\/\/yoast.com\/product\/yoast-seo-wordpress\/ -->\n<title>B\u0102L\u021aENII AU FOST \u00ceNDEMNA\u021aI S\u0102 FIE MAI TOLERAN\u021aI FA\u021a\u0102 DE PERSOANELE HIV+ - BTV<\/title>\n<meta name=\"robots\" content=\"index, follow, max-snippet:-1, max-image-preview:large, max-video-preview:-1\" \/>\n<link rel=\"canonical\" href=\"https:\/\/www.btv.md\/ro\/baltenii-au-fost-indemnati-sa-fie-mai-toleranti-fata-de-persoanele-hiv\/\" \/>\n<meta property=\"og:locale\" content=\"ro_RO\" \/>\n<meta property=\"og:type\" content=\"article\" \/>\n<meta property=\"og:title\" content=\"B\u0102L\u021aENII AU FOST \u00ceNDEMNA\u021aI S\u0102 FIE MAI TOLERAN\u021aI FA\u021a\u0102 DE PERSOANELE HIV+ - BTV\" \/>\n<meta property=\"og:description\" content=\"\u00cen Republica Moldova sunt 11.500 de persoane infectate cu virus HIV, \u00eenregistrate de la \u00eenceputul epidemiei, \u00een 1987, c\u00e2nd a fost depistat\u0103 prima persoan\u0103 cu HIV. Anual sunt \u00eenregistra\u021bi 830 de pacien\u021bi noi. \u00cen acest context, Centrul Social ,, Via\u021ba cu Speran\u021b\u0103 \u201c din B\u0103l\u021bi, \u00een data 1 decembrie, c\u00e2nd este marcat\u0103 ziua mondial\u0103 de [&hellip;]\" \/>\n<meta property=\"og:url\" content=\"https:\/\/www.btv.md\/ro\/baltenii-au-fost-indemnati-sa-fie-mai-toleranti-fata-de-persoanele-hiv\/\" \/>\n<meta property=\"og:site_name\" content=\"BTV\" \/>\n<meta property=\"article:publisher\" content=\"https:\/\/www.facebook.com\/btvmoldova\/\" \/>\n<meta property=\"article:published_time\" content=\"2018-12-06T12:36:27+00:00\" \/>\n<meta property=\"article:modified_time\" content=\"2018-12-06T12:37:20+00:00\" \/>\n<meta property=\"og:image\" content=\"https:\/\/www.btv.md\/wp-content\/uploads\/2018\/12\/1495619239-532789.jpg\" \/>\n\t<meta property=\"og:image:width\" content=\"938\" \/>\n\t<meta property=\"og:image:height\" content=\"521\" \/>\n\t<meta property=\"og:image:type\" content=\"image\/jpeg\" \/>\n<meta name=\"author\" content=\"admin\" \/>\n<meta name=\"twitter:label1\" content=\"Scris de\" \/>\n\t<meta name=\"twitter:data1\" content=\"admin\" \/>\n\t<meta name=\"twitter:label2\" content=\"Timp estimat pentru citire\" \/>\n\t<meta name=\"twitter:data2\" content=\"1 minut\" \/>\n<script type=\"application\/ld+json\" class=\"yoast-schema-graph\">{\"@context\":\"https:\\\/\\\/schema.org\",\"@graph\":[{\"@type\":\"Article\",\"@id\":\"https:\\\/\\\/www.btv.md\\\/ro\\\/baltenii-au-fost-indemnati-sa-fie-mai-toleranti-fata-de-persoanele-hiv\\\/#article\",\"isPartOf\":{\"@id\":\"https:\\\/\\\/www.btv.md\\\/ro\\\/baltenii-au-fost-indemnati-sa-fie-mai-toleranti-fata-de-persoanele-hiv\\\/\"},\"author\":{\"name\":\"admin\",\"@id\":\"https:\\\/\\\/www.btv.md\\\/#\\\/schema\\\/person\\\/8fadce81561b3ce2c34c46dadc4ccbf2\"},\"headline\":\"B\u0102L\u021aENII AU FOST \u00ceNDEMNA\u021aI S\u0102 FIE MAI TOLERAN\u021aI FA\u021a\u0102 DE PERSOANELE HIV+\",\"datePublished\":\"2018-12-06T12:36:27+00:00\",\"dateModified\":\"2018-12-06T12:37:20+00:00\",\"mainEntityOfPage\":{\"@id\":\"https:\\\/\\\/www.btv.md\\\/ro\\\/baltenii-au-fost-indemnati-sa-fie-mai-toleranti-fata-de-persoanele-hiv\\\/\"},\"wordCount\":270,\"image\":{\"@id\":\"https:\\\/\\\/www.btv.md\\\/ro\\\/baltenii-au-fost-indemnati-sa-fie-mai-toleranti-fata-de-persoanele-hiv\\\/#primaryimage\"},\"thumbnailUrl\":\"https:\\\/\\\/www.btv.md\\\/wp-content\\\/uploads\\\/2018\\\/12\\\/1495619239-532789.jpg\",\"articleSection\":[\"Ora\u0219\"],\"inLanguage\":\"ro-RO\"},{\"@type\":\"WebPage\",\"@id\":\"https:\\\/\\\/www.btv.md\\\/ro\\\/baltenii-au-fost-indemnati-sa-fie-mai-toleranti-fata-de-persoanele-hiv\\\/\",\"url\":\"https:\\\/\\\/www.btv.md\\\/ro\\\/baltenii-au-fost-indemnati-sa-fie-mai-toleranti-fata-de-persoanele-hiv\\\/\",\"name\":\"B\u0102L\u021aENII AU FOST \u00ceNDEMNA\u021aI S\u0102 FIE MAI TOLERAN\u021aI FA\u021a\u0102 DE PERSOANELE HIV+ - BTV\",\"isPartOf\":{\"@id\":\"https:\\\/\\\/www.btv.md\\\/#website\"},\"primaryImageOfPage\":{\"@id\":\"https:\\\/\\\/www.btv.md\\\/ro\\\/baltenii-au-fost-indemnati-sa-fie-mai-toleranti-fata-de-persoanele-hiv\\\/#primaryimage\"},\"image\":{\"@id\":\"https:\\\/\\\/www.btv.md\\\/ro\\\/baltenii-au-fost-indemnati-sa-fie-mai-toleranti-fata-de-persoanele-hiv\\\/#primaryimage\"},\"thumbnailUrl\":\"https:\\\/\\\/www.btv.md\\\/wp-content\\\/uploads\\\/2018\\\/12\\\/1495619239-532789.jpg\",\"datePublished\":\"2018-12-06T12:36:27+00:00\",\"dateModified\":\"2018-12-06T12:37:20+00:00\",\"author\":{\"@id\":\"https:\\\/\\\/www.btv.md\\\/#\\\/schema\\\/person\\\/8fadce81561b3ce2c34c46dadc4ccbf2\"},\"inLanguage\":\"ro-RO\",\"potentialAction\":[{\"@type\":\"ReadAction\",\"target\":[\"https:\\\/\\\/www.btv.md\\\/ro\\\/baltenii-au-fost-indemnati-sa-fie-mai-toleranti-fata-de-persoanele-hiv\\\/\"]}]},{\"@type\":\"ImageObject\",\"inLanguage\":\"ro-RO\",\"@id\":\"https:\\\/\\\/www.btv.md\\\/ro\\\/baltenii-au-fost-indemnati-sa-fie-mai-toleranti-fata-de-persoanele-hiv\\\/#primaryimage\",\"url\":\"https:\\\/\\\/www.btv.md\\\/wp-content\\\/uploads\\\/2018\\\/12\\\/1495619239-532789.jpg\",\"contentUrl\":\"https:\\\/\\\/www.btv.md\\\/wp-content\\\/uploads\\\/2018\\\/12\\\/1495619239-532789.jpg\",\"width\":938,\"height\":521},{\"@type\":\"WebSite\",\"@id\":\"https:\\\/\\\/www.btv.md\\\/#website\",\"url\":\"https:\\\/\\\/www.btv.md\\\/\",\"name\":\"BTV\",\"description\":\"\u0411\u0435\u043b\u044c\u0446\u043a\u043e\u0435 \u0442\u0435\u043b\u0435\u0432\u0438\u0434\u0435\u043d\u0438\u0435\",\"potentialAction\":[{\"@type\":\"SearchAction\",\"target\":{\"@type\":\"EntryPoint\",\"urlTemplate\":\"https:\\\/\\\/www.btv.md\\\/?s={search_term_string}\"},\"query-input\":{\"@type\":\"PropertyValueSpecification\",\"valueRequired\":true,\"valueName\":\"search_term_string\"}}],\"inLanguage\":\"ro-RO\"},{\"@type\":\"Person\",\"@id\":\"https:\\\/\\\/www.btv.md\\\/#\\\/schema\\\/person\\\/8fadce81561b3ce2c34c46dadc4ccbf2\",\"name\":\"admin\"}]}<\/script>\n<!-- \/ Yoast SEO plugin. -->","yoast_head_json":{"title":"B\u0102L\u021aENII AU FOST \u00ceNDEMNA\u021aI S\u0102 FIE MAI TOLERAN\u021aI FA\u021a\u0102 DE PERSOANELE HIV+ - BTV","robots":{"index":"index","follow":"follow","max-snippet":"max-snippet:-1","max-image-preview":"max-image-preview:large","max-video-preview":"max-video-preview:-1"},"canonical":"https:\/\/www.btv.md\/ro\/baltenii-au-fost-indemnati-sa-fie-mai-toleranti-fata-de-persoanele-hiv\/","og_locale":"ro_RO","og_type":"article","og_title":"B\u0102L\u021aENII AU FOST \u00ceNDEMNA\u021aI S\u0102 FIE MAI TOLERAN\u021aI FA\u021a\u0102 DE PERSOANELE HIV+ - BTV","og_description":"\u00cen Republica Moldova sunt 11.500 de persoane infectate cu virus HIV, \u00eenregistrate de la \u00eenceputul epidemiei, \u00een 1987, c\u00e2nd a fost depistat\u0103 prima persoan\u0103 cu HIV. Anual sunt \u00eenregistra\u021bi 830 de pacien\u021bi noi. \u00cen acest context, Centrul Social ,, Via\u021ba cu Speran\u021b\u0103 \u201c din B\u0103l\u021bi, \u00een data 1 decembrie, c\u00e2nd este marcat\u0103 ziua mondial\u0103 de [&hellip;]","og_url":"https:\/\/www.btv.md\/ro\/baltenii-au-fost-indemnati-sa-fie-mai-toleranti-fata-de-persoanele-hiv\/","og_site_name":"BTV","article_publisher":"https:\/\/www.facebook.com\/btvmoldova\/","article_published_time":"2018-12-06T12:36:27+00:00","article_modified_time":"2018-12-06T12:37:20+00:00","og_image":[{"width":938,"height":521,"url":"https:\/\/www.btv.md\/wp-content\/uploads\/2018\/12\/1495619239-532789.jpg","type":"image\/jpeg"}],"author":"admin","twitter_misc":{"Scris de":"admin","Timp estimat pentru citire":"1 minut"},"schema":{"@context":"https:\/\/schema.org","@graph":[{"@type":"Article","@id":"https:\/\/www.btv.md\/ro\/baltenii-au-fost-indemnati-sa-fie-mai-toleranti-fata-de-persoanele-hiv\/#article","isPartOf":{"@id":"https:\/\/www.btv.md\/ro\/baltenii-au-fost-indemnati-sa-fie-mai-toleranti-fata-de-persoanele-hiv\/"},"author":{"name":"admin","@id":"https:\/\/www.btv.md\/#\/schema\/person\/8fadce81561b3ce2c34c46dadc4ccbf2"},"headline":"B\u0102L\u021aENII AU FOST \u00ceNDEMNA\u021aI S\u0102 FIE MAI TOLERAN\u021aI FA\u021a\u0102 DE PERSOANELE HIV+","datePublished":"2018-12-06T12:36:27+00:00","dateModified":"2018-12-06T12:37:20+00:00","mainEntityOfPage":{"@id":"https:\/\/www.btv.md\/ro\/baltenii-au-fost-indemnati-sa-fie-mai-toleranti-fata-de-persoanele-hiv\/"},"wordCount":270,"image":{"@id":"https:\/\/www.btv.md\/ro\/baltenii-au-fost-indemnati-sa-fie-mai-toleranti-fata-de-persoanele-hiv\/#primaryimage"},"thumbnailUrl":"https:\/\/www.btv.md\/wp-content\/uploads\/2018\/12\/1495619239-532789.jpg","articleSection":["Ora\u0219"],"inLanguage":"ro-RO"},{"@type":"WebPage","@id":"https:\/\/www.btv.md\/ro\/baltenii-au-fost-indemnati-sa-fie-mai-toleranti-fata-de-persoanele-hiv\/","url":"https:\/\/www.btv.md\/ro\/baltenii-au-fost-indemnati-sa-fie-mai-toleranti-fata-de-persoanele-hiv\/","name":"B\u0102L\u021aENII AU FOST \u00ceNDEMNA\u021aI S\u0102 FIE MAI TOLERAN\u021aI FA\u021a\u0102 DE PERSOANELE HIV+ - BTV","isPartOf":{"@id":"https:\/\/www.btv.md\/#website"},"primaryImageOfPage":{"@id":"https:\/\/www.btv.md\/ro\/baltenii-au-fost-indemnati-sa-fie-mai-toleranti-fata-de-persoanele-hiv\/#primaryimage"},"image":{"@id":"https:\/\/www.btv.md\/ro\/baltenii-au-fost-indemnati-sa-fie-mai-toleranti-fata-de-persoanele-hiv\/#primaryimage"},"thumbnailUrl":"https:\/\/www.btv.md\/wp-content\/uploads\/2018\/12\/1495619239-532789.jpg","datePublished":"2018-12-06T12:36:27+00:00","dateModified":"2018-12-06T12:37:20+00:00","author":{"@id":"https:\/\/www.btv.md\/#\/schema\/person\/8fadce81561b3ce2c34c46dadc4ccbf2"},"inLanguage":"ro-RO","potentialAction":[{"@type":"ReadAction","target":["https:\/\/www.btv.md\/ro\/baltenii-au-fost-indemnati-sa-fie-mai-toleranti-fata-de-persoanele-hiv\/"]}]},{"@type":"ImageObject","inLanguage":"ro-RO","@id":"https:\/\/www.btv.md\/ro\/baltenii-au-fost-indemnati-sa-fie-mai-toleranti-fata-de-persoanele-hiv\/#primaryimage","url":"https:\/\/www.btv.md\/wp-content\/uploads\/2018\/12\/1495619239-532789.jpg","contentUrl":"https:\/\/www.btv.md\/wp-content\/uploads\/2018\/12\/1495619239-532789.jpg","width":938,"height":521},{"@type":"WebSite","@id":"https:\/\/www.btv.md\/#website","url":"https:\/\/www.btv.md\/","name":"BTV","description":"\u0411\u0435\u043b\u044c\u0446\u043a\u043e\u0435 \u0442\u0435\u043b\u0435\u0432\u0438\u0434\u0435\u043d\u0438\u0435","potentialAction":[{"@type":"SearchAction","target":{"@type":"EntryPoint","urlTemplate":"https:\/\/www.btv.md\/?s={search_term_string}"},"query-input":{"@type":"PropertyValueSpecification","valueRequired":true,"valueName":"search_term_string"}}],"inLanguage":"ro-RO"},{"@type":"Person","@id":"https:\/\/www.btv.md\/#\/schema\/person\/8fadce81561b3ce2c34c46dadc4ccbf2","name":"admin"}]}},"_links":{"self":[{"href":"https:\/\/www.btv.md\/ro\/wp-json\/wp\/v2\/posts\/49613","targetHints":{"allow":["GET"]}}],"collection":[{"href":"https:\/\/www.btv.md\/ro\/wp-json\/wp\/v2\/posts"}],"about":[{"href":"https:\/\/www.btv.md\/ro\/wp-json\/wp\/v2\/types\/post"}],"author":[{"embeddable":true,"href":"https:\/\/www.btv.md\/ro\/wp-json\/wp\/v2\/users\/4"}],"replies":[{"embeddable":true,"href":"https:\/\/www.btv.md\/ro\/wp-json\/wp\/v2\/comments?post=49613"}],"version-history":[{"count":0,"href":"https:\/\/www.btv.md\/ro\/wp-json\/wp\/v2\/posts\/49613\/revisions"}],"wp:featuredmedia":[{"embeddable":true,"href":"https:\/\/www.btv.md\/ro\/wp-json\/wp\/v2\/media\/49576"}],"wp:attachment":[{"href":"https:\/\/www.btv.md\/ro\/wp-json\/wp\/v2\/media?parent=49613"}],"wp:term":[{"taxonomy":"category","embeddable":true,"href":"https:\/\/www.btv.md\/ro\/wp-json\/wp\/v2\/categories?post=49613"},{"taxonomy":"post_tag","embeddable":true,"href":"https:\/\/www.btv.md\/ro\/wp-json\/wp\/v2\/tags?post=49613"}],"curies":[{"name":"wp","href":"https:\/\/api.w.org\/{rel}","templated":true}]}}