{"id":49615,"date":"2018-12-06T15:42:15","date_gmt":"2018-12-06T12:42:15","guid":{"rendered":"https:\/\/btv.md\/?p=49615"},"modified":"2018-12-06T15:43:30","modified_gmt":"2018-12-06T12:43:30","slug":"a-fost-macata-la-balti-ziua-internationala-a-persoanelor-cu-dizabilitati","status":"publish","type":"post","link":"https:\/\/www.btv.md\/ro\/a-fost-macata-la-balti-ziua-internationala-a-persoanelor-cu-dizabilitati\/","title":{"rendered":"A FOST MACAT\u0102 LA B\u0102L\u021aI  ZIUA INTERNA\u021aIONAL\u0102 A PERSOANELOR CU DIZABILIT\u0102\u021aI"},"content":{"rendered":"<p><strong>Ziua interna\u021bional\u0103 a persoanelor cu dizabilit\u0103\u021bi a fost marcat\u0103 la B\u0103l\u021bi. Centrul de Plasament Temporar pentru Persoane cu Dizabilit\u0103\u021bi Adulte din ora\u0219 a organizat mai multe activit\u0103\u021bi interesante \u0219i interactive pentru ace\u0219tea. <\/strong><\/p>\n<p>\u00cen ziua de 3 decembrie au avut parte de un concert de caritate \u0219i expozi\u021bie \u201eM\u00e2ni debace\u201d \u00een care angaja\u021bii \u0219i beneficiarii centrului \u0219i-au expus lucr\u0103rile.<\/p>\n<p>\u00cencep\u00e2nd cu 3 decembrie p\u00e2n\u0103 \u00een ziua de 7 decembrie se vor realiza diferite activit\u0103\u021bi consacrat\u0103 persoanelor de dizabilit\u0103\u021bi.<\/p>\n<p>Aceast\u0103 zi a fost adoptat\u0103 de Organiza\u021bia Na\u021biunilor Unite (ONU) \u00een anul 1992, iar marcarea acestei zile are ca obiectiv promovarea \u00een\u021belegerii problemelor legate de dizabilitate \u0219i mobilizarea sus\u021binerii demnit\u0103\u021bii, drepturilor \u0219i bun\u0103st\u0103rii persoanelor cu dizabilit\u0103\u021bi.<\/p>\n<div id=\"fb-root\"><\/div>\n<p><script>(function(d, s, id) {  var js, fjs = d.getElementsByTagName(s)[0];  if (d.getElementById(id)) return;  js = d.createElement(s); js.id = id;  js.src = 'https:\/\/connect.facebook.net\/de_DE\/sdk.js#xfbml=1&version=v3.2';  fjs.parentNode.insertBefore(js, fjs);}(document, 'script', 'facebook-jssdk'));<\/script><\/p>\n<div class=\"fb-video\" data-href=\"https:\/\/www.facebook.com\/btvmoldova\/videos\/2203706143214960\/\" data-width=\"1170\">\n<blockquote cite=\"https:\/\/www.facebook.com\/btvmoldova\/videos\/2203706143214960\/\" class=\"fb-xfbml-parse-ignore\"><p><a href=\"https:\/\/www.facebook.com\/btvmoldova\/videos\/2203706143214960\/\">B\u0102L\u021aENII AU FOST \u00ceNDEMNA\u021aI S\u0102 FIE MAI TOLERAN\u021aI FA\u021a\u0102 DE PERSOANELE HIV+<\/a><\/p>\n<p>B\u0102L\u021aENII AU FOST \u00ceNDEMNA\u021aI S\u0102 FIE MAI TOLERAN\u021aI FA\u021a\u0102 DE PERSOANELE HIV+<\/p>\n<p>Gepostet von <a href=\"https:\/\/www.facebook.com\/btvmoldova\/\">\u0422\u0435\u043b\u0435\u043a\u043e\u043c\u043f\u0430\u043d\u0438\u044f BTV &#8211; Balti, \u0411\u0435\u043b\u044c\u0446\u044b<\/a> am Montag, 3. Dezember 2018<\/p><\/blockquote>\n<\/div>\n","protected":false},"excerpt":{"rendered":"<p>Ziua interna\u021bional\u0103 a persoanelor cu dizabilit\u0103\u021bi a fost marcat\u0103 la B\u0103l\u021bi. Centrul de Plasament Temporar pentru Persoane cu Dizabilit\u0103\u021bi Adulte din ora\u0219 a organizat mai multe activit\u0103\u021bi interesante \u0219i interactive pentru ace\u0219tea. \u00cen ziua de 3 decembrie au avut parte de un concert de caritate \u0219i expozi\u021bie \u201eM\u00e2ni debace\u201d \u00een care angaja\u021bii \u0219i beneficiarii centrului [&hellip;]<\/p>\n","protected":false},"author":4,"featured_media":49557,"comment_status":"closed","ping_status":"closed","sticky":false,"template":"","format":"standard","meta":{"footnotes":""},"categories":[6353],"tags":[],"class_list":["post-49615","post","type-post","status-publish","format-standard","has-post-thumbnail","hentry","category-oras"],"yoast_head":"<!-- This site is optimized with the Yoast SEO plugin v27.4 - https:\/\/yoast.com\/product\/yoast-seo-wordpress\/ -->\n<title>A FOST MACAT\u0102 LA B\u0102L\u021aI ZIUA INTERNA\u021aIONAL\u0102 A PERSOANELOR CU DIZABILIT\u0102\u021aI - BTV<\/title>\n<meta name=\"robots\" content=\"index, follow, max-snippet:-1, max-image-preview:large, max-video-preview:-1\" \/>\n<link rel=\"canonical\" href=\"https:\/\/www.btv.md\/ro\/a-fost-macata-la-balti-ziua-internationala-a-persoanelor-cu-dizabilitati\/\" \/>\n<meta property=\"og:locale\" content=\"ro_RO\" \/>\n<meta property=\"og:type\" content=\"article\" \/>\n<meta property=\"og:title\" content=\"A FOST MACAT\u0102 LA B\u0102L\u021aI ZIUA INTERNA\u021aIONAL\u0102 A PERSOANELOR CU DIZABILIT\u0102\u021aI - BTV\" \/>\n<meta property=\"og:description\" content=\"Ziua interna\u021bional\u0103 a persoanelor cu dizabilit\u0103\u021bi a fost marcat\u0103 la B\u0103l\u021bi. Centrul de Plasament Temporar pentru Persoane cu Dizabilit\u0103\u021bi Adulte din ora\u0219 a organizat mai multe activit\u0103\u021bi interesante \u0219i interactive pentru ace\u0219tea. \u00cen ziua de 3 decembrie au avut parte de un concert de caritate \u0219i expozi\u021bie \u201eM\u00e2ni debace\u201d \u00een care angaja\u021bii \u0219i beneficiarii centrului [&hellip;]\" \/>\n<meta property=\"og:url\" content=\"https:\/\/www.btv.md\/ro\/a-fost-macata-la-balti-ziua-internationala-a-persoanelor-cu-dizabilitati\/\" \/>\n<meta property=\"og:site_name\" content=\"BTV\" \/>\n<meta property=\"article:publisher\" content=\"https:\/\/www.facebook.com\/btvmoldova\/\" \/>\n<meta property=\"article:published_time\" content=\"2018-12-06T12:42:15+00:00\" \/>\n<meta property=\"article:modified_time\" content=\"2018-12-06T12:43:30+00:00\" \/>\n<meta property=\"og:image\" content=\"https:\/\/www.btv.md\/wp-content\/uploads\/2018\/12\/iStock_000030496114_Small-768x507.jpg\" \/>\n\t<meta property=\"og:image:width\" content=\"768\" \/>\n\t<meta property=\"og:image:height\" content=\"507\" \/>\n\t<meta property=\"og:image:type\" content=\"image\/jpeg\" \/>\n<meta name=\"author\" content=\"admin\" \/>\n<meta name=\"twitter:label1\" content=\"Scris de\" \/>\n\t<meta name=\"twitter:data1\" content=\"admin\" \/>\n\t<meta name=\"twitter:label2\" content=\"Timp estimat pentru citire\" \/>\n\t<meta name=\"twitter:data2\" content=\"1 minut\" \/>\n<script type=\"application\/ld+json\" class=\"yoast-schema-graph\">{\"@context\":\"https:\\\/\\\/schema.org\",\"@graph\":[{\"@type\":\"Article\",\"@id\":\"https:\\\/\\\/www.btv.md\\\/ro\\\/a-fost-macata-la-balti-ziua-internationala-a-persoanelor-cu-dizabilitati\\\/#article\",\"isPartOf\":{\"@id\":\"https:\\\/\\\/www.btv.md\\\/ro\\\/a-fost-macata-la-balti-ziua-internationala-a-persoanelor-cu-dizabilitati\\\/\"},\"author\":{\"name\":\"admin\",\"@id\":\"https:\\\/\\\/www.btv.md\\\/#\\\/schema\\\/person\\\/8fadce81561b3ce2c34c46dadc4ccbf2\"},\"headline\":\"A FOST MACAT\u0102 LA B\u0102L\u021aI ZIUA INTERNA\u021aIONAL\u0102 A PERSOANELOR CU DIZABILIT\u0102\u021aI\",\"datePublished\":\"2018-12-06T12:42:15+00:00\",\"dateModified\":\"2018-12-06T12:43:30+00:00\",\"mainEntityOfPage\":{\"@id\":\"https:\\\/\\\/www.btv.md\\\/ro\\\/a-fost-macata-la-balti-ziua-internationala-a-persoanelor-cu-dizabilitati\\\/\"},\"wordCount\":153,\"image\":{\"@id\":\"https:\\\/\\\/www.btv.md\\\/ro\\\/a-fost-macata-la-balti-ziua-internationala-a-persoanelor-cu-dizabilitati\\\/#primaryimage\"},\"thumbnailUrl\":\"https:\\\/\\\/www.btv.md\\\/wp-content\\\/uploads\\\/2018\\\/12\\\/iStock_000030496114_Small-768x507.jpg\",\"articleSection\":[\"Ora\u0219\"],\"inLanguage\":\"ro-RO\"},{\"@type\":\"WebPage\",\"@id\":\"https:\\\/\\\/www.btv.md\\\/ro\\\/a-fost-macata-la-balti-ziua-internationala-a-persoanelor-cu-dizabilitati\\\/\",\"url\":\"https:\\\/\\\/www.btv.md\\\/ro\\\/a-fost-macata-la-balti-ziua-internationala-a-persoanelor-cu-dizabilitati\\\/\",\"name\":\"A FOST MACAT\u0102 LA B\u0102L\u021aI ZIUA INTERNA\u021aIONAL\u0102 A PERSOANELOR CU DIZABILIT\u0102\u021aI - BTV\",\"isPartOf\":{\"@id\":\"https:\\\/\\\/www.btv.md\\\/#website\"},\"primaryImageOfPage\":{\"@id\":\"https:\\\/\\\/www.btv.md\\\/ro\\\/a-fost-macata-la-balti-ziua-internationala-a-persoanelor-cu-dizabilitati\\\/#primaryimage\"},\"image\":{\"@id\":\"https:\\\/\\\/www.btv.md\\\/ro\\\/a-fost-macata-la-balti-ziua-internationala-a-persoanelor-cu-dizabilitati\\\/#primaryimage\"},\"thumbnailUrl\":\"https:\\\/\\\/www.btv.md\\\/wp-content\\\/uploads\\\/2018\\\/12\\\/iStock_000030496114_Small-768x507.jpg\",\"datePublished\":\"2018-12-06T12:42:15+00:00\",\"dateModified\":\"2018-12-06T12:43:30+00:00\",\"author\":{\"@id\":\"https:\\\/\\\/www.btv.md\\\/#\\\/schema\\\/person\\\/8fadce81561b3ce2c34c46dadc4ccbf2\"},\"inLanguage\":\"ro-RO\",\"potentialAction\":[{\"@type\":\"ReadAction\",\"target\":[\"https:\\\/\\\/www.btv.md\\\/ro\\\/a-fost-macata-la-balti-ziua-internationala-a-persoanelor-cu-dizabilitati\\\/\"]}]},{\"@type\":\"ImageObject\",\"inLanguage\":\"ro-RO\",\"@id\":\"https:\\\/\\\/www.btv.md\\\/ro\\\/a-fost-macata-la-balti-ziua-internationala-a-persoanelor-cu-dizabilitati\\\/#primaryimage\",\"url\":\"https:\\\/\\\/www.btv.md\\\/wp-content\\\/uploads\\\/2018\\\/12\\\/iStock_000030496114_Small-768x507.jpg\",\"contentUrl\":\"https:\\\/\\\/www.btv.md\\\/wp-content\\\/uploads\\\/2018\\\/12\\\/iStock_000030496114_Small-768x507.jpg\",\"width\":768,\"height\":507,\"caption\":\"Clouse up Senior handicapped man doing his grocery shopping sitting in the road in his wheelchair clutching a large bag of food and looking at the camera\"},{\"@type\":\"WebSite\",\"@id\":\"https:\\\/\\\/www.btv.md\\\/#website\",\"url\":\"https:\\\/\\\/www.btv.md\\\/\",\"name\":\"BTV\",\"description\":\"\u0411\u0435\u043b\u044c\u0446\u043a\u043e\u0435 \u0442\u0435\u043b\u0435\u0432\u0438\u0434\u0435\u043d\u0438\u0435\",\"potentialAction\":[{\"@type\":\"SearchAction\",\"target\":{\"@type\":\"EntryPoint\",\"urlTemplate\":\"https:\\\/\\\/www.btv.md\\\/?s={search_term_string}\"},\"query-input\":{\"@type\":\"PropertyValueSpecification\",\"valueRequired\":true,\"valueName\":\"search_term_string\"}}],\"inLanguage\":\"ro-RO\"},{\"@type\":\"Person\",\"@id\":\"https:\\\/\\\/www.btv.md\\\/#\\\/schema\\\/person\\\/8fadce81561b3ce2c34c46dadc4ccbf2\",\"name\":\"admin\"}]}<\/script>\n<!-- \/ Yoast SEO plugin. -->","yoast_head_json":{"title":"A FOST MACAT\u0102 LA B\u0102L\u021aI ZIUA INTERNA\u021aIONAL\u0102 A PERSOANELOR CU DIZABILIT\u0102\u021aI - BTV","robots":{"index":"index","follow":"follow","max-snippet":"max-snippet:-1","max-image-preview":"max-image-preview:large","max-video-preview":"max-video-preview:-1"},"canonical":"https:\/\/www.btv.md\/ro\/a-fost-macata-la-balti-ziua-internationala-a-persoanelor-cu-dizabilitati\/","og_locale":"ro_RO","og_type":"article","og_title":"A FOST MACAT\u0102 LA B\u0102L\u021aI ZIUA INTERNA\u021aIONAL\u0102 A PERSOANELOR CU DIZABILIT\u0102\u021aI - BTV","og_description":"Ziua interna\u021bional\u0103 a persoanelor cu dizabilit\u0103\u021bi a fost marcat\u0103 la B\u0103l\u021bi. Centrul de Plasament Temporar pentru Persoane cu Dizabilit\u0103\u021bi Adulte din ora\u0219 a organizat mai multe activit\u0103\u021bi interesante \u0219i interactive pentru ace\u0219tea. \u00cen ziua de 3 decembrie au avut parte de un concert de caritate \u0219i expozi\u021bie \u201eM\u00e2ni debace\u201d \u00een care angaja\u021bii \u0219i beneficiarii centrului [&hellip;]","og_url":"https:\/\/www.btv.md\/ro\/a-fost-macata-la-balti-ziua-internationala-a-persoanelor-cu-dizabilitati\/","og_site_name":"BTV","article_publisher":"https:\/\/www.facebook.com\/btvmoldova\/","article_published_time":"2018-12-06T12:42:15+00:00","article_modified_time":"2018-12-06T12:43:30+00:00","og_image":[{"width":768,"height":507,"url":"https:\/\/www.btv.md\/wp-content\/uploads\/2018\/12\/iStock_000030496114_Small-768x507.jpg","type":"image\/jpeg"}],"author":"admin","twitter_misc":{"Scris de":"admin","Timp estimat pentru citire":"1 minut"},"schema":{"@context":"https:\/\/schema.org","@graph":[{"@type":"Article","@id":"https:\/\/www.btv.md\/ro\/a-fost-macata-la-balti-ziua-internationala-a-persoanelor-cu-dizabilitati\/#article","isPartOf":{"@id":"https:\/\/www.btv.md\/ro\/a-fost-macata-la-balti-ziua-internationala-a-persoanelor-cu-dizabilitati\/"},"author":{"name":"admin","@id":"https:\/\/www.btv.md\/#\/schema\/person\/8fadce81561b3ce2c34c46dadc4ccbf2"},"headline":"A FOST MACAT\u0102 LA B\u0102L\u021aI ZIUA INTERNA\u021aIONAL\u0102 A PERSOANELOR CU DIZABILIT\u0102\u021aI","datePublished":"2018-12-06T12:42:15+00:00","dateModified":"2018-12-06T12:43:30+00:00","mainEntityOfPage":{"@id":"https:\/\/www.btv.md\/ro\/a-fost-macata-la-balti-ziua-internationala-a-persoanelor-cu-dizabilitati\/"},"wordCount":153,"image":{"@id":"https:\/\/www.btv.md\/ro\/a-fost-macata-la-balti-ziua-internationala-a-persoanelor-cu-dizabilitati\/#primaryimage"},"thumbnailUrl":"https:\/\/www.btv.md\/wp-content\/uploads\/2018\/12\/iStock_000030496114_Small-768x507.jpg","articleSection":["Ora\u0219"],"inLanguage":"ro-RO"},{"@type":"WebPage","@id":"https:\/\/www.btv.md\/ro\/a-fost-macata-la-balti-ziua-internationala-a-persoanelor-cu-dizabilitati\/","url":"https:\/\/www.btv.md\/ro\/a-fost-macata-la-balti-ziua-internationala-a-persoanelor-cu-dizabilitati\/","name":"A FOST MACAT\u0102 LA B\u0102L\u021aI ZIUA INTERNA\u021aIONAL\u0102 A PERSOANELOR CU DIZABILIT\u0102\u021aI - BTV","isPartOf":{"@id":"https:\/\/www.btv.md\/#website"},"primaryImageOfPage":{"@id":"https:\/\/www.btv.md\/ro\/a-fost-macata-la-balti-ziua-internationala-a-persoanelor-cu-dizabilitati\/#primaryimage"},"image":{"@id":"https:\/\/www.btv.md\/ro\/a-fost-macata-la-balti-ziua-internationala-a-persoanelor-cu-dizabilitati\/#primaryimage"},"thumbnailUrl":"https:\/\/www.btv.md\/wp-content\/uploads\/2018\/12\/iStock_000030496114_Small-768x507.jpg","datePublished":"2018-12-06T12:42:15+00:00","dateModified":"2018-12-06T12:43:30+00:00","author":{"@id":"https:\/\/www.btv.md\/#\/schema\/person\/8fadce81561b3ce2c34c46dadc4ccbf2"},"inLanguage":"ro-RO","potentialAction":[{"@type":"ReadAction","target":["https:\/\/www.btv.md\/ro\/a-fost-macata-la-balti-ziua-internationala-a-persoanelor-cu-dizabilitati\/"]}]},{"@type":"ImageObject","inLanguage":"ro-RO","@id":"https:\/\/www.btv.md\/ro\/a-fost-macata-la-balti-ziua-internationala-a-persoanelor-cu-dizabilitati\/#primaryimage","url":"https:\/\/www.btv.md\/wp-content\/uploads\/2018\/12\/iStock_000030496114_Small-768x507.jpg","contentUrl":"https:\/\/www.btv.md\/wp-content\/uploads\/2018\/12\/iStock_000030496114_Small-768x507.jpg","width":768,"height":507,"caption":"Clouse up Senior handicapped man doing his grocery shopping sitting in the road in his wheelchair clutching a large bag of food and looking at the camera"},{"@type":"WebSite","@id":"https:\/\/www.btv.md\/#website","url":"https:\/\/www.btv.md\/","name":"BTV","description":"\u0411\u0435\u043b\u044c\u0446\u043a\u043e\u0435 \u0442\u0435\u043b\u0435\u0432\u0438\u0434\u0435\u043d\u0438\u0435","potentialAction":[{"@type":"SearchAction","target":{"@type":"EntryPoint","urlTemplate":"https:\/\/www.btv.md\/?s={search_term_string}"},"query-input":{"@type":"PropertyValueSpecification","valueRequired":true,"valueName":"search_term_string"}}],"inLanguage":"ro-RO"},{"@type":"Person","@id":"https:\/\/www.btv.md\/#\/schema\/person\/8fadce81561b3ce2c34c46dadc4ccbf2","name":"admin"}]}},"_links":{"self":[{"href":"https:\/\/www.btv.md\/ro\/wp-json\/wp\/v2\/posts\/49615","targetHints":{"allow":["GET"]}}],"collection":[{"href":"https:\/\/www.btv.md\/ro\/wp-json\/wp\/v2\/posts"}],"about":[{"href":"https:\/\/www.btv.md\/ro\/wp-json\/wp\/v2\/types\/post"}],"author":[{"embeddable":true,"href":"https:\/\/www.btv.md\/ro\/wp-json\/wp\/v2\/users\/4"}],"replies":[{"embeddable":true,"href":"https:\/\/www.btv.md\/ro\/wp-json\/wp\/v2\/comments?post=49615"}],"version-history":[{"count":0,"href":"https:\/\/www.btv.md\/ro\/wp-json\/wp\/v2\/posts\/49615\/revisions"}],"wp:featuredmedia":[{"embeddable":true,"href":"https:\/\/www.btv.md\/ro\/wp-json\/wp\/v2\/media\/49557"}],"wp:attachment":[{"href":"https:\/\/www.btv.md\/ro\/wp-json\/wp\/v2\/media?parent=49615"}],"wp:term":[{"taxonomy":"category","embeddable":true,"href":"https:\/\/www.btv.md\/ro\/wp-json\/wp\/v2\/categories?post=49615"},{"taxonomy":"post_tag","embeddable":true,"href":"https:\/\/www.btv.md\/ro\/wp-json\/wp\/v2\/tags?post=49615"}],"curies":[{"name":"wp","href":"https:\/\/api.w.org\/{rel}","templated":true}]}}