{"id":49628,"date":"2018-12-06T21:14:46","date_gmt":"2018-12-06T18:14:46","guid":{"rendered":"https:\/\/btv.md\/?p=49628"},"modified":"2018-12-06T21:15:03","modified_gmt":"2018-12-06T18:15:03","slug":"actorii-nationalului-au-dus-faima-la-bucuresti","status":"publish","type":"post","link":"https:\/\/www.btv.md\/ro\/actorii-nationalului-au-dus-faima-la-bucuresti\/","title":{"rendered":"ACTORII NA\u021aIONALULUI AU DUS FAIMA LA BUCURE\u0218TI"},"content":{"rendered":"<p><strong>Actorii Teatrului Na\u021bional \u201eVasile Alecsandri\u201d au dus faima B\u0103l\u021biului \u00een Rom\u00e2nia. Arti\u0219tii au evoluat ieri pe scena Teatrului Nottara din Bucure\u0219ti, cu spectacolul \u201eRetro\u201d. <\/strong><\/p>\n<p>\u00centr-un filmule\u021b video publicat pe facebook, Constantin Stavrat, directorul artistic al teatrului a men\u021bionat c\u0103 toate bilete au fost v\u00e2ndute.<\/p>\n<p>Iar \u00eentr-un comentariu a scris: <em>\u201eGata! Teatrul Na\u021bional &#8221; V.Alecsandri &#8221; din mun.Balti\u00a0 a jucat cu multe minute de aplauze un spectacol formidabil pe scena teatrului Nottara din Bucure\u0219ti. Stima\u021bi colegi a\u021bi fost braaaava! Felicit\u0103ri!!!\u201d<\/em><\/p>\n<p>\u00cen ziua de 9 decembrie Teatrul Na\u021bional \u201eVasile Alecsandri\u201d din B\u0103l\u021bi va g\u0103zdui Teatrul \u201eNottara\u201d din Bucure\u0219ti. Actorul Emil Boroghin\u0103 va prezenta recitalul \u201eTreptele Unirii\u201d \u00een regia lui Alexandru M\u00e2zg\u0103reanu, la orele 17:00. Iar ziua, la ora 11.00 oaspe\u021bii vor evolu, cu spectacolele \u201eVlaicu Vod\u0103\u201d dup\u0103 Alexandru Davila \u0219i \u201eDespot Vod\u0103\u201d dup\u0103 Vasile Alecsandri. Acest turneu este sus\u021binut de Institutul Cultural Rom\u00e2n. \u00centrarea va fi liber\u0103.<\/p>\n<div id=\"fb-root\"><\/div>\n<p><script>(function(d, s, id) {  var js, fjs = d.getElementsByTagName(s)[0];  if (d.getElementById(id)) return;  js = d.createElement(s); js.id = id;  js.src = 'https:\/\/connect.facebook.net\/de_DE\/sdk.js#xfbml=1&version=v3.2';  fjs.parentNode.insertBefore(js, fjs);}(document, 'script', 'facebook-jssdk'));<\/script><\/p>\n<div class=\"fb-video\" data-href=\"https:\/\/www.facebook.com\/btvmoldova\/videos\/204089017140921\/\" data-width=\"1170\">\n<blockquote cite=\"https:\/\/www.facebook.com\/btvmoldova\/videos\/204089017140921\/\" class=\"fb-xfbml-parse-ignore\"><p><a href=\"https:\/\/www.facebook.com\/btvmoldova\/videos\/204089017140921\/\">ACTORII NA\u021aIONALULUI AU DUS FAIMA LA BUCURE\u0218TI<\/a><\/p>\n<p>ACTORII NA\u021aIONALULUI AU DUS FAIMA LA BUCURE\u0218TI<\/p>\n<p>Gepostet von <a href=\"https:\/\/www.facebook.com\/btvmoldova\/\">\u0422\u0435\u043b\u0435\u043a\u043e\u043c\u043f\u0430\u043d\u0438\u044f BTV &#8211; Balti, \u0411\u0435\u043b\u044c\u0446\u044b<\/a> am Donnerstag, 6. Dezember 2018<\/p><\/blockquote>\n<\/div>\n","protected":false},"excerpt":{"rendered":"<p>Actorii Teatrului Na\u021bional \u201eVasile Alecsandri\u201d au dus faima B\u0103l\u021biului \u00een Rom\u00e2nia. Arti\u0219tii au evoluat ieri pe scena Teatrului Nottara din Bucure\u0219ti, cu spectacolul \u201eRetro\u201d. \u00centr-un filmule\u021b video publicat pe facebook, Constantin Stavrat, directorul artistic al teatrului a men\u021bionat c\u0103 toate bilete au fost v\u00e2ndute. Iar \u00eentr-un comentariu a scris: \u201eGata! Teatrul Na\u021bional &#8221; V.Alecsandri &#8221; [&hellip;]<\/p>\n","protected":false},"author":4,"featured_media":49629,"comment_status":"closed","ping_status":"closed","sticky":false,"template":"","format":"standard","meta":{"footnotes":""},"categories":[12],"tags":[],"class_list":["post-49628","post","type-post","status-publish","format-standard","has-post-thumbnail","hentry","category-balti"],"yoast_head":"<!-- This site is optimized with the Yoast SEO plugin v27.4 - https:\/\/yoast.com\/product\/yoast-seo-wordpress\/ -->\n<title>ACTORII NA\u021aIONALULUI AU DUS FAIMA LA BUCURE\u0218TI - BTV<\/title>\n<meta name=\"robots\" content=\"index, follow, max-snippet:-1, max-image-preview:large, max-video-preview:-1\" \/>\n<link rel=\"canonical\" href=\"https:\/\/www.btv.md\/ro\/actorii-nationalului-au-dus-faima-la-bucuresti\/\" \/>\n<meta property=\"og:locale\" content=\"ro_RO\" \/>\n<meta property=\"og:type\" content=\"article\" \/>\n<meta property=\"og:title\" content=\"ACTORII NA\u021aIONALULUI AU DUS FAIMA LA BUCURE\u0218TI - BTV\" \/>\n<meta property=\"og:description\" content=\"Actorii Teatrului Na\u021bional \u201eVasile Alecsandri\u201d au dus faima B\u0103l\u021biului \u00een Rom\u00e2nia. Arti\u0219tii au evoluat ieri pe scena Teatrului Nottara din Bucure\u0219ti, cu spectacolul \u201eRetro\u201d. \u00centr-un filmule\u021b video publicat pe facebook, Constantin Stavrat, directorul artistic al teatrului a men\u021bionat c\u0103 toate bilete au fost v\u00e2ndute. Iar \u00eentr-un comentariu a scris: \u201eGata! Teatrul Na\u021bional &#8221; V.Alecsandri &#8221; [&hellip;]\" \/>\n<meta property=\"og:url\" content=\"https:\/\/www.btv.md\/ro\/actorii-nationalului-au-dus-faima-la-bucuresti\/\" \/>\n<meta property=\"og:site_name\" content=\"BTV\" \/>\n<meta property=\"article:publisher\" content=\"https:\/\/www.facebook.com\/btvmoldova\/\" \/>\n<meta property=\"article:published_time\" content=\"2018-12-06T18:14:46+00:00\" \/>\n<meta property=\"article:modified_time\" content=\"2018-12-06T18:15:03+00:00\" \/>\n<meta property=\"og:image\" content=\"https:\/\/www.btv.md\/wp-content\/uploads\/2018\/12\/the-man-behind-the-cutain.jpg\" \/>\n\t<meta property=\"og:image:width\" content=\"1701\" \/>\n\t<meta property=\"og:image:height\" content=\"1129\" \/>\n\t<meta property=\"og:image:type\" content=\"image\/jpeg\" \/>\n<meta name=\"author\" content=\"admin\" \/>\n<meta name=\"twitter:label1\" content=\"Scris de\" \/>\n\t<meta name=\"twitter:data1\" content=\"admin\" \/>\n\t<meta name=\"twitter:label2\" content=\"Timp estimat pentru citire\" \/>\n\t<meta name=\"twitter:data2\" content=\"1 minut\" \/>\n<script type=\"application\/ld+json\" class=\"yoast-schema-graph\">{\"@context\":\"https:\\\/\\\/schema.org\",\"@graph\":[{\"@type\":\"Article\",\"@id\":\"https:\\\/\\\/www.btv.md\\\/ro\\\/actorii-nationalului-au-dus-faima-la-bucuresti\\\/#article\",\"isPartOf\":{\"@id\":\"https:\\\/\\\/www.btv.md\\\/ro\\\/actorii-nationalului-au-dus-faima-la-bucuresti\\\/\"},\"author\":{\"name\":\"admin\",\"@id\":\"https:\\\/\\\/www.btv.md\\\/#\\\/schema\\\/person\\\/8fadce81561b3ce2c34c46dadc4ccbf2\"},\"headline\":\"ACTORII NA\u021aIONALULUI AU DUS FAIMA LA BUCURE\u0218TI\",\"datePublished\":\"2018-12-06T18:14:46+00:00\",\"dateModified\":\"2018-12-06T18:15:03+00:00\",\"mainEntityOfPage\":{\"@id\":\"https:\\\/\\\/www.btv.md\\\/ro\\\/actorii-nationalului-au-dus-faima-la-bucuresti\\\/\"},\"wordCount\":180,\"image\":{\"@id\":\"https:\\\/\\\/www.btv.md\\\/ro\\\/actorii-nationalului-au-dus-faima-la-bucuresti\\\/#primaryimage\"},\"thumbnailUrl\":\"https:\\\/\\\/www.btv.md\\\/wp-content\\\/uploads\\\/2018\\\/12\\\/the-man-behind-the-cutain.jpg\",\"articleSection\":[\"\u0413\u043e\u0440\u043e\u0434\"],\"inLanguage\":\"ro-RO\"},{\"@type\":\"WebPage\",\"@id\":\"https:\\\/\\\/www.btv.md\\\/ro\\\/actorii-nationalului-au-dus-faima-la-bucuresti\\\/\",\"url\":\"https:\\\/\\\/www.btv.md\\\/ro\\\/actorii-nationalului-au-dus-faima-la-bucuresti\\\/\",\"name\":\"ACTORII NA\u021aIONALULUI AU DUS FAIMA LA BUCURE\u0218TI - BTV\",\"isPartOf\":{\"@id\":\"https:\\\/\\\/www.btv.md\\\/#website\"},\"primaryImageOfPage\":{\"@id\":\"https:\\\/\\\/www.btv.md\\\/ro\\\/actorii-nationalului-au-dus-faima-la-bucuresti\\\/#primaryimage\"},\"image\":{\"@id\":\"https:\\\/\\\/www.btv.md\\\/ro\\\/actorii-nationalului-au-dus-faima-la-bucuresti\\\/#primaryimage\"},\"thumbnailUrl\":\"https:\\\/\\\/www.btv.md\\\/wp-content\\\/uploads\\\/2018\\\/12\\\/the-man-behind-the-cutain.jpg\",\"datePublished\":\"2018-12-06T18:14:46+00:00\",\"dateModified\":\"2018-12-06T18:15:03+00:00\",\"author\":{\"@id\":\"https:\\\/\\\/www.btv.md\\\/#\\\/schema\\\/person\\\/8fadce81561b3ce2c34c46dadc4ccbf2\"},\"inLanguage\":\"ro-RO\",\"potentialAction\":[{\"@type\":\"ReadAction\",\"target\":[\"https:\\\/\\\/www.btv.md\\\/ro\\\/actorii-nationalului-au-dus-faima-la-bucuresti\\\/\"]}]},{\"@type\":\"ImageObject\",\"inLanguage\":\"ro-RO\",\"@id\":\"https:\\\/\\\/www.btv.md\\\/ro\\\/actorii-nationalului-au-dus-faima-la-bucuresti\\\/#primaryimage\",\"url\":\"https:\\\/\\\/www.btv.md\\\/wp-content\\\/uploads\\\/2018\\\/12\\\/the-man-behind-the-cutain.jpg\",\"contentUrl\":\"https:\\\/\\\/www.btv.md\\\/wp-content\\\/uploads\\\/2018\\\/12\\\/the-man-behind-the-cutain.jpg\",\"width\":1701,\"height\":1129},{\"@type\":\"WebSite\",\"@id\":\"https:\\\/\\\/www.btv.md\\\/#website\",\"url\":\"https:\\\/\\\/www.btv.md\\\/\",\"name\":\"BTV\",\"description\":\"\u0411\u0435\u043b\u044c\u0446\u043a\u043e\u0435 \u0442\u0435\u043b\u0435\u0432\u0438\u0434\u0435\u043d\u0438\u0435\",\"potentialAction\":[{\"@type\":\"SearchAction\",\"target\":{\"@type\":\"EntryPoint\",\"urlTemplate\":\"https:\\\/\\\/www.btv.md\\\/?s={search_term_string}\"},\"query-input\":{\"@type\":\"PropertyValueSpecification\",\"valueRequired\":true,\"valueName\":\"search_term_string\"}}],\"inLanguage\":\"ro-RO\"},{\"@type\":\"Person\",\"@id\":\"https:\\\/\\\/www.btv.md\\\/#\\\/schema\\\/person\\\/8fadce81561b3ce2c34c46dadc4ccbf2\",\"name\":\"admin\"}]}<\/script>\n<!-- \/ Yoast SEO plugin. -->","yoast_head_json":{"title":"ACTORII NA\u021aIONALULUI AU DUS FAIMA LA BUCURE\u0218TI - BTV","robots":{"index":"index","follow":"follow","max-snippet":"max-snippet:-1","max-image-preview":"max-image-preview:large","max-video-preview":"max-video-preview:-1"},"canonical":"https:\/\/www.btv.md\/ro\/actorii-nationalului-au-dus-faima-la-bucuresti\/","og_locale":"ro_RO","og_type":"article","og_title":"ACTORII NA\u021aIONALULUI AU DUS FAIMA LA BUCURE\u0218TI - BTV","og_description":"Actorii Teatrului Na\u021bional \u201eVasile Alecsandri\u201d au dus faima B\u0103l\u021biului \u00een Rom\u00e2nia. Arti\u0219tii au evoluat ieri pe scena Teatrului Nottara din Bucure\u0219ti, cu spectacolul \u201eRetro\u201d. \u00centr-un filmule\u021b video publicat pe facebook, Constantin Stavrat, directorul artistic al teatrului a men\u021bionat c\u0103 toate bilete au fost v\u00e2ndute. Iar \u00eentr-un comentariu a scris: \u201eGata! Teatrul Na\u021bional &#8221; V.Alecsandri &#8221; [&hellip;]","og_url":"https:\/\/www.btv.md\/ro\/actorii-nationalului-au-dus-faima-la-bucuresti\/","og_site_name":"BTV","article_publisher":"https:\/\/www.facebook.com\/btvmoldova\/","article_published_time":"2018-12-06T18:14:46+00:00","article_modified_time":"2018-12-06T18:15:03+00:00","og_image":[{"width":1701,"height":1129,"url":"https:\/\/www.btv.md\/wp-content\/uploads\/2018\/12\/the-man-behind-the-cutain.jpg","type":"image\/jpeg"}],"author":"admin","twitter_misc":{"Scris de":"admin","Timp estimat pentru citire":"1 minut"},"schema":{"@context":"https:\/\/schema.org","@graph":[{"@type":"Article","@id":"https:\/\/www.btv.md\/ro\/actorii-nationalului-au-dus-faima-la-bucuresti\/#article","isPartOf":{"@id":"https:\/\/www.btv.md\/ro\/actorii-nationalului-au-dus-faima-la-bucuresti\/"},"author":{"name":"admin","@id":"https:\/\/www.btv.md\/#\/schema\/person\/8fadce81561b3ce2c34c46dadc4ccbf2"},"headline":"ACTORII NA\u021aIONALULUI AU DUS FAIMA LA BUCURE\u0218TI","datePublished":"2018-12-06T18:14:46+00:00","dateModified":"2018-12-06T18:15:03+00:00","mainEntityOfPage":{"@id":"https:\/\/www.btv.md\/ro\/actorii-nationalului-au-dus-faima-la-bucuresti\/"},"wordCount":180,"image":{"@id":"https:\/\/www.btv.md\/ro\/actorii-nationalului-au-dus-faima-la-bucuresti\/#primaryimage"},"thumbnailUrl":"https:\/\/www.btv.md\/wp-content\/uploads\/2018\/12\/the-man-behind-the-cutain.jpg","articleSection":["\u0413\u043e\u0440\u043e\u0434"],"inLanguage":"ro-RO"},{"@type":"WebPage","@id":"https:\/\/www.btv.md\/ro\/actorii-nationalului-au-dus-faima-la-bucuresti\/","url":"https:\/\/www.btv.md\/ro\/actorii-nationalului-au-dus-faima-la-bucuresti\/","name":"ACTORII NA\u021aIONALULUI AU DUS FAIMA LA BUCURE\u0218TI - BTV","isPartOf":{"@id":"https:\/\/www.btv.md\/#website"},"primaryImageOfPage":{"@id":"https:\/\/www.btv.md\/ro\/actorii-nationalului-au-dus-faima-la-bucuresti\/#primaryimage"},"image":{"@id":"https:\/\/www.btv.md\/ro\/actorii-nationalului-au-dus-faima-la-bucuresti\/#primaryimage"},"thumbnailUrl":"https:\/\/www.btv.md\/wp-content\/uploads\/2018\/12\/the-man-behind-the-cutain.jpg","datePublished":"2018-12-06T18:14:46+00:00","dateModified":"2018-12-06T18:15:03+00:00","author":{"@id":"https:\/\/www.btv.md\/#\/schema\/person\/8fadce81561b3ce2c34c46dadc4ccbf2"},"inLanguage":"ro-RO","potentialAction":[{"@type":"ReadAction","target":["https:\/\/www.btv.md\/ro\/actorii-nationalului-au-dus-faima-la-bucuresti\/"]}]},{"@type":"ImageObject","inLanguage":"ro-RO","@id":"https:\/\/www.btv.md\/ro\/actorii-nationalului-au-dus-faima-la-bucuresti\/#primaryimage","url":"https:\/\/www.btv.md\/wp-content\/uploads\/2018\/12\/the-man-behind-the-cutain.jpg","contentUrl":"https:\/\/www.btv.md\/wp-content\/uploads\/2018\/12\/the-man-behind-the-cutain.jpg","width":1701,"height":1129},{"@type":"WebSite","@id":"https:\/\/www.btv.md\/#website","url":"https:\/\/www.btv.md\/","name":"BTV","description":"\u0411\u0435\u043b\u044c\u0446\u043a\u043e\u0435 \u0442\u0435\u043b\u0435\u0432\u0438\u0434\u0435\u043d\u0438\u0435","potentialAction":[{"@type":"SearchAction","target":{"@type":"EntryPoint","urlTemplate":"https:\/\/www.btv.md\/?s={search_term_string}"},"query-input":{"@type":"PropertyValueSpecification","valueRequired":true,"valueName":"search_term_string"}}],"inLanguage":"ro-RO"},{"@type":"Person","@id":"https:\/\/www.btv.md\/#\/schema\/person\/8fadce81561b3ce2c34c46dadc4ccbf2","name":"admin"}]}},"_links":{"self":[{"href":"https:\/\/www.btv.md\/ro\/wp-json\/wp\/v2\/posts\/49628","targetHints":{"allow":["GET"]}}],"collection":[{"href":"https:\/\/www.btv.md\/ro\/wp-json\/wp\/v2\/posts"}],"about":[{"href":"https:\/\/www.btv.md\/ro\/wp-json\/wp\/v2\/types\/post"}],"author":[{"embeddable":true,"href":"https:\/\/www.btv.md\/ro\/wp-json\/wp\/v2\/users\/4"}],"replies":[{"embeddable":true,"href":"https:\/\/www.btv.md\/ro\/wp-json\/wp\/v2\/comments?post=49628"}],"version-history":[{"count":0,"href":"https:\/\/www.btv.md\/ro\/wp-json\/wp\/v2\/posts\/49628\/revisions"}],"wp:featuredmedia":[{"embeddable":true,"href":"https:\/\/www.btv.md\/ro\/wp-json\/wp\/v2\/media\/49629"}],"wp:attachment":[{"href":"https:\/\/www.btv.md\/ro\/wp-json\/wp\/v2\/media?parent=49628"}],"wp:term":[{"taxonomy":"category","embeddable":true,"href":"https:\/\/www.btv.md\/ro\/wp-json\/wp\/v2\/categories?post=49628"},{"taxonomy":"post_tag","embeddable":true,"href":"https:\/\/www.btv.md\/ro\/wp-json\/wp\/v2\/tags?post=49628"}],"curies":[{"name":"wp","href":"https:\/\/api.w.org\/{rel}","templated":true}]}}