{"id":49631,"date":"2018-12-06T21:27:08","date_gmt":"2018-12-06T18:27:08","guid":{"rendered":"https:\/\/btv.md\/?p=49631"},"modified":"2018-12-06T21:28:05","modified_gmt":"2018-12-06T18:28:05","slug":"persoanele-fara-adapost-nu-vor-ramane-in-strada","status":"publish","type":"post","link":"https:\/\/www.btv.md\/ro\/persoanele-fara-adapost-nu-vor-ramane-in-strada\/","title":{"rendered":"PERSOANELE F\u0102R\u0102 AD\u0102POST NU VOR R\u0102M\u00c2NE \u00ceN STRAD\u0102"},"content":{"rendered":"<p><strong>Persoanele f\u0103r\u0103 loc permanent de trai nu vor r\u0103m\u00e2ne \u00een strad\u0103. Centrul de g\u0103zduire \u0219i adaptare social\u0103 a persoanelor f\u0103r\u0103 ad\u0103post \u201eRe\u00eentoarcere\u201d din B\u0103l\u021bi \u0219i \u00een acest an a primit circa 20 de oameni ai str\u0103zii, pe c\u00e2nd acesta are doar 16 locuri. <\/strong><\/p>\n<p>Persoanele sunt hr\u0103nite c\u00e2te dou\u0103 ori pe zi, iar, \u00a0din ra\u021bionul lor nu sunt excluse produse lactate, carnea \u0219i pe\u0219tele. Dup\u0103, ce au m\u00e2ncat, conform regulii fiecare \u00ee\u0219i spal\u0103 vesela sa.<\/p>\n<p><em>Olga \u021aindea, bufetier\u0103:\u201eHr\u0103nim dou\u0103 ori pe zi diminea\u021ba \u0219i seara. \u00cen ast\u0103 ser\u0103 vor m\u00e2nca m\u0103m\u0103lig\u0103, cu sm\u00e2nt\u00e2n\u0103, br\u00e2nz\u0103 \u0219i ou, iar diminea\u021ba paste f\u0103inoase cu carme. La moment au s\u0103 m\u0103n\u00e2nce 18 persoane, 2 sunt la lucru, de obicei sunt 22 dar sunt la spital \u0219i dou\u0103 persoane sunt \u021bintuite la pat, \u0219i le ducem m\u00e2ncarea \u00een camer\u0103.\u201d<\/em><\/p>\n<div id=\"fb-root\"><\/div>\n<p><script>(function(d, s, id) {  var js, fjs = d.getElementsByTagName(s)[0];  if (d.getElementById(id)) return;  js = d.createElement(s); js.id = id;  js.src = 'https:\/\/connect.facebook.net\/de_DE\/sdk.js#xfbml=1&version=v3.2';  fjs.parentNode.insertBefore(js, fjs);}(document, 'script', 'facebook-jssdk'));<\/script><\/p>\n<div class=\"fb-video\" data-href=\"https:\/\/www.facebook.com\/btvmoldova\/videos\/319468678778944\/\" data-width=\"1170\">\n<blockquote cite=\"https:\/\/www.facebook.com\/btvmoldova\/videos\/319468678778944\/\" class=\"fb-xfbml-parse-ignore\"><p><a href=\"https:\/\/www.facebook.com\/btvmoldova\/videos\/319468678778944\/\">PERSOANELE F\u0102R\u0102 AD\u0102POST NU VOR R\u0102M\u00c2NE \u00ceN STRAD\u0102<\/a><\/p>\n<p>PERSOANELE F\u0102R\u0102 AD\u0102POST NU VOR R\u0102M\u00c2NE \u00ceN STRAD\u0102CENTRUL DE G\u0102ZDUIRE \u201eRE\u00ceNTOARCERE\u201d \u00ceI POATE AJUTA<\/p>\n<p>Gepostet von <a href=\"https:\/\/www.facebook.com\/btvmoldova\/\">\u0422\u0435\u043b\u0435\u043a\u043e\u043c\u043f\u0430\u043d\u0438\u044f BTV &#8211; Balti, \u0411\u0435\u043b\u044c\u0446\u044b<\/a> am Donnerstag, 6. Dezember 2018<\/p><\/blockquote>\n<\/div>\n<p>Potrivit, psihologului centrului, Ghenadie Zaporojan, oamenii str\u0103zii nu au suficient\u0103 motiva\u021bie pentru a-\u0219i schimba modul de via\u021b\u0103, \u00eens\u0103 fiecare situa\u021bie este individual\u0103 \u0219i, cu siguran\u021b\u0103 sunt excep\u021bii. Ace\u0219tea, de obicei sunt adu\u0219i la ad\u0103post de c\u0103tre poli\u021bie.<\/p>\n<p><em>Ghenadie Zaporajan, psiholog: \u201eFunc\u021bia mea ca psiholog este de a comunica cu beneficiarii, pentru a afla problemele cu care se confrunt\u0103, de ai ajuta s\u0103 stabileasc\u0103 un plan de solu\u021bionare. Facem diferite teste pentru a afla dac\u0103 sufer\u0103 de careva probleme psihice. \u00cen general majoritatea dintre ei, se afl\u0103 aici mereu. \u00cen sens, c\u0103 ei se trezesc diminea\u021ba, la 7 i-au dejun, de la 8 p\u00e2n\u0103 la 18:00 ei sunt pleca\u021bi la lucru sau caut\u0103 solu\u021bii pentru problemele lor, dar nimeni nu m\u0103n\u00e2nc\u0103 \u0219i pleac\u0103, noi nu lucr\u0103m a\u0219a.\u201d<\/em><\/p>\n<p>Deja, al\u00a0 patrulea an, Alexandr Maslovschii este asisten medical la acest centru. Potrivit lui, fiecare persoan\u0103 primit\u0103 \u00een ad\u0103post are o cartel\u0103 medical\u0103, \u00een care este indicat\u0103 starea sa de s\u0103n\u0103tate \u0219i ajutorul medical de care a beneficiat.<\/p>\n<p><em>Alexandr Maslovschii, asisten medical: \u201eAcord\u0103m aici primul ajutor. Persoanele f\u0103r\u0103 ad\u0103post aduse la acest centru de obicei, sufer\u0103 de grip\u0103, temperatur\u0103, dureri de cap. Ace\u0219tea sunt adu\u0219i \u0219i noaptea \u0219i ziua, nu are importnan\u021b\u0103 c\u00e2nd. Dac\u0103, au pediculoz\u0103 sau scabie, \u00eei vindec\u0103m. \u0218i le acord\u0103m ajutorul necesar, \u00eei \u00eembr\u0103c\u0103m, sp\u0103l\u0103m.\u201d<\/em><\/p>\n<p>Oamenii r\u0103ma\u0219i f\u0103r\u0103 ad\u0103post, \u00een prezen\u021ba camerei de luat vederi au \u00eenceput s\u0103 se ascund\u0103. Unii dintre ei nu au dorit s\u0103 fie ar\u0103ta\u021bi lumii. Acolo l-am g\u0103sit pe Nicolae, care are probleme grave de s\u0103n\u0103tate, nu are familie \u0219i nici apropia\u021bi \u0219i nu \u0219tie unde s\u0103 se adreseze.<\/p>\n<p>Are 81 de ani, iar de 5 decenii locui\u0219te \u00een ora\u0219ul B\u0103l\u021bi. So\u021bul i-a decedat. Cei doi copii ai ei tr\u0103iesc \u00een Federa\u021bia Rus\u0103 \u0219i nici nu cunosc \u00een ce situa\u021bie se afl\u0103 mama lor. Din propria cas\u0103 nu i-a mai r\u0103mas nimic, iar victima sor\u021bii spune c\u0103 nu este dreptate legislativ\u0103 \u00een \u021bar\u0103.<\/p>\n<p>Centrul de g\u0103zduire \u201eRe\u00eentoarcere\u201d poate ad\u0103posti oameni f\u0103r\u0103 loc permanent de trai doar din raza ora\u0219ului B\u0103l\u021bi.<\/p>\n","protected":false},"excerpt":{"rendered":"<p>Persoanele f\u0103r\u0103 loc permanent de trai nu vor r\u0103m\u00e2ne \u00een strad\u0103. Centrul de g\u0103zduire \u0219i adaptare social\u0103 a persoanelor f\u0103r\u0103 ad\u0103post \u201eRe\u00eentoarcere\u201d din B\u0103l\u021bi \u0219i \u00een acest an a primit circa 20 de oameni ai str\u0103zii, pe c\u00e2nd acesta are doar 16 locuri. Persoanele sunt hr\u0103nite c\u00e2te dou\u0103 ori pe zi, iar, \u00a0din ra\u021bionul lor [&hellip;]<\/p>\n","protected":false},"author":4,"featured_media":49633,"comment_status":"closed","ping_status":"closed","sticky":false,"template":"","format":"standard","meta":{"footnotes":""},"categories":[6353],"tags":[],"class_list":["post-49631","post","type-post","status-publish","format-standard","has-post-thumbnail","hentry","category-oras"],"yoast_head":"<!-- This site is optimized with the Yoast SEO plugin v27.4 - https:\/\/yoast.com\/product\/yoast-seo-wordpress\/ -->\n<title>PERSOANELE F\u0102R\u0102 AD\u0102POST NU VOR R\u0102M\u00c2NE \u00ceN STRAD\u0102 - BTV<\/title>\n<meta name=\"robots\" content=\"index, follow, max-snippet:-1, max-image-preview:large, max-video-preview:-1\" \/>\n<link rel=\"canonical\" href=\"https:\/\/www.btv.md\/ro\/persoanele-fara-adapost-nu-vor-ramane-in-strada\/\" \/>\n<meta property=\"og:locale\" content=\"ro_RO\" \/>\n<meta property=\"og:type\" content=\"article\" \/>\n<meta property=\"og:title\" content=\"PERSOANELE F\u0102R\u0102 AD\u0102POST NU VOR R\u0102M\u00c2NE \u00ceN STRAD\u0102 - BTV\" \/>\n<meta property=\"og:description\" content=\"Persoanele f\u0103r\u0103 loc permanent de trai nu vor r\u0103m\u00e2ne \u00een strad\u0103. Centrul de g\u0103zduire \u0219i adaptare social\u0103 a persoanelor f\u0103r\u0103 ad\u0103post \u201eRe\u00eentoarcere\u201d din B\u0103l\u021bi \u0219i \u00een acest an a primit circa 20 de oameni ai str\u0103zii, pe c\u00e2nd acesta are doar 16 locuri. Persoanele sunt hr\u0103nite c\u00e2te dou\u0103 ori pe zi, iar, \u00a0din ra\u021bionul lor [&hellip;]\" \/>\n<meta property=\"og:url\" content=\"https:\/\/www.btv.md\/ro\/persoanele-fara-adapost-nu-vor-ramane-in-strada\/\" \/>\n<meta property=\"og:site_name\" content=\"BTV\" \/>\n<meta property=\"article:publisher\" content=\"https:\/\/www.facebook.com\/btvmoldova\/\" \/>\n<meta property=\"article:published_time\" content=\"2018-12-06T18:27:08+00:00\" \/>\n<meta property=\"article:modified_time\" content=\"2018-12-06T18:28:05+00:00\" \/>\n<meta property=\"og:image\" content=\"https:\/\/www.btv.md\/wp-content\/uploads\/2018\/12\/5548396.jpg\" \/>\n\t<meta property=\"og:image:width\" content=\"1200\" \/>\n\t<meta property=\"og:image:height\" content=\"800\" \/>\n\t<meta property=\"og:image:type\" content=\"image\/jpeg\" \/>\n<meta name=\"author\" content=\"admin\" \/>\n<meta name=\"twitter:label1\" content=\"Scris de\" \/>\n\t<meta name=\"twitter:data1\" content=\"admin\" \/>\n\t<meta name=\"twitter:label2\" content=\"Timp estimat pentru citire\" \/>\n\t<meta name=\"twitter:data2\" content=\"3 minute\" \/>\n<script type=\"application\/ld+json\" class=\"yoast-schema-graph\">{\"@context\":\"https:\\\/\\\/schema.org\",\"@graph\":[{\"@type\":\"Article\",\"@id\":\"https:\\\/\\\/www.btv.md\\\/ro\\\/persoanele-fara-adapost-nu-vor-ramane-in-strada\\\/#article\",\"isPartOf\":{\"@id\":\"https:\\\/\\\/www.btv.md\\\/ro\\\/persoanele-fara-adapost-nu-vor-ramane-in-strada\\\/\"},\"author\":{\"name\":\"admin\",\"@id\":\"https:\\\/\\\/www.btv.md\\\/#\\\/schema\\\/person\\\/8fadce81561b3ce2c34c46dadc4ccbf2\"},\"headline\":\"PERSOANELE F\u0102R\u0102 AD\u0102POST NU VOR R\u0102M\u00c2NE \u00ceN STRAD\u0102\",\"datePublished\":\"2018-12-06T18:27:08+00:00\",\"dateModified\":\"2018-12-06T18:28:05+00:00\",\"mainEntityOfPage\":{\"@id\":\"https:\\\/\\\/www.btv.md\\\/ro\\\/persoanele-fara-adapost-nu-vor-ramane-in-strada\\\/\"},\"wordCount\":568,\"image\":{\"@id\":\"https:\\\/\\\/www.btv.md\\\/ro\\\/persoanele-fara-adapost-nu-vor-ramane-in-strada\\\/#primaryimage\"},\"thumbnailUrl\":\"https:\\\/\\\/www.btv.md\\\/wp-content\\\/uploads\\\/2018\\\/12\\\/5548396.jpg\",\"articleSection\":[\"Ora\u0219\"],\"inLanguage\":\"ro-RO\"},{\"@type\":\"WebPage\",\"@id\":\"https:\\\/\\\/www.btv.md\\\/ro\\\/persoanele-fara-adapost-nu-vor-ramane-in-strada\\\/\",\"url\":\"https:\\\/\\\/www.btv.md\\\/ro\\\/persoanele-fara-adapost-nu-vor-ramane-in-strada\\\/\",\"name\":\"PERSOANELE F\u0102R\u0102 AD\u0102POST NU VOR R\u0102M\u00c2NE \u00ceN STRAD\u0102 - BTV\",\"isPartOf\":{\"@id\":\"https:\\\/\\\/www.btv.md\\\/#website\"},\"primaryImageOfPage\":{\"@id\":\"https:\\\/\\\/www.btv.md\\\/ro\\\/persoanele-fara-adapost-nu-vor-ramane-in-strada\\\/#primaryimage\"},\"image\":{\"@id\":\"https:\\\/\\\/www.btv.md\\\/ro\\\/persoanele-fara-adapost-nu-vor-ramane-in-strada\\\/#primaryimage\"},\"thumbnailUrl\":\"https:\\\/\\\/www.btv.md\\\/wp-content\\\/uploads\\\/2018\\\/12\\\/5548396.jpg\",\"datePublished\":\"2018-12-06T18:27:08+00:00\",\"dateModified\":\"2018-12-06T18:28:05+00:00\",\"author\":{\"@id\":\"https:\\\/\\\/www.btv.md\\\/#\\\/schema\\\/person\\\/8fadce81561b3ce2c34c46dadc4ccbf2\"},\"inLanguage\":\"ro-RO\",\"potentialAction\":[{\"@type\":\"ReadAction\",\"target\":[\"https:\\\/\\\/www.btv.md\\\/ro\\\/persoanele-fara-adapost-nu-vor-ramane-in-strada\\\/\"]}]},{\"@type\":\"ImageObject\",\"inLanguage\":\"ro-RO\",\"@id\":\"https:\\\/\\\/www.btv.md\\\/ro\\\/persoanele-fara-adapost-nu-vor-ramane-in-strada\\\/#primaryimage\",\"url\":\"https:\\\/\\\/www.btv.md\\\/wp-content\\\/uploads\\\/2018\\\/12\\\/5548396.jpg\",\"contentUrl\":\"https:\\\/\\\/www.btv.md\\\/wp-content\\\/uploads\\\/2018\\\/12\\\/5548396.jpg\",\"width\":1200,\"height\":800},{\"@type\":\"WebSite\",\"@id\":\"https:\\\/\\\/www.btv.md\\\/#website\",\"url\":\"https:\\\/\\\/www.btv.md\\\/\",\"name\":\"BTV\",\"description\":\"\u0411\u0435\u043b\u044c\u0446\u043a\u043e\u0435 \u0442\u0435\u043b\u0435\u0432\u0438\u0434\u0435\u043d\u0438\u0435\",\"potentialAction\":[{\"@type\":\"SearchAction\",\"target\":{\"@type\":\"EntryPoint\",\"urlTemplate\":\"https:\\\/\\\/www.btv.md\\\/?s={search_term_string}\"},\"query-input\":{\"@type\":\"PropertyValueSpecification\",\"valueRequired\":true,\"valueName\":\"search_term_string\"}}],\"inLanguage\":\"ro-RO\"},{\"@type\":\"Person\",\"@id\":\"https:\\\/\\\/www.btv.md\\\/#\\\/schema\\\/person\\\/8fadce81561b3ce2c34c46dadc4ccbf2\",\"name\":\"admin\"}]}<\/script>\n<!-- \/ Yoast SEO plugin. -->","yoast_head_json":{"title":"PERSOANELE F\u0102R\u0102 AD\u0102POST NU VOR R\u0102M\u00c2NE \u00ceN STRAD\u0102 - BTV","robots":{"index":"index","follow":"follow","max-snippet":"max-snippet:-1","max-image-preview":"max-image-preview:large","max-video-preview":"max-video-preview:-1"},"canonical":"https:\/\/www.btv.md\/ro\/persoanele-fara-adapost-nu-vor-ramane-in-strada\/","og_locale":"ro_RO","og_type":"article","og_title":"PERSOANELE F\u0102R\u0102 AD\u0102POST NU VOR R\u0102M\u00c2NE \u00ceN STRAD\u0102 - BTV","og_description":"Persoanele f\u0103r\u0103 loc permanent de trai nu vor r\u0103m\u00e2ne \u00een strad\u0103. Centrul de g\u0103zduire \u0219i adaptare social\u0103 a persoanelor f\u0103r\u0103 ad\u0103post \u201eRe\u00eentoarcere\u201d din B\u0103l\u021bi \u0219i \u00een acest an a primit circa 20 de oameni ai str\u0103zii, pe c\u00e2nd acesta are doar 16 locuri. Persoanele sunt hr\u0103nite c\u00e2te dou\u0103 ori pe zi, iar, \u00a0din ra\u021bionul lor [&hellip;]","og_url":"https:\/\/www.btv.md\/ro\/persoanele-fara-adapost-nu-vor-ramane-in-strada\/","og_site_name":"BTV","article_publisher":"https:\/\/www.facebook.com\/btvmoldova\/","article_published_time":"2018-12-06T18:27:08+00:00","article_modified_time":"2018-12-06T18:28:05+00:00","og_image":[{"width":1200,"height":800,"url":"https:\/\/www.btv.md\/wp-content\/uploads\/2018\/12\/5548396.jpg","type":"image\/jpeg"}],"author":"admin","twitter_misc":{"Scris de":"admin","Timp estimat pentru citire":"3 minute"},"schema":{"@context":"https:\/\/schema.org","@graph":[{"@type":"Article","@id":"https:\/\/www.btv.md\/ro\/persoanele-fara-adapost-nu-vor-ramane-in-strada\/#article","isPartOf":{"@id":"https:\/\/www.btv.md\/ro\/persoanele-fara-adapost-nu-vor-ramane-in-strada\/"},"author":{"name":"admin","@id":"https:\/\/www.btv.md\/#\/schema\/person\/8fadce81561b3ce2c34c46dadc4ccbf2"},"headline":"PERSOANELE F\u0102R\u0102 AD\u0102POST NU VOR R\u0102M\u00c2NE \u00ceN STRAD\u0102","datePublished":"2018-12-06T18:27:08+00:00","dateModified":"2018-12-06T18:28:05+00:00","mainEntityOfPage":{"@id":"https:\/\/www.btv.md\/ro\/persoanele-fara-adapost-nu-vor-ramane-in-strada\/"},"wordCount":568,"image":{"@id":"https:\/\/www.btv.md\/ro\/persoanele-fara-adapost-nu-vor-ramane-in-strada\/#primaryimage"},"thumbnailUrl":"https:\/\/www.btv.md\/wp-content\/uploads\/2018\/12\/5548396.jpg","articleSection":["Ora\u0219"],"inLanguage":"ro-RO"},{"@type":"WebPage","@id":"https:\/\/www.btv.md\/ro\/persoanele-fara-adapost-nu-vor-ramane-in-strada\/","url":"https:\/\/www.btv.md\/ro\/persoanele-fara-adapost-nu-vor-ramane-in-strada\/","name":"PERSOANELE F\u0102R\u0102 AD\u0102POST NU VOR R\u0102M\u00c2NE \u00ceN STRAD\u0102 - BTV","isPartOf":{"@id":"https:\/\/www.btv.md\/#website"},"primaryImageOfPage":{"@id":"https:\/\/www.btv.md\/ro\/persoanele-fara-adapost-nu-vor-ramane-in-strada\/#primaryimage"},"image":{"@id":"https:\/\/www.btv.md\/ro\/persoanele-fara-adapost-nu-vor-ramane-in-strada\/#primaryimage"},"thumbnailUrl":"https:\/\/www.btv.md\/wp-content\/uploads\/2018\/12\/5548396.jpg","datePublished":"2018-12-06T18:27:08+00:00","dateModified":"2018-12-06T18:28:05+00:00","author":{"@id":"https:\/\/www.btv.md\/#\/schema\/person\/8fadce81561b3ce2c34c46dadc4ccbf2"},"inLanguage":"ro-RO","potentialAction":[{"@type":"ReadAction","target":["https:\/\/www.btv.md\/ro\/persoanele-fara-adapost-nu-vor-ramane-in-strada\/"]}]},{"@type":"ImageObject","inLanguage":"ro-RO","@id":"https:\/\/www.btv.md\/ro\/persoanele-fara-adapost-nu-vor-ramane-in-strada\/#primaryimage","url":"https:\/\/www.btv.md\/wp-content\/uploads\/2018\/12\/5548396.jpg","contentUrl":"https:\/\/www.btv.md\/wp-content\/uploads\/2018\/12\/5548396.jpg","width":1200,"height":800},{"@type":"WebSite","@id":"https:\/\/www.btv.md\/#website","url":"https:\/\/www.btv.md\/","name":"BTV","description":"\u0411\u0435\u043b\u044c\u0446\u043a\u043e\u0435 \u0442\u0435\u043b\u0435\u0432\u0438\u0434\u0435\u043d\u0438\u0435","potentialAction":[{"@type":"SearchAction","target":{"@type":"EntryPoint","urlTemplate":"https:\/\/www.btv.md\/?s={search_term_string}"},"query-input":{"@type":"PropertyValueSpecification","valueRequired":true,"valueName":"search_term_string"}}],"inLanguage":"ro-RO"},{"@type":"Person","@id":"https:\/\/www.btv.md\/#\/schema\/person\/8fadce81561b3ce2c34c46dadc4ccbf2","name":"admin"}]}},"_links":{"self":[{"href":"https:\/\/www.btv.md\/ro\/wp-json\/wp\/v2\/posts\/49631","targetHints":{"allow":["GET"]}}],"collection":[{"href":"https:\/\/www.btv.md\/ro\/wp-json\/wp\/v2\/posts"}],"about":[{"href":"https:\/\/www.btv.md\/ro\/wp-json\/wp\/v2\/types\/post"}],"author":[{"embeddable":true,"href":"https:\/\/www.btv.md\/ro\/wp-json\/wp\/v2\/users\/4"}],"replies":[{"embeddable":true,"href":"https:\/\/www.btv.md\/ro\/wp-json\/wp\/v2\/comments?post=49631"}],"version-history":[{"count":0,"href":"https:\/\/www.btv.md\/ro\/wp-json\/wp\/v2\/posts\/49631\/revisions"}],"wp:featuredmedia":[{"embeddable":true,"href":"https:\/\/www.btv.md\/ro\/wp-json\/wp\/v2\/media\/49633"}],"wp:attachment":[{"href":"https:\/\/www.btv.md\/ro\/wp-json\/wp\/v2\/media?parent=49631"}],"wp:term":[{"taxonomy":"category","embeddable":true,"href":"https:\/\/www.btv.md\/ro\/wp-json\/wp\/v2\/categories?post=49631"},{"taxonomy":"post_tag","embeddable":true,"href":"https:\/\/www.btv.md\/ro\/wp-json\/wp\/v2\/tags?post=49631"}],"curies":[{"name":"wp","href":"https:\/\/api.w.org\/{rel}","templated":true}]}}