{"id":51785,"date":"2018-02-16T17:15:24","date_gmt":"2018-02-16T14:15:24","guid":{"rendered":"http:\/\/www.btv.md\/dorin-chirtoaca-isi-da-demisia-din-functia-de-primar-de-chisinau\/"},"modified":"2019-02-09T14:05:48","modified_gmt":"2019-02-09T12:05:48","slug":"dorin-chirtoaca-isi-da-demisia-din-functia-de-primar-de-chisinau","status":"publish","type":"post","link":"https:\/\/www.btv.md\/ro\/dorin-chirtoaca-isi-da-demisia-din-functia-de-primar-de-chisinau\/","title":{"rendered":"Dorin Chirtoac\u0103 \u00ee\u0219i d\u0103 demisia din func\u021bia de primar de Chi\u0219in\u0103u"},"content":{"rendered":"<p style=\"text-align: center;\">\n<p style=\"text-align: center;\"><iframe data-src=\"https:\/\/www.youtube.com\/embed\/zcUqXJNU6WE\" width=\"854\" height=\"480\" frameborder=\"0\" allowfullscreen=\"allowfullscreen\" src=\"data:image\/svg+xml;base64,PHN2ZyB3aWR0aD0iMSIgaGVpZ2h0PSIxIiB4bWxucz0iaHR0cDovL3d3dy53My5vcmcvMjAwMC9zdmciPjwvc3ZnPg==\" class=\"lazyload\" data-load-mode=\"1\"><\/iframe><\/p>\n<h4>Dorin Chirtoac\u0103 a demisionat din func\u021bia de primar general al municipiului Chi\u0219in\u0103ului. Anun\u021bul a fost f\u0103cut \u00een cadrul unei conferin\u021be de pres\u0103, scrie <a href=\"http:\/\/realitatealive.md\/live-conferin-a-sus-inuta-de-conducerea-partidului-liberal-cu-tema-anchetarea-i-suspendarea-ileg---72111.html\">realitatea.md<\/a>.<\/h4>\n<p>Dorin Chirtoac\u0103 a declarat c\u0103 a decis s\u0103 renun\u021be la func\u021bie \u201ede dragul democra\u021biei\u201d. El sus\u021bine c\u0103 unica solu\u021bie pentru capital\u0103 \u00een prezent este desf\u0103\u0219urarea alegerilor anticipate \u00een capital\u0103, care ar trebui s\u0103 aib\u0103 loc p\u00e2n\u0103 pe data de 20 mai 2018, or, \u00een caz contrar, alegerile nu vor putea fi organizate p\u00e2n\u0103 \u00een anul 2019.<\/p>\n<blockquote><p>Dorin Chirtoac\u0103, primar de Chi\u0219in\u0103u:<em> \u201eCet\u0103\u021benii m\u0103 \u00eentreab\u0103, c\u00e2nd m\u0103 \u00eent\u00e2lnesc pe strad\u0103, c\u00e2nd revin la serviciu. Ei vor ca \u00een Chi\u0219in\u0103u s\u0103 existe un primar ales&#8230; Eu nu am cum s\u0103 revin la serviciu, c\u0103ci sunt legat de m\u00e2ini \u0219i de picioare (&#8230;). Alt\u0103 solu\u021bie, dec\u00e2t alegeri anticipate \u00een Chi\u0219in\u0103u, nu v\u0103d, pentru deblocarea situa\u021biei\u201d,<\/em>\u00a0a spus Chirtoac\u0103.<\/p><\/blockquote>\n<p>\u00cen cadrul conferin\u021bei de pres\u0103, ex-primarul a declarat c\u0103 a expediat o serie de scrisori c\u0103tre partenerii europeni ai Republicii Moldova, \u00een care spune c\u0103 actuala conducere a Prim\u0103riei a uzurpat puterea \u0219i c\u0103 \u00een dosarul s\u0103u se admit mai multe ilegalit\u0103\u021bi.<\/p>\n<p>Mai mult, liberalul spune c\u0103 a scris o cerere de demisie \u00eenc\u0103 \u00een luna mai a anului trecut, atunci c\u00e2nd a fost re\u021binut.<\/p>\n<p>Dorin Chirtoac\u0103 sus\u021bine c\u0103 decizia de a pleca din func\u021bie nu a fost luat\u0103 sub presiune, ci c\u0103 este un r\u0103spuns pentru cei care vor s\u0103-l vad\u0103 \u201ecuminte\u201d.<\/p>\n<blockquote><p>\u00centrebat de jurnali\u0219ti, dac\u0103 va mai candida la urm\u0103toarele alegeri municipale, Dorin Chirtoac\u0103 a spus:\u00a0<em>\u201eS\u0103 candideze Dodon cu Plahotnic \u0219i eu voi candida \u00een r\u00e2nd cu ei\u201d.<\/em><\/p><\/blockquote>\n","protected":false},"excerpt":{"rendered":"<p>Dorin Chirtoac\u0103 a demisionat din func\u021bia de primar general al municipiului Chi\u0219in\u0103ului. Anun\u021bul a fost f\u0103cut \u00een cadrul unei conferin\u021be de pres\u0103, scrie realitatea.md. Dorin Chirtoac\u0103 a declarat c\u0103 a decis s\u0103 renun\u021be la func\u021bie \u201ede dragul democra\u021biei\u201d. El sus\u021bine c\u0103 unica solu\u021bie pentru capital\u0103 \u00een prezent este desf\u0103\u0219urarea alegerilor anticipate \u00een capital\u0103, care ar [&hellip;]<\/p>\n","protected":false},"author":4,"featured_media":51786,"comment_status":"closed","ping_status":"closed","sticky":false,"template":"","format":"standard","meta":{"footnotes":""},"categories":[6368],"tags":[6489],"class_list":["post-51785","post","type-post","status-publish","format-standard","has-post-thumbnail","hentry","category-politica-ro","tag-otstavka-dorina-kirtoake-ro"],"yoast_head":"<!-- This site is optimized with the Yoast SEO plugin v27.4 - https:\/\/yoast.com\/product\/yoast-seo-wordpress\/ -->\n<title>Dorin Chirtoac\u0103 \u00ee\u0219i d\u0103 demisia din func\u021bia de primar de Chi\u0219in\u0103u<\/title>\n<meta name=\"description\" content=\"Dorin Chirtoac\u0103 a demisionat din func\u021bia de primar general al municipiului Chi\u0219in\u0103ului. Anun\u021bul a fost f\u0103cut \u00een cadrul unei conferin\u021be de pres\u0103, scrie realitatea.md.\" \/>\n<meta name=\"robots\" content=\"index, follow, max-snippet:-1, max-image-preview:large, max-video-preview:-1\" \/>\n<link rel=\"canonical\" href=\"https:\/\/www.btv.md\/ro\/dorin-chirtoaca-isi-da-demisia-din-functia-de-primar-de-chisinau\/\" \/>\n<meta property=\"og:locale\" content=\"ro_RO\" \/>\n<meta property=\"og:type\" content=\"article\" \/>\n<meta property=\"og:title\" content=\"Dorin Chirtoac\u0103 \u00ee\u0219i d\u0103 demisia din func\u021bia de primar de Chi\u0219in\u0103u\" \/>\n<meta property=\"og:description\" content=\"Dorin Chirtoac\u0103 a demisionat din func\u021bia de primar general al municipiului Chi\u0219in\u0103ului. Anun\u021bul a fost f\u0103cut \u00een cadrul unei conferin\u021be de pres\u0103, scrie realitatea.md.\" \/>\n<meta property=\"og:url\" content=\"https:\/\/www.btv.md\/ro\/dorin-chirtoaca-isi-da-demisia-din-functia-de-primar-de-chisinau\/\" \/>\n<meta property=\"og:site_name\" content=\"BTV\" \/>\n<meta property=\"article:publisher\" content=\"https:\/\/www.facebook.com\/btvmoldova\/\" \/>\n<meta property=\"article:published_time\" content=\"2018-02-16T14:15:24+00:00\" \/>\n<meta property=\"article:modified_time\" content=\"2019-02-09T12:05:48+00:00\" \/>\n<meta property=\"og:image\" content=\"https:\/\/www.btv.md\/wp-content\/uploads\/2018\/02\/chirtoaca.jpg\" \/>\n\t<meta property=\"og:image:width\" content=\"700\" \/>\n\t<meta property=\"og:image:height\" content=\"500\" \/>\n\t<meta property=\"og:image:type\" content=\"image\/jpeg\" \/>\n<meta name=\"author\" content=\"admin\" \/>\n<meta name=\"twitter:label1\" content=\"Scris de\" \/>\n\t<meta name=\"twitter:data1\" content=\"admin\" \/>\n\t<meta name=\"twitter:label2\" content=\"Timp estimat pentru citire\" \/>\n\t<meta name=\"twitter:data2\" content=\"2 minute\" \/>\n<script type=\"application\/ld+json\" class=\"yoast-schema-graph\">{\"@context\":\"https:\\\/\\\/schema.org\",\"@graph\":[{\"@type\":\"Article\",\"@id\":\"https:\\\/\\\/www.btv.md\\\/ro\\\/dorin-chirtoaca-isi-da-demisia-din-functia-de-primar-de-chisinau\\\/#article\",\"isPartOf\":{\"@id\":\"https:\\\/\\\/www.btv.md\\\/ro\\\/dorin-chirtoaca-isi-da-demisia-din-functia-de-primar-de-chisinau\\\/\"},\"author\":{\"name\":\"admin\",\"@id\":\"https:\\\/\\\/www.btv.md\\\/#\\\/schema\\\/person\\\/8fadce81561b3ce2c34c46dadc4ccbf2\"},\"headline\":\"Dorin Chirtoac\u0103 \u00ee\u0219i d\u0103 demisia din func\u021bia de primar de Chi\u0219in\u0103u\",\"datePublished\":\"2018-02-16T14:15:24+00:00\",\"dateModified\":\"2019-02-09T12:05:48+00:00\",\"mainEntityOfPage\":{\"@id\":\"https:\\\/\\\/www.btv.md\\\/ro\\\/dorin-chirtoaca-isi-da-demisia-din-functia-de-primar-de-chisinau\\\/\"},\"wordCount\":315,\"image\":{\"@id\":\"https:\\\/\\\/www.btv.md\\\/ro\\\/dorin-chirtoaca-isi-da-demisia-din-functia-de-primar-de-chisinau\\\/#primaryimage\"},\"thumbnailUrl\":\"https:\\\/\\\/www.btv.md\\\/wp-content\\\/uploads\\\/2018\\\/02\\\/chirtoaca.jpg\",\"keywords\":[\"\u043e\u0442\u0441\u0442\u0430\u0432\u043a\u0430 \u0414\u043e\u0440\u0438\u043d\u0430 \u041a\u0438\u0440\u0442\u043e\u0430\u043a\u044d\"],\"articleSection\":[\"Politic\u0103\"],\"inLanguage\":\"ro-RO\"},{\"@type\":\"WebPage\",\"@id\":\"https:\\\/\\\/www.btv.md\\\/ro\\\/dorin-chirtoaca-isi-da-demisia-din-functia-de-primar-de-chisinau\\\/\",\"url\":\"https:\\\/\\\/www.btv.md\\\/ro\\\/dorin-chirtoaca-isi-da-demisia-din-functia-de-primar-de-chisinau\\\/\",\"name\":\"Dorin Chirtoac\u0103 \u00ee\u0219i d\u0103 demisia din func\u021bia de primar de Chi\u0219in\u0103u\",\"isPartOf\":{\"@id\":\"https:\\\/\\\/www.btv.md\\\/#website\"},\"primaryImageOfPage\":{\"@id\":\"https:\\\/\\\/www.btv.md\\\/ro\\\/dorin-chirtoaca-isi-da-demisia-din-functia-de-primar-de-chisinau\\\/#primaryimage\"},\"image\":{\"@id\":\"https:\\\/\\\/www.btv.md\\\/ro\\\/dorin-chirtoaca-isi-da-demisia-din-functia-de-primar-de-chisinau\\\/#primaryimage\"},\"thumbnailUrl\":\"https:\\\/\\\/www.btv.md\\\/wp-content\\\/uploads\\\/2018\\\/02\\\/chirtoaca.jpg\",\"datePublished\":\"2018-02-16T14:15:24+00:00\",\"dateModified\":\"2019-02-09T12:05:48+00:00\",\"author\":{\"@id\":\"https:\\\/\\\/www.btv.md\\\/#\\\/schema\\\/person\\\/8fadce81561b3ce2c34c46dadc4ccbf2\"},\"description\":\"Dorin Chirtoac\u0103 a demisionat din func\u021bia de primar general al municipiului Chi\u0219in\u0103ului. Anun\u021bul a fost f\u0103cut \u00een cadrul unei conferin\u021be de pres\u0103, scrie realitatea.md.\",\"inLanguage\":\"ro-RO\",\"potentialAction\":[{\"@type\":\"ReadAction\",\"target\":[\"https:\\\/\\\/www.btv.md\\\/ro\\\/dorin-chirtoaca-isi-da-demisia-din-functia-de-primar-de-chisinau\\\/\"]}]},{\"@type\":\"ImageObject\",\"inLanguage\":\"ro-RO\",\"@id\":\"https:\\\/\\\/www.btv.md\\\/ro\\\/dorin-chirtoaca-isi-da-demisia-din-functia-de-primar-de-chisinau\\\/#primaryimage\",\"url\":\"https:\\\/\\\/www.btv.md\\\/wp-content\\\/uploads\\\/2018\\\/02\\\/chirtoaca.jpg\",\"contentUrl\":\"https:\\\/\\\/www.btv.md\\\/wp-content\\\/uploads\\\/2018\\\/02\\\/chirtoaca.jpg\",\"width\":700,\"height\":500},{\"@type\":\"WebSite\",\"@id\":\"https:\\\/\\\/www.btv.md\\\/#website\",\"url\":\"https:\\\/\\\/www.btv.md\\\/\",\"name\":\"BTV\",\"description\":\"\u0411\u0435\u043b\u044c\u0446\u043a\u043e\u0435 \u0442\u0435\u043b\u0435\u0432\u0438\u0434\u0435\u043d\u0438\u0435\",\"potentialAction\":[{\"@type\":\"SearchAction\",\"target\":{\"@type\":\"EntryPoint\",\"urlTemplate\":\"https:\\\/\\\/www.btv.md\\\/?s={search_term_string}\"},\"query-input\":{\"@type\":\"PropertyValueSpecification\",\"valueRequired\":true,\"valueName\":\"search_term_string\"}}],\"inLanguage\":\"ro-RO\"},{\"@type\":\"Person\",\"@id\":\"https:\\\/\\\/www.btv.md\\\/#\\\/schema\\\/person\\\/8fadce81561b3ce2c34c46dadc4ccbf2\",\"name\":\"admin\"}]}<\/script>\n<!-- \/ Yoast SEO plugin. -->","yoast_head_json":{"title":"Dorin Chirtoac\u0103 \u00ee\u0219i d\u0103 demisia din func\u021bia de primar de Chi\u0219in\u0103u","description":"Dorin Chirtoac\u0103 a demisionat din func\u021bia de primar general al municipiului Chi\u0219in\u0103ului. Anun\u021bul a fost f\u0103cut \u00een cadrul unei conferin\u021be de pres\u0103, scrie realitatea.md.","robots":{"index":"index","follow":"follow","max-snippet":"max-snippet:-1","max-image-preview":"max-image-preview:large","max-video-preview":"max-video-preview:-1"},"canonical":"https:\/\/www.btv.md\/ro\/dorin-chirtoaca-isi-da-demisia-din-functia-de-primar-de-chisinau\/","og_locale":"ro_RO","og_type":"article","og_title":"Dorin Chirtoac\u0103 \u00ee\u0219i d\u0103 demisia din func\u021bia de primar de Chi\u0219in\u0103u","og_description":"Dorin Chirtoac\u0103 a demisionat din func\u021bia de primar general al municipiului Chi\u0219in\u0103ului. Anun\u021bul a fost f\u0103cut \u00een cadrul unei conferin\u021be de pres\u0103, scrie realitatea.md.","og_url":"https:\/\/www.btv.md\/ro\/dorin-chirtoaca-isi-da-demisia-din-functia-de-primar-de-chisinau\/","og_site_name":"BTV","article_publisher":"https:\/\/www.facebook.com\/btvmoldova\/","article_published_time":"2018-02-16T14:15:24+00:00","article_modified_time":"2019-02-09T12:05:48+00:00","og_image":[{"width":700,"height":500,"url":"https:\/\/www.btv.md\/wp-content\/uploads\/2018\/02\/chirtoaca.jpg","type":"image\/jpeg"}],"author":"admin","twitter_misc":{"Scris de":"admin","Timp estimat pentru citire":"2 minute"},"schema":{"@context":"https:\/\/schema.org","@graph":[{"@type":"Article","@id":"https:\/\/www.btv.md\/ro\/dorin-chirtoaca-isi-da-demisia-din-functia-de-primar-de-chisinau\/#article","isPartOf":{"@id":"https:\/\/www.btv.md\/ro\/dorin-chirtoaca-isi-da-demisia-din-functia-de-primar-de-chisinau\/"},"author":{"name":"admin","@id":"https:\/\/www.btv.md\/#\/schema\/person\/8fadce81561b3ce2c34c46dadc4ccbf2"},"headline":"Dorin Chirtoac\u0103 \u00ee\u0219i d\u0103 demisia din func\u021bia de primar de Chi\u0219in\u0103u","datePublished":"2018-02-16T14:15:24+00:00","dateModified":"2019-02-09T12:05:48+00:00","mainEntityOfPage":{"@id":"https:\/\/www.btv.md\/ro\/dorin-chirtoaca-isi-da-demisia-din-functia-de-primar-de-chisinau\/"},"wordCount":315,"image":{"@id":"https:\/\/www.btv.md\/ro\/dorin-chirtoaca-isi-da-demisia-din-functia-de-primar-de-chisinau\/#primaryimage"},"thumbnailUrl":"https:\/\/www.btv.md\/wp-content\/uploads\/2018\/02\/chirtoaca.jpg","keywords":["\u043e\u0442\u0441\u0442\u0430\u0432\u043a\u0430 \u0414\u043e\u0440\u0438\u043d\u0430 \u041a\u0438\u0440\u0442\u043e\u0430\u043a\u044d"],"articleSection":["Politic\u0103"],"inLanguage":"ro-RO"},{"@type":"WebPage","@id":"https:\/\/www.btv.md\/ro\/dorin-chirtoaca-isi-da-demisia-din-functia-de-primar-de-chisinau\/","url":"https:\/\/www.btv.md\/ro\/dorin-chirtoaca-isi-da-demisia-din-functia-de-primar-de-chisinau\/","name":"Dorin Chirtoac\u0103 \u00ee\u0219i d\u0103 demisia din func\u021bia de primar de Chi\u0219in\u0103u","isPartOf":{"@id":"https:\/\/www.btv.md\/#website"},"primaryImageOfPage":{"@id":"https:\/\/www.btv.md\/ro\/dorin-chirtoaca-isi-da-demisia-din-functia-de-primar-de-chisinau\/#primaryimage"},"image":{"@id":"https:\/\/www.btv.md\/ro\/dorin-chirtoaca-isi-da-demisia-din-functia-de-primar-de-chisinau\/#primaryimage"},"thumbnailUrl":"https:\/\/www.btv.md\/wp-content\/uploads\/2018\/02\/chirtoaca.jpg","datePublished":"2018-02-16T14:15:24+00:00","dateModified":"2019-02-09T12:05:48+00:00","author":{"@id":"https:\/\/www.btv.md\/#\/schema\/person\/8fadce81561b3ce2c34c46dadc4ccbf2"},"description":"Dorin Chirtoac\u0103 a demisionat din func\u021bia de primar general al municipiului Chi\u0219in\u0103ului. Anun\u021bul a fost f\u0103cut \u00een cadrul unei conferin\u021be de pres\u0103, scrie realitatea.md.","inLanguage":"ro-RO","potentialAction":[{"@type":"ReadAction","target":["https:\/\/www.btv.md\/ro\/dorin-chirtoaca-isi-da-demisia-din-functia-de-primar-de-chisinau\/"]}]},{"@type":"ImageObject","inLanguage":"ro-RO","@id":"https:\/\/www.btv.md\/ro\/dorin-chirtoaca-isi-da-demisia-din-functia-de-primar-de-chisinau\/#primaryimage","url":"https:\/\/www.btv.md\/wp-content\/uploads\/2018\/02\/chirtoaca.jpg","contentUrl":"https:\/\/www.btv.md\/wp-content\/uploads\/2018\/02\/chirtoaca.jpg","width":700,"height":500},{"@type":"WebSite","@id":"https:\/\/www.btv.md\/#website","url":"https:\/\/www.btv.md\/","name":"BTV","description":"\u0411\u0435\u043b\u044c\u0446\u043a\u043e\u0435 \u0442\u0435\u043b\u0435\u0432\u0438\u0434\u0435\u043d\u0438\u0435","potentialAction":[{"@type":"SearchAction","target":{"@type":"EntryPoint","urlTemplate":"https:\/\/www.btv.md\/?s={search_term_string}"},"query-input":{"@type":"PropertyValueSpecification","valueRequired":true,"valueName":"search_term_string"}}],"inLanguage":"ro-RO"},{"@type":"Person","@id":"https:\/\/www.btv.md\/#\/schema\/person\/8fadce81561b3ce2c34c46dadc4ccbf2","name":"admin"}]}},"_links":{"self":[{"href":"https:\/\/www.btv.md\/ro\/wp-json\/wp\/v2\/posts\/51785","targetHints":{"allow":["GET"]}}],"collection":[{"href":"https:\/\/www.btv.md\/ro\/wp-json\/wp\/v2\/posts"}],"about":[{"href":"https:\/\/www.btv.md\/ro\/wp-json\/wp\/v2\/types\/post"}],"author":[{"embeddable":true,"href":"https:\/\/www.btv.md\/ro\/wp-json\/wp\/v2\/users\/4"}],"replies":[{"embeddable":true,"href":"https:\/\/www.btv.md\/ro\/wp-json\/wp\/v2\/comments?post=51785"}],"version-history":[{"count":0,"href":"https:\/\/www.btv.md\/ro\/wp-json\/wp\/v2\/posts\/51785\/revisions"}],"wp:featuredmedia":[{"embeddable":true,"href":"https:\/\/www.btv.md\/ro\/wp-json\/wp\/v2\/media\/51786"}],"wp:attachment":[{"href":"https:\/\/www.btv.md\/ro\/wp-json\/wp\/v2\/media?parent=51785"}],"wp:term":[{"taxonomy":"category","embeddable":true,"href":"https:\/\/www.btv.md\/ro\/wp-json\/wp\/v2\/categories?post=51785"},{"taxonomy":"post_tag","embeddable":true,"href":"https:\/\/www.btv.md\/ro\/wp-json\/wp\/v2\/tags?post=51785"}],"curies":[{"name":"wp","href":"https:\/\/api.w.org\/{rel}","templated":true}]}}