{"id":51841,"date":"2017-12-13T16:52:05","date_gmt":"2017-12-13T13:52:05","guid":{"rendered":"http:\/\/www.btv.md\/vzryv-v-avstrii-ostavil-bez-gaza-italiyu-vengriyu-i-sloveniyu\/"},"modified":"2019-02-09T14:32:46","modified_gmt":"2019-02-09T12:32:46","slug":"europa-in-alerta-dupa-explozia-din-austria","status":"publish","type":"post","link":"https:\/\/www.btv.md\/ro\/europa-in-alerta-dupa-explozia-din-austria\/","title":{"rendered":"Europa, \u00een alert\u0103 dup\u0103 explozia din Austria"},"content":{"rendered":"<p><strong>O explozie puternic\u0103 a avut loc mar\u021bi, 12 decembrie, diminea\u021b\u0103 la cel mai important hub de gaze din Europa situat la Baumgarten \u00een estul Austriei.<\/strong><\/p>\n<p style=\"text-align: center;\"><iframe data-src=\"https:\/\/www.youtube.com\/embed\/V3lV85FcT3U\" width=\"854\" height=\"480\" frameborder=\"0\" allowfullscreen=\"allowfullscreen\" src=\"data:image\/svg+xml;base64,PHN2ZyB3aWR0aD0iMSIgaGVpZ2h0PSIxIiB4bWxucz0iaHR0cDovL3d3dy53My5vcmcvMjAwMC9zdmciPjwvc3ZnPg==\" class=\"lazyload\" data-load-mode=\"1\"><\/iframe><\/p>\n<p>O persoan\u0103 a murit, iar cel pu\u021bin 21 au fost r\u0103nite, conform bilan\u021bului provizoriu, scrie independent.md.<\/p>\n<p>Livrarea gazelor a fost oprit\u0103 dup\u0103 producerea exploziei, iar acest lucru a alertat Europa dependent\u0103 de gazul ce tranzita acest hub. Italia a declarat imediat stare de urgen\u021b\u0103 privind furnizarea de gaze, exist\u00e2nd pericolul s\u0103 apar\u0103 o criz\u0103 energetic\u0103 \u00een Europa, scrie The Guardian.<\/p>\n<p>\u00cen Marea Britanie, cea mai mare pia\u021b\u0103 de gaze din Europa, pre\u021bul a crescut imediat cu 35%, ajung\u00e2nd la un record al ultimilor 4 ani.<\/p>\n<p>Gas Connect Austria, care opereaz\u0103 hubul din Baumgarten, a anun\u021bat c\u0103 incendiul este sub control, iar for\u021bele de interven\u021bie au precizat c\u0103 o eroare tehnologic\u0103 ar sta la baza producerii exploziei.<\/p>\n<p><a href=\"https:\/\/point.md\/ro\/noutati\/international\/europa-in-alerta-dupa-explozia-din-austria-care-a-dus-la-sistarea-livrarilor-de-gaze\">point.md<\/a><\/p>\n","protected":false},"excerpt":{"rendered":"<p>O explozie puternic\u0103 a avut loc mar\u021bi, 12 decembrie, diminea\u021b\u0103 la cel mai important hub de gaze din Europa situat la Baumgarten \u00een estul Austriei. O persoan\u0103 a murit, iar cel pu\u021bin 21 au fost r\u0103nite, conform bilan\u021bului provizoriu, scrie independent.md. Livrarea gazelor a fost oprit\u0103 dup\u0103 producerea exploziei, iar acest lucru a alertat Europa [&hellip;]<\/p>\n","protected":false},"author":4,"featured_media":51842,"comment_status":"closed","ping_status":"closed","sticky":false,"template":"","format":"standard","meta":{"footnotes":""},"categories":[6354],"tags":[6512,6513],"class_list":["post-51841","post","type-post","status-publish","format-standard","has-post-thumbnail","hentry","category-externe-ro","tag-avstriya-ro","tag-vzryv-gaza-ro"],"yoast_head":"<!-- This site is optimized with the Yoast SEO plugin v27.4 - https:\/\/yoast.com\/product\/yoast-seo-wordpress\/ -->\n<title>\u0412\u0437\u0440\u044b\u0432 \u0432 \u0410\u0432\u0441\u0442\u0440\u0438\u0438 \u043e\u0441\u0442\u0430\u0432\u0438\u043b \u0431\u0435\u0437 \u0433\u0430\u0437\u0430 \u0418\u0442\u0430\u043b\u0438\u044e, \u0412\u0435\u043d\u0433\u0440\u0438\u044e \u0438 \u0421\u043b\u043e\u0432\u0435\u043d\u0438\u044e<\/title>\n<meta name=\"robots\" content=\"index, follow, max-snippet:-1, max-image-preview:large, max-video-preview:-1\" \/>\n<link rel=\"canonical\" href=\"https:\/\/www.btv.md\/ro\/europa-in-alerta-dupa-explozia-din-austria\/\" \/>\n<meta property=\"og:locale\" content=\"ro_RO\" \/>\n<meta property=\"og:type\" content=\"article\" \/>\n<meta property=\"og:title\" content=\"\u0412\u0437\u0440\u044b\u0432 \u0432 \u0410\u0432\u0441\u0442\u0440\u0438\u0438 \u043e\u0441\u0442\u0430\u0432\u0438\u043b \u0431\u0435\u0437 \u0433\u0430\u0437\u0430 \u0418\u0442\u0430\u043b\u0438\u044e, \u0412\u0435\u043d\u0433\u0440\u0438\u044e \u0438 \u0421\u043b\u043e\u0432\u0435\u043d\u0438\u044e\" \/>\n<meta property=\"og:description\" content=\"O explozie puternic\u0103 a avut loc mar\u021bi, 12 decembrie, diminea\u021b\u0103 la cel mai important hub de gaze din Europa situat la Baumgarten \u00een estul Austriei. O persoan\u0103 a murit, iar cel pu\u021bin 21 au fost r\u0103nite, conform bilan\u021bului provizoriu, scrie independent.md. Livrarea gazelor a fost oprit\u0103 dup\u0103 producerea exploziei, iar acest lucru a alertat Europa [&hellip;]\" \/>\n<meta property=\"og:url\" content=\"https:\/\/www.btv.md\/ro\/europa-in-alerta-dupa-explozia-din-austria\/\" \/>\n<meta property=\"og:site_name\" content=\"BTV\" \/>\n<meta property=\"article:publisher\" content=\"https:\/\/www.facebook.com\/btvmoldova\/\" \/>\n<meta property=\"article:published_time\" content=\"2017-12-13T13:52:05+00:00\" \/>\n<meta property=\"article:modified_time\" content=\"2019-02-09T12:32:46+00:00\" \/>\n<meta property=\"og:image\" content=\"https:\/\/www.btv.md\/wp-content\/uploads\/2017\/12\/xw_1484396.jpg\" \/>\n\t<meta property=\"og:image:width\" content=\"720\" \/>\n\t<meta property=\"og:image:height\" content=\"409\" \/>\n\t<meta property=\"og:image:type\" content=\"image\/jpeg\" \/>\n<meta name=\"author\" content=\"admin\" \/>\n<meta name=\"twitter:label1\" content=\"Scris de\" \/>\n\t<meta name=\"twitter:data1\" content=\"admin\" \/>\n\t<meta name=\"twitter:label2\" content=\"Timp estimat pentru citire\" \/>\n\t<meta name=\"twitter:data2\" content=\"1 minut\" \/>\n<script type=\"application\/ld+json\" class=\"yoast-schema-graph\">{\"@context\":\"https:\\\/\\\/schema.org\",\"@graph\":[{\"@type\":\"Article\",\"@id\":\"https:\\\/\\\/www.btv.md\\\/ro\\\/europa-in-alerta-dupa-explozia-din-austria\\\/#article\",\"isPartOf\":{\"@id\":\"https:\\\/\\\/www.btv.md\\\/ro\\\/europa-in-alerta-dupa-explozia-din-austria\\\/\"},\"author\":{\"name\":\"admin\",\"@id\":\"https:\\\/\\\/www.btv.md\\\/#\\\/schema\\\/person\\\/8fadce81561b3ce2c34c46dadc4ccbf2\"},\"headline\":\"Europa, \u00een alert\u0103 dup\u0103 explozia din Austria\",\"datePublished\":\"2017-12-13T13:52:05+00:00\",\"dateModified\":\"2019-02-09T12:32:46+00:00\",\"mainEntityOfPage\":{\"@id\":\"https:\\\/\\\/www.btv.md\\\/ro\\\/europa-in-alerta-dupa-explozia-din-austria\\\/\"},\"wordCount\":157,\"image\":{\"@id\":\"https:\\\/\\\/www.btv.md\\\/ro\\\/europa-in-alerta-dupa-explozia-din-austria\\\/#primaryimage\"},\"thumbnailUrl\":\"https:\\\/\\\/www.btv.md\\\/wp-content\\\/uploads\\\/2017\\\/12\\\/xw_1484396.jpg\",\"keywords\":[\"\u0410\u0432\u0441\u0442\u0440\u0438\u044f\",\"\u0432\u0437\u0440\u044b\u0432 \u0433\u0430\u0437\u0430\"],\"articleSection\":[\"Externe\"],\"inLanguage\":\"ro-RO\"},{\"@type\":\"WebPage\",\"@id\":\"https:\\\/\\\/www.btv.md\\\/ro\\\/europa-in-alerta-dupa-explozia-din-austria\\\/\",\"url\":\"https:\\\/\\\/www.btv.md\\\/ro\\\/europa-in-alerta-dupa-explozia-din-austria\\\/\",\"name\":\"\u0412\u0437\u0440\u044b\u0432 \u0432 \u0410\u0432\u0441\u0442\u0440\u0438\u0438 \u043e\u0441\u0442\u0430\u0432\u0438\u043b \u0431\u0435\u0437 \u0433\u0430\u0437\u0430 \u0418\u0442\u0430\u043b\u0438\u044e, \u0412\u0435\u043d\u0433\u0440\u0438\u044e \u0438 \u0421\u043b\u043e\u0432\u0435\u043d\u0438\u044e\",\"isPartOf\":{\"@id\":\"https:\\\/\\\/www.btv.md\\\/#website\"},\"primaryImageOfPage\":{\"@id\":\"https:\\\/\\\/www.btv.md\\\/ro\\\/europa-in-alerta-dupa-explozia-din-austria\\\/#primaryimage\"},\"image\":{\"@id\":\"https:\\\/\\\/www.btv.md\\\/ro\\\/europa-in-alerta-dupa-explozia-din-austria\\\/#primaryimage\"},\"thumbnailUrl\":\"https:\\\/\\\/www.btv.md\\\/wp-content\\\/uploads\\\/2017\\\/12\\\/xw_1484396.jpg\",\"datePublished\":\"2017-12-13T13:52:05+00:00\",\"dateModified\":\"2019-02-09T12:32:46+00:00\",\"author\":{\"@id\":\"https:\\\/\\\/www.btv.md\\\/#\\\/schema\\\/person\\\/8fadce81561b3ce2c34c46dadc4ccbf2\"},\"inLanguage\":\"ro-RO\",\"potentialAction\":[{\"@type\":\"ReadAction\",\"target\":[\"https:\\\/\\\/www.btv.md\\\/ro\\\/europa-in-alerta-dupa-explozia-din-austria\\\/\"]}]},{\"@type\":\"ImageObject\",\"inLanguage\":\"ro-RO\",\"@id\":\"https:\\\/\\\/www.btv.md\\\/ro\\\/europa-in-alerta-dupa-explozia-din-austria\\\/#primaryimage\",\"url\":\"https:\\\/\\\/www.btv.md\\\/wp-content\\\/uploads\\\/2017\\\/12\\\/xw_1484396.jpg\",\"contentUrl\":\"https:\\\/\\\/www.btv.md\\\/wp-content\\\/uploads\\\/2017\\\/12\\\/xw_1484396.jpg\",\"width\":720,\"height\":409},{\"@type\":\"WebSite\",\"@id\":\"https:\\\/\\\/www.btv.md\\\/#website\",\"url\":\"https:\\\/\\\/www.btv.md\\\/\",\"name\":\"BTV\",\"description\":\"\u0411\u0435\u043b\u044c\u0446\u043a\u043e\u0435 \u0442\u0435\u043b\u0435\u0432\u0438\u0434\u0435\u043d\u0438\u0435\",\"potentialAction\":[{\"@type\":\"SearchAction\",\"target\":{\"@type\":\"EntryPoint\",\"urlTemplate\":\"https:\\\/\\\/www.btv.md\\\/?s={search_term_string}\"},\"query-input\":{\"@type\":\"PropertyValueSpecification\",\"valueRequired\":true,\"valueName\":\"search_term_string\"}}],\"inLanguage\":\"ro-RO\"},{\"@type\":\"Person\",\"@id\":\"https:\\\/\\\/www.btv.md\\\/#\\\/schema\\\/person\\\/8fadce81561b3ce2c34c46dadc4ccbf2\",\"name\":\"admin\"}]}<\/script>\n<!-- \/ Yoast SEO plugin. -->","yoast_head_json":{"title":"\u0412\u0437\u0440\u044b\u0432 \u0432 \u0410\u0432\u0441\u0442\u0440\u0438\u0438 \u043e\u0441\u0442\u0430\u0432\u0438\u043b \u0431\u0435\u0437 \u0433\u0430\u0437\u0430 \u0418\u0442\u0430\u043b\u0438\u044e, \u0412\u0435\u043d\u0433\u0440\u0438\u044e \u0438 \u0421\u043b\u043e\u0432\u0435\u043d\u0438\u044e","robots":{"index":"index","follow":"follow","max-snippet":"max-snippet:-1","max-image-preview":"max-image-preview:large","max-video-preview":"max-video-preview:-1"},"canonical":"https:\/\/www.btv.md\/ro\/europa-in-alerta-dupa-explozia-din-austria\/","og_locale":"ro_RO","og_type":"article","og_title":"\u0412\u0437\u0440\u044b\u0432 \u0432 \u0410\u0432\u0441\u0442\u0440\u0438\u0438 \u043e\u0441\u0442\u0430\u0432\u0438\u043b \u0431\u0435\u0437 \u0433\u0430\u0437\u0430 \u0418\u0442\u0430\u043b\u0438\u044e, \u0412\u0435\u043d\u0433\u0440\u0438\u044e \u0438 \u0421\u043b\u043e\u0432\u0435\u043d\u0438\u044e","og_description":"O explozie puternic\u0103 a avut loc mar\u021bi, 12 decembrie, diminea\u021b\u0103 la cel mai important hub de gaze din Europa situat la Baumgarten \u00een estul Austriei. O persoan\u0103 a murit, iar cel pu\u021bin 21 au fost r\u0103nite, conform bilan\u021bului provizoriu, scrie independent.md. Livrarea gazelor a fost oprit\u0103 dup\u0103 producerea exploziei, iar acest lucru a alertat Europa [&hellip;]","og_url":"https:\/\/www.btv.md\/ro\/europa-in-alerta-dupa-explozia-din-austria\/","og_site_name":"BTV","article_publisher":"https:\/\/www.facebook.com\/btvmoldova\/","article_published_time":"2017-12-13T13:52:05+00:00","article_modified_time":"2019-02-09T12:32:46+00:00","og_image":[{"width":720,"height":409,"url":"https:\/\/www.btv.md\/wp-content\/uploads\/2017\/12\/xw_1484396.jpg","type":"image\/jpeg"}],"author":"admin","twitter_misc":{"Scris de":"admin","Timp estimat pentru citire":"1 minut"},"schema":{"@context":"https:\/\/schema.org","@graph":[{"@type":"Article","@id":"https:\/\/www.btv.md\/ro\/europa-in-alerta-dupa-explozia-din-austria\/#article","isPartOf":{"@id":"https:\/\/www.btv.md\/ro\/europa-in-alerta-dupa-explozia-din-austria\/"},"author":{"name":"admin","@id":"https:\/\/www.btv.md\/#\/schema\/person\/8fadce81561b3ce2c34c46dadc4ccbf2"},"headline":"Europa, \u00een alert\u0103 dup\u0103 explozia din Austria","datePublished":"2017-12-13T13:52:05+00:00","dateModified":"2019-02-09T12:32:46+00:00","mainEntityOfPage":{"@id":"https:\/\/www.btv.md\/ro\/europa-in-alerta-dupa-explozia-din-austria\/"},"wordCount":157,"image":{"@id":"https:\/\/www.btv.md\/ro\/europa-in-alerta-dupa-explozia-din-austria\/#primaryimage"},"thumbnailUrl":"https:\/\/www.btv.md\/wp-content\/uploads\/2017\/12\/xw_1484396.jpg","keywords":["\u0410\u0432\u0441\u0442\u0440\u0438\u044f","\u0432\u0437\u0440\u044b\u0432 \u0433\u0430\u0437\u0430"],"articleSection":["Externe"],"inLanguage":"ro-RO"},{"@type":"WebPage","@id":"https:\/\/www.btv.md\/ro\/europa-in-alerta-dupa-explozia-din-austria\/","url":"https:\/\/www.btv.md\/ro\/europa-in-alerta-dupa-explozia-din-austria\/","name":"\u0412\u0437\u0440\u044b\u0432 \u0432 \u0410\u0432\u0441\u0442\u0440\u0438\u0438 \u043e\u0441\u0442\u0430\u0432\u0438\u043b \u0431\u0435\u0437 \u0433\u0430\u0437\u0430 \u0418\u0442\u0430\u043b\u0438\u044e, \u0412\u0435\u043d\u0433\u0440\u0438\u044e \u0438 \u0421\u043b\u043e\u0432\u0435\u043d\u0438\u044e","isPartOf":{"@id":"https:\/\/www.btv.md\/#website"},"primaryImageOfPage":{"@id":"https:\/\/www.btv.md\/ro\/europa-in-alerta-dupa-explozia-din-austria\/#primaryimage"},"image":{"@id":"https:\/\/www.btv.md\/ro\/europa-in-alerta-dupa-explozia-din-austria\/#primaryimage"},"thumbnailUrl":"https:\/\/www.btv.md\/wp-content\/uploads\/2017\/12\/xw_1484396.jpg","datePublished":"2017-12-13T13:52:05+00:00","dateModified":"2019-02-09T12:32:46+00:00","author":{"@id":"https:\/\/www.btv.md\/#\/schema\/person\/8fadce81561b3ce2c34c46dadc4ccbf2"},"inLanguage":"ro-RO","potentialAction":[{"@type":"ReadAction","target":["https:\/\/www.btv.md\/ro\/europa-in-alerta-dupa-explozia-din-austria\/"]}]},{"@type":"ImageObject","inLanguage":"ro-RO","@id":"https:\/\/www.btv.md\/ro\/europa-in-alerta-dupa-explozia-din-austria\/#primaryimage","url":"https:\/\/www.btv.md\/wp-content\/uploads\/2017\/12\/xw_1484396.jpg","contentUrl":"https:\/\/www.btv.md\/wp-content\/uploads\/2017\/12\/xw_1484396.jpg","width":720,"height":409},{"@type":"WebSite","@id":"https:\/\/www.btv.md\/#website","url":"https:\/\/www.btv.md\/","name":"BTV","description":"\u0411\u0435\u043b\u044c\u0446\u043a\u043e\u0435 \u0442\u0435\u043b\u0435\u0432\u0438\u0434\u0435\u043d\u0438\u0435","potentialAction":[{"@type":"SearchAction","target":{"@type":"EntryPoint","urlTemplate":"https:\/\/www.btv.md\/?s={search_term_string}"},"query-input":{"@type":"PropertyValueSpecification","valueRequired":true,"valueName":"search_term_string"}}],"inLanguage":"ro-RO"},{"@type":"Person","@id":"https:\/\/www.btv.md\/#\/schema\/person\/8fadce81561b3ce2c34c46dadc4ccbf2","name":"admin"}]}},"_links":{"self":[{"href":"https:\/\/www.btv.md\/ro\/wp-json\/wp\/v2\/posts\/51841","targetHints":{"allow":["GET"]}}],"collection":[{"href":"https:\/\/www.btv.md\/ro\/wp-json\/wp\/v2\/posts"}],"about":[{"href":"https:\/\/www.btv.md\/ro\/wp-json\/wp\/v2\/types\/post"}],"author":[{"embeddable":true,"href":"https:\/\/www.btv.md\/ro\/wp-json\/wp\/v2\/users\/4"}],"replies":[{"embeddable":true,"href":"https:\/\/www.btv.md\/ro\/wp-json\/wp\/v2\/comments?post=51841"}],"version-history":[{"count":0,"href":"https:\/\/www.btv.md\/ro\/wp-json\/wp\/v2\/posts\/51841\/revisions"}],"wp:featuredmedia":[{"embeddable":true,"href":"https:\/\/www.btv.md\/ro\/wp-json\/wp\/v2\/media\/51842"}],"wp:attachment":[{"href":"https:\/\/www.btv.md\/ro\/wp-json\/wp\/v2\/media?parent=51841"}],"wp:term":[{"taxonomy":"category","embeddable":true,"href":"https:\/\/www.btv.md\/ro\/wp-json\/wp\/v2\/categories?post=51841"},{"taxonomy":"post_tag","embeddable":true,"href":"https:\/\/www.btv.md\/ro\/wp-json\/wp\/v2\/tags?post=51841"}],"curies":[{"name":"wp","href":"https:\/\/api.w.org\/{rel}","templated":true}]}}