{"id":51925,"date":"2018-01-16T18:49:46","date_gmt":"2018-01-16T15:49:46","guid":{"rendered":"http:\/\/www.btv.md\/obyski-u-roditelej-odnogo-iz-munitsipalnyh-sovetnikov-obyavivshih-golodovku\/"},"modified":"2019-02-09T15:14:40","modified_gmt":"2019-02-09T13:14:40","slug":"perchezitii-la-parintii-unui-consilier-municipal-din-balti-intrat-in-greva-foamei","status":"publish","type":"post","link":"https:\/\/www.btv.md\/ro\/perchezitii-la-parintii-unui-consilier-municipal-din-balti-intrat-in-greva-foamei\/","title":{"rendered":"Perchezi\u021bii la p\u0103rin\u021bii unui consilier municipal din B\u0103l\u021bi, intrat \u00een greva foamei"},"content":{"rendered":"<p><strong>Ofi\u021berii Inspectoratului Na\u021bional de Investiga\u021bii de la B\u0103l\u021bi au efectuat, mar\u021bi perchezi\u021bii la un agent economic din pia\u021ba de pe strada Dumitru Caraciobanu. \u00cen vizorul poli\u021bi\u0219tilor au ajuns p\u0103rin\u021bii consilierului municipal din partea Partidului Nostru, Sergiu Balan. Alesul local al\u0103turi de colegii s\u0103i de partid sau intrat de dou\u0103 zile \u00een greva foamei. P\u0103rin\u021bii lui B\u0103lan spun c\u0103, \u00een a\u0219a mod autorit\u0103\u021bile exercit\u0103 presiuni asupra fiului lor s\u0103 p\u0103r\u0103seasc\u0103 Partidul Nostru.<\/strong><\/p>\n<p style=\"text-align: center;\"><iframe data-src=\"https:\/\/www.youtube.com\/embed\/K2b-hBDyts4\" width=\"854\" height=\"480\" frameborder=\"0\" allowfullscreen=\"allowfullscreen\" src=\"data:image\/svg+xml;base64,PHN2ZyB3aWR0aD0iMSIgaGVpZ2h0PSIxIiB4bWxucz0iaHR0cDovL3d3dy53My5vcmcvMjAwMC9zdmciPjwvc3ZnPg==\" class=\"lazyload\" data-load-mode=\"1\"><\/iframe><\/p>\n<p>Poli\u021bi\u0219tii de la INI nu au fost prea vorb\u0103re\u021bi cu reporterul BTV. Ei ne-au recomandat s\u0103 ne adres\u0103m ofi\u021berului de pres\u0103 pentru mai multe detalii.<\/p>\n<p>Contactat\u0103 telefonic, ofi\u021berul de pres\u0103 al INI, Dorina Sochirc\u0103 a confirmat c\u0103 angaja\u021bii din subordinea Inspestoratului efectueaz\u0103 perchezi\u021bii.<\/p>\n<p>Amintim c\u0103 luni, 15 ianuarie consilierii municipali ai \u201ePartidului Nostru\u201d de la B\u0103l\u021bi au intrat \u00een greva foamei din cauza puterii centrale de la Chi\u0219in\u0103u, care exercit\u0103 presiuni asupra lor \u0219i \u00eencerc\u0103 s\u0103 \u00eempiedice desf\u0103\u0219urarea referendumului de sus\u021binere a primarului Renato Usat\u00eei.<\/p>\n<p>Ale\u0219ii locali au ini\u021biat procedura de desf\u0103\u0219urare a plebescitului pe 3 ianuarie, iar vineri 19 ianuarie, consilierii urmez\u0103 s\u0103 se \u00eentruneasc\u0103 pentru a determina data desf\u0103\u0219ur\u0103rii acestuia. Dup\u0103 ce consilierii au votat pentru organizarea referendumului presiunile din partea poli\u021biei CNA-lui \u0219i Procuraturii s-au intensificat. Fiecare dintre ei au primit cita\u021bii din parte institu\u021biilor de for\u021b\u0103.<\/p>\n","protected":false},"excerpt":{"rendered":"<p>Ofi\u021berii Inspectoratului Na\u021bional de Investiga\u021bii de la B\u0103l\u021bi au efectuat, mar\u021bi perchezi\u021bii la un agent economic din pia\u021ba de pe strada Dumitru Caraciobanu. \u00cen vizorul poli\u021bi\u0219tilor au ajuns p\u0103rin\u021bii consilierului municipal din partea Partidului Nostru, Sergiu Balan. Alesul local al\u0103turi de colegii s\u0103i de partid sau intrat de dou\u0103 zile \u00een greva foamei. P\u0103rin\u021bii lui [&hellip;]<\/p>\n","protected":false},"author":4,"featured_media":51926,"comment_status":"closed","ping_status":"closed","sticky":false,"template":"","format":"standard","meta":{"footnotes":""},"categories":[6353,6377],"tags":[6531,6532,6517,6533],"class_list":["post-51925","post","type-post","status-publish","format-standard","has-post-thumbnail","hentry","category-oras","category-stiri","tag-balan-serghei-ro","tag-perchezitii-ro","tag-obyski-ro","tag-sergej-balan-ro"],"yoast_head":"<!-- This site is optimized with the Yoast SEO plugin v27.4 - https:\/\/yoast.com\/product\/yoast-seo-wordpress\/ -->\n<title>Perchezi\u021bii la p\u0103rin\u021bii unui consilier municipal din B\u0103l\u021bi, intrat \u00een greva foamei<\/title>\n<meta name=\"description\" content=\"Ofi\u021berii Inspectoratului Na\u021bional de Investiga\u021bii de la B\u0103l\u021bi au efectuat, mar\u021bi perchezi\u021bii la un agent economic din pia\u021ba de pe strada Dumitru Caraciobanu. \u00cen vizorul poli\u021bi\u0219tilor au ajuns p\u0103rin\u021bii consilierului municipal din partea Partidului Nostru, Sergiu Balan.\" \/>\n<meta name=\"robots\" content=\"index, follow, max-snippet:-1, max-image-preview:large, max-video-preview:-1\" \/>\n<link rel=\"canonical\" href=\"https:\/\/www.btv.md\/ro\/perchezitii-la-parintii-unui-consilier-municipal-din-balti-intrat-in-greva-foamei\/\" \/>\n<meta property=\"og:locale\" content=\"ro_RO\" \/>\n<meta property=\"og:type\" content=\"article\" \/>\n<meta property=\"og:title\" content=\"Perchezi\u021bii la p\u0103rin\u021bii unui consilier municipal din B\u0103l\u021bi, intrat \u00een greva foamei\" \/>\n<meta property=\"og:description\" content=\"Ofi\u021berii Inspectoratului Na\u021bional de Investiga\u021bii de la B\u0103l\u021bi au efectuat, mar\u021bi perchezi\u021bii la un agent economic din pia\u021ba de pe strada Dumitru Caraciobanu. \u00cen vizorul poli\u021bi\u0219tilor au ajuns p\u0103rin\u021bii consilierului municipal din partea Partidului Nostru, Sergiu Balan. Alesul local al\u0103turi de colegii s\u0103i de partid sau intrat de dou\u0103 zile \u00een greva foamei. P\u0103rin\u021bii lui B\u0103lan spun c\u0103, \u00een a\u0219a mod autorit\u0103\u021bile exercit\u0103 presiuni asupra fiului lor s\u0103 p\u0103r\u0103seasc\u0103 Partidul Nostru.\" \/>\n<meta property=\"og:url\" content=\"https:\/\/www.btv.md\/ro\/perchezitii-la-parintii-unui-consilier-municipal-din-balti-intrat-in-greva-foamei\/\" \/>\n<meta property=\"og:site_name\" content=\"BTV\" \/>\n<meta property=\"article:publisher\" content=\"https:\/\/www.facebook.com\/btvmoldova\/\" \/>\n<meta property=\"article:published_time\" content=\"2018-01-16T15:49:46+00:00\" \/>\n<meta property=\"article:modified_time\" content=\"2019-02-09T13:14:40+00:00\" \/>\n<meta property=\"og:image\" content=\"https:\/\/www.btv.md\/wp-content\/uploads\/2018\/01\/balan.jpg\" \/>\n\t<meta property=\"og:image:width\" content=\"700\" \/>\n\t<meta property=\"og:image:height\" content=\"500\" \/>\n\t<meta property=\"og:image:type\" content=\"image\/jpeg\" \/>\n<meta name=\"author\" content=\"admin\" \/>\n<meta name=\"twitter:label1\" content=\"Scris de\" \/>\n\t<meta name=\"twitter:data1\" content=\"admin\" \/>\n\t<meta name=\"twitter:label2\" content=\"Timp estimat pentru citire\" \/>\n\t<meta name=\"twitter:data2\" content=\"1 minut\" \/>\n<script type=\"application\/ld+json\" class=\"yoast-schema-graph\">{\"@context\":\"https:\\\/\\\/schema.org\",\"@graph\":[{\"@type\":\"Article\",\"@id\":\"https:\\\/\\\/www.btv.md\\\/ro\\\/perchezitii-la-parintii-unui-consilier-municipal-din-balti-intrat-in-greva-foamei\\\/#article\",\"isPartOf\":{\"@id\":\"https:\\\/\\\/www.btv.md\\\/ro\\\/perchezitii-la-parintii-unui-consilier-municipal-din-balti-intrat-in-greva-foamei\\\/\"},\"author\":{\"name\":\"admin\",\"@id\":\"https:\\\/\\\/www.btv.md\\\/#\\\/schema\\\/person\\\/8fadce81561b3ce2c34c46dadc4ccbf2\"},\"headline\":\"Perchezi\u021bii la p\u0103rin\u021bii unui consilier municipal din B\u0103l\u021bi, intrat \u00een greva foamei\",\"datePublished\":\"2018-01-16T15:49:46+00:00\",\"dateModified\":\"2019-02-09T13:14:40+00:00\",\"mainEntityOfPage\":{\"@id\":\"https:\\\/\\\/www.btv.md\\\/ro\\\/perchezitii-la-parintii-unui-consilier-municipal-din-balti-intrat-in-greva-foamei\\\/\"},\"wordCount\":270,\"image\":{\"@id\":\"https:\\\/\\\/www.btv.md\\\/ro\\\/perchezitii-la-parintii-unui-consilier-municipal-din-balti-intrat-in-greva-foamei\\\/#primaryimage\"},\"thumbnailUrl\":\"https:\\\/\\\/www.btv.md\\\/wp-content\\\/uploads\\\/2018\\\/01\\\/balan.jpg\",\"keywords\":[\"Balan Serghei\",\"perchezi\u021bii\",\"\u043e\u0431\u044b\u0441\u043a\u0438\",\"\u0421\u0435\u0440\u0433\u0435\u0439 \u0411\u0430\u043b\u0430\u043d\"],\"articleSection\":[\"Ora\u0219\",\"\u0218tiri\"],\"inLanguage\":\"ro-RO\"},{\"@type\":\"WebPage\",\"@id\":\"https:\\\/\\\/www.btv.md\\\/ro\\\/perchezitii-la-parintii-unui-consilier-municipal-din-balti-intrat-in-greva-foamei\\\/\",\"url\":\"https:\\\/\\\/www.btv.md\\\/ro\\\/perchezitii-la-parintii-unui-consilier-municipal-din-balti-intrat-in-greva-foamei\\\/\",\"name\":\"Perchezi\u021bii la p\u0103rin\u021bii unui consilier municipal din B\u0103l\u021bi, intrat \u00een greva foamei\",\"isPartOf\":{\"@id\":\"https:\\\/\\\/www.btv.md\\\/#website\"},\"primaryImageOfPage\":{\"@id\":\"https:\\\/\\\/www.btv.md\\\/ro\\\/perchezitii-la-parintii-unui-consilier-municipal-din-balti-intrat-in-greva-foamei\\\/#primaryimage\"},\"image\":{\"@id\":\"https:\\\/\\\/www.btv.md\\\/ro\\\/perchezitii-la-parintii-unui-consilier-municipal-din-balti-intrat-in-greva-foamei\\\/#primaryimage\"},\"thumbnailUrl\":\"https:\\\/\\\/www.btv.md\\\/wp-content\\\/uploads\\\/2018\\\/01\\\/balan.jpg\",\"datePublished\":\"2018-01-16T15:49:46+00:00\",\"dateModified\":\"2019-02-09T13:14:40+00:00\",\"author\":{\"@id\":\"https:\\\/\\\/www.btv.md\\\/#\\\/schema\\\/person\\\/8fadce81561b3ce2c34c46dadc4ccbf2\"},\"description\":\"Ofi\u021berii Inspectoratului Na\u021bional de Investiga\u021bii de la B\u0103l\u021bi au efectuat, mar\u021bi perchezi\u021bii la un agent economic din pia\u021ba de pe strada Dumitru Caraciobanu. \u00cen vizorul poli\u021bi\u0219tilor au ajuns p\u0103rin\u021bii consilierului municipal din partea Partidului Nostru, Sergiu Balan.\",\"inLanguage\":\"ro-RO\",\"potentialAction\":[{\"@type\":\"ReadAction\",\"target\":[\"https:\\\/\\\/www.btv.md\\\/ro\\\/perchezitii-la-parintii-unui-consilier-municipal-din-balti-intrat-in-greva-foamei\\\/\"]}]},{\"@type\":\"ImageObject\",\"inLanguage\":\"ro-RO\",\"@id\":\"https:\\\/\\\/www.btv.md\\\/ro\\\/perchezitii-la-parintii-unui-consilier-municipal-din-balti-intrat-in-greva-foamei\\\/#primaryimage\",\"url\":\"https:\\\/\\\/www.btv.md\\\/wp-content\\\/uploads\\\/2018\\\/01\\\/balan.jpg\",\"contentUrl\":\"https:\\\/\\\/www.btv.md\\\/wp-content\\\/uploads\\\/2018\\\/01\\\/balan.jpg\",\"width\":700,\"height\":500},{\"@type\":\"WebSite\",\"@id\":\"https:\\\/\\\/www.btv.md\\\/#website\",\"url\":\"https:\\\/\\\/www.btv.md\\\/\",\"name\":\"BTV\",\"description\":\"\u0411\u0435\u043b\u044c\u0446\u043a\u043e\u0435 \u0442\u0435\u043b\u0435\u0432\u0438\u0434\u0435\u043d\u0438\u0435\",\"potentialAction\":[{\"@type\":\"SearchAction\",\"target\":{\"@type\":\"EntryPoint\",\"urlTemplate\":\"https:\\\/\\\/www.btv.md\\\/?s={search_term_string}\"},\"query-input\":{\"@type\":\"PropertyValueSpecification\",\"valueRequired\":true,\"valueName\":\"search_term_string\"}}],\"inLanguage\":\"ro-RO\"},{\"@type\":\"Person\",\"@id\":\"https:\\\/\\\/www.btv.md\\\/#\\\/schema\\\/person\\\/8fadce81561b3ce2c34c46dadc4ccbf2\",\"name\":\"admin\"}]}<\/script>\n<!-- \/ Yoast SEO plugin. -->","yoast_head_json":{"title":"Perchezi\u021bii la p\u0103rin\u021bii unui consilier municipal din B\u0103l\u021bi, intrat \u00een greva foamei","description":"Ofi\u021berii Inspectoratului Na\u021bional de Investiga\u021bii de la B\u0103l\u021bi au efectuat, mar\u021bi perchezi\u021bii la un agent economic din pia\u021ba de pe strada Dumitru Caraciobanu. \u00cen vizorul poli\u021bi\u0219tilor au ajuns p\u0103rin\u021bii consilierului municipal din partea Partidului Nostru, Sergiu Balan.","robots":{"index":"index","follow":"follow","max-snippet":"max-snippet:-1","max-image-preview":"max-image-preview:large","max-video-preview":"max-video-preview:-1"},"canonical":"https:\/\/www.btv.md\/ro\/perchezitii-la-parintii-unui-consilier-municipal-din-balti-intrat-in-greva-foamei\/","og_locale":"ro_RO","og_type":"article","og_title":"Perchezi\u021bii la p\u0103rin\u021bii unui consilier municipal din B\u0103l\u021bi, intrat \u00een greva foamei","og_description":"Ofi\u021berii Inspectoratului Na\u021bional de Investiga\u021bii de la B\u0103l\u021bi au efectuat, mar\u021bi perchezi\u021bii la un agent economic din pia\u021ba de pe strada Dumitru Caraciobanu. \u00cen vizorul poli\u021bi\u0219tilor au ajuns p\u0103rin\u021bii consilierului municipal din partea Partidului Nostru, Sergiu Balan. Alesul local al\u0103turi de colegii s\u0103i de partid sau intrat de dou\u0103 zile \u00een greva foamei. P\u0103rin\u021bii lui B\u0103lan spun c\u0103, \u00een a\u0219a mod autorit\u0103\u021bile exercit\u0103 presiuni asupra fiului lor s\u0103 p\u0103r\u0103seasc\u0103 Partidul Nostru.","og_url":"https:\/\/www.btv.md\/ro\/perchezitii-la-parintii-unui-consilier-municipal-din-balti-intrat-in-greva-foamei\/","og_site_name":"BTV","article_publisher":"https:\/\/www.facebook.com\/btvmoldova\/","article_published_time":"2018-01-16T15:49:46+00:00","article_modified_time":"2019-02-09T13:14:40+00:00","og_image":[{"width":700,"height":500,"url":"https:\/\/www.btv.md\/wp-content\/uploads\/2018\/01\/balan.jpg","type":"image\/jpeg"}],"author":"admin","twitter_misc":{"Scris de":"admin","Timp estimat pentru citire":"1 minut"},"schema":{"@context":"https:\/\/schema.org","@graph":[{"@type":"Article","@id":"https:\/\/www.btv.md\/ro\/perchezitii-la-parintii-unui-consilier-municipal-din-balti-intrat-in-greva-foamei\/#article","isPartOf":{"@id":"https:\/\/www.btv.md\/ro\/perchezitii-la-parintii-unui-consilier-municipal-din-balti-intrat-in-greva-foamei\/"},"author":{"name":"admin","@id":"https:\/\/www.btv.md\/#\/schema\/person\/8fadce81561b3ce2c34c46dadc4ccbf2"},"headline":"Perchezi\u021bii la p\u0103rin\u021bii unui consilier municipal din B\u0103l\u021bi, intrat \u00een greva foamei","datePublished":"2018-01-16T15:49:46+00:00","dateModified":"2019-02-09T13:14:40+00:00","mainEntityOfPage":{"@id":"https:\/\/www.btv.md\/ro\/perchezitii-la-parintii-unui-consilier-municipal-din-balti-intrat-in-greva-foamei\/"},"wordCount":270,"image":{"@id":"https:\/\/www.btv.md\/ro\/perchezitii-la-parintii-unui-consilier-municipal-din-balti-intrat-in-greva-foamei\/#primaryimage"},"thumbnailUrl":"https:\/\/www.btv.md\/wp-content\/uploads\/2018\/01\/balan.jpg","keywords":["Balan Serghei","perchezi\u021bii","\u043e\u0431\u044b\u0441\u043a\u0438","\u0421\u0435\u0440\u0433\u0435\u0439 \u0411\u0430\u043b\u0430\u043d"],"articleSection":["Ora\u0219","\u0218tiri"],"inLanguage":"ro-RO"},{"@type":"WebPage","@id":"https:\/\/www.btv.md\/ro\/perchezitii-la-parintii-unui-consilier-municipal-din-balti-intrat-in-greva-foamei\/","url":"https:\/\/www.btv.md\/ro\/perchezitii-la-parintii-unui-consilier-municipal-din-balti-intrat-in-greva-foamei\/","name":"Perchezi\u021bii la p\u0103rin\u021bii unui consilier municipal din B\u0103l\u021bi, intrat \u00een greva foamei","isPartOf":{"@id":"https:\/\/www.btv.md\/#website"},"primaryImageOfPage":{"@id":"https:\/\/www.btv.md\/ro\/perchezitii-la-parintii-unui-consilier-municipal-din-balti-intrat-in-greva-foamei\/#primaryimage"},"image":{"@id":"https:\/\/www.btv.md\/ro\/perchezitii-la-parintii-unui-consilier-municipal-din-balti-intrat-in-greva-foamei\/#primaryimage"},"thumbnailUrl":"https:\/\/www.btv.md\/wp-content\/uploads\/2018\/01\/balan.jpg","datePublished":"2018-01-16T15:49:46+00:00","dateModified":"2019-02-09T13:14:40+00:00","author":{"@id":"https:\/\/www.btv.md\/#\/schema\/person\/8fadce81561b3ce2c34c46dadc4ccbf2"},"description":"Ofi\u021berii Inspectoratului Na\u021bional de Investiga\u021bii de la B\u0103l\u021bi au efectuat, mar\u021bi perchezi\u021bii la un agent economic din pia\u021ba de pe strada Dumitru Caraciobanu. \u00cen vizorul poli\u021bi\u0219tilor au ajuns p\u0103rin\u021bii consilierului municipal din partea Partidului Nostru, Sergiu Balan.","inLanguage":"ro-RO","potentialAction":[{"@type":"ReadAction","target":["https:\/\/www.btv.md\/ro\/perchezitii-la-parintii-unui-consilier-municipal-din-balti-intrat-in-greva-foamei\/"]}]},{"@type":"ImageObject","inLanguage":"ro-RO","@id":"https:\/\/www.btv.md\/ro\/perchezitii-la-parintii-unui-consilier-municipal-din-balti-intrat-in-greva-foamei\/#primaryimage","url":"https:\/\/www.btv.md\/wp-content\/uploads\/2018\/01\/balan.jpg","contentUrl":"https:\/\/www.btv.md\/wp-content\/uploads\/2018\/01\/balan.jpg","width":700,"height":500},{"@type":"WebSite","@id":"https:\/\/www.btv.md\/#website","url":"https:\/\/www.btv.md\/","name":"BTV","description":"\u0411\u0435\u043b\u044c\u0446\u043a\u043e\u0435 \u0442\u0435\u043b\u0435\u0432\u0438\u0434\u0435\u043d\u0438\u0435","potentialAction":[{"@type":"SearchAction","target":{"@type":"EntryPoint","urlTemplate":"https:\/\/www.btv.md\/?s={search_term_string}"},"query-input":{"@type":"PropertyValueSpecification","valueRequired":true,"valueName":"search_term_string"}}],"inLanguage":"ro-RO"},{"@type":"Person","@id":"https:\/\/www.btv.md\/#\/schema\/person\/8fadce81561b3ce2c34c46dadc4ccbf2","name":"admin"}]}},"_links":{"self":[{"href":"https:\/\/www.btv.md\/ro\/wp-json\/wp\/v2\/posts\/51925","targetHints":{"allow":["GET"]}}],"collection":[{"href":"https:\/\/www.btv.md\/ro\/wp-json\/wp\/v2\/posts"}],"about":[{"href":"https:\/\/www.btv.md\/ro\/wp-json\/wp\/v2\/types\/post"}],"author":[{"embeddable":true,"href":"https:\/\/www.btv.md\/ro\/wp-json\/wp\/v2\/users\/4"}],"replies":[{"embeddable":true,"href":"https:\/\/www.btv.md\/ro\/wp-json\/wp\/v2\/comments?post=51925"}],"version-history":[{"count":0,"href":"https:\/\/www.btv.md\/ro\/wp-json\/wp\/v2\/posts\/51925\/revisions"}],"wp:featuredmedia":[{"embeddable":true,"href":"https:\/\/www.btv.md\/ro\/wp-json\/wp\/v2\/media\/51926"}],"wp:attachment":[{"href":"https:\/\/www.btv.md\/ro\/wp-json\/wp\/v2\/media?parent=51925"}],"wp:term":[{"taxonomy":"category","embeddable":true,"href":"https:\/\/www.btv.md\/ro\/wp-json\/wp\/v2\/categories?post=51925"},{"taxonomy":"post_tag","embeddable":true,"href":"https:\/\/www.btv.md\/ro\/wp-json\/wp\/v2\/tags?post=51925"}],"curies":[{"name":"wp","href":"https:\/\/api.w.org\/{rel}","templated":true}]}}