{"id":52690,"date":"2019-02-15T18:18:51","date_gmt":"2019-02-15T16:18:51","guid":{"rendered":"http:\/\/www.btv.md\/?p=52690"},"modified":"2019-02-15T18:18:51","modified_gmt":"2019-02-15T16:18:51","slug":"camere-de-supraveghere-vor-fi-instalate-pe-platformele-pentru-gunoi","status":"publish","type":"post","link":"https:\/\/www.btv.md\/ro\/camere-de-supraveghere-vor-fi-instalate-pe-platformele-pentru-gunoi\/","title":{"rendered":"CAMERE DE SUPRAVEGHERE VOR FI INSTALATE PE PLATFORMELE PENTRU GUNOI"},"content":{"rendered":"<p><strong>Pe platformele pentru gunoi vor fi instalate camere de supraveghere. Acest lucru va ajuta la identificarea r\u0103uf\u0103c\u0103torilor, care arunc\u0103 gunoiul supradimensionat sau \u00eel adun\u0103 \u00een mormane. <\/strong><\/p>\n<p>Ace\u0219tea vor fi identifica\u021bi \u00een persoan\u0103 din imagini video. La fel camerele vor fixa modelele \u0219i numerele ma\u0219inilor, care vor sta\u021biona l\u00e2ng\u0103 locurile cu containere. Primarul de B\u0103l\u021bi a propus ca s\u0103 fie montate camere de supraveghere \u00een intersec\u021biile problematice, unde au loc multe accidente \u0219i \u00een locurile publice.<\/p>\n<p>Problemele cu locurile \u00een care este gunoi nesanc\u021bionat, cel mai des apar \u00een sectoarele private. Locuitorii caselor private nu doresc s\u0103 \u00eencheie un contract pentru transportarea gunoiului prefer\u00e2nd s\u0103-l arunce acolo unde le este comod. Pentru a rezolva aceast\u0103 problem\u0103 autorit\u0103\u021bile din multe ora\u0219e instaleaz\u0103 camere video de supraveghere pe platformele pentru gunoi.<\/p>\n<div id=\"wpfp_853e3993c9ea818c031dd2a6c555c629\" data-item=\"{&quot;sources&quot;:[{&quot;src&quot;:&quot;https:\\\/\\\/www.youtube.com\\\/watch?v=O6gg1gSDylQ&quot;,&quot;type&quot;:&quot;video\\\/youtube&quot;}],&quot;id&quot;:&quot;361&quot;,&quot;splash&quot;:&quot;https:\\\/\\\/i.ytimg.com\\\/vi\\\/O6gg1gSDylQ\\\/maxresdefault.jpg#auto&quot;}\" class=\"flowplayer no-brand is-splash is-paused skin-slim no-svg fp-slim fp-edgy is-youtube\" data-engine=\"fvyoutube\" data-fv-embed=\"https:\/\/www.btv.md\/ro\/camere-de-supraveghere-vor-fi-instalate-pe-platformele-pentru-gunoi\/fvp-361\/\" style=\"position:relative; max-width: 720px; max-height: 480px; \" data-ratio=\"0.6667\">\n\t<div class=\"fp-ratio\" style=\"padding-top: 66.67%\"><\/div>\n\t<img decoding=\"async\" class=\"fp-splash lazyload\" alt=\"video\" data-src=\"https:\/\/i.ytimg.com\/vi\/O6gg1gSDylQ\/maxresdefault.jpg#auto\" style=\"position:absolute;top:0;width:100%\" src=\"data:image\/svg+xml;base64,PHN2ZyB3aWR0aD0iMSIgaGVpZ2h0PSIxIiB4bWxucz0iaHR0cDovL3d3dy53My5vcmcvMjAwMC9zdmciPjwvc3ZnPg==\" \/>\n\t<div class=\"fp-ui\"><noscript>Please enable JavaScript<\/noscript><div class=\"fp-play fp-visible\"><svg class=\"fp-play-sharp-fill\" xmlns=\"http:\/\/www.w3.org\/2000\/svg\" viewBox=\"0 0 100 100\"><defs><style>.fp-color-play{opacity:0.65;}.controlbutton{fill:#fff;}<\/style><\/defs><title>play-sharp-fill<\/title><path class=\"fp-color-play\" d=\"M49.9217-.078a50,50,0,1,0,50,50A50.0564,50.0564,0,0,0,49.9217-.078Z\"\/><polygon class=\"controlbutton\" points=\"73.601 50 37.968 70.573 37.968 29.427 73.601 50\" filter=\"url(#f1)\"\/><\/svg><\/div><div class=\"fp-preload\"><b><\/b><b><\/b><b><\/b><b><\/b><\/div><\/div>\n<div class='fvp-share-bar'><ul class=\"fvp-sharing\">\r\n    <li><a class=\"sharing-facebook\" href=\"https:\/\/www.facebook.com\/sharer\/sharer.php?u=https%3A%2F%2Fwww.btv.md%2Fro%2Fcamere-de-supraveghere-vor-fi-instalate-pe-platformele-pentru-gunoi%2F\" target=\"_blank\"><\/a><\/li>\r\n    <li><a class=\"sharing-twitter\" href=\"https:\/\/twitter.com\/intent\/tweet?text=BTV+&url=https%3A%2F%2Fwww.btv.md%2Fro%2Fcamere-de-supraveghere-vor-fi-instalate-pe-platformele-pentru-gunoi%2F\" target=\"_blank\"><\/a><\/li>\r\n    <li><a class=\"sharing-email\" href=\"mailto:?body=Check%20out%20the%20amazing%20video%20here%3A%20https%3A%2F%2Fwww.btv.md%2Fro%2Fcamere-de-supraveghere-vor-fi-instalate-pe-platformele-pentru-gunoi%2F\" target=\"_blank\"><\/a><\/li><\/ul><div><a class=\"sharing-link\" href=\"https:\/\/www.btv.md\/ro\/camere-de-supraveghere-vor-fi-instalate-pe-platformele-pentru-gunoi\/\" target=\"_blank\">Link<\/a><\/div><div><label><a class=\"embed-code-toggle\" href=\"#\"><strong>Embed<\/strong><\/a><\/label><\/div><div class=\"embed-code\"><label>Copy and paste this HTML code into your webpage to embed.<\/label><textarea><\/textarea><\/div><\/div>\n<\/div>\n\n","protected":false},"excerpt":{"rendered":"<p>Pe platformele pentru gunoi vor fi instalate camere de supraveghere. Acest lucru va ajuta la identificarea r\u0103uf\u0103c\u0103torilor, care arunc\u0103 gunoiul supradimensionat sau \u00eel adun\u0103 \u00een mormane. Ace\u0219tea vor fi identifica\u021bi \u00een persoan\u0103 din imagini video. La fel camerele vor fixa modelele \u0219i numerele ma\u0219inilor, care vor sta\u021biona l\u00e2ng\u0103 locurile cu containere. Primarul de B\u0103l\u021bi a [&hellip;]<\/p>\n","protected":false},"author":4,"featured_media":52628,"comment_status":"closed","ping_status":"closed","sticky":false,"template":"","format":"standard","meta":{"footnotes":""},"categories":[6353],"tags":[6658],"class_list":["post-52690","post","type-post","status-publish","format-standard","has-post-thumbnail","hentry","category-oras","tag-camere-de-supraveghere-vor-fi-instalate-pe-platformele-pentru-gunoi"],"yoast_head":"<!-- This site is optimized with the Yoast SEO plugin v27.4 - https:\/\/yoast.com\/product\/yoast-seo-wordpress\/ -->\n<title>CAMERE DE SUPRAVEGHERE VOR FI INSTALATE PE PLATFORMELE PENTRU GUNOI - BTV<\/title>\n<meta name=\"robots\" content=\"index, follow, max-snippet:-1, max-image-preview:large, max-video-preview:-1\" \/>\n<link rel=\"canonical\" href=\"https:\/\/www.btv.md\/ro\/camere-de-supraveghere-vor-fi-instalate-pe-platformele-pentru-gunoi\/\" \/>\n<meta property=\"og:locale\" content=\"ro_RO\" \/>\n<meta property=\"og:type\" content=\"article\" \/>\n<meta property=\"og:title\" content=\"CAMERE DE SUPRAVEGHERE VOR FI INSTALATE PE PLATFORMELE PENTRU GUNOI - BTV\" \/>\n<meta property=\"og:description\" content=\"Pe platformele pentru gunoi vor fi instalate camere de supraveghere. Acest lucru va ajuta la identificarea r\u0103uf\u0103c\u0103torilor, care arunc\u0103 gunoiul supradimensionat sau \u00eel adun\u0103 \u00een mormane. Ace\u0219tea vor fi identifica\u021bi \u00een persoan\u0103 din imagini video. La fel camerele vor fixa modelele \u0219i numerele ma\u0219inilor, care vor sta\u021biona l\u00e2ng\u0103 locurile cu containere. Primarul de B\u0103l\u021bi a [&hellip;]\" \/>\n<meta property=\"og:url\" content=\"https:\/\/www.btv.md\/ro\/camere-de-supraveghere-vor-fi-instalate-pe-platformele-pentru-gunoi\/\" \/>\n<meta property=\"og:site_name\" content=\"BTV\" \/>\n<meta property=\"article:publisher\" content=\"https:\/\/www.facebook.com\/btvmoldova\/\" \/>\n<meta property=\"article:published_time\" content=\"2019-02-15T16:18:51+00:00\" \/>\n<meta property=\"og:image\" content=\"https:\/\/www.btv.md\/wp-content\/uploads\/2019\/02\/1379589770_107331_21.jpg\" \/>\n\t<meta property=\"og:image:width\" content=\"670\" \/>\n\t<meta property=\"og:image:height\" content=\"426\" \/>\n\t<meta property=\"og:image:type\" content=\"image\/jpeg\" \/>\n<meta name=\"author\" content=\"admin\" \/>\n<meta name=\"twitter:label1\" content=\"Scris de\" \/>\n\t<meta name=\"twitter:data1\" content=\"admin\" \/>\n\t<meta name=\"twitter:label2\" content=\"Timp estimat pentru citire\" \/>\n\t<meta name=\"twitter:data2\" content=\"1 minut\" \/>\n<script type=\"application\/ld+json\" class=\"yoast-schema-graph\">{\"@context\":\"https:\\\/\\\/schema.org\",\"@graph\":[{\"@type\":\"Article\",\"@id\":\"https:\\\/\\\/www.btv.md\\\/ro\\\/camere-de-supraveghere-vor-fi-instalate-pe-platformele-pentru-gunoi\\\/#article\",\"isPartOf\":{\"@id\":\"https:\\\/\\\/www.btv.md\\\/ro\\\/camere-de-supraveghere-vor-fi-instalate-pe-platformele-pentru-gunoi\\\/\"},\"author\":{\"name\":\"admin\",\"@id\":\"https:\\\/\\\/www.btv.md\\\/#\\\/schema\\\/person\\\/8fadce81561b3ce2c34c46dadc4ccbf2\"},\"headline\":\"CAMERE DE SUPRAVEGHERE VOR FI INSTALATE PE PLATFORMELE PENTRU GUNOI\",\"datePublished\":\"2019-02-15T16:18:51+00:00\",\"mainEntityOfPage\":{\"@id\":\"https:\\\/\\\/www.btv.md\\\/ro\\\/camere-de-supraveghere-vor-fi-instalate-pe-platformele-pentru-gunoi\\\/\"},\"wordCount\":156,\"image\":{\"@id\":\"https:\\\/\\\/www.btv.md\\\/ro\\\/camere-de-supraveghere-vor-fi-instalate-pe-platformele-pentru-gunoi\\\/#primaryimage\"},\"thumbnailUrl\":\"https:\\\/\\\/www.btv.md\\\/wp-content\\\/uploads\\\/2019\\\/02\\\/1379589770_107331_21.jpg\",\"keywords\":[\"CAMERE DE SUPRAVEGHERE VOR FI INSTALATE PE PLATFORMELE PENTRU GUNOI\"],\"articleSection\":[\"Ora\u0219\"],\"inLanguage\":\"ro-RO\"},{\"@type\":\"WebPage\",\"@id\":\"https:\\\/\\\/www.btv.md\\\/ro\\\/camere-de-supraveghere-vor-fi-instalate-pe-platformele-pentru-gunoi\\\/\",\"url\":\"https:\\\/\\\/www.btv.md\\\/ro\\\/camere-de-supraveghere-vor-fi-instalate-pe-platformele-pentru-gunoi\\\/\",\"name\":\"CAMERE DE SUPRAVEGHERE VOR FI INSTALATE PE PLATFORMELE PENTRU GUNOI - BTV\",\"isPartOf\":{\"@id\":\"https:\\\/\\\/www.btv.md\\\/#website\"},\"primaryImageOfPage\":{\"@id\":\"https:\\\/\\\/www.btv.md\\\/ro\\\/camere-de-supraveghere-vor-fi-instalate-pe-platformele-pentru-gunoi\\\/#primaryimage\"},\"image\":{\"@id\":\"https:\\\/\\\/www.btv.md\\\/ro\\\/camere-de-supraveghere-vor-fi-instalate-pe-platformele-pentru-gunoi\\\/#primaryimage\"},\"thumbnailUrl\":\"https:\\\/\\\/www.btv.md\\\/wp-content\\\/uploads\\\/2019\\\/02\\\/1379589770_107331_21.jpg\",\"datePublished\":\"2019-02-15T16:18:51+00:00\",\"author\":{\"@id\":\"https:\\\/\\\/www.btv.md\\\/#\\\/schema\\\/person\\\/8fadce81561b3ce2c34c46dadc4ccbf2\"},\"inLanguage\":\"ro-RO\",\"potentialAction\":[{\"@type\":\"ReadAction\",\"target\":[\"https:\\\/\\\/www.btv.md\\\/ro\\\/camere-de-supraveghere-vor-fi-instalate-pe-platformele-pentru-gunoi\\\/\"]}]},{\"@type\":\"ImageObject\",\"inLanguage\":\"ro-RO\",\"@id\":\"https:\\\/\\\/www.btv.md\\\/ro\\\/camere-de-supraveghere-vor-fi-instalate-pe-platformele-pentru-gunoi\\\/#primaryimage\",\"url\":\"https:\\\/\\\/www.btv.md\\\/wp-content\\\/uploads\\\/2019\\\/02\\\/1379589770_107331_21.jpg\",\"contentUrl\":\"https:\\\/\\\/www.btv.md\\\/wp-content\\\/uploads\\\/2019\\\/02\\\/1379589770_107331_21.jpg\",\"width\":670,\"height\":426,\"caption\":\"PGE Arena Gdansk, stadium for the UEFA EURO 2012, during the friendly match between Poland and Germany on 6 September 2011.\"},{\"@type\":\"WebSite\",\"@id\":\"https:\\\/\\\/www.btv.md\\\/#website\",\"url\":\"https:\\\/\\\/www.btv.md\\\/\",\"name\":\"BTV\",\"description\":\"\u0411\u0435\u043b\u044c\u0446\u043a\u043e\u0435 \u0442\u0435\u043b\u0435\u0432\u0438\u0434\u0435\u043d\u0438\u0435\",\"potentialAction\":[{\"@type\":\"SearchAction\",\"target\":{\"@type\":\"EntryPoint\",\"urlTemplate\":\"https:\\\/\\\/www.btv.md\\\/?s={search_term_string}\"},\"query-input\":{\"@type\":\"PropertyValueSpecification\",\"valueRequired\":true,\"valueName\":\"search_term_string\"}}],\"inLanguage\":\"ro-RO\"},{\"@type\":\"Person\",\"@id\":\"https:\\\/\\\/www.btv.md\\\/#\\\/schema\\\/person\\\/8fadce81561b3ce2c34c46dadc4ccbf2\",\"name\":\"admin\"}]}<\/script>\n<!-- \/ Yoast SEO plugin. -->","yoast_head_json":{"title":"CAMERE DE SUPRAVEGHERE VOR FI INSTALATE PE PLATFORMELE PENTRU GUNOI - BTV","robots":{"index":"index","follow":"follow","max-snippet":"max-snippet:-1","max-image-preview":"max-image-preview:large","max-video-preview":"max-video-preview:-1"},"canonical":"https:\/\/www.btv.md\/ro\/camere-de-supraveghere-vor-fi-instalate-pe-platformele-pentru-gunoi\/","og_locale":"ro_RO","og_type":"article","og_title":"CAMERE DE SUPRAVEGHERE VOR FI INSTALATE PE PLATFORMELE PENTRU GUNOI - BTV","og_description":"Pe platformele pentru gunoi vor fi instalate camere de supraveghere. Acest lucru va ajuta la identificarea r\u0103uf\u0103c\u0103torilor, care arunc\u0103 gunoiul supradimensionat sau \u00eel adun\u0103 \u00een mormane. Ace\u0219tea vor fi identifica\u021bi \u00een persoan\u0103 din imagini video. La fel camerele vor fixa modelele \u0219i numerele ma\u0219inilor, care vor sta\u021biona l\u00e2ng\u0103 locurile cu containere. Primarul de B\u0103l\u021bi a [&hellip;]","og_url":"https:\/\/www.btv.md\/ro\/camere-de-supraveghere-vor-fi-instalate-pe-platformele-pentru-gunoi\/","og_site_name":"BTV","article_publisher":"https:\/\/www.facebook.com\/btvmoldova\/","article_published_time":"2019-02-15T16:18:51+00:00","og_image":[{"width":670,"height":426,"url":"https:\/\/www.btv.md\/wp-content\/uploads\/2019\/02\/1379589770_107331_21.jpg","type":"image\/jpeg"}],"author":"admin","twitter_misc":{"Scris de":"admin","Timp estimat pentru citire":"1 minut"},"schema":{"@context":"https:\/\/schema.org","@graph":[{"@type":"Article","@id":"https:\/\/www.btv.md\/ro\/camere-de-supraveghere-vor-fi-instalate-pe-platformele-pentru-gunoi\/#article","isPartOf":{"@id":"https:\/\/www.btv.md\/ro\/camere-de-supraveghere-vor-fi-instalate-pe-platformele-pentru-gunoi\/"},"author":{"name":"admin","@id":"https:\/\/www.btv.md\/#\/schema\/person\/8fadce81561b3ce2c34c46dadc4ccbf2"},"headline":"CAMERE DE SUPRAVEGHERE VOR FI INSTALATE PE PLATFORMELE PENTRU GUNOI","datePublished":"2019-02-15T16:18:51+00:00","mainEntityOfPage":{"@id":"https:\/\/www.btv.md\/ro\/camere-de-supraveghere-vor-fi-instalate-pe-platformele-pentru-gunoi\/"},"wordCount":156,"image":{"@id":"https:\/\/www.btv.md\/ro\/camere-de-supraveghere-vor-fi-instalate-pe-platformele-pentru-gunoi\/#primaryimage"},"thumbnailUrl":"https:\/\/www.btv.md\/wp-content\/uploads\/2019\/02\/1379589770_107331_21.jpg","keywords":["CAMERE DE SUPRAVEGHERE VOR FI INSTALATE PE PLATFORMELE PENTRU GUNOI"],"articleSection":["Ora\u0219"],"inLanguage":"ro-RO"},{"@type":"WebPage","@id":"https:\/\/www.btv.md\/ro\/camere-de-supraveghere-vor-fi-instalate-pe-platformele-pentru-gunoi\/","url":"https:\/\/www.btv.md\/ro\/camere-de-supraveghere-vor-fi-instalate-pe-platformele-pentru-gunoi\/","name":"CAMERE DE SUPRAVEGHERE VOR FI INSTALATE PE PLATFORMELE PENTRU GUNOI - BTV","isPartOf":{"@id":"https:\/\/www.btv.md\/#website"},"primaryImageOfPage":{"@id":"https:\/\/www.btv.md\/ro\/camere-de-supraveghere-vor-fi-instalate-pe-platformele-pentru-gunoi\/#primaryimage"},"image":{"@id":"https:\/\/www.btv.md\/ro\/camere-de-supraveghere-vor-fi-instalate-pe-platformele-pentru-gunoi\/#primaryimage"},"thumbnailUrl":"https:\/\/www.btv.md\/wp-content\/uploads\/2019\/02\/1379589770_107331_21.jpg","datePublished":"2019-02-15T16:18:51+00:00","author":{"@id":"https:\/\/www.btv.md\/#\/schema\/person\/8fadce81561b3ce2c34c46dadc4ccbf2"},"inLanguage":"ro-RO","potentialAction":[{"@type":"ReadAction","target":["https:\/\/www.btv.md\/ro\/camere-de-supraveghere-vor-fi-instalate-pe-platformele-pentru-gunoi\/"]}]},{"@type":"ImageObject","inLanguage":"ro-RO","@id":"https:\/\/www.btv.md\/ro\/camere-de-supraveghere-vor-fi-instalate-pe-platformele-pentru-gunoi\/#primaryimage","url":"https:\/\/www.btv.md\/wp-content\/uploads\/2019\/02\/1379589770_107331_21.jpg","contentUrl":"https:\/\/www.btv.md\/wp-content\/uploads\/2019\/02\/1379589770_107331_21.jpg","width":670,"height":426,"caption":"PGE Arena Gdansk, stadium for the UEFA EURO 2012, during the friendly match between Poland and Germany on 6 September 2011."},{"@type":"WebSite","@id":"https:\/\/www.btv.md\/#website","url":"https:\/\/www.btv.md\/","name":"BTV","description":"\u0411\u0435\u043b\u044c\u0446\u043a\u043e\u0435 \u0442\u0435\u043b\u0435\u0432\u0438\u0434\u0435\u043d\u0438\u0435","potentialAction":[{"@type":"SearchAction","target":{"@type":"EntryPoint","urlTemplate":"https:\/\/www.btv.md\/?s={search_term_string}"},"query-input":{"@type":"PropertyValueSpecification","valueRequired":true,"valueName":"search_term_string"}}],"inLanguage":"ro-RO"},{"@type":"Person","@id":"https:\/\/www.btv.md\/#\/schema\/person\/8fadce81561b3ce2c34c46dadc4ccbf2","name":"admin"}]}},"_links":{"self":[{"href":"https:\/\/www.btv.md\/ro\/wp-json\/wp\/v2\/posts\/52690","targetHints":{"allow":["GET"]}}],"collection":[{"href":"https:\/\/www.btv.md\/ro\/wp-json\/wp\/v2\/posts"}],"about":[{"href":"https:\/\/www.btv.md\/ro\/wp-json\/wp\/v2\/types\/post"}],"author":[{"embeddable":true,"href":"https:\/\/www.btv.md\/ro\/wp-json\/wp\/v2\/users\/4"}],"replies":[{"embeddable":true,"href":"https:\/\/www.btv.md\/ro\/wp-json\/wp\/v2\/comments?post=52690"}],"version-history":[{"count":0,"href":"https:\/\/www.btv.md\/ro\/wp-json\/wp\/v2\/posts\/52690\/revisions"}],"wp:featuredmedia":[{"embeddable":true,"href":"https:\/\/www.btv.md\/ro\/wp-json\/wp\/v2\/media\/52628"}],"wp:attachment":[{"href":"https:\/\/www.btv.md\/ro\/wp-json\/wp\/v2\/media?parent=52690"}],"wp:term":[{"taxonomy":"category","embeddable":true,"href":"https:\/\/www.btv.md\/ro\/wp-json\/wp\/v2\/categories?post=52690"},{"taxonomy":"post_tag","embeddable":true,"href":"https:\/\/www.btv.md\/ro\/wp-json\/wp\/v2\/tags?post=52690"}],"curies":[{"name":"wp","href":"https:\/\/api.w.org\/{rel}","templated":true}]}}