{"id":52698,"date":"2019-02-15T18:40:03","date_gmt":"2019-02-15T16:40:03","guid":{"rendered":"http:\/\/www.btv.md\/?p=52698"},"modified":"2019-02-15T18:40:03","modified_gmt":"2019-02-15T16:40:03","slug":"veteranii-razboiului-din-afganistan-decorati-cu-medalii","status":"publish","type":"post","link":"https:\/\/www.btv.md\/ro\/veteranii-razboiului-din-afganistan-decorati-cu-medalii\/","title":{"rendered":"VETERANII R\u0102ZBOIULUI DIN AFGANISTAN, DECORA\u021aI CU MEDALII"},"content":{"rendered":"<p><strong>Militarii care au luptat \u00een r\u0103zboiul din Afganistan, au fost decora\u021bi cu medalii prin Decretul Pre\u0219edintelui Republicii Moldova. <\/strong><\/p>\n<p>\u00cen data de 14 februarie, \u00een incinta Liceului Teoretic ,,Mihai Eminescu\u201d din B\u0103l\u021bi, vice primarul, Lilia Sava, le-a \u00eenm\u00e2nat medaliile veteranilor care au participat \u00een acest r\u0103zboi, men\u021bion\u00e2nd c\u0103 acest r\u0103zboi s-a terminat cu durere pentru rudele celor care nu s-au mai \u00eentors.<\/p>\n<p>Tudor Mo\u021bpan, cu o activitate de 28 de ani \u00een armat\u0103, spune c\u0103 traume emo\u021bionale \u0219i psihologice dup\u0103 r\u0103zboi sunt, iar acestea pot fi ameliorate doar cu sus\u021binerea celor dragi.<\/p>\n<p>Cei care s-au \u00eentors vii, poart\u0103 \u0219i acum, la 30 de ani dup\u0103 \u00eencheierea r\u0103zboiului, acele amintirile triste, \u00een care au fost trimi\u0219i ca carne de tun, doar pentru c\u0103 a\u0219a le-a dictat regimul.Valerian Curchin a fost trimis la r\u0103zboi pe c\u00e2nd avea doar 19 ani.<\/p>\n<p>Tradi\u021bional, \u00een Republica Moldova, \u00een data de 15 februarie sunt comemora\u021bi militarii care \u0219i-au pierdut via\u021ba \u00een r\u0103zboiul din Afganistan.<\/p>\n<div id=\"wpfp_0c67862dfc8ade3157ed5a8b482730c5\" data-item=\"{&quot;sources&quot;:[{&quot;src&quot;:&quot;https:\\\/\\\/www.youtube.com\\\/watch?v=hzobl9b-jcg&quot;,&quot;type&quot;:&quot;video\\\/youtube&quot;}],&quot;id&quot;:&quot;363&quot;,&quot;splash&quot;:&quot;https:\\\/\\\/i.ytimg.com\\\/vi\\\/hzobl9b-jcg\\\/maxresdefault.jpg#auto&quot;}\" class=\"flowplayer no-brand is-splash is-paused skin-slim no-svg fp-slim fp-edgy is-youtube\" data-engine=\"fvyoutube\" data-fv-embed=\"https:\/\/www.btv.md\/ro\/veteranii-razboiului-din-afganistan-decorati-cu-medalii\/fvp-363\/\" style=\"position:relative; max-width: 720px; max-height: 480px; \" data-ratio=\"0.6667\">\n\t<div class=\"fp-ratio\" style=\"padding-top: 66.67%\"><\/div>\n\t<img decoding=\"async\" class=\"fp-splash lazyload\" alt=\"video\" data-src=\"https:\/\/i.ytimg.com\/vi\/hzobl9b-jcg\/maxresdefault.jpg#auto\" style=\"position:absolute;top:0;width:100%\" src=\"data:image\/svg+xml;base64,PHN2ZyB3aWR0aD0iMSIgaGVpZ2h0PSIxIiB4bWxucz0iaHR0cDovL3d3dy53My5vcmcvMjAwMC9zdmciPjwvc3ZnPg==\" \/>\n\t<div class=\"fp-ui\"><noscript>Please enable JavaScript<\/noscript><div class=\"fp-play fp-visible\"><svg class=\"fp-play-sharp-fill\" xmlns=\"http:\/\/www.w3.org\/2000\/svg\" viewBox=\"0 0 100 100\"><defs><style>.fp-color-play{opacity:0.65;}.controlbutton{fill:#fff;}<\/style><\/defs><title>play-sharp-fill<\/title><path class=\"fp-color-play\" d=\"M49.9217-.078a50,50,0,1,0,50,50A50.0564,50.0564,0,0,0,49.9217-.078Z\"\/><polygon class=\"controlbutton\" points=\"73.601 50 37.968 70.573 37.968 29.427 73.601 50\" filter=\"url(#f1)\"\/><\/svg><\/div><div class=\"fp-preload\"><b><\/b><b><\/b><b><\/b><b><\/b><\/div><\/div>\n<div class='fvp-share-bar'><ul class=\"fvp-sharing\">\r\n    <li><a class=\"sharing-facebook\" href=\"https:\/\/www.facebook.com\/sharer\/sharer.php?u=https%3A%2F%2Fwww.btv.md%2Fro%2Fveteranii-razboiului-din-afganistan-decorati-cu-medalii%2F\" target=\"_blank\"><\/a><\/li>\r\n    <li><a class=\"sharing-twitter\" href=\"https:\/\/twitter.com\/intent\/tweet?text=BTV+&url=https%3A%2F%2Fwww.btv.md%2Fro%2Fveteranii-razboiului-din-afganistan-decorati-cu-medalii%2F\" target=\"_blank\"><\/a><\/li>\r\n    <li><a class=\"sharing-email\" href=\"mailto:?body=Check%20out%20the%20amazing%20video%20here%3A%20https%3A%2F%2Fwww.btv.md%2Fro%2Fveteranii-razboiului-din-afganistan-decorati-cu-medalii%2F\" target=\"_blank\"><\/a><\/li><\/ul><div><a class=\"sharing-link\" href=\"https:\/\/www.btv.md\/ro\/veteranii-razboiului-din-afganistan-decorati-cu-medalii\/\" target=\"_blank\">Link<\/a><\/div><div><label><a class=\"embed-code-toggle\" href=\"#\"><strong>Embed<\/strong><\/a><\/label><\/div><div class=\"embed-code\"><label>Copy and paste this HTML code into your webpage to embed.<\/label><textarea><\/textarea><\/div><\/div>\n<\/div>\n\n","protected":false},"excerpt":{"rendered":"<p>Militarii care au luptat \u00een r\u0103zboiul din Afganistan, au fost decora\u021bi cu medalii prin Decretul Pre\u0219edintelui Republicii Moldova. \u00cen data de 14 februarie, \u00een incinta Liceului Teoretic ,,Mihai Eminescu\u201d din B\u0103l\u021bi, vice primarul, Lilia Sava, le-a \u00eenm\u00e2nat medaliile veteranilor care au participat \u00een acest r\u0103zboi, men\u021bion\u00e2nd c\u0103 acest r\u0103zboi s-a terminat cu durere pentru rudele [&hellip;]<\/p>\n","protected":false},"author":4,"featured_media":52699,"comment_status":"closed","ping_status":"closed","sticky":false,"template":"","format":"standard","meta":{"footnotes":""},"categories":[6349],"tags":[6661,6660],"class_list":["post-52698","post","type-post","status-publish","format-standard","has-post-thumbnail","hentry","category-social","tag-decorati-cu-medalii","tag-veteranii-razboiului-din-afganistan"],"yoast_head":"<!-- This site is optimized with the Yoast SEO plugin v27.4 - https:\/\/yoast.com\/product\/yoast-seo-wordpress\/ -->\n<title>VETERANII R\u0102ZBOIULUI DIN AFGANISTAN, DECORA\u021aI CU MEDALII - BTV<\/title>\n<meta name=\"robots\" content=\"index, follow, max-snippet:-1, max-image-preview:large, max-video-preview:-1\" \/>\n<link rel=\"canonical\" href=\"https:\/\/www.btv.md\/ro\/veteranii-razboiului-din-afganistan-decorati-cu-medalii\/\" \/>\n<meta property=\"og:locale\" content=\"ro_RO\" \/>\n<meta property=\"og:type\" content=\"article\" \/>\n<meta property=\"og:title\" content=\"VETERANII R\u0102ZBOIULUI DIN AFGANISTAN, DECORA\u021aI CU MEDALII - BTV\" \/>\n<meta property=\"og:description\" content=\"Militarii care au luptat \u00een r\u0103zboiul din Afganistan, au fost decora\u021bi cu medalii prin Decretul Pre\u0219edintelui Republicii Moldova. \u00cen data de 14 februarie, \u00een incinta Liceului Teoretic ,,Mihai Eminescu\u201d din B\u0103l\u021bi, vice primarul, Lilia Sava, le-a \u00eenm\u00e2nat medaliile veteranilor care au participat \u00een acest r\u0103zboi, men\u021bion\u00e2nd c\u0103 acest r\u0103zboi s-a terminat cu durere pentru rudele [&hellip;]\" \/>\n<meta property=\"og:url\" content=\"https:\/\/www.btv.md\/ro\/veteranii-razboiului-din-afganistan-decorati-cu-medalii\/\" \/>\n<meta property=\"og:site_name\" content=\"BTV\" \/>\n<meta property=\"article:publisher\" content=\"https:\/\/www.facebook.com\/btvmoldova\/\" \/>\n<meta property=\"article:published_time\" content=\"2019-02-15T16:40:03+00:00\" \/>\n<meta property=\"og:image\" content=\"https:\/\/www.btv.md\/wp-content\/uploads\/2019\/02\/s1200.jpg\" \/>\n\t<meta property=\"og:image:width\" content=\"1200\" \/>\n\t<meta property=\"og:image:height\" content=\"800\" \/>\n\t<meta property=\"og:image:type\" content=\"image\/jpeg\" \/>\n<meta name=\"author\" content=\"admin\" \/>\n<meta name=\"twitter:label1\" content=\"Scris de\" \/>\n\t<meta name=\"twitter:data1\" content=\"admin\" \/>\n\t<meta name=\"twitter:label2\" content=\"Timp estimat pentru citire\" \/>\n\t<meta name=\"twitter:data2\" content=\"1 minut\" \/>\n<script type=\"application\/ld+json\" class=\"yoast-schema-graph\">{\"@context\":\"https:\\\/\\\/schema.org\",\"@graph\":[{\"@type\":\"Article\",\"@id\":\"https:\\\/\\\/www.btv.md\\\/ro\\\/veteranii-razboiului-din-afganistan-decorati-cu-medalii\\\/#article\",\"isPartOf\":{\"@id\":\"https:\\\/\\\/www.btv.md\\\/ro\\\/veteranii-razboiului-din-afganistan-decorati-cu-medalii\\\/\"},\"author\":{\"name\":\"admin\",\"@id\":\"https:\\\/\\\/www.btv.md\\\/#\\\/schema\\\/person\\\/8fadce81561b3ce2c34c46dadc4ccbf2\"},\"headline\":\"VETERANII R\u0102ZBOIULUI DIN AFGANISTAN, DECORA\u021aI CU MEDALII\",\"datePublished\":\"2019-02-15T16:40:03+00:00\",\"mainEntityOfPage\":{\"@id\":\"https:\\\/\\\/www.btv.md\\\/ro\\\/veteranii-razboiului-din-afganistan-decorati-cu-medalii\\\/\"},\"wordCount\":187,\"image\":{\"@id\":\"https:\\\/\\\/www.btv.md\\\/ro\\\/veteranii-razboiului-din-afganistan-decorati-cu-medalii\\\/#primaryimage\"},\"thumbnailUrl\":\"https:\\\/\\\/www.btv.md\\\/wp-content\\\/uploads\\\/2019\\\/02\\\/s1200.jpg\",\"keywords\":[\"DECORA\u021aI CU MEDALII\",\"VETERANII R\u0102ZBOIULUI DIN AFGANISTAN\"],\"articleSection\":[\"Social\"],\"inLanguage\":\"ro-RO\"},{\"@type\":\"WebPage\",\"@id\":\"https:\\\/\\\/www.btv.md\\\/ro\\\/veteranii-razboiului-din-afganistan-decorati-cu-medalii\\\/\",\"url\":\"https:\\\/\\\/www.btv.md\\\/ro\\\/veteranii-razboiului-din-afganistan-decorati-cu-medalii\\\/\",\"name\":\"VETERANII R\u0102ZBOIULUI DIN AFGANISTAN, DECORA\u021aI CU MEDALII - BTV\",\"isPartOf\":{\"@id\":\"https:\\\/\\\/www.btv.md\\\/#website\"},\"primaryImageOfPage\":{\"@id\":\"https:\\\/\\\/www.btv.md\\\/ro\\\/veteranii-razboiului-din-afganistan-decorati-cu-medalii\\\/#primaryimage\"},\"image\":{\"@id\":\"https:\\\/\\\/www.btv.md\\\/ro\\\/veteranii-razboiului-din-afganistan-decorati-cu-medalii\\\/#primaryimage\"},\"thumbnailUrl\":\"https:\\\/\\\/www.btv.md\\\/wp-content\\\/uploads\\\/2019\\\/02\\\/s1200.jpg\",\"datePublished\":\"2019-02-15T16:40:03+00:00\",\"author\":{\"@id\":\"https:\\\/\\\/www.btv.md\\\/#\\\/schema\\\/person\\\/8fadce81561b3ce2c34c46dadc4ccbf2\"},\"inLanguage\":\"ro-RO\",\"potentialAction\":[{\"@type\":\"ReadAction\",\"target\":[\"https:\\\/\\\/www.btv.md\\\/ro\\\/veteranii-razboiului-din-afganistan-decorati-cu-medalii\\\/\"]}]},{\"@type\":\"ImageObject\",\"inLanguage\":\"ro-RO\",\"@id\":\"https:\\\/\\\/www.btv.md\\\/ro\\\/veteranii-razboiului-din-afganistan-decorati-cu-medalii\\\/#primaryimage\",\"url\":\"https:\\\/\\\/www.btv.md\\\/wp-content\\\/uploads\\\/2019\\\/02\\\/s1200.jpg\",\"contentUrl\":\"https:\\\/\\\/www.btv.md\\\/wp-content\\\/uploads\\\/2019\\\/02\\\/s1200.jpg\",\"width\":1200,\"height\":800},{\"@type\":\"WebSite\",\"@id\":\"https:\\\/\\\/www.btv.md\\\/#website\",\"url\":\"https:\\\/\\\/www.btv.md\\\/\",\"name\":\"BTV\",\"description\":\"\u0411\u0435\u043b\u044c\u0446\u043a\u043e\u0435 \u0442\u0435\u043b\u0435\u0432\u0438\u0434\u0435\u043d\u0438\u0435\",\"potentialAction\":[{\"@type\":\"SearchAction\",\"target\":{\"@type\":\"EntryPoint\",\"urlTemplate\":\"https:\\\/\\\/www.btv.md\\\/?s={search_term_string}\"},\"query-input\":{\"@type\":\"PropertyValueSpecification\",\"valueRequired\":true,\"valueName\":\"search_term_string\"}}],\"inLanguage\":\"ro-RO\"},{\"@type\":\"Person\",\"@id\":\"https:\\\/\\\/www.btv.md\\\/#\\\/schema\\\/person\\\/8fadce81561b3ce2c34c46dadc4ccbf2\",\"name\":\"admin\"}]}<\/script>\n<!-- \/ Yoast SEO plugin. -->","yoast_head_json":{"title":"VETERANII R\u0102ZBOIULUI DIN AFGANISTAN, DECORA\u021aI CU MEDALII - BTV","robots":{"index":"index","follow":"follow","max-snippet":"max-snippet:-1","max-image-preview":"max-image-preview:large","max-video-preview":"max-video-preview:-1"},"canonical":"https:\/\/www.btv.md\/ro\/veteranii-razboiului-din-afganistan-decorati-cu-medalii\/","og_locale":"ro_RO","og_type":"article","og_title":"VETERANII R\u0102ZBOIULUI DIN AFGANISTAN, DECORA\u021aI CU MEDALII - BTV","og_description":"Militarii care au luptat \u00een r\u0103zboiul din Afganistan, au fost decora\u021bi cu medalii prin Decretul Pre\u0219edintelui Republicii Moldova. \u00cen data de 14 februarie, \u00een incinta Liceului Teoretic ,,Mihai Eminescu\u201d din B\u0103l\u021bi, vice primarul, Lilia Sava, le-a \u00eenm\u00e2nat medaliile veteranilor care au participat \u00een acest r\u0103zboi, men\u021bion\u00e2nd c\u0103 acest r\u0103zboi s-a terminat cu durere pentru rudele [&hellip;]","og_url":"https:\/\/www.btv.md\/ro\/veteranii-razboiului-din-afganistan-decorati-cu-medalii\/","og_site_name":"BTV","article_publisher":"https:\/\/www.facebook.com\/btvmoldova\/","article_published_time":"2019-02-15T16:40:03+00:00","og_image":[{"width":1200,"height":800,"url":"https:\/\/www.btv.md\/wp-content\/uploads\/2019\/02\/s1200.jpg","type":"image\/jpeg"}],"author":"admin","twitter_misc":{"Scris de":"admin","Timp estimat pentru citire":"1 minut"},"schema":{"@context":"https:\/\/schema.org","@graph":[{"@type":"Article","@id":"https:\/\/www.btv.md\/ro\/veteranii-razboiului-din-afganistan-decorati-cu-medalii\/#article","isPartOf":{"@id":"https:\/\/www.btv.md\/ro\/veteranii-razboiului-din-afganistan-decorati-cu-medalii\/"},"author":{"name":"admin","@id":"https:\/\/www.btv.md\/#\/schema\/person\/8fadce81561b3ce2c34c46dadc4ccbf2"},"headline":"VETERANII R\u0102ZBOIULUI DIN AFGANISTAN, DECORA\u021aI CU MEDALII","datePublished":"2019-02-15T16:40:03+00:00","mainEntityOfPage":{"@id":"https:\/\/www.btv.md\/ro\/veteranii-razboiului-din-afganistan-decorati-cu-medalii\/"},"wordCount":187,"image":{"@id":"https:\/\/www.btv.md\/ro\/veteranii-razboiului-din-afganistan-decorati-cu-medalii\/#primaryimage"},"thumbnailUrl":"https:\/\/www.btv.md\/wp-content\/uploads\/2019\/02\/s1200.jpg","keywords":["DECORA\u021aI CU MEDALII","VETERANII R\u0102ZBOIULUI DIN AFGANISTAN"],"articleSection":["Social"],"inLanguage":"ro-RO"},{"@type":"WebPage","@id":"https:\/\/www.btv.md\/ro\/veteranii-razboiului-din-afganistan-decorati-cu-medalii\/","url":"https:\/\/www.btv.md\/ro\/veteranii-razboiului-din-afganistan-decorati-cu-medalii\/","name":"VETERANII R\u0102ZBOIULUI DIN AFGANISTAN, DECORA\u021aI CU MEDALII - BTV","isPartOf":{"@id":"https:\/\/www.btv.md\/#website"},"primaryImageOfPage":{"@id":"https:\/\/www.btv.md\/ro\/veteranii-razboiului-din-afganistan-decorati-cu-medalii\/#primaryimage"},"image":{"@id":"https:\/\/www.btv.md\/ro\/veteranii-razboiului-din-afganistan-decorati-cu-medalii\/#primaryimage"},"thumbnailUrl":"https:\/\/www.btv.md\/wp-content\/uploads\/2019\/02\/s1200.jpg","datePublished":"2019-02-15T16:40:03+00:00","author":{"@id":"https:\/\/www.btv.md\/#\/schema\/person\/8fadce81561b3ce2c34c46dadc4ccbf2"},"inLanguage":"ro-RO","potentialAction":[{"@type":"ReadAction","target":["https:\/\/www.btv.md\/ro\/veteranii-razboiului-din-afganistan-decorati-cu-medalii\/"]}]},{"@type":"ImageObject","inLanguage":"ro-RO","@id":"https:\/\/www.btv.md\/ro\/veteranii-razboiului-din-afganistan-decorati-cu-medalii\/#primaryimage","url":"https:\/\/www.btv.md\/wp-content\/uploads\/2019\/02\/s1200.jpg","contentUrl":"https:\/\/www.btv.md\/wp-content\/uploads\/2019\/02\/s1200.jpg","width":1200,"height":800},{"@type":"WebSite","@id":"https:\/\/www.btv.md\/#website","url":"https:\/\/www.btv.md\/","name":"BTV","description":"\u0411\u0435\u043b\u044c\u0446\u043a\u043e\u0435 \u0442\u0435\u043b\u0435\u0432\u0438\u0434\u0435\u043d\u0438\u0435","potentialAction":[{"@type":"SearchAction","target":{"@type":"EntryPoint","urlTemplate":"https:\/\/www.btv.md\/?s={search_term_string}"},"query-input":{"@type":"PropertyValueSpecification","valueRequired":true,"valueName":"search_term_string"}}],"inLanguage":"ro-RO"},{"@type":"Person","@id":"https:\/\/www.btv.md\/#\/schema\/person\/8fadce81561b3ce2c34c46dadc4ccbf2","name":"admin"}]}},"_links":{"self":[{"href":"https:\/\/www.btv.md\/ro\/wp-json\/wp\/v2\/posts\/52698","targetHints":{"allow":["GET"]}}],"collection":[{"href":"https:\/\/www.btv.md\/ro\/wp-json\/wp\/v2\/posts"}],"about":[{"href":"https:\/\/www.btv.md\/ro\/wp-json\/wp\/v2\/types\/post"}],"author":[{"embeddable":true,"href":"https:\/\/www.btv.md\/ro\/wp-json\/wp\/v2\/users\/4"}],"replies":[{"embeddable":true,"href":"https:\/\/www.btv.md\/ro\/wp-json\/wp\/v2\/comments?post=52698"}],"version-history":[{"count":0,"href":"https:\/\/www.btv.md\/ro\/wp-json\/wp\/v2\/posts\/52698\/revisions"}],"wp:featuredmedia":[{"embeddable":true,"href":"https:\/\/www.btv.md\/ro\/wp-json\/wp\/v2\/media\/52699"}],"wp:attachment":[{"href":"https:\/\/www.btv.md\/ro\/wp-json\/wp\/v2\/media?parent=52698"}],"wp:term":[{"taxonomy":"category","embeddable":true,"href":"https:\/\/www.btv.md\/ro\/wp-json\/wp\/v2\/categories?post=52698"},{"taxonomy":"post_tag","embeddable":true,"href":"https:\/\/www.btv.md\/ro\/wp-json\/wp\/v2\/tags?post=52698"}],"curies":[{"name":"wp","href":"https:\/\/api.w.org\/{rel}","templated":true}]}}