{"id":52702,"date":"2019-02-15T18:46:51","date_gmt":"2019-02-15T16:46:51","guid":{"rendered":"http:\/\/www.btv.md\/?p=52702"},"modified":"2019-02-15T18:46:51","modified_gmt":"2019-02-15T16:46:51","slug":"radacinile-copacilor-distrug-mormintele-din-cimitir","status":"publish","type":"post","link":"https:\/\/www.btv.md\/ro\/radacinile-copacilor-distrug-mormintele-din-cimitir\/","title":{"rendered":"R\u0102D\u0102CINILE COPACILOR DISTRUG MORMINTELE DIN CIMITIR"},"content":{"rendered":"<p><strong>To\u021bi copacii din cimitirul de pe strada Decebal trebuie t\u0103ia\u021bi. <\/strong><\/p>\n<p>Potrivit directorului \u00eentreprinderii municipale Direc\u021bia Repara\u021bii \u0219i Construc\u021bii Drumuri, care monitorizeaz\u0103 starea cimitirelor, r\u0103d\u0103cinile care cresc \u00een p\u0103m\u00e2nt distrug mormintele \u0219i pietrele funerare, provoc\u00e2nd dificult\u0103\u021bi \u00een timpul trecerii \u00eentre r\u00e2nduri.<strong>\u00a0 <\/strong><\/p>\n<p><em>Este necesar s\u0103 se ia o decizie urgent\u0103, s\u0103 se creeze o comisie cu Agen\u021bia de Mediu \u0219i s\u0103 se \u00eenceap\u0103 t\u0103ierea tuturor copacilor din cimitir. <\/em><em>To\u021bi <\/em><em>copacii au<\/em><em> peste 20 de metri \u00een\u0103l\u021bime, iar mormintele sunt distruse de r\u0103d\u0103cinile acestora. <\/em><em>Sistemul de r<\/em><em>\u0103d\u0103cini ridic\u0103 tot ce este \u00een p\u0103m\u00e2nt, pornind de la monumente, termin\u00e2nd cu r\u0103m\u0103\u0219i\u021be. \u00cen plus, gardul din jurul cimitirului este \u00een dezordine, trebuie schimbat &#8222;.<\/em><\/p>\n<p>Timp de mai multe decenii nimeni nu a fost \u00eengropat \u00een cimitirul din B\u0103l\u021bi de pe strada Decebal, dar rudele celor pleca\u021bi \u00een lumea cealalt\u0103 viziteaz\u0103 mormintele lor. Acestea au relatat \u00een repetate r\u00e2nduri c\u0103 situa\u021bia mormintelor \u0219i a cimitirului \u00een sine las\u0103 de dorit.<\/p>\n<p><em>\u00a0<div id=\"wpfp_ae10f85c09952d48fcaf4858bf809b87\" data-item=\"{&quot;sources&quot;:[{&quot;src&quot;:&quot;https:\\\/\\\/www.youtube.com\\\/watch?v=ULc2NjlU6uw&quot;,&quot;type&quot;:&quot;video\\\/youtube&quot;}],&quot;id&quot;:&quot;364&quot;,&quot;splash&quot;:&quot;https:\\\/\\\/i.ytimg.com\\\/vi\\\/ULc2NjlU6uw\\\/maxresdefault.jpg#auto&quot;}\" class=\"flowplayer no-brand is-splash is-paused skin-slim no-svg fp-slim fp-edgy is-youtube\" data-engine=\"fvyoutube\" data-fv-embed=\"https:\/\/www.btv.md\/ro\/radacinile-copacilor-distrug-mormintele-din-cimitir\/fvp-364\/\" style=\"position:relative; max-width: 720px; max-height: 480px; \" data-ratio=\"0.6667\">\n\t<div class=\"fp-ratio\" style=\"padding-top: 66.67%\"><\/div>\n\t<img decoding=\"async\" class=\"fp-splash lazyload\" alt=\"video\" data-src=\"https:\/\/i.ytimg.com\/vi\/ULc2NjlU6uw\/maxresdefault.jpg#auto\" style=\"position:absolute;top:0;width:100%\" src=\"data:image\/svg+xml;base64,PHN2ZyB3aWR0aD0iMSIgaGVpZ2h0PSIxIiB4bWxucz0iaHR0cDovL3d3dy53My5vcmcvMjAwMC9zdmciPjwvc3ZnPg==\" \/>\n\t<div class=\"fp-ui\"><noscript>Please enable JavaScript<\/noscript><div class=\"fp-play fp-visible\"><svg class=\"fp-play-sharp-fill\" xmlns=\"http:\/\/www.w3.org\/2000\/svg\" viewBox=\"0 0 100 100\"><defs><style>.fp-color-play{opacity:0.65;}.controlbutton{fill:#fff;}<\/style><\/defs><title>play-sharp-fill<\/title><path class=\"fp-color-play\" d=\"M49.9217-.078a50,50,0,1,0,50,50A50.0564,50.0564,0,0,0,49.9217-.078Z\"\/><polygon class=\"controlbutton\" points=\"73.601 50 37.968 70.573 37.968 29.427 73.601 50\" filter=\"url(#f1)\"\/><\/svg><\/div><div class=\"fp-preload\"><b><\/b><b><\/b><b><\/b><b><\/b><\/div><\/div>\n<div class='fvp-share-bar'><ul class=\"fvp-sharing\">\r\n    <li><a class=\"sharing-facebook\" href=\"https:\/\/www.facebook.com\/sharer\/sharer.php?u=https%3A%2F%2Fwww.btv.md%2Fro%2Fradacinile-copacilor-distrug-mormintele-din-cimitir%2F\" target=\"_blank\"><\/a><\/li>\r\n    <li><a class=\"sharing-twitter\" href=\"https:\/\/twitter.com\/intent\/tweet?text=BTV+&url=https%3A%2F%2Fwww.btv.md%2Fro%2Fradacinile-copacilor-distrug-mormintele-din-cimitir%2F\" target=\"_blank\"><\/a><\/li>\r\n    <li><a class=\"sharing-email\" href=\"mailto:?body=Check%20out%20the%20amazing%20video%20here%3A%20https%3A%2F%2Fwww.btv.md%2Fro%2Fradacinile-copacilor-distrug-mormintele-din-cimitir%2F\" target=\"_blank\"><\/a><\/li><\/ul><div><a class=\"sharing-link\" href=\"https:\/\/www.btv.md\/ro\/radacinile-copacilor-distrug-mormintele-din-cimitir\/\" target=\"_blank\">Link<\/a><\/div><div><label><a class=\"embed-code-toggle\" href=\"#\"><strong>Embed<\/strong><\/a><\/label><\/div><div class=\"embed-code\"><label>Copy and paste this HTML code into your webpage to embed.<\/label><textarea><\/textarea><\/div><\/div>\n<\/div>\n<\/em><\/p>\n","protected":false},"excerpt":{"rendered":"<p>To\u021bi copacii din cimitirul de pe strada Decebal trebuie t\u0103ia\u021bi. Potrivit directorului \u00eentreprinderii municipale Direc\u021bia Repara\u021bii \u0219i Construc\u021bii Drumuri, care monitorizeaz\u0103 starea cimitirelor, r\u0103d\u0103cinile care cresc \u00een p\u0103m\u00e2nt distrug mormintele \u0219i pietrele funerare, provoc\u00e2nd dificult\u0103\u021bi \u00een timpul trecerii \u00eentre r\u00e2nduri.\u00a0 Este necesar s\u0103 se ia o decizie urgent\u0103, s\u0103 se creeze o comisie cu Agen\u021bia [&hellip;]<\/p>\n","protected":false},"author":4,"featured_media":52632,"comment_status":"closed","ping_status":"closed","sticky":false,"template":"","format":"standard","meta":{"footnotes":""},"categories":[6353],"tags":[6662],"class_list":["post-52702","post","type-post","status-publish","format-standard","has-post-thumbnail","hentry","category-oras","tag-radacinile-copacilor-distrug-mormintele-din-cimitir"],"yoast_head":"<!-- This site is optimized with the Yoast SEO plugin v27.4 - https:\/\/yoast.com\/product\/yoast-seo-wordpress\/ -->\n<title>R\u0102D\u0102CINILE COPACILOR DISTRUG MORMINTELE DIN CIMITIR - BTV<\/title>\n<meta name=\"robots\" content=\"index, follow, max-snippet:-1, max-image-preview:large, max-video-preview:-1\" \/>\n<link rel=\"canonical\" href=\"https:\/\/www.btv.md\/ro\/radacinile-copacilor-distrug-mormintele-din-cimitir\/\" \/>\n<meta property=\"og:locale\" content=\"ro_RO\" \/>\n<meta property=\"og:type\" content=\"article\" \/>\n<meta property=\"og:title\" content=\"R\u0102D\u0102CINILE COPACILOR DISTRUG MORMINTELE DIN CIMITIR - BTV\" \/>\n<meta property=\"og:description\" content=\"To\u021bi copacii din cimitirul de pe strada Decebal trebuie t\u0103ia\u021bi. Potrivit directorului \u00eentreprinderii municipale Direc\u021bia Repara\u021bii \u0219i Construc\u021bii Drumuri, care monitorizeaz\u0103 starea cimitirelor, r\u0103d\u0103cinile care cresc \u00een p\u0103m\u00e2nt distrug mormintele \u0219i pietrele funerare, provoc\u00e2nd dificult\u0103\u021bi \u00een timpul trecerii \u00eentre r\u00e2nduri.\u00a0 Este necesar s\u0103 se ia o decizie urgent\u0103, s\u0103 se creeze o comisie cu Agen\u021bia [&hellip;]\" \/>\n<meta property=\"og:url\" content=\"https:\/\/www.btv.md\/ro\/radacinile-copacilor-distrug-mormintele-din-cimitir\/\" \/>\n<meta property=\"og:site_name\" content=\"BTV\" \/>\n<meta property=\"article:publisher\" content=\"https:\/\/www.facebook.com\/btvmoldova\/\" \/>\n<meta property=\"article:published_time\" content=\"2019-02-15T16:46:51+00:00\" \/>\n<meta property=\"og:image\" content=\"https:\/\/www.btv.md\/wp-content\/uploads\/2019\/02\/\u0411\u0435\u0437\u044b\u043c\u044f\u043d\u043d\u044b\u0439-8.jpg\" \/>\n\t<meta property=\"og:image:width\" content=\"1241\" \/>\n\t<meta property=\"og:image:height\" content=\"710\" \/>\n\t<meta property=\"og:image:type\" content=\"image\/jpeg\" \/>\n<meta name=\"author\" content=\"admin\" \/>\n<meta name=\"twitter:label1\" content=\"Scris de\" \/>\n\t<meta name=\"twitter:data1\" content=\"admin\" \/>\n\t<meta name=\"twitter:label2\" content=\"Timp estimat pentru citire\" \/>\n\t<meta name=\"twitter:data2\" content=\"1 minut\" \/>\n<script type=\"application\/ld+json\" class=\"yoast-schema-graph\">{\"@context\":\"https:\\\/\\\/schema.org\",\"@graph\":[{\"@type\":\"Article\",\"@id\":\"https:\\\/\\\/www.btv.md\\\/ro\\\/radacinile-copacilor-distrug-mormintele-din-cimitir\\\/#article\",\"isPartOf\":{\"@id\":\"https:\\\/\\\/www.btv.md\\\/ro\\\/radacinile-copacilor-distrug-mormintele-din-cimitir\\\/\"},\"author\":{\"name\":\"admin\",\"@id\":\"https:\\\/\\\/www.btv.md\\\/#\\\/schema\\\/person\\\/8fadce81561b3ce2c34c46dadc4ccbf2\"},\"headline\":\"R\u0102D\u0102CINILE COPACILOR DISTRUG MORMINTELE DIN CIMITIR\",\"datePublished\":\"2019-02-15T16:46:51+00:00\",\"mainEntityOfPage\":{\"@id\":\"https:\\\/\\\/www.btv.md\\\/ro\\\/radacinile-copacilor-distrug-mormintele-din-cimitir\\\/\"},\"wordCount\":195,\"image\":{\"@id\":\"https:\\\/\\\/www.btv.md\\\/ro\\\/radacinile-copacilor-distrug-mormintele-din-cimitir\\\/#primaryimage\"},\"thumbnailUrl\":\"https:\\\/\\\/www.btv.md\\\/wp-content\\\/uploads\\\/2019\\\/02\\\/\u0411\u0435\u0437\u044b\u043c\u044f\u043d\u043d\u044b\u0439-8.jpg\",\"keywords\":[\"R\u0102D\u0102CINILE COPACILOR DISTRUG MORMINTELE DIN CIMITIR\"],\"articleSection\":[\"Ora\u0219\"],\"inLanguage\":\"ro-RO\"},{\"@type\":\"WebPage\",\"@id\":\"https:\\\/\\\/www.btv.md\\\/ro\\\/radacinile-copacilor-distrug-mormintele-din-cimitir\\\/\",\"url\":\"https:\\\/\\\/www.btv.md\\\/ro\\\/radacinile-copacilor-distrug-mormintele-din-cimitir\\\/\",\"name\":\"R\u0102D\u0102CINILE COPACILOR DISTRUG MORMINTELE DIN CIMITIR - BTV\",\"isPartOf\":{\"@id\":\"https:\\\/\\\/www.btv.md\\\/#website\"},\"primaryImageOfPage\":{\"@id\":\"https:\\\/\\\/www.btv.md\\\/ro\\\/radacinile-copacilor-distrug-mormintele-din-cimitir\\\/#primaryimage\"},\"image\":{\"@id\":\"https:\\\/\\\/www.btv.md\\\/ro\\\/radacinile-copacilor-distrug-mormintele-din-cimitir\\\/#primaryimage\"},\"thumbnailUrl\":\"https:\\\/\\\/www.btv.md\\\/wp-content\\\/uploads\\\/2019\\\/02\\\/\u0411\u0435\u0437\u044b\u043c\u044f\u043d\u043d\u044b\u0439-8.jpg\",\"datePublished\":\"2019-02-15T16:46:51+00:00\",\"author\":{\"@id\":\"https:\\\/\\\/www.btv.md\\\/#\\\/schema\\\/person\\\/8fadce81561b3ce2c34c46dadc4ccbf2\"},\"inLanguage\":\"ro-RO\",\"potentialAction\":[{\"@type\":\"ReadAction\",\"target\":[\"https:\\\/\\\/www.btv.md\\\/ro\\\/radacinile-copacilor-distrug-mormintele-din-cimitir\\\/\"]}]},{\"@type\":\"ImageObject\",\"inLanguage\":\"ro-RO\",\"@id\":\"https:\\\/\\\/www.btv.md\\\/ro\\\/radacinile-copacilor-distrug-mormintele-din-cimitir\\\/#primaryimage\",\"url\":\"https:\\\/\\\/www.btv.md\\\/wp-content\\\/uploads\\\/2019\\\/02\\\/\u0411\u0435\u0437\u044b\u043c\u044f\u043d\u043d\u044b\u0439-8.jpg\",\"contentUrl\":\"https:\\\/\\\/www.btv.md\\\/wp-content\\\/uploads\\\/2019\\\/02\\\/\u0411\u0435\u0437\u044b\u043c\u044f\u043d\u043d\u044b\u0439-8.jpg\",\"width\":1241,\"height\":710},{\"@type\":\"WebSite\",\"@id\":\"https:\\\/\\\/www.btv.md\\\/#website\",\"url\":\"https:\\\/\\\/www.btv.md\\\/\",\"name\":\"BTV\",\"description\":\"\u0411\u0435\u043b\u044c\u0446\u043a\u043e\u0435 \u0442\u0435\u043b\u0435\u0432\u0438\u0434\u0435\u043d\u0438\u0435\",\"potentialAction\":[{\"@type\":\"SearchAction\",\"target\":{\"@type\":\"EntryPoint\",\"urlTemplate\":\"https:\\\/\\\/www.btv.md\\\/?s={search_term_string}\"},\"query-input\":{\"@type\":\"PropertyValueSpecification\",\"valueRequired\":true,\"valueName\":\"search_term_string\"}}],\"inLanguage\":\"ro-RO\"},{\"@type\":\"Person\",\"@id\":\"https:\\\/\\\/www.btv.md\\\/#\\\/schema\\\/person\\\/8fadce81561b3ce2c34c46dadc4ccbf2\",\"name\":\"admin\"}]}<\/script>\n<!-- \/ Yoast SEO plugin. -->","yoast_head_json":{"title":"R\u0102D\u0102CINILE COPACILOR DISTRUG MORMINTELE DIN CIMITIR - BTV","robots":{"index":"index","follow":"follow","max-snippet":"max-snippet:-1","max-image-preview":"max-image-preview:large","max-video-preview":"max-video-preview:-1"},"canonical":"https:\/\/www.btv.md\/ro\/radacinile-copacilor-distrug-mormintele-din-cimitir\/","og_locale":"ro_RO","og_type":"article","og_title":"R\u0102D\u0102CINILE COPACILOR DISTRUG MORMINTELE DIN CIMITIR - BTV","og_description":"To\u021bi copacii din cimitirul de pe strada Decebal trebuie t\u0103ia\u021bi. Potrivit directorului \u00eentreprinderii municipale Direc\u021bia Repara\u021bii \u0219i Construc\u021bii Drumuri, care monitorizeaz\u0103 starea cimitirelor, r\u0103d\u0103cinile care cresc \u00een p\u0103m\u00e2nt distrug mormintele \u0219i pietrele funerare, provoc\u00e2nd dificult\u0103\u021bi \u00een timpul trecerii \u00eentre r\u00e2nduri.\u00a0 Este necesar s\u0103 se ia o decizie urgent\u0103, s\u0103 se creeze o comisie cu Agen\u021bia [&hellip;]","og_url":"https:\/\/www.btv.md\/ro\/radacinile-copacilor-distrug-mormintele-din-cimitir\/","og_site_name":"BTV","article_publisher":"https:\/\/www.facebook.com\/btvmoldova\/","article_published_time":"2019-02-15T16:46:51+00:00","og_image":[{"width":1241,"height":710,"url":"https:\/\/www.btv.md\/wp-content\/uploads\/2019\/02\/\u0411\u0435\u0437\u044b\u043c\u044f\u043d\u043d\u044b\u0439-8.jpg","type":"image\/jpeg"}],"author":"admin","twitter_misc":{"Scris de":"admin","Timp estimat pentru citire":"1 minut"},"schema":{"@context":"https:\/\/schema.org","@graph":[{"@type":"Article","@id":"https:\/\/www.btv.md\/ro\/radacinile-copacilor-distrug-mormintele-din-cimitir\/#article","isPartOf":{"@id":"https:\/\/www.btv.md\/ro\/radacinile-copacilor-distrug-mormintele-din-cimitir\/"},"author":{"name":"admin","@id":"https:\/\/www.btv.md\/#\/schema\/person\/8fadce81561b3ce2c34c46dadc4ccbf2"},"headline":"R\u0102D\u0102CINILE COPACILOR DISTRUG MORMINTELE DIN CIMITIR","datePublished":"2019-02-15T16:46:51+00:00","mainEntityOfPage":{"@id":"https:\/\/www.btv.md\/ro\/radacinile-copacilor-distrug-mormintele-din-cimitir\/"},"wordCount":195,"image":{"@id":"https:\/\/www.btv.md\/ro\/radacinile-copacilor-distrug-mormintele-din-cimitir\/#primaryimage"},"thumbnailUrl":"https:\/\/www.btv.md\/wp-content\/uploads\/2019\/02\/\u0411\u0435\u0437\u044b\u043c\u044f\u043d\u043d\u044b\u0439-8.jpg","keywords":["R\u0102D\u0102CINILE COPACILOR DISTRUG MORMINTELE DIN CIMITIR"],"articleSection":["Ora\u0219"],"inLanguage":"ro-RO"},{"@type":"WebPage","@id":"https:\/\/www.btv.md\/ro\/radacinile-copacilor-distrug-mormintele-din-cimitir\/","url":"https:\/\/www.btv.md\/ro\/radacinile-copacilor-distrug-mormintele-din-cimitir\/","name":"R\u0102D\u0102CINILE COPACILOR DISTRUG MORMINTELE DIN CIMITIR - BTV","isPartOf":{"@id":"https:\/\/www.btv.md\/#website"},"primaryImageOfPage":{"@id":"https:\/\/www.btv.md\/ro\/radacinile-copacilor-distrug-mormintele-din-cimitir\/#primaryimage"},"image":{"@id":"https:\/\/www.btv.md\/ro\/radacinile-copacilor-distrug-mormintele-din-cimitir\/#primaryimage"},"thumbnailUrl":"https:\/\/www.btv.md\/wp-content\/uploads\/2019\/02\/\u0411\u0435\u0437\u044b\u043c\u044f\u043d\u043d\u044b\u0439-8.jpg","datePublished":"2019-02-15T16:46:51+00:00","author":{"@id":"https:\/\/www.btv.md\/#\/schema\/person\/8fadce81561b3ce2c34c46dadc4ccbf2"},"inLanguage":"ro-RO","potentialAction":[{"@type":"ReadAction","target":["https:\/\/www.btv.md\/ro\/radacinile-copacilor-distrug-mormintele-din-cimitir\/"]}]},{"@type":"ImageObject","inLanguage":"ro-RO","@id":"https:\/\/www.btv.md\/ro\/radacinile-copacilor-distrug-mormintele-din-cimitir\/#primaryimage","url":"https:\/\/www.btv.md\/wp-content\/uploads\/2019\/02\/\u0411\u0435\u0437\u044b\u043c\u044f\u043d\u043d\u044b\u0439-8.jpg","contentUrl":"https:\/\/www.btv.md\/wp-content\/uploads\/2019\/02\/\u0411\u0435\u0437\u044b\u043c\u044f\u043d\u043d\u044b\u0439-8.jpg","width":1241,"height":710},{"@type":"WebSite","@id":"https:\/\/www.btv.md\/#website","url":"https:\/\/www.btv.md\/","name":"BTV","description":"\u0411\u0435\u043b\u044c\u0446\u043a\u043e\u0435 \u0442\u0435\u043b\u0435\u0432\u0438\u0434\u0435\u043d\u0438\u0435","potentialAction":[{"@type":"SearchAction","target":{"@type":"EntryPoint","urlTemplate":"https:\/\/www.btv.md\/?s={search_term_string}"},"query-input":{"@type":"PropertyValueSpecification","valueRequired":true,"valueName":"search_term_string"}}],"inLanguage":"ro-RO"},{"@type":"Person","@id":"https:\/\/www.btv.md\/#\/schema\/person\/8fadce81561b3ce2c34c46dadc4ccbf2","name":"admin"}]}},"_links":{"self":[{"href":"https:\/\/www.btv.md\/ro\/wp-json\/wp\/v2\/posts\/52702","targetHints":{"allow":["GET"]}}],"collection":[{"href":"https:\/\/www.btv.md\/ro\/wp-json\/wp\/v2\/posts"}],"about":[{"href":"https:\/\/www.btv.md\/ro\/wp-json\/wp\/v2\/types\/post"}],"author":[{"embeddable":true,"href":"https:\/\/www.btv.md\/ro\/wp-json\/wp\/v2\/users\/4"}],"replies":[{"embeddable":true,"href":"https:\/\/www.btv.md\/ro\/wp-json\/wp\/v2\/comments?post=52702"}],"version-history":[{"count":0,"href":"https:\/\/www.btv.md\/ro\/wp-json\/wp\/v2\/posts\/52702\/revisions"}],"wp:featuredmedia":[{"embeddable":true,"href":"https:\/\/www.btv.md\/ro\/wp-json\/wp\/v2\/media\/52632"}],"wp:attachment":[{"href":"https:\/\/www.btv.md\/ro\/wp-json\/wp\/v2\/media?parent=52702"}],"wp:term":[{"taxonomy":"category","embeddable":true,"href":"https:\/\/www.btv.md\/ro\/wp-json\/wp\/v2\/categories?post=52702"},{"taxonomy":"post_tag","embeddable":true,"href":"https:\/\/www.btv.md\/ro\/wp-json\/wp\/v2\/tags?post=52702"}],"curies":[{"name":"wp","href":"https:\/\/api.w.org\/{rel}","templated":true}]}}