{"id":53392,"date":"2019-03-12T17:44:19","date_gmt":"2019-03-12T15:44:19","guid":{"rendered":"http:\/\/www.btv.md\/?p=53392"},"modified":"2019-03-12T17:44:19","modified_gmt":"2019-03-12T15:44:19","slug":"un-barbat-din-balti-gasit-mort-de-vecinul-sau","status":"publish","type":"post","link":"https:\/\/www.btv.md\/ro\/un-barbat-din-balti-gasit-mort-de-vecinul-sau\/","title":{"rendered":"UN B\u0102RBAT DIN B\u0102L\u021aI, G\u0102SIT MORT DE VECINUL S\u0102U"},"content":{"rendered":"<p><strong>Duminic\u0103 10 martie, poli\u021bia a fost alertat\u0103 de un b\u0103rbat precum c\u0103 la g\u0103sit pe vecinul s\u0103u decedat \u00een propria locuin\u021b\u0103. <\/strong><\/p>\n<p>Deplasa\u021bi la fa\u021ba locului oamenii legii au stabilit c\u0103 victima, un b\u0103rbat \u00een v\u00e2rst\u0103 de 70 de ani, locuitor al unui sector privat din ora\u0219ul B\u0103l\u021bi, avea semne vizibile de moarte violent\u0103 pe corp. Potrivit ofi\u021berului de pres\u0103 din cadrul Inspectoratului de Poli\u021bie B\u0103l\u021bi, la moment este efectuat\u0103 expertiza medico-legal\u0103 pentru a stabili cu exactitate cauza decesului. Poli\u021bia a pornit o anchet\u0103 penal\u0103 pentru a stabili toate circumstan\u021bele producerii crimei.<\/p>\n<p><iframe width=\"1170\" height=\"658\" data-src=\"https:\/\/www.youtube.com\/embed\/rbwmje5vrWY?wmode=transparent&amp;rel=0&amp;feature=oembed\" frameborder=\"0\" allow=\"accelerometer; autoplay; encrypted-media; gyroscope; picture-in-picture\" allowfullscreen src=\"data:image\/svg+xml;base64,PHN2ZyB3aWR0aD0iMSIgaGVpZ2h0PSIxIiB4bWxucz0iaHR0cDovL3d3dy53My5vcmcvMjAwMC9zdmciPjwvc3ZnPg==\" class=\"lazyload\" data-load-mode=\"1\"><\/iframe><\/p>\n","protected":false},"excerpt":{"rendered":"<p>Duminic\u0103 10 martie, poli\u021bia a fost alertat\u0103 de un b\u0103rbat precum c\u0103 la g\u0103sit pe vecinul s\u0103u decedat \u00een propria locuin\u021b\u0103. Deplasa\u021bi la fa\u021ba locului oamenii legii au stabilit c\u0103 victima, un b\u0103rbat \u00een v\u00e2rst\u0103 de 70 de ani, locuitor al unui sector privat din ora\u0219ul B\u0103l\u021bi, avea semne vizibile de moarte violent\u0103 pe corp. [&hellip;]<\/p>\n","protected":false},"author":4,"featured_media":53393,"comment_status":"closed","ping_status":"closed","sticky":false,"template":"","format":"standard","meta":{"footnotes":""},"categories":[6353],"tags":[6811,6810],"class_list":["post-53392","post","type-post","status-publish","format-standard","has-post-thumbnail","hentry","category-oras","tag-gasit-mort-de-vecinul-sau","tag-un-barbat-din-balti"],"yoast_head":"<!-- This site is optimized with the Yoast SEO plugin v27.4 - https:\/\/yoast.com\/product\/yoast-seo-wordpress\/ -->\n<title>UN B\u0102RBAT DIN B\u0102L\u021aI, G\u0102SIT MORT DE VECINUL S\u0102U - BTV<\/title>\n<meta name=\"robots\" content=\"index, follow, max-snippet:-1, max-image-preview:large, max-video-preview:-1\" \/>\n<link rel=\"canonical\" href=\"https:\/\/www.btv.md\/ro\/un-barbat-din-balti-gasit-mort-de-vecinul-sau\/\" \/>\n<meta property=\"og:locale\" content=\"ro_RO\" \/>\n<meta property=\"og:type\" content=\"article\" \/>\n<meta property=\"og:title\" content=\"UN B\u0102RBAT DIN B\u0102L\u021aI, G\u0102SIT MORT DE VECINUL S\u0102U - BTV\" \/>\n<meta property=\"og:description\" content=\"Duminic\u0103 10 martie, poli\u021bia a fost alertat\u0103 de un b\u0103rbat precum c\u0103 la g\u0103sit pe vecinul s\u0103u decedat \u00een propria locuin\u021b\u0103. Deplasa\u021bi la fa\u021ba locului oamenii legii au stabilit c\u0103 victima, un b\u0103rbat \u00een v\u00e2rst\u0103 de 70 de ani, locuitor al unui sector privat din ora\u0219ul B\u0103l\u021bi, avea semne vizibile de moarte violent\u0103 pe corp. [&hellip;]\" \/>\n<meta property=\"og:url\" content=\"https:\/\/www.btv.md\/ro\/un-barbat-din-balti-gasit-mort-de-vecinul-sau\/\" \/>\n<meta property=\"og:site_name\" content=\"BTV\" \/>\n<meta property=\"article:publisher\" content=\"https:\/\/www.facebook.com\/btvmoldova\/\" \/>\n<meta property=\"article:published_time\" content=\"2019-03-12T15:44:19+00:00\" \/>\n<meta property=\"og:image\" content=\"https:\/\/www.btv.md\/wp-content\/uploads\/2019\/03\/police-lights-clear-quality-768x512.jpg\" \/>\n\t<meta property=\"og:image:width\" content=\"768\" \/>\n\t<meta property=\"og:image:height\" content=\"512\" \/>\n\t<meta property=\"og:image:type\" content=\"image\/jpeg\" \/>\n<meta name=\"author\" content=\"admin\" \/>\n<meta name=\"twitter:label1\" content=\"Scris de\" \/>\n\t<meta name=\"twitter:data1\" content=\"admin\" \/>\n\t<meta name=\"twitter:label2\" content=\"Timp estimat pentru citire\" \/>\n\t<meta name=\"twitter:data2\" content=\"1 minut\" \/>\n<script type=\"application\/ld+json\" class=\"yoast-schema-graph\">{\"@context\":\"https:\\\/\\\/schema.org\",\"@graph\":[{\"@type\":\"Article\",\"@id\":\"https:\\\/\\\/www.btv.md\\\/ro\\\/un-barbat-din-balti-gasit-mort-de-vecinul-sau\\\/#article\",\"isPartOf\":{\"@id\":\"https:\\\/\\\/www.btv.md\\\/ro\\\/un-barbat-din-balti-gasit-mort-de-vecinul-sau\\\/\"},\"author\":{\"name\":\"admin\",\"@id\":\"https:\\\/\\\/www.btv.md\\\/#\\\/schema\\\/person\\\/8fadce81561b3ce2c34c46dadc4ccbf2\"},\"headline\":\"UN B\u0102RBAT DIN B\u0102L\u021aI, G\u0102SIT MORT DE VECINUL S\u0102U\",\"datePublished\":\"2019-03-12T15:44:19+00:00\",\"mainEntityOfPage\":{\"@id\":\"https:\\\/\\\/www.btv.md\\\/ro\\\/un-barbat-din-balti-gasit-mort-de-vecinul-sau\\\/\"},\"wordCount\":128,\"image\":{\"@id\":\"https:\\\/\\\/www.btv.md\\\/ro\\\/un-barbat-din-balti-gasit-mort-de-vecinul-sau\\\/#primaryimage\"},\"thumbnailUrl\":\"https:\\\/\\\/www.btv.md\\\/wp-content\\\/uploads\\\/2019\\\/03\\\/police-lights-clear-quality.jpg\",\"keywords\":[\"G\u0102SIT MORT DE VECINUL S\u0102U\",\"UN B\u0102RBAT DIN B\u0102L\u021aI\"],\"articleSection\":[\"Ora\u0219\"],\"inLanguage\":\"ro-RO\"},{\"@type\":\"WebPage\",\"@id\":\"https:\\\/\\\/www.btv.md\\\/ro\\\/un-barbat-din-balti-gasit-mort-de-vecinul-sau\\\/\",\"url\":\"https:\\\/\\\/www.btv.md\\\/ro\\\/un-barbat-din-balti-gasit-mort-de-vecinul-sau\\\/\",\"name\":\"UN B\u0102RBAT DIN B\u0102L\u021aI, G\u0102SIT MORT DE VECINUL S\u0102U - BTV\",\"isPartOf\":{\"@id\":\"https:\\\/\\\/www.btv.md\\\/#website\"},\"primaryImageOfPage\":{\"@id\":\"https:\\\/\\\/www.btv.md\\\/ro\\\/un-barbat-din-balti-gasit-mort-de-vecinul-sau\\\/#primaryimage\"},\"image\":{\"@id\":\"https:\\\/\\\/www.btv.md\\\/ro\\\/un-barbat-din-balti-gasit-mort-de-vecinul-sau\\\/#primaryimage\"},\"thumbnailUrl\":\"https:\\\/\\\/www.btv.md\\\/wp-content\\\/uploads\\\/2019\\\/03\\\/police-lights-clear-quality.jpg\",\"datePublished\":\"2019-03-12T15:44:19+00:00\",\"author\":{\"@id\":\"https:\\\/\\\/www.btv.md\\\/#\\\/schema\\\/person\\\/8fadce81561b3ce2c34c46dadc4ccbf2\"},\"inLanguage\":\"ro-RO\",\"potentialAction\":[{\"@type\":\"ReadAction\",\"target\":[\"https:\\\/\\\/www.btv.md\\\/ro\\\/un-barbat-din-balti-gasit-mort-de-vecinul-sau\\\/\"]}]},{\"@type\":\"ImageObject\",\"inLanguage\":\"ro-RO\",\"@id\":\"https:\\\/\\\/www.btv.md\\\/ro\\\/un-barbat-din-balti-gasit-mort-de-vecinul-sau\\\/#primaryimage\",\"url\":\"https:\\\/\\\/www.btv.md\\\/wp-content\\\/uploads\\\/2019\\\/03\\\/police-lights-clear-quality.jpg\",\"contentUrl\":\"https:\\\/\\\/www.btv.md\\\/wp-content\\\/uploads\\\/2019\\\/03\\\/police-lights-clear-quality.jpg\",\"width\":5184,\"height\":3456,\"caption\":\"A close-up photo of Emergency lights at night\"},{\"@type\":\"WebSite\",\"@id\":\"https:\\\/\\\/www.btv.md\\\/#website\",\"url\":\"https:\\\/\\\/www.btv.md\\\/\",\"name\":\"BTV\",\"description\":\"\u0411\u0435\u043b\u044c\u0446\u043a\u043e\u0435 \u0442\u0435\u043b\u0435\u0432\u0438\u0434\u0435\u043d\u0438\u0435\",\"potentialAction\":[{\"@type\":\"SearchAction\",\"target\":{\"@type\":\"EntryPoint\",\"urlTemplate\":\"https:\\\/\\\/www.btv.md\\\/?s={search_term_string}\"},\"query-input\":{\"@type\":\"PropertyValueSpecification\",\"valueRequired\":true,\"valueName\":\"search_term_string\"}}],\"inLanguage\":\"ro-RO\"},{\"@type\":\"Person\",\"@id\":\"https:\\\/\\\/www.btv.md\\\/#\\\/schema\\\/person\\\/8fadce81561b3ce2c34c46dadc4ccbf2\",\"name\":\"admin\"}]}<\/script>\n<!-- \/ Yoast SEO plugin. -->","yoast_head_json":{"title":"UN B\u0102RBAT DIN B\u0102L\u021aI, G\u0102SIT MORT DE VECINUL S\u0102U - BTV","robots":{"index":"index","follow":"follow","max-snippet":"max-snippet:-1","max-image-preview":"max-image-preview:large","max-video-preview":"max-video-preview:-1"},"canonical":"https:\/\/www.btv.md\/ro\/un-barbat-din-balti-gasit-mort-de-vecinul-sau\/","og_locale":"ro_RO","og_type":"article","og_title":"UN B\u0102RBAT DIN B\u0102L\u021aI, G\u0102SIT MORT DE VECINUL S\u0102U - BTV","og_description":"Duminic\u0103 10 martie, poli\u021bia a fost alertat\u0103 de un b\u0103rbat precum c\u0103 la g\u0103sit pe vecinul s\u0103u decedat \u00een propria locuin\u021b\u0103. Deplasa\u021bi la fa\u021ba locului oamenii legii au stabilit c\u0103 victima, un b\u0103rbat \u00een v\u00e2rst\u0103 de 70 de ani, locuitor al unui sector privat din ora\u0219ul B\u0103l\u021bi, avea semne vizibile de moarte violent\u0103 pe corp. [&hellip;]","og_url":"https:\/\/www.btv.md\/ro\/un-barbat-din-balti-gasit-mort-de-vecinul-sau\/","og_site_name":"BTV","article_publisher":"https:\/\/www.facebook.com\/btvmoldova\/","article_published_time":"2019-03-12T15:44:19+00:00","og_image":[{"width":768,"height":512,"url":"https:\/\/www.btv.md\/wp-content\/uploads\/2019\/03\/police-lights-clear-quality-768x512.jpg","type":"image\/jpeg"}],"author":"admin","twitter_misc":{"Scris de":"admin","Timp estimat pentru citire":"1 minut"},"schema":{"@context":"https:\/\/schema.org","@graph":[{"@type":"Article","@id":"https:\/\/www.btv.md\/ro\/un-barbat-din-balti-gasit-mort-de-vecinul-sau\/#article","isPartOf":{"@id":"https:\/\/www.btv.md\/ro\/un-barbat-din-balti-gasit-mort-de-vecinul-sau\/"},"author":{"name":"admin","@id":"https:\/\/www.btv.md\/#\/schema\/person\/8fadce81561b3ce2c34c46dadc4ccbf2"},"headline":"UN B\u0102RBAT DIN B\u0102L\u021aI, G\u0102SIT MORT DE VECINUL S\u0102U","datePublished":"2019-03-12T15:44:19+00:00","mainEntityOfPage":{"@id":"https:\/\/www.btv.md\/ro\/un-barbat-din-balti-gasit-mort-de-vecinul-sau\/"},"wordCount":128,"image":{"@id":"https:\/\/www.btv.md\/ro\/un-barbat-din-balti-gasit-mort-de-vecinul-sau\/#primaryimage"},"thumbnailUrl":"https:\/\/www.btv.md\/wp-content\/uploads\/2019\/03\/police-lights-clear-quality.jpg","keywords":["G\u0102SIT MORT DE VECINUL S\u0102U","UN B\u0102RBAT DIN B\u0102L\u021aI"],"articleSection":["Ora\u0219"],"inLanguage":"ro-RO"},{"@type":"WebPage","@id":"https:\/\/www.btv.md\/ro\/un-barbat-din-balti-gasit-mort-de-vecinul-sau\/","url":"https:\/\/www.btv.md\/ro\/un-barbat-din-balti-gasit-mort-de-vecinul-sau\/","name":"UN B\u0102RBAT DIN B\u0102L\u021aI, G\u0102SIT MORT DE VECINUL S\u0102U - BTV","isPartOf":{"@id":"https:\/\/www.btv.md\/#website"},"primaryImageOfPage":{"@id":"https:\/\/www.btv.md\/ro\/un-barbat-din-balti-gasit-mort-de-vecinul-sau\/#primaryimage"},"image":{"@id":"https:\/\/www.btv.md\/ro\/un-barbat-din-balti-gasit-mort-de-vecinul-sau\/#primaryimage"},"thumbnailUrl":"https:\/\/www.btv.md\/wp-content\/uploads\/2019\/03\/police-lights-clear-quality.jpg","datePublished":"2019-03-12T15:44:19+00:00","author":{"@id":"https:\/\/www.btv.md\/#\/schema\/person\/8fadce81561b3ce2c34c46dadc4ccbf2"},"inLanguage":"ro-RO","potentialAction":[{"@type":"ReadAction","target":["https:\/\/www.btv.md\/ro\/un-barbat-din-balti-gasit-mort-de-vecinul-sau\/"]}]},{"@type":"ImageObject","inLanguage":"ro-RO","@id":"https:\/\/www.btv.md\/ro\/un-barbat-din-balti-gasit-mort-de-vecinul-sau\/#primaryimage","url":"https:\/\/www.btv.md\/wp-content\/uploads\/2019\/03\/police-lights-clear-quality.jpg","contentUrl":"https:\/\/www.btv.md\/wp-content\/uploads\/2019\/03\/police-lights-clear-quality.jpg","width":5184,"height":3456,"caption":"A close-up photo of Emergency lights at night"},{"@type":"WebSite","@id":"https:\/\/www.btv.md\/#website","url":"https:\/\/www.btv.md\/","name":"BTV","description":"\u0411\u0435\u043b\u044c\u0446\u043a\u043e\u0435 \u0442\u0435\u043b\u0435\u0432\u0438\u0434\u0435\u043d\u0438\u0435","potentialAction":[{"@type":"SearchAction","target":{"@type":"EntryPoint","urlTemplate":"https:\/\/www.btv.md\/?s={search_term_string}"},"query-input":{"@type":"PropertyValueSpecification","valueRequired":true,"valueName":"search_term_string"}}],"inLanguage":"ro-RO"},{"@type":"Person","@id":"https:\/\/www.btv.md\/#\/schema\/person\/8fadce81561b3ce2c34c46dadc4ccbf2","name":"admin"}]}},"_links":{"self":[{"href":"https:\/\/www.btv.md\/ro\/wp-json\/wp\/v2\/posts\/53392","targetHints":{"allow":["GET"]}}],"collection":[{"href":"https:\/\/www.btv.md\/ro\/wp-json\/wp\/v2\/posts"}],"about":[{"href":"https:\/\/www.btv.md\/ro\/wp-json\/wp\/v2\/types\/post"}],"author":[{"embeddable":true,"href":"https:\/\/www.btv.md\/ro\/wp-json\/wp\/v2\/users\/4"}],"replies":[{"embeddable":true,"href":"https:\/\/www.btv.md\/ro\/wp-json\/wp\/v2\/comments?post=53392"}],"version-history":[{"count":0,"href":"https:\/\/www.btv.md\/ro\/wp-json\/wp\/v2\/posts\/53392\/revisions"}],"wp:featuredmedia":[{"embeddable":true,"href":"https:\/\/www.btv.md\/ro\/wp-json\/wp\/v2\/media\/53393"}],"wp:attachment":[{"href":"https:\/\/www.btv.md\/ro\/wp-json\/wp\/v2\/media?parent=53392"}],"wp:term":[{"taxonomy":"category","embeddable":true,"href":"https:\/\/www.btv.md\/ro\/wp-json\/wp\/v2\/categories?post=53392"},{"taxonomy":"post_tag","embeddable":true,"href":"https:\/\/www.btv.md\/ro\/wp-json\/wp\/v2\/tags?post=53392"}],"curies":[{"name":"wp","href":"https:\/\/api.w.org\/{rel}","templated":true}]}}