{"id":53550,"date":"2017-09-12T15:32:20","date_gmt":"2017-09-12T12:32:20","guid":{"rendered":"http:\/\/www.btv.md\/grigorij-petrenko-poprosil-politicheskogo-ubezhishha-v-germanii\/"},"modified":"2019-03-14T14:13:19","modified_gmt":"2019-03-14T12:13:19","slug":"grigore-petrenco-a-parasit-republica-moldova-si-a-cerut-azil-politic-in-germania","status":"publish","type":"post","link":"https:\/\/www.btv.md\/ro\/grigore-petrenco-a-parasit-republica-moldova-si-a-cerut-azil-politic-in-germania\/","title":{"rendered":"Grigore Petrenco a p\u0103r\u0103sit Republica Moldova \u0219i a cerut azil politic \u00een Germania"},"content":{"rendered":"<p class=\"post-subtitle\"><strong>Liderul partidului \u201eCasa Noastr\u0103-Moldova\u201d, Grigorii Petrenko, a plecat din Moldova \u0219i se afl\u0103 actualmente \u00een Germania. Politicianul ar fi cerut azil politic \u00een \u021bara respectiv\u0103. Informa\u021bia a fost confirmat\u0103 de c\u0103tre fostul deputat pentru publica\u021bia rus\u0103\u00a0<a href=\"http:\/\/newsmaker.md\/rus\/novosti\/grigoriy-petrenko-uehal-ot-evrointegratsii-v-evropu-moldavskiy-politik-poprosil-po-33513\" target=\"_blank\" rel=\"noopener noreferrer\">Newsmaker.md<\/a>.<\/strong><\/p>\n<p>Petrenco ar fi plecat \u00een secret din Moldova \u0219i se afl\u0103 \u00een Germania din luna august. \u201eSunt aici de la sf\u00e2r\u0219itul lunii august. Cum am plecat, nu vreau s\u0103 dezv\u0103lui, dar am intrat \u00een mod legal \u00een Germania\u201d, a spus Petrenko.<\/p>\n<p>Potrivit lui Grigory Petrenco, el a solicitat deja azil politic de la Serviciului Federal pentru Migrare \u015fi Refugia\u0163i (BAMF). Procedura de revizuire a documentelor \u0219i de luare a deciziilor privind acordarea azilului poate dura p\u00e2n\u0103 la \u0219ase luni.<\/p>\n<blockquote><p>\u201eTovar\u0103\u0219ii de la Partidul St\u00e2nga al Germaniei (Die Linke) \u0219i de la Amnesty International m\u0103 ajut\u0103 s\u0103 ob\u021bin azil politic\u201d, a explicat Petrenco pentru sursa citat\u0103.<\/p><\/blockquote>\n<p>Fostul deputat a fost condamnat de c\u0103tre Judec\u0103toria R\u00e2\u0219cani la patru ani \u0219i \u0219ase luni de \u00eenchisoare cu suspendare \u0219i la plata unei amenzi de 400 de mii pentru organizarea de revolte \u00een mas\u0103. Prin verdictul instan\u021bei, Petrenco avea interdic\u021bia de a p\u0103r\u0103si teritoriul Republicii Moldova.<\/p>\n<p>Amintim c\u0103 fostul deputat \u015fi al\u0163i opt participan\u0163i la un protest organizat \u00een fa\u0163a Procuraturii Generale au fost re\u0163inu\u0163i pe 6 septembrie 2015, fiind \u00eenvinui\u0163i de dezordini \u00een mas\u0103. \u00cen februarie 2016, ei au fost plasa\u0163i \u00een arest la domiciliu, iar din luna aprilie a anului trecut au fost cerceta\u0163i sub control judiciar.<\/p>\n","protected":false},"excerpt":{"rendered":"<p>Liderul partidului \u201eCasa Noastr\u0103-Moldova\u201d, Grigorii Petrenko, a plecat din Moldova \u0219i se afl\u0103 actualmente \u00een Germania. Politicianul ar fi cerut azil politic \u00een \u021bara respectiv\u0103. Informa\u021bia a fost confirmat\u0103 de c\u0103tre fostul deputat pentru publica\u021bia rus\u0103\u00a0Newsmaker.md. Petrenco ar fi plecat \u00een secret din Moldova \u0219i se afl\u0103 \u00een Germania din luna august. \u201eSunt aici de [&hellip;]<\/p>\n","protected":false},"author":4,"featured_media":53551,"comment_status":"closed","ping_status":"closed","sticky":false,"template":"","format":"standard","meta":{"footnotes":""},"categories":[6368,6377],"tags":[6848,6849,6850],"class_list":["post-53550","post","type-post","status-publish","format-standard","has-post-thumbnail","hentry","category-politica-ro","category-stiri","tag-germaniya-ro","tag-grigorij-petrenko-ro","tag-politicheskoe-ubezhishhe-ro"],"yoast_head":"<!-- This site is optimized with the Yoast SEO plugin v27.4 - https:\/\/yoast.com\/product\/yoast-seo-wordpress\/ -->\n<title>\u0413\u0440\u0438\u0433\u043e\u0440\u0438\u0439 \u041f\u0435\u0442\u0440\u0435\u043d\u043a\u043e \u043f\u043e\u043f\u0440\u043e\u0441\u0438\u043b \u043f\u043e\u043b\u0438\u0442\u0438\u0447\u0435\u0441\u043a\u043e\u0433\u043e \u0443\u0431\u0435\u0436\u0438\u0449\u0430 \u0432 \u0413\u0435\u0440\u043c\u0430\u043d\u0438\u0438<\/title>\n<meta name=\"description\" content=\"\u041a\u0430\u043a \u0441\u0442\u0430\u043b\u043e \u0438\u0437\u0432\u0435\u0441\u0442\u043d\u043e\u00a0NM, \u043b\u0438\u0434\u0435\u0440 \u043f\u0430\u0440\u0442\u0438\u0438 \u00ab\u041d\u0430\u0448 \u0434\u043e\u043c\u00a0\u2014 \u041c\u043e\u043b\u0434\u043e\u0432\u0430\u00bb \u043e\u043f\u043f\u043e\u0437\u0438\u0446\u0438\u043e\u043d\u043d\u044b\u0439 \u043f\u043e\u043b\u0438\u0442\u0438\u043a \u0413\u0440\u0438\u0433\u043e\u0440\u0438\u0439 \u041f\u0435\u0442\u0440\u0435\u043d\u043a\u043e \u043f\u043e\u043a\u0438\u043d\u0443\u043b \u041c\u043e\u043b\u0434\u043e\u0432\u0443 \u0438\u00a0\u0441\u0435\u0439\u0447\u0430\u0441 \u043d\u0430\u0445\u043e\u0434\u0438\u0442\u0441\u044f \u0432\u00a0\u0413\u0435\u0440\u043c\u0430\u043d\u0438\u0438.\" \/>\n<meta name=\"robots\" content=\"index, follow, max-snippet:-1, max-image-preview:large, max-video-preview:-1\" \/>\n<link rel=\"canonical\" href=\"https:\/\/www.btv.md\/ro\/grigore-petrenco-a-parasit-republica-moldova-si-a-cerut-azil-politic-in-germania\/\" \/>\n<meta property=\"og:locale\" content=\"ro_RO\" \/>\n<meta property=\"og:type\" content=\"article\" \/>\n<meta property=\"og:title\" content=\"\u0413\u0440\u0438\u0433\u043e\u0440\u0438\u0439 \u041f\u0435\u0442\u0440\u0435\u043d\u043a\u043e \u043f\u043e\u043f\u0440\u043e\u0441\u0438\u043b \u043f\u043e\u043b\u0438\u0442\u0438\u0447\u0435\u0441\u043a\u043e\u0433\u043e \u0443\u0431\u0435\u0436\u0438\u0449\u0430 \u0432 \u0413\u0435\u0440\u043c\u0430\u043d\u0438\u0438\" \/>\n<meta property=\"og:description\" content=\"\u041a\u0430\u043a \u0441\u0442\u0430\u043b\u043e \u0438\u0437\u0432\u0435\u0441\u0442\u043d\u043e\u00a0NM, \u043b\u0438\u0434\u0435\u0440 \u043f\u0430\u0440\u0442\u0438\u0438 \u00ab\u041d\u0430\u0448 \u0434\u043e\u043c\u00a0\u2014 \u041c\u043e\u043b\u0434\u043e\u0432\u0430\u00bb \u043e\u043f\u043f\u043e\u0437\u0438\u0446\u0438\u043e\u043d\u043d\u044b\u0439 \u043f\u043e\u043b\u0438\u0442\u0438\u043a \u0413\u0440\u0438\u0433\u043e\u0440\u0438\u0439 \u041f\u0435\u0442\u0440\u0435\u043d\u043a\u043e \u043f\u043e\u043a\u0438\u043d\u0443\u043b \u041c\u043e\u043b\u0434\u043e\u0432\u0443 \u0438\u00a0\u0441\u0435\u0439\u0447\u0430\u0441 \u043d\u0430\u0445\u043e\u0434\u0438\u0442\u0441\u044f \u0432\u00a0\u0413\u0435\u0440\u043c\u0430\u043d\u0438\u0438. \u0412\u00a0\u0424\u0420\u0413 \u041f\u0435\u0442\u0440\u0435\u043d\u043a\u043e \u043f\u043e\u043f\u0440\u043e\u0441\u0438\u043b \u043f\u043e\u043b\u0438\u0442\u0438\u0447\u0435\u0441\u043a\u043e\u0433\u043e \u0443\u0431\u0435\u0436\u0438\u0449\u0430.\" \/>\n<meta property=\"og:url\" content=\"https:\/\/www.btv.md\/ro\/grigore-petrenco-a-parasit-republica-moldova-si-a-cerut-azil-politic-in-germania\/\" \/>\n<meta property=\"og:site_name\" content=\"BTV\" \/>\n<meta property=\"article:publisher\" content=\"https:\/\/www.facebook.com\/btvmoldova\/\" \/>\n<meta property=\"article:published_time\" content=\"2017-09-12T12:32:20+00:00\" \/>\n<meta property=\"article:modified_time\" content=\"2019-03-14T12:13:19+00:00\" \/>\n<meta property=\"og:image\" content=\"https:\/\/www.btv.md\/wp-content\/uploads\/2017\/09\/petrenko.jpg\" \/>\n\t<meta property=\"og:image:width\" content=\"1000\" \/>\n\t<meta property=\"og:image:height\" content=\"561\" \/>\n\t<meta property=\"og:image:type\" content=\"image\/jpeg\" \/>\n<meta name=\"author\" content=\"admin\" \/>\n<meta name=\"twitter:label1\" content=\"Scris de\" \/>\n\t<meta name=\"twitter:data1\" content=\"admin\" \/>\n\t<meta name=\"twitter:label2\" content=\"Timp estimat pentru citire\" \/>\n\t<meta name=\"twitter:data2\" content=\"1 minut\" \/>\n<script type=\"application\/ld+json\" class=\"yoast-schema-graph\">{\"@context\":\"https:\\\/\\\/schema.org\",\"@graph\":[{\"@type\":\"Article\",\"@id\":\"https:\\\/\\\/www.btv.md\\\/ro\\\/grigore-petrenco-a-parasit-republica-moldova-si-a-cerut-azil-politic-in-germania\\\/#article\",\"isPartOf\":{\"@id\":\"https:\\\/\\\/www.btv.md\\\/ro\\\/grigore-petrenco-a-parasit-republica-moldova-si-a-cerut-azil-politic-in-germania\\\/\"},\"author\":{\"name\":\"admin\",\"@id\":\"https:\\\/\\\/www.btv.md\\\/#\\\/schema\\\/person\\\/8fadce81561b3ce2c34c46dadc4ccbf2\"},\"headline\":\"Grigore Petrenco a p\u0103r\u0103sit Republica Moldova \u0219i a cerut azil politic \u00een Germania\",\"datePublished\":\"2017-09-12T12:32:20+00:00\",\"dateModified\":\"2019-03-14T12:13:19+00:00\",\"mainEntityOfPage\":{\"@id\":\"https:\\\/\\\/www.btv.md\\\/ro\\\/grigore-petrenco-a-parasit-republica-moldova-si-a-cerut-azil-politic-in-germania\\\/\"},\"wordCount\":280,\"image\":{\"@id\":\"https:\\\/\\\/www.btv.md\\\/ro\\\/grigore-petrenco-a-parasit-republica-moldova-si-a-cerut-azil-politic-in-germania\\\/#primaryimage\"},\"thumbnailUrl\":\"https:\\\/\\\/www.btv.md\\\/wp-content\\\/uploads\\\/2017\\\/09\\\/petrenko.jpg\",\"keywords\":[\"\u0413\u0435\u0440\u043c\u0430\u043d\u0438\u044f\",\"\u0413\u0440\u0438\u0433\u043e\u0440\u0438\u0439 \u041f\u0435\u0442\u0440\u0435\u043d\u043a\u043e\",\"\u043f\u043e\u043b\u0438\u0442\u0438\u0447\u0435\u0441\u043a\u043e\u0435 \u0443\u0431\u0435\u0436\u0438\u0449\u0435\"],\"articleSection\":[\"Politic\u0103\",\"\u0218tiri\"],\"inLanguage\":\"ro-RO\"},{\"@type\":\"WebPage\",\"@id\":\"https:\\\/\\\/www.btv.md\\\/ro\\\/grigore-petrenco-a-parasit-republica-moldova-si-a-cerut-azil-politic-in-germania\\\/\",\"url\":\"https:\\\/\\\/www.btv.md\\\/ro\\\/grigore-petrenco-a-parasit-republica-moldova-si-a-cerut-azil-politic-in-germania\\\/\",\"name\":\"\u0413\u0440\u0438\u0433\u043e\u0440\u0438\u0439 \u041f\u0435\u0442\u0440\u0435\u043d\u043a\u043e \u043f\u043e\u043f\u0440\u043e\u0441\u0438\u043b \u043f\u043e\u043b\u0438\u0442\u0438\u0447\u0435\u0441\u043a\u043e\u0433\u043e \u0443\u0431\u0435\u0436\u0438\u0449\u0430 \u0432 \u0413\u0435\u0440\u043c\u0430\u043d\u0438\u0438\",\"isPartOf\":{\"@id\":\"https:\\\/\\\/www.btv.md\\\/#website\"},\"primaryImageOfPage\":{\"@id\":\"https:\\\/\\\/www.btv.md\\\/ro\\\/grigore-petrenco-a-parasit-republica-moldova-si-a-cerut-azil-politic-in-germania\\\/#primaryimage\"},\"image\":{\"@id\":\"https:\\\/\\\/www.btv.md\\\/ro\\\/grigore-petrenco-a-parasit-republica-moldova-si-a-cerut-azil-politic-in-germania\\\/#primaryimage\"},\"thumbnailUrl\":\"https:\\\/\\\/www.btv.md\\\/wp-content\\\/uploads\\\/2017\\\/09\\\/petrenko.jpg\",\"datePublished\":\"2017-09-12T12:32:20+00:00\",\"dateModified\":\"2019-03-14T12:13:19+00:00\",\"author\":{\"@id\":\"https:\\\/\\\/www.btv.md\\\/#\\\/schema\\\/person\\\/8fadce81561b3ce2c34c46dadc4ccbf2\"},\"description\":\"\u041a\u0430\u043a \u0441\u0442\u0430\u043b\u043e \u0438\u0437\u0432\u0435\u0441\u0442\u043d\u043e\u00a0NM, \u043b\u0438\u0434\u0435\u0440 \u043f\u0430\u0440\u0442\u0438\u0438 \u00ab\u041d\u0430\u0448 \u0434\u043e\u043c\u00a0\u2014 \u041c\u043e\u043b\u0434\u043e\u0432\u0430\u00bb \u043e\u043f\u043f\u043e\u0437\u0438\u0446\u0438\u043e\u043d\u043d\u044b\u0439 \u043f\u043e\u043b\u0438\u0442\u0438\u043a \u0413\u0440\u0438\u0433\u043e\u0440\u0438\u0439 \u041f\u0435\u0442\u0440\u0435\u043d\u043a\u043e \u043f\u043e\u043a\u0438\u043d\u0443\u043b \u041c\u043e\u043b\u0434\u043e\u0432\u0443 \u0438\u00a0\u0441\u0435\u0439\u0447\u0430\u0441 \u043d\u0430\u0445\u043e\u0434\u0438\u0442\u0441\u044f \u0432\u00a0\u0413\u0435\u0440\u043c\u0430\u043d\u0438\u0438.\",\"inLanguage\":\"ro-RO\",\"potentialAction\":[{\"@type\":\"ReadAction\",\"target\":[\"https:\\\/\\\/www.btv.md\\\/ro\\\/grigore-petrenco-a-parasit-republica-moldova-si-a-cerut-azil-politic-in-germania\\\/\"]}]},{\"@type\":\"ImageObject\",\"inLanguage\":\"ro-RO\",\"@id\":\"https:\\\/\\\/www.btv.md\\\/ro\\\/grigore-petrenco-a-parasit-republica-moldova-si-a-cerut-azil-politic-in-germania\\\/#primaryimage\",\"url\":\"https:\\\/\\\/www.btv.md\\\/wp-content\\\/uploads\\\/2017\\\/09\\\/petrenko.jpg\",\"contentUrl\":\"https:\\\/\\\/www.btv.md\\\/wp-content\\\/uploads\\\/2017\\\/09\\\/petrenko.jpg\",\"width\":1000,\"height\":561},{\"@type\":\"WebSite\",\"@id\":\"https:\\\/\\\/www.btv.md\\\/#website\",\"url\":\"https:\\\/\\\/www.btv.md\\\/\",\"name\":\"BTV\",\"description\":\"\u0411\u0435\u043b\u044c\u0446\u043a\u043e\u0435 \u0442\u0435\u043b\u0435\u0432\u0438\u0434\u0435\u043d\u0438\u0435\",\"potentialAction\":[{\"@type\":\"SearchAction\",\"target\":{\"@type\":\"EntryPoint\",\"urlTemplate\":\"https:\\\/\\\/www.btv.md\\\/?s={search_term_string}\"},\"query-input\":{\"@type\":\"PropertyValueSpecification\",\"valueRequired\":true,\"valueName\":\"search_term_string\"}}],\"inLanguage\":\"ro-RO\"},{\"@type\":\"Person\",\"@id\":\"https:\\\/\\\/www.btv.md\\\/#\\\/schema\\\/person\\\/8fadce81561b3ce2c34c46dadc4ccbf2\",\"name\":\"admin\"}]}<\/script>\n<!-- \/ Yoast SEO plugin. -->","yoast_head_json":{"title":"\u0413\u0440\u0438\u0433\u043e\u0440\u0438\u0439 \u041f\u0435\u0442\u0440\u0435\u043d\u043a\u043e \u043f\u043e\u043f\u0440\u043e\u0441\u0438\u043b \u043f\u043e\u043b\u0438\u0442\u0438\u0447\u0435\u0441\u043a\u043e\u0433\u043e \u0443\u0431\u0435\u0436\u0438\u0449\u0430 \u0432 \u0413\u0435\u0440\u043c\u0430\u043d\u0438\u0438","description":"\u041a\u0430\u043a \u0441\u0442\u0430\u043b\u043e \u0438\u0437\u0432\u0435\u0441\u0442\u043d\u043e\u00a0NM, \u043b\u0438\u0434\u0435\u0440 \u043f\u0430\u0440\u0442\u0438\u0438 \u00ab\u041d\u0430\u0448 \u0434\u043e\u043c\u00a0\u2014 \u041c\u043e\u043b\u0434\u043e\u0432\u0430\u00bb \u043e\u043f\u043f\u043e\u0437\u0438\u0446\u0438\u043e\u043d\u043d\u044b\u0439 \u043f\u043e\u043b\u0438\u0442\u0438\u043a \u0413\u0440\u0438\u0433\u043e\u0440\u0438\u0439 \u041f\u0435\u0442\u0440\u0435\u043d\u043a\u043e \u043f\u043e\u043a\u0438\u043d\u0443\u043b \u041c\u043e\u043b\u0434\u043e\u0432\u0443 \u0438\u00a0\u0441\u0435\u0439\u0447\u0430\u0441 \u043d\u0430\u0445\u043e\u0434\u0438\u0442\u0441\u044f \u0432\u00a0\u0413\u0435\u0440\u043c\u0430\u043d\u0438\u0438.","robots":{"index":"index","follow":"follow","max-snippet":"max-snippet:-1","max-image-preview":"max-image-preview:large","max-video-preview":"max-video-preview:-1"},"canonical":"https:\/\/www.btv.md\/ro\/grigore-petrenco-a-parasit-republica-moldova-si-a-cerut-azil-politic-in-germania\/","og_locale":"ro_RO","og_type":"article","og_title":"\u0413\u0440\u0438\u0433\u043e\u0440\u0438\u0439 \u041f\u0435\u0442\u0440\u0435\u043d\u043a\u043e \u043f\u043e\u043f\u0440\u043e\u0441\u0438\u043b \u043f\u043e\u043b\u0438\u0442\u0438\u0447\u0435\u0441\u043a\u043e\u0433\u043e \u0443\u0431\u0435\u0436\u0438\u0449\u0430 \u0432 \u0413\u0435\u0440\u043c\u0430\u043d\u0438\u0438","og_description":"\u041a\u0430\u043a \u0441\u0442\u0430\u043b\u043e \u0438\u0437\u0432\u0435\u0441\u0442\u043d\u043e\u00a0NM, \u043b\u0438\u0434\u0435\u0440 \u043f\u0430\u0440\u0442\u0438\u0438 \u00ab\u041d\u0430\u0448 \u0434\u043e\u043c\u00a0\u2014 \u041c\u043e\u043b\u0434\u043e\u0432\u0430\u00bb \u043e\u043f\u043f\u043e\u0437\u0438\u0446\u0438\u043e\u043d\u043d\u044b\u0439 \u043f\u043e\u043b\u0438\u0442\u0438\u043a \u0413\u0440\u0438\u0433\u043e\u0440\u0438\u0439 \u041f\u0435\u0442\u0440\u0435\u043d\u043a\u043e \u043f\u043e\u043a\u0438\u043d\u0443\u043b \u041c\u043e\u043b\u0434\u043e\u0432\u0443 \u0438\u00a0\u0441\u0435\u0439\u0447\u0430\u0441 \u043d\u0430\u0445\u043e\u0434\u0438\u0442\u0441\u044f \u0432\u00a0\u0413\u0435\u0440\u043c\u0430\u043d\u0438\u0438. \u0412\u00a0\u0424\u0420\u0413 \u041f\u0435\u0442\u0440\u0435\u043d\u043a\u043e \u043f\u043e\u043f\u0440\u043e\u0441\u0438\u043b \u043f\u043e\u043b\u0438\u0442\u0438\u0447\u0435\u0441\u043a\u043e\u0433\u043e \u0443\u0431\u0435\u0436\u0438\u0449\u0430.","og_url":"https:\/\/www.btv.md\/ro\/grigore-petrenco-a-parasit-republica-moldova-si-a-cerut-azil-politic-in-germania\/","og_site_name":"BTV","article_publisher":"https:\/\/www.facebook.com\/btvmoldova\/","article_published_time":"2017-09-12T12:32:20+00:00","article_modified_time":"2019-03-14T12:13:19+00:00","og_image":[{"width":1000,"height":561,"url":"https:\/\/www.btv.md\/wp-content\/uploads\/2017\/09\/petrenko.jpg","type":"image\/jpeg"}],"author":"admin","twitter_misc":{"Scris de":"admin","Timp estimat pentru citire":"1 minut"},"schema":{"@context":"https:\/\/schema.org","@graph":[{"@type":"Article","@id":"https:\/\/www.btv.md\/ro\/grigore-petrenco-a-parasit-republica-moldova-si-a-cerut-azil-politic-in-germania\/#article","isPartOf":{"@id":"https:\/\/www.btv.md\/ro\/grigore-petrenco-a-parasit-republica-moldova-si-a-cerut-azil-politic-in-germania\/"},"author":{"name":"admin","@id":"https:\/\/www.btv.md\/#\/schema\/person\/8fadce81561b3ce2c34c46dadc4ccbf2"},"headline":"Grigore Petrenco a p\u0103r\u0103sit Republica Moldova \u0219i a cerut azil politic \u00een Germania","datePublished":"2017-09-12T12:32:20+00:00","dateModified":"2019-03-14T12:13:19+00:00","mainEntityOfPage":{"@id":"https:\/\/www.btv.md\/ro\/grigore-petrenco-a-parasit-republica-moldova-si-a-cerut-azil-politic-in-germania\/"},"wordCount":280,"image":{"@id":"https:\/\/www.btv.md\/ro\/grigore-petrenco-a-parasit-republica-moldova-si-a-cerut-azil-politic-in-germania\/#primaryimage"},"thumbnailUrl":"https:\/\/www.btv.md\/wp-content\/uploads\/2017\/09\/petrenko.jpg","keywords":["\u0413\u0435\u0440\u043c\u0430\u043d\u0438\u044f","\u0413\u0440\u0438\u0433\u043e\u0440\u0438\u0439 \u041f\u0435\u0442\u0440\u0435\u043d\u043a\u043e","\u043f\u043e\u043b\u0438\u0442\u0438\u0447\u0435\u0441\u043a\u043e\u0435 \u0443\u0431\u0435\u0436\u0438\u0449\u0435"],"articleSection":["Politic\u0103","\u0218tiri"],"inLanguage":"ro-RO"},{"@type":"WebPage","@id":"https:\/\/www.btv.md\/ro\/grigore-petrenco-a-parasit-republica-moldova-si-a-cerut-azil-politic-in-germania\/","url":"https:\/\/www.btv.md\/ro\/grigore-petrenco-a-parasit-republica-moldova-si-a-cerut-azil-politic-in-germania\/","name":"\u0413\u0440\u0438\u0433\u043e\u0440\u0438\u0439 \u041f\u0435\u0442\u0440\u0435\u043d\u043a\u043e \u043f\u043e\u043f\u0440\u043e\u0441\u0438\u043b \u043f\u043e\u043b\u0438\u0442\u0438\u0447\u0435\u0441\u043a\u043e\u0433\u043e \u0443\u0431\u0435\u0436\u0438\u0449\u0430 \u0432 \u0413\u0435\u0440\u043c\u0430\u043d\u0438\u0438","isPartOf":{"@id":"https:\/\/www.btv.md\/#website"},"primaryImageOfPage":{"@id":"https:\/\/www.btv.md\/ro\/grigore-petrenco-a-parasit-republica-moldova-si-a-cerut-azil-politic-in-germania\/#primaryimage"},"image":{"@id":"https:\/\/www.btv.md\/ro\/grigore-petrenco-a-parasit-republica-moldova-si-a-cerut-azil-politic-in-germania\/#primaryimage"},"thumbnailUrl":"https:\/\/www.btv.md\/wp-content\/uploads\/2017\/09\/petrenko.jpg","datePublished":"2017-09-12T12:32:20+00:00","dateModified":"2019-03-14T12:13:19+00:00","author":{"@id":"https:\/\/www.btv.md\/#\/schema\/person\/8fadce81561b3ce2c34c46dadc4ccbf2"},"description":"\u041a\u0430\u043a \u0441\u0442\u0430\u043b\u043e \u0438\u0437\u0432\u0435\u0441\u0442\u043d\u043e\u00a0NM, \u043b\u0438\u0434\u0435\u0440 \u043f\u0430\u0440\u0442\u0438\u0438 \u00ab\u041d\u0430\u0448 \u0434\u043e\u043c\u00a0\u2014 \u041c\u043e\u043b\u0434\u043e\u0432\u0430\u00bb \u043e\u043f\u043f\u043e\u0437\u0438\u0446\u0438\u043e\u043d\u043d\u044b\u0439 \u043f\u043e\u043b\u0438\u0442\u0438\u043a \u0413\u0440\u0438\u0433\u043e\u0440\u0438\u0439 \u041f\u0435\u0442\u0440\u0435\u043d\u043a\u043e \u043f\u043e\u043a\u0438\u043d\u0443\u043b \u041c\u043e\u043b\u0434\u043e\u0432\u0443 \u0438\u00a0\u0441\u0435\u0439\u0447\u0430\u0441 \u043d\u0430\u0445\u043e\u0434\u0438\u0442\u0441\u044f \u0432\u00a0\u0413\u0435\u0440\u043c\u0430\u043d\u0438\u0438.","inLanguage":"ro-RO","potentialAction":[{"@type":"ReadAction","target":["https:\/\/www.btv.md\/ro\/grigore-petrenco-a-parasit-republica-moldova-si-a-cerut-azil-politic-in-germania\/"]}]},{"@type":"ImageObject","inLanguage":"ro-RO","@id":"https:\/\/www.btv.md\/ro\/grigore-petrenco-a-parasit-republica-moldova-si-a-cerut-azil-politic-in-germania\/#primaryimage","url":"https:\/\/www.btv.md\/wp-content\/uploads\/2017\/09\/petrenko.jpg","contentUrl":"https:\/\/www.btv.md\/wp-content\/uploads\/2017\/09\/petrenko.jpg","width":1000,"height":561},{"@type":"WebSite","@id":"https:\/\/www.btv.md\/#website","url":"https:\/\/www.btv.md\/","name":"BTV","description":"\u0411\u0435\u043b\u044c\u0446\u043a\u043e\u0435 \u0442\u0435\u043b\u0435\u0432\u0438\u0434\u0435\u043d\u0438\u0435","potentialAction":[{"@type":"SearchAction","target":{"@type":"EntryPoint","urlTemplate":"https:\/\/www.btv.md\/?s={search_term_string}"},"query-input":{"@type":"PropertyValueSpecification","valueRequired":true,"valueName":"search_term_string"}}],"inLanguage":"ro-RO"},{"@type":"Person","@id":"https:\/\/www.btv.md\/#\/schema\/person\/8fadce81561b3ce2c34c46dadc4ccbf2","name":"admin"}]}},"_links":{"self":[{"href":"https:\/\/www.btv.md\/ro\/wp-json\/wp\/v2\/posts\/53550","targetHints":{"allow":["GET"]}}],"collection":[{"href":"https:\/\/www.btv.md\/ro\/wp-json\/wp\/v2\/posts"}],"about":[{"href":"https:\/\/www.btv.md\/ro\/wp-json\/wp\/v2\/types\/post"}],"author":[{"embeddable":true,"href":"https:\/\/www.btv.md\/ro\/wp-json\/wp\/v2\/users\/4"}],"replies":[{"embeddable":true,"href":"https:\/\/www.btv.md\/ro\/wp-json\/wp\/v2\/comments?post=53550"}],"version-history":[{"count":0,"href":"https:\/\/www.btv.md\/ro\/wp-json\/wp\/v2\/posts\/53550\/revisions"}],"wp:featuredmedia":[{"embeddable":true,"href":"https:\/\/www.btv.md\/ro\/wp-json\/wp\/v2\/media\/53551"}],"wp:attachment":[{"href":"https:\/\/www.btv.md\/ro\/wp-json\/wp\/v2\/media?parent=53550"}],"wp:term":[{"taxonomy":"category","embeddable":true,"href":"https:\/\/www.btv.md\/ro\/wp-json\/wp\/v2\/categories?post=53550"},{"taxonomy":"post_tag","embeddable":true,"href":"https:\/\/www.btv.md\/ro\/wp-json\/wp\/v2\/tags?post=53550"}],"curies":[{"name":"wp","href":"https:\/\/api.w.org\/{rel}","templated":true}]}}