{"id":53797,"date":"2017-09-04T18:53:46","date_gmt":"2017-09-04T15:53:46","guid":{"rendered":"http:\/\/www.btv.md\/otets-andreya-bragutsy-dazhe-fashisty-tak-ne-postupali-s-nashimi-detmi\/"},"modified":"2019-03-17T17:45:37","modified_gmt":"2019-03-17T15:45:37","slug":"tatal-lui-andrei-braguta-nici-fascistii-nu-procedau-asa-cu-copiii-nostri","status":"publish","type":"post","link":"https:\/\/www.btv.md\/ro\/tatal-lui-andrei-braguta-nici-fascistii-nu-procedau-asa-cu-copiii-nostri\/","title":{"rendered":"Tat\u0103l lui Andrei Bragu\u021ba: Nici fasci\u0219tii nu procedau a\u0219a cu copiii no\u0219tri"},"content":{"rendered":"<p><strong>Familia Bragu\u021ba este una obi\u0219nuit\u0103, \u00een care fratele mai mare a plecat la munc\u0103 \u00een Federa\u021bia Rus\u0103, sora \u00een Elve\u021bia, iar Andrei mezinul a r\u0103mas \u00een Republica Moldova. \u00cen consecin\u021b\u0103 pentru patriotismul s\u0103u el a pl\u0103tit un pre\u021b enorm-via\u021ba.<\/strong><\/p>\n<p style=\"text-align: center;\"><iframe data-src=\"https:\/\/www.youtube.com\/embed\/-IwEIDMi9CU\" width=\"854\" height=\"480\" frameborder=\"0\" allowfullscreen=\"allowfullscreen\" src=\"data:image\/svg+xml;base64,PHN2ZyB3aWR0aD0iMSIgaGVpZ2h0PSIxIiB4bWxucz0iaHR0cDovL3d3dy53My5vcmcvMjAwMC9zdmciPjwvc3ZnPg==\" class=\"lazyload\" data-load-mode=\"1\"><\/iframe><\/p>\n<p>Acum o s\u0103pt\u0103m\u00e2n\u0103 presa din \u021bar\u0103 a fost zguduit\u0103 de cazul lui Andrei Bragu\u021ba. Un t\u00e2n\u0103r de 32 de ani din satul Biruin\u021ba, raionul S\u00eengerei care a decedat \u00een circumsatn\u021be necunoscute pe 26 august \u00een Penitenciarul Pruncul. Tat\u0103l victimei spune c\u0103 moartea fiului a survenit dup\u0103 ce a fost re\u021binut de poli\u021bi\u0219ti \u0219i maltratat \u00een pu\u0219c\u0103rie.<\/p>\n<p>Jurnalistul Alexandr Petkov e de p\u0103rere c\u0103 necunoa\u0219terea \u0219i erorile \u00een lan\u021b efectuate de c\u0103tre angaja\u021bii sistemului de drept au ucis un om care avea probleme mentale. La fel, Petkov a comparat acest caz cu dosarul P\u0103durea Domeneasc\u0103.<\/p>\n<p>Mecanismul de autoap\u0103rare a sistemului a reac\u021bionat foarte prost la adev\u0103rul ap\u0103rut \u00een pres\u0103. \u00cen data de \u00eent\u00e2i septembrie, unele portaluri de \u0219tiri \u0219i posturi de televiziune controlate de coordonatorul actualei puteri a tirajat imagini video, \u00een care \u00eel scot \u00een lumin\u0103 proast\u0103 pe Andrei Br\u0103gu\u021b\u0103. De ce? V-a\u021bi pus aceast\u0103 \u00eentrebare. Cu o explica\u021bie vine Alexandr Petkov.<\/p>\n<p>\u00cen pofida \u00eencerc\u0103rilor puterii de a se autoap\u0103ra, visele lui Andrei nu vor mai putea fi puse \u00een aplicare.<\/p>\n<p>Dup\u0103 \u00eencerc\u0103ri nenum\u0103rate de a pune pumnul \u00een gur\u0103 \u0219i de a lega ochii cet\u0103\u021benilor, sistemul nu cedeaz\u0103. Luni, 4 septembrie Procurorul General, Eduard Harunjen a ie\u0219it \u00een fa\u021ba presei al\u0103turi de doi subalterni \u0219i a declarat c\u0103 institu\u021bia pe care o conduce a ini\u021biat o cauz\u0103 penal\u0103 pentru tortur\u0103 \u0219i rele tratamente care s-a soldat cu moartea lui Andrei Bragu\u021ba. \u00cen acest caz, au fost re\u021binute cinci persoane, trei colaboratori ai poli\u021biei, dar \u0219i doi de\u021binu\u021bi, care au stat \u00eentr-o camer\u0103 cu r\u0103posatul.<\/p>\n<p>\u00cen final sistemul \u0219i-a ales \u021bapii isp\u0103\u0219itorii, \u00een loc s\u0103-i condamne pe adev\u0103ra\u021bii f\u0103pta\u0219i precum \u0219eful Procuraturii Eduard Harunjen sau judec\u0103torul care a emis mandat de arest pe numele lui Andrei Bragu\u021ba.<\/p>\n","protected":false},"excerpt":{"rendered":"<p>Familia Bragu\u021ba este una obi\u0219nuit\u0103, \u00een care fratele mai mare a plecat la munc\u0103 \u00een Federa\u021bia Rus\u0103, sora \u00een Elve\u021bia, iar Andrei mezinul a r\u0103mas \u00een Republica Moldova. \u00cen consecin\u021b\u0103 pentru patriotismul s\u0103u el a pl\u0103tit un pre\u021b enorm-via\u021ba. Acum o s\u0103pt\u0103m\u00e2n\u0103 presa din \u021bar\u0103 a fost zguduit\u0103 de cazul lui Andrei Bragu\u021ba. Un t\u00e2n\u0103r [&hellip;]<\/p>\n","protected":false},"author":4,"featured_media":53798,"comment_status":"closed","ping_status":"closed","sticky":false,"template":"","format":"standard","meta":{"footnotes":""},"categories":[6353],"tags":[6895],"class_list":["post-53797","post","type-post","status-publish","format-standard","has-post-thumbnail","hentry","category-oras","tag-braguta-ro"],"yoast_head":"<!-- This site is optimized with the Yoast SEO plugin v27.4 - https:\/\/yoast.com\/product\/yoast-seo-wordpress\/ -->\n<title>Tat\u0103l lui Andrei Bragu\u021ba: Nici fasci\u0219tii nu procedau a\u0219a cu copiii no\u0219tri<\/title>\n<meta name=\"description\" content=\"Familia Bragu\u021ba este una obi\u0219nuit\u0103, \u00een care fratele mai mare a plecat la munc\u0103 \u00een Federa\u021bia Rus\u0103, sora \u00een Elve\u021bia, iar Andrei mezinul a r\u0103mas.\" \/>\n<meta name=\"robots\" content=\"index, follow, max-snippet:-1, max-image-preview:large, max-video-preview:-1\" \/>\n<link rel=\"canonical\" href=\"https:\/\/www.btv.md\/ro\/tatal-lui-andrei-braguta-nici-fascistii-nu-procedau-asa-cu-copiii-nostri\/\" \/>\n<meta property=\"og:locale\" content=\"ro_RO\" \/>\n<meta property=\"og:type\" content=\"article\" \/>\n<meta property=\"og:title\" content=\"Tat\u0103l lui Andrei Bragu\u021ba: Nici fasci\u0219tii nu procedau a\u0219a cu copiii no\u0219tri\" \/>\n<meta property=\"og:description\" content=\"Familia Bragu\u021ba este una obi\u0219nuit\u0103, \u00een care fratele mai mare a plecat la munc\u0103 \u00een Federa\u021bia Rus\u0103, sora \u00een Elve\u021bia, iar Andrei mezinul a r\u0103mas \u00een Republica Moldova. \u00cen consecin\u021b\u0103 pentru patriotismul s\u0103u el a pl\u0103tit un pre\u021b enorm-via\u021ba.\" \/>\n<meta property=\"og:url\" content=\"https:\/\/www.btv.md\/ro\/tatal-lui-andrei-braguta-nici-fascistii-nu-procedau-asa-cu-copiii-nostri\/\" \/>\n<meta property=\"og:site_name\" content=\"BTV\" \/>\n<meta property=\"article:publisher\" content=\"https:\/\/www.facebook.com\/btvmoldova\/\" \/>\n<meta property=\"article:published_time\" content=\"2017-09-04T15:53:46+00:00\" \/>\n<meta property=\"article:modified_time\" content=\"2019-03-17T15:45:37+00:00\" \/>\n<meta property=\"og:image\" content=\"https:\/\/www.btv.md\/wp-content\/uploads\/2017\/09\/braguta.png\" \/>\n\t<meta property=\"og:image:width\" content=\"1366\" \/>\n\t<meta property=\"og:image:height\" content=\"610\" \/>\n\t<meta property=\"og:image:type\" content=\"image\/png\" \/>\n<meta name=\"author\" content=\"admin\" \/>\n<meta name=\"twitter:label1\" content=\"Scris de\" \/>\n\t<meta name=\"twitter:data1\" content=\"admin\" \/>\n\t<meta name=\"twitter:label2\" content=\"Timp estimat pentru citire\" \/>\n\t<meta name=\"twitter:data2\" content=\"2 minute\" \/>\n<script type=\"application\/ld+json\" class=\"yoast-schema-graph\">{\"@context\":\"https:\\\/\\\/schema.org\",\"@graph\":[{\"@type\":\"Article\",\"@id\":\"https:\\\/\\\/www.btv.md\\\/ro\\\/tatal-lui-andrei-braguta-nici-fascistii-nu-procedau-asa-cu-copiii-nostri\\\/#article\",\"isPartOf\":{\"@id\":\"https:\\\/\\\/www.btv.md\\\/ro\\\/tatal-lui-andrei-braguta-nici-fascistii-nu-procedau-asa-cu-copiii-nostri\\\/\"},\"author\":{\"name\":\"admin\",\"@id\":\"https:\\\/\\\/www.btv.md\\\/#\\\/schema\\\/person\\\/8fadce81561b3ce2c34c46dadc4ccbf2\"},\"headline\":\"Tat\u0103l lui Andrei Bragu\u021ba: Nici fasci\u0219tii nu procedau a\u0219a cu copiii no\u0219tri\",\"datePublished\":\"2017-09-04T15:53:46+00:00\",\"dateModified\":\"2019-03-17T15:45:37+00:00\",\"mainEntityOfPage\":{\"@id\":\"https:\\\/\\\/www.btv.md\\\/ro\\\/tatal-lui-andrei-braguta-nici-fascistii-nu-procedau-asa-cu-copiii-nostri\\\/\"},\"wordCount\":400,\"image\":{\"@id\":\"https:\\\/\\\/www.btv.md\\\/ro\\\/tatal-lui-andrei-braguta-nici-fascistii-nu-procedau-asa-cu-copiii-nostri\\\/#primaryimage\"},\"thumbnailUrl\":\"https:\\\/\\\/www.btv.md\\\/wp-content\\\/uploads\\\/2017\\\/09\\\/braguta.png\",\"keywords\":[\"Bragu\u021ba\"],\"articleSection\":[\"Ora\u0219\"],\"inLanguage\":\"ro-RO\"},{\"@type\":\"WebPage\",\"@id\":\"https:\\\/\\\/www.btv.md\\\/ro\\\/tatal-lui-andrei-braguta-nici-fascistii-nu-procedau-asa-cu-copiii-nostri\\\/\",\"url\":\"https:\\\/\\\/www.btv.md\\\/ro\\\/tatal-lui-andrei-braguta-nici-fascistii-nu-procedau-asa-cu-copiii-nostri\\\/\",\"name\":\"Tat\u0103l lui Andrei Bragu\u021ba: Nici fasci\u0219tii nu procedau a\u0219a cu copiii no\u0219tri\",\"isPartOf\":{\"@id\":\"https:\\\/\\\/www.btv.md\\\/#website\"},\"primaryImageOfPage\":{\"@id\":\"https:\\\/\\\/www.btv.md\\\/ro\\\/tatal-lui-andrei-braguta-nici-fascistii-nu-procedau-asa-cu-copiii-nostri\\\/#primaryimage\"},\"image\":{\"@id\":\"https:\\\/\\\/www.btv.md\\\/ro\\\/tatal-lui-andrei-braguta-nici-fascistii-nu-procedau-asa-cu-copiii-nostri\\\/#primaryimage\"},\"thumbnailUrl\":\"https:\\\/\\\/www.btv.md\\\/wp-content\\\/uploads\\\/2017\\\/09\\\/braguta.png\",\"datePublished\":\"2017-09-04T15:53:46+00:00\",\"dateModified\":\"2019-03-17T15:45:37+00:00\",\"author\":{\"@id\":\"https:\\\/\\\/www.btv.md\\\/#\\\/schema\\\/person\\\/8fadce81561b3ce2c34c46dadc4ccbf2\"},\"description\":\"Familia Bragu\u021ba este una obi\u0219nuit\u0103, \u00een care fratele mai mare a plecat la munc\u0103 \u00een Federa\u021bia Rus\u0103, sora \u00een Elve\u021bia, iar Andrei mezinul a r\u0103mas.\",\"inLanguage\":\"ro-RO\",\"potentialAction\":[{\"@type\":\"ReadAction\",\"target\":[\"https:\\\/\\\/www.btv.md\\\/ro\\\/tatal-lui-andrei-braguta-nici-fascistii-nu-procedau-asa-cu-copiii-nostri\\\/\"]}]},{\"@type\":\"ImageObject\",\"inLanguage\":\"ro-RO\",\"@id\":\"https:\\\/\\\/www.btv.md\\\/ro\\\/tatal-lui-andrei-braguta-nici-fascistii-nu-procedau-asa-cu-copiii-nostri\\\/#primaryimage\",\"url\":\"https:\\\/\\\/www.btv.md\\\/wp-content\\\/uploads\\\/2017\\\/09\\\/braguta.png\",\"contentUrl\":\"https:\\\/\\\/www.btv.md\\\/wp-content\\\/uploads\\\/2017\\\/09\\\/braguta.png\",\"width\":1366,\"height\":610},{\"@type\":\"WebSite\",\"@id\":\"https:\\\/\\\/www.btv.md\\\/#website\",\"url\":\"https:\\\/\\\/www.btv.md\\\/\",\"name\":\"BTV\",\"description\":\"\u0411\u0435\u043b\u044c\u0446\u043a\u043e\u0435 \u0442\u0435\u043b\u0435\u0432\u0438\u0434\u0435\u043d\u0438\u0435\",\"potentialAction\":[{\"@type\":\"SearchAction\",\"target\":{\"@type\":\"EntryPoint\",\"urlTemplate\":\"https:\\\/\\\/www.btv.md\\\/?s={search_term_string}\"},\"query-input\":{\"@type\":\"PropertyValueSpecification\",\"valueRequired\":true,\"valueName\":\"search_term_string\"}}],\"inLanguage\":\"ro-RO\"},{\"@type\":\"Person\",\"@id\":\"https:\\\/\\\/www.btv.md\\\/#\\\/schema\\\/person\\\/8fadce81561b3ce2c34c46dadc4ccbf2\",\"name\":\"admin\"}]}<\/script>\n<!-- \/ Yoast SEO plugin. -->","yoast_head_json":{"title":"Tat\u0103l lui Andrei Bragu\u021ba: Nici fasci\u0219tii nu procedau a\u0219a cu copiii no\u0219tri","description":"Familia Bragu\u021ba este una obi\u0219nuit\u0103, \u00een care fratele mai mare a plecat la munc\u0103 \u00een Federa\u021bia Rus\u0103, sora \u00een Elve\u021bia, iar Andrei mezinul a r\u0103mas.","robots":{"index":"index","follow":"follow","max-snippet":"max-snippet:-1","max-image-preview":"max-image-preview:large","max-video-preview":"max-video-preview:-1"},"canonical":"https:\/\/www.btv.md\/ro\/tatal-lui-andrei-braguta-nici-fascistii-nu-procedau-asa-cu-copiii-nostri\/","og_locale":"ro_RO","og_type":"article","og_title":"Tat\u0103l lui Andrei Bragu\u021ba: Nici fasci\u0219tii nu procedau a\u0219a cu copiii no\u0219tri","og_description":"Familia Bragu\u021ba este una obi\u0219nuit\u0103, \u00een care fratele mai mare a plecat la munc\u0103 \u00een Federa\u021bia Rus\u0103, sora \u00een Elve\u021bia, iar Andrei mezinul a r\u0103mas \u00een Republica Moldova. \u00cen consecin\u021b\u0103 pentru patriotismul s\u0103u el a pl\u0103tit un pre\u021b enorm-via\u021ba.","og_url":"https:\/\/www.btv.md\/ro\/tatal-lui-andrei-braguta-nici-fascistii-nu-procedau-asa-cu-copiii-nostri\/","og_site_name":"BTV","article_publisher":"https:\/\/www.facebook.com\/btvmoldova\/","article_published_time":"2017-09-04T15:53:46+00:00","article_modified_time":"2019-03-17T15:45:37+00:00","og_image":[{"width":1366,"height":610,"url":"https:\/\/www.btv.md\/wp-content\/uploads\/2017\/09\/braguta.png","type":"image\/png"}],"author":"admin","twitter_misc":{"Scris de":"admin","Timp estimat pentru citire":"2 minute"},"schema":{"@context":"https:\/\/schema.org","@graph":[{"@type":"Article","@id":"https:\/\/www.btv.md\/ro\/tatal-lui-andrei-braguta-nici-fascistii-nu-procedau-asa-cu-copiii-nostri\/#article","isPartOf":{"@id":"https:\/\/www.btv.md\/ro\/tatal-lui-andrei-braguta-nici-fascistii-nu-procedau-asa-cu-copiii-nostri\/"},"author":{"name":"admin","@id":"https:\/\/www.btv.md\/#\/schema\/person\/8fadce81561b3ce2c34c46dadc4ccbf2"},"headline":"Tat\u0103l lui Andrei Bragu\u021ba: Nici fasci\u0219tii nu procedau a\u0219a cu copiii no\u0219tri","datePublished":"2017-09-04T15:53:46+00:00","dateModified":"2019-03-17T15:45:37+00:00","mainEntityOfPage":{"@id":"https:\/\/www.btv.md\/ro\/tatal-lui-andrei-braguta-nici-fascistii-nu-procedau-asa-cu-copiii-nostri\/"},"wordCount":400,"image":{"@id":"https:\/\/www.btv.md\/ro\/tatal-lui-andrei-braguta-nici-fascistii-nu-procedau-asa-cu-copiii-nostri\/#primaryimage"},"thumbnailUrl":"https:\/\/www.btv.md\/wp-content\/uploads\/2017\/09\/braguta.png","keywords":["Bragu\u021ba"],"articleSection":["Ora\u0219"],"inLanguage":"ro-RO"},{"@type":"WebPage","@id":"https:\/\/www.btv.md\/ro\/tatal-lui-andrei-braguta-nici-fascistii-nu-procedau-asa-cu-copiii-nostri\/","url":"https:\/\/www.btv.md\/ro\/tatal-lui-andrei-braguta-nici-fascistii-nu-procedau-asa-cu-copiii-nostri\/","name":"Tat\u0103l lui Andrei Bragu\u021ba: Nici fasci\u0219tii nu procedau a\u0219a cu copiii no\u0219tri","isPartOf":{"@id":"https:\/\/www.btv.md\/#website"},"primaryImageOfPage":{"@id":"https:\/\/www.btv.md\/ro\/tatal-lui-andrei-braguta-nici-fascistii-nu-procedau-asa-cu-copiii-nostri\/#primaryimage"},"image":{"@id":"https:\/\/www.btv.md\/ro\/tatal-lui-andrei-braguta-nici-fascistii-nu-procedau-asa-cu-copiii-nostri\/#primaryimage"},"thumbnailUrl":"https:\/\/www.btv.md\/wp-content\/uploads\/2017\/09\/braguta.png","datePublished":"2017-09-04T15:53:46+00:00","dateModified":"2019-03-17T15:45:37+00:00","author":{"@id":"https:\/\/www.btv.md\/#\/schema\/person\/8fadce81561b3ce2c34c46dadc4ccbf2"},"description":"Familia Bragu\u021ba este una obi\u0219nuit\u0103, \u00een care fratele mai mare a plecat la munc\u0103 \u00een Federa\u021bia Rus\u0103, sora \u00een Elve\u021bia, iar Andrei mezinul a r\u0103mas.","inLanguage":"ro-RO","potentialAction":[{"@type":"ReadAction","target":["https:\/\/www.btv.md\/ro\/tatal-lui-andrei-braguta-nici-fascistii-nu-procedau-asa-cu-copiii-nostri\/"]}]},{"@type":"ImageObject","inLanguage":"ro-RO","@id":"https:\/\/www.btv.md\/ro\/tatal-lui-andrei-braguta-nici-fascistii-nu-procedau-asa-cu-copiii-nostri\/#primaryimage","url":"https:\/\/www.btv.md\/wp-content\/uploads\/2017\/09\/braguta.png","contentUrl":"https:\/\/www.btv.md\/wp-content\/uploads\/2017\/09\/braguta.png","width":1366,"height":610},{"@type":"WebSite","@id":"https:\/\/www.btv.md\/#website","url":"https:\/\/www.btv.md\/","name":"BTV","description":"\u0411\u0435\u043b\u044c\u0446\u043a\u043e\u0435 \u0442\u0435\u043b\u0435\u0432\u0438\u0434\u0435\u043d\u0438\u0435","potentialAction":[{"@type":"SearchAction","target":{"@type":"EntryPoint","urlTemplate":"https:\/\/www.btv.md\/?s={search_term_string}"},"query-input":{"@type":"PropertyValueSpecification","valueRequired":true,"valueName":"search_term_string"}}],"inLanguage":"ro-RO"},{"@type":"Person","@id":"https:\/\/www.btv.md\/#\/schema\/person\/8fadce81561b3ce2c34c46dadc4ccbf2","name":"admin"}]}},"_links":{"self":[{"href":"https:\/\/www.btv.md\/ro\/wp-json\/wp\/v2\/posts\/53797","targetHints":{"allow":["GET"]}}],"collection":[{"href":"https:\/\/www.btv.md\/ro\/wp-json\/wp\/v2\/posts"}],"about":[{"href":"https:\/\/www.btv.md\/ro\/wp-json\/wp\/v2\/types\/post"}],"author":[{"embeddable":true,"href":"https:\/\/www.btv.md\/ro\/wp-json\/wp\/v2\/users\/4"}],"replies":[{"embeddable":true,"href":"https:\/\/www.btv.md\/ro\/wp-json\/wp\/v2\/comments?post=53797"}],"version-history":[{"count":0,"href":"https:\/\/www.btv.md\/ro\/wp-json\/wp\/v2\/posts\/53797\/revisions"}],"wp:featuredmedia":[{"embeddable":true,"href":"https:\/\/www.btv.md\/ro\/wp-json\/wp\/v2\/media\/53798"}],"wp:attachment":[{"href":"https:\/\/www.btv.md\/ro\/wp-json\/wp\/v2\/media?parent=53797"}],"wp:term":[{"taxonomy":"category","embeddable":true,"href":"https:\/\/www.btv.md\/ro\/wp-json\/wp\/v2\/categories?post=53797"},{"taxonomy":"post_tag","embeddable":true,"href":"https:\/\/www.btv.md\/ro\/wp-json\/wp\/v2\/tags?post=53797"}],"curies":[{"name":"wp","href":"https:\/\/api.w.org\/{rel}","templated":true}]}}