{"id":56311,"date":"2016-12-26T19:48:17","date_gmt":"2016-12-26T16:48:17","guid":{"rendered":"http:\/\/www.btv.md\/avariya-pod-beltsami-odin-pogibshij-pyatero-ranenyh-v-ih-chisle-dvoe-detej\/"},"modified":"2019-04-01T12:34:57","modified_gmt":"2019-04-01T09:34:57","slug":"accident-rutier-langa-balti-un-barbat-a-murit-doi-copii-au-ajuns-la-spital","status":"publish","type":"post","link":"https:\/\/www.btv.md\/ro\/accident-rutier-langa-balti-un-barbat-a-murit-doi-copii-au-ajuns-la-spital\/","title":{"rendered":"ACCIDENT  RUTIER  L\u00c2NG\u0102  B\u0102L\u021aI:  UN  B\u0102RBAT  A  MURIT,  DOI  COPII  AU  AJUNS  LA  SPITAL"},"content":{"rendered":"<p><strong>O persoan\u0103 a murit \u0219i alte cinci au ajuns la spitalul din B\u0103l\u021bi, \u00een urma unui accident rutier produs \u00een apropiere de satul Corl\u0103teni raionul R\u00e2\u0219cani.\u00a0 Tragedia\u00a0 a avut loc duminic\u0103, 25 decembrie, aproximativ la\u00a0 ora 17.00.<\/strong><\/p>\n<p><iframe width=\"1170\" height=\"878\" data-src=\"https:\/\/www.youtube.com\/embed\/dhY4od5uFDg?wmode=transparent&amp;rel=0&amp;feature=oembed\" frameborder=\"0\" allow=\"accelerometer; autoplay; encrypted-media; gyroscope; picture-in-picture\" allowfullscreen src=\"data:image\/svg+xml;base64,PHN2ZyB3aWR0aD0iMSIgaGVpZ2h0PSIxIiB4bWxucz0iaHR0cDovL3d3dy53My5vcmcvMjAwMC9zdmciPjwvc3ZnPg==\" class=\"lazyload\" data-load-mode=\"1\"><\/iframe><\/p>\n<p>Potrivit ofi\u021berului de pres\u0103 al Inspectoartului de Poli\u021bie din raionul R\u00ee\u0219cani, Olga Chistol, o ma\u0219in\u0103 de marc\u0103 Dacia Logan a ie\u0219it pe contrasens\u00a0 \u0219i a lovit frontal un alt autoturism care se \u00eendrepta spre ora\u0219ul B\u0103l\u021bi.<\/p>\n<p>\u00cen urma impactului , b\u0103rbatul, \u00een v\u00e2rst\u0103 de 46 de ani, care s-ar face vinovat de accident, a murit pe loc. El se afla la volanul ma\u0219ini care a ie\u0219it pe contrasens.<\/p>\n<p>Printre victime se num\u0103r\u0103 \u0219i doi copii.<\/p>\n<p>Contactat de BTV, \u0219eful adjunct al \u00a0Spitalului Clinic Municipal B\u0103l\u021bi, Mihail L\u00ees\u00eei, ne-a spus c\u0103 una dintre victime va fi supus\u0103 unei interven\u021bii chirugicale.\u00a0 Starea celorlal\u021bi pacien\u021bi c\u00e2t \u0219i a copiilor este stabil\u0103.<\/p>\n","protected":false},"excerpt":{"rendered":"<p>O persoan\u0103 a murit \u0219i alte cinci au ajuns la spitalul din B\u0103l\u021bi, \u00een urma unui accident rutier produs \u00een apropiere de satul Corl\u0103teni raionul R\u00e2\u0219cani.\u00a0 Tragedia\u00a0 a avut loc duminic\u0103, 25 decembrie, aproximativ la\u00a0 ora 17.00. Potrivit ofi\u021berului de pres\u0103 al Inspectoartului de Poli\u021bie din raionul R\u00ee\u0219cani, Olga Chistol, o ma\u0219in\u0103 de marc\u0103 Dacia [&hellip;]<\/p>\n","protected":false},"author":4,"featured_media":56314,"comment_status":"closed","ping_status":"closed","sticky":false,"template":"","format":"standard","meta":{"footnotes":""},"categories":[6351],"tags":[],"class_list":["post-56311","post","type-post","status-publish","format-standard","has-post-thumbnail","hentry","category-incidente"],"yoast_head":"<!-- This site is optimized with the Yoast SEO plugin v27.4 - https:\/\/yoast.com\/product\/yoast-seo-wordpress\/ -->\n<title>ACCIDENT RUTIER L\u00c2NG\u0102 B\u0102L\u021aI: UN B\u0102RBAT A MURIT, DOI COPII AU AJUNS LA SPITAL - BTV<\/title>\n<meta name=\"robots\" content=\"index, follow, max-snippet:-1, max-image-preview:large, max-video-preview:-1\" \/>\n<link rel=\"canonical\" href=\"https:\/\/www.btv.md\/ro\/accident-rutier-langa-balti-un-barbat-a-murit-doi-copii-au-ajuns-la-spital\/\" \/>\n<meta property=\"og:locale\" content=\"ro_RO\" \/>\n<meta property=\"og:type\" content=\"article\" \/>\n<meta property=\"og:title\" content=\"ACCIDENT RUTIER L\u00c2NG\u0102 B\u0102L\u021aI: UN B\u0102RBAT A MURIT, DOI COPII AU AJUNS LA SPITAL\" \/>\n<meta property=\"og:description\" content=\"O persoan\u0103 a murit \u0219i alte cinci au ajuns la spitalul din B\u0103l\u021bi, \u00een urma unui accident rutier produs \u00een apropiere de satul Corl\u0103teni raionul R\u00e2\u0219cani.\u00a0 Tragedia\u00a0 a avut loc duminic\u0103, 25 decembrie, aproximativ la\u00a0 ora 17.00. Potrivit ofi\u021berului de pres\u0103 al Inspectoartului de Poli\u021bie din raionul R\u00ee\u0219cani, Olga Chistol, o ma\u0219in\u0103 de marc\u0103 Dacia [&hellip;]\" \/>\n<meta property=\"og:url\" content=\"https:\/\/www.btv.md\/ro\/accident-rutier-langa-balti-un-barbat-a-murit-doi-copii-au-ajuns-la-spital\/\" \/>\n<meta property=\"og:site_name\" content=\"BTV\" \/>\n<meta property=\"article:publisher\" content=\"https:\/\/www.facebook.com\/btvmoldova\/\" \/>\n<meta property=\"article:published_time\" content=\"2016-12-26T16:48:17+00:00\" \/>\n<meta property=\"article:modified_time\" content=\"2019-04-01T09:34:57+00:00\" \/>\n<meta property=\"og:image\" content=\"https:\/\/www.btv.md\/wp-content\/uploads\/2016\/12\/1.mp4_snapshot_12.38_2016.12.26_19.46.12.jpg\" \/>\n\t<meta property=\"og:image:width\" content=\"640\" \/>\n\t<meta property=\"og:image:height\" content=\"360\" \/>\n\t<meta property=\"og:image:type\" content=\"image\/jpeg\" \/>\n<meta name=\"author\" content=\"admin\" \/>\n<meta name=\"twitter:label1\" content=\"Scris de\" \/>\n\t<meta name=\"twitter:data1\" content=\"admin\" \/>\n\t<meta name=\"twitter:label2\" content=\"Timp estimat pentru citire\" \/>\n\t<meta name=\"twitter:data2\" content=\"1 minut\" \/>\n<script type=\"application\/ld+json\" class=\"yoast-schema-graph\">{\"@context\":\"https:\\\/\\\/schema.org\",\"@graph\":[{\"@type\":\"Article\",\"@id\":\"https:\\\/\\\/www.btv.md\\\/ro\\\/accident-rutier-langa-balti-un-barbat-a-murit-doi-copii-au-ajuns-la-spital\\\/#article\",\"isPartOf\":{\"@id\":\"https:\\\/\\\/www.btv.md\\\/ro\\\/accident-rutier-langa-balti-un-barbat-a-murit-doi-copii-au-ajuns-la-spital\\\/\"},\"author\":{\"name\":\"admin\",\"@id\":\"https:\\\/\\\/www.btv.md\\\/#\\\/schema\\\/person\\\/8fadce81561b3ce2c34c46dadc4ccbf2\"},\"headline\":\"ACCIDENT RUTIER L\u00c2NG\u0102 B\u0102L\u021aI: UN B\u0102RBAT A MURIT, DOI COPII AU AJUNS LA SPITAL\",\"datePublished\":\"2016-12-26T16:48:17+00:00\",\"dateModified\":\"2019-04-01T09:34:57+00:00\",\"mainEntityOfPage\":{\"@id\":\"https:\\\/\\\/www.btv.md\\\/ro\\\/accident-rutier-langa-balti-un-barbat-a-murit-doi-copii-au-ajuns-la-spital\\\/\"},\"wordCount\":190,\"image\":{\"@id\":\"https:\\\/\\\/www.btv.md\\\/ro\\\/accident-rutier-langa-balti-un-barbat-a-murit-doi-copii-au-ajuns-la-spital\\\/#primaryimage\"},\"thumbnailUrl\":\"https:\\\/\\\/www.btv.md\\\/wp-content\\\/uploads\\\/2016\\\/12\\\/1.mp4_snapshot_12.38_2016.12.26_19.46.12.jpg\",\"articleSection\":[\"Incidente\"],\"inLanguage\":\"ro-RO\"},{\"@type\":\"WebPage\",\"@id\":\"https:\\\/\\\/www.btv.md\\\/ro\\\/accident-rutier-langa-balti-un-barbat-a-murit-doi-copii-au-ajuns-la-spital\\\/\",\"url\":\"https:\\\/\\\/www.btv.md\\\/ro\\\/accident-rutier-langa-balti-un-barbat-a-murit-doi-copii-au-ajuns-la-spital\\\/\",\"name\":\"ACCIDENT RUTIER L\u00c2NG\u0102 B\u0102L\u021aI: UN B\u0102RBAT A MURIT, DOI COPII AU AJUNS LA SPITAL - BTV\",\"isPartOf\":{\"@id\":\"https:\\\/\\\/www.btv.md\\\/#website\"},\"primaryImageOfPage\":{\"@id\":\"https:\\\/\\\/www.btv.md\\\/ro\\\/accident-rutier-langa-balti-un-barbat-a-murit-doi-copii-au-ajuns-la-spital\\\/#primaryimage\"},\"image\":{\"@id\":\"https:\\\/\\\/www.btv.md\\\/ro\\\/accident-rutier-langa-balti-un-barbat-a-murit-doi-copii-au-ajuns-la-spital\\\/#primaryimage\"},\"thumbnailUrl\":\"https:\\\/\\\/www.btv.md\\\/wp-content\\\/uploads\\\/2016\\\/12\\\/1.mp4_snapshot_12.38_2016.12.26_19.46.12.jpg\",\"datePublished\":\"2016-12-26T16:48:17+00:00\",\"dateModified\":\"2019-04-01T09:34:57+00:00\",\"author\":{\"@id\":\"https:\\\/\\\/www.btv.md\\\/#\\\/schema\\\/person\\\/8fadce81561b3ce2c34c46dadc4ccbf2\"},\"inLanguage\":\"ro-RO\",\"potentialAction\":[{\"@type\":\"ReadAction\",\"target\":[\"https:\\\/\\\/www.btv.md\\\/ro\\\/accident-rutier-langa-balti-un-barbat-a-murit-doi-copii-au-ajuns-la-spital\\\/\"]}]},{\"@type\":\"ImageObject\",\"inLanguage\":\"ro-RO\",\"@id\":\"https:\\\/\\\/www.btv.md\\\/ro\\\/accident-rutier-langa-balti-un-barbat-a-murit-doi-copii-au-ajuns-la-spital\\\/#primaryimage\",\"url\":\"https:\\\/\\\/www.btv.md\\\/wp-content\\\/uploads\\\/2016\\\/12\\\/1.mp4_snapshot_12.38_2016.12.26_19.46.12.jpg\",\"contentUrl\":\"https:\\\/\\\/www.btv.md\\\/wp-content\\\/uploads\\\/2016\\\/12\\\/1.mp4_snapshot_12.38_2016.12.26_19.46.12.jpg\",\"width\":640,\"height\":360},{\"@type\":\"WebSite\",\"@id\":\"https:\\\/\\\/www.btv.md\\\/#website\",\"url\":\"https:\\\/\\\/www.btv.md\\\/\",\"name\":\"BTV\",\"description\":\"\u0411\u0435\u043b\u044c\u0446\u043a\u043e\u0435 \u0442\u0435\u043b\u0435\u0432\u0438\u0434\u0435\u043d\u0438\u0435\",\"potentialAction\":[{\"@type\":\"SearchAction\",\"target\":{\"@type\":\"EntryPoint\",\"urlTemplate\":\"https:\\\/\\\/www.btv.md\\\/?s={search_term_string}\"},\"query-input\":{\"@type\":\"PropertyValueSpecification\",\"valueRequired\":true,\"valueName\":\"search_term_string\"}}],\"inLanguage\":\"ro-RO\"},{\"@type\":\"Person\",\"@id\":\"https:\\\/\\\/www.btv.md\\\/#\\\/schema\\\/person\\\/8fadce81561b3ce2c34c46dadc4ccbf2\",\"name\":\"admin\"}]}<\/script>\n<!-- \/ Yoast SEO plugin. -->","yoast_head_json":{"title":"ACCIDENT RUTIER L\u00c2NG\u0102 B\u0102L\u021aI: UN B\u0102RBAT A MURIT, DOI COPII AU AJUNS LA SPITAL - BTV","robots":{"index":"index","follow":"follow","max-snippet":"max-snippet:-1","max-image-preview":"max-image-preview:large","max-video-preview":"max-video-preview:-1"},"canonical":"https:\/\/www.btv.md\/ro\/accident-rutier-langa-balti-un-barbat-a-murit-doi-copii-au-ajuns-la-spital\/","og_locale":"ro_RO","og_type":"article","og_title":"ACCIDENT RUTIER L\u00c2NG\u0102 B\u0102L\u021aI: UN B\u0102RBAT A MURIT, DOI COPII AU AJUNS LA SPITAL","og_description":"O persoan\u0103 a murit \u0219i alte cinci au ajuns la spitalul din B\u0103l\u021bi, \u00een urma unui accident rutier produs \u00een apropiere de satul Corl\u0103teni raionul R\u00e2\u0219cani.\u00a0 Tragedia\u00a0 a avut loc duminic\u0103, 25 decembrie, aproximativ la\u00a0 ora 17.00. Potrivit ofi\u021berului de pres\u0103 al Inspectoartului de Poli\u021bie din raionul R\u00ee\u0219cani, Olga Chistol, o ma\u0219in\u0103 de marc\u0103 Dacia [&hellip;]","og_url":"https:\/\/www.btv.md\/ro\/accident-rutier-langa-balti-un-barbat-a-murit-doi-copii-au-ajuns-la-spital\/","og_site_name":"BTV","article_publisher":"https:\/\/www.facebook.com\/btvmoldova\/","article_published_time":"2016-12-26T16:48:17+00:00","article_modified_time":"2019-04-01T09:34:57+00:00","og_image":[{"width":640,"height":360,"url":"https:\/\/www.btv.md\/wp-content\/uploads\/2016\/12\/1.mp4_snapshot_12.38_2016.12.26_19.46.12.jpg","type":"image\/jpeg"}],"author":"admin","twitter_misc":{"Scris de":"admin","Timp estimat pentru citire":"1 minut"},"schema":{"@context":"https:\/\/schema.org","@graph":[{"@type":"Article","@id":"https:\/\/www.btv.md\/ro\/accident-rutier-langa-balti-un-barbat-a-murit-doi-copii-au-ajuns-la-spital\/#article","isPartOf":{"@id":"https:\/\/www.btv.md\/ro\/accident-rutier-langa-balti-un-barbat-a-murit-doi-copii-au-ajuns-la-spital\/"},"author":{"name":"admin","@id":"https:\/\/www.btv.md\/#\/schema\/person\/8fadce81561b3ce2c34c46dadc4ccbf2"},"headline":"ACCIDENT RUTIER L\u00c2NG\u0102 B\u0102L\u021aI: UN B\u0102RBAT A MURIT, DOI COPII AU AJUNS LA SPITAL","datePublished":"2016-12-26T16:48:17+00:00","dateModified":"2019-04-01T09:34:57+00:00","mainEntityOfPage":{"@id":"https:\/\/www.btv.md\/ro\/accident-rutier-langa-balti-un-barbat-a-murit-doi-copii-au-ajuns-la-spital\/"},"wordCount":190,"image":{"@id":"https:\/\/www.btv.md\/ro\/accident-rutier-langa-balti-un-barbat-a-murit-doi-copii-au-ajuns-la-spital\/#primaryimage"},"thumbnailUrl":"https:\/\/www.btv.md\/wp-content\/uploads\/2016\/12\/1.mp4_snapshot_12.38_2016.12.26_19.46.12.jpg","articleSection":["Incidente"],"inLanguage":"ro-RO"},{"@type":"WebPage","@id":"https:\/\/www.btv.md\/ro\/accident-rutier-langa-balti-un-barbat-a-murit-doi-copii-au-ajuns-la-spital\/","url":"https:\/\/www.btv.md\/ro\/accident-rutier-langa-balti-un-barbat-a-murit-doi-copii-au-ajuns-la-spital\/","name":"ACCIDENT RUTIER L\u00c2NG\u0102 B\u0102L\u021aI: UN B\u0102RBAT A MURIT, DOI COPII AU AJUNS LA SPITAL - BTV","isPartOf":{"@id":"https:\/\/www.btv.md\/#website"},"primaryImageOfPage":{"@id":"https:\/\/www.btv.md\/ro\/accident-rutier-langa-balti-un-barbat-a-murit-doi-copii-au-ajuns-la-spital\/#primaryimage"},"image":{"@id":"https:\/\/www.btv.md\/ro\/accident-rutier-langa-balti-un-barbat-a-murit-doi-copii-au-ajuns-la-spital\/#primaryimage"},"thumbnailUrl":"https:\/\/www.btv.md\/wp-content\/uploads\/2016\/12\/1.mp4_snapshot_12.38_2016.12.26_19.46.12.jpg","datePublished":"2016-12-26T16:48:17+00:00","dateModified":"2019-04-01T09:34:57+00:00","author":{"@id":"https:\/\/www.btv.md\/#\/schema\/person\/8fadce81561b3ce2c34c46dadc4ccbf2"},"inLanguage":"ro-RO","potentialAction":[{"@type":"ReadAction","target":["https:\/\/www.btv.md\/ro\/accident-rutier-langa-balti-un-barbat-a-murit-doi-copii-au-ajuns-la-spital\/"]}]},{"@type":"ImageObject","inLanguage":"ro-RO","@id":"https:\/\/www.btv.md\/ro\/accident-rutier-langa-balti-un-barbat-a-murit-doi-copii-au-ajuns-la-spital\/#primaryimage","url":"https:\/\/www.btv.md\/wp-content\/uploads\/2016\/12\/1.mp4_snapshot_12.38_2016.12.26_19.46.12.jpg","contentUrl":"https:\/\/www.btv.md\/wp-content\/uploads\/2016\/12\/1.mp4_snapshot_12.38_2016.12.26_19.46.12.jpg","width":640,"height":360},{"@type":"WebSite","@id":"https:\/\/www.btv.md\/#website","url":"https:\/\/www.btv.md\/","name":"BTV","description":"\u0411\u0435\u043b\u044c\u0446\u043a\u043e\u0435 \u0442\u0435\u043b\u0435\u0432\u0438\u0434\u0435\u043d\u0438\u0435","potentialAction":[{"@type":"SearchAction","target":{"@type":"EntryPoint","urlTemplate":"https:\/\/www.btv.md\/?s={search_term_string}"},"query-input":{"@type":"PropertyValueSpecification","valueRequired":true,"valueName":"search_term_string"}}],"inLanguage":"ro-RO"},{"@type":"Person","@id":"https:\/\/www.btv.md\/#\/schema\/person\/8fadce81561b3ce2c34c46dadc4ccbf2","name":"admin"}]}},"_links":{"self":[{"href":"https:\/\/www.btv.md\/ro\/wp-json\/wp\/v2\/posts\/56311","targetHints":{"allow":["GET"]}}],"collection":[{"href":"https:\/\/www.btv.md\/ro\/wp-json\/wp\/v2\/posts"}],"about":[{"href":"https:\/\/www.btv.md\/ro\/wp-json\/wp\/v2\/types\/post"}],"author":[{"embeddable":true,"href":"https:\/\/www.btv.md\/ro\/wp-json\/wp\/v2\/users\/4"}],"replies":[{"embeddable":true,"href":"https:\/\/www.btv.md\/ro\/wp-json\/wp\/v2\/comments?post=56311"}],"version-history":[{"count":0,"href":"https:\/\/www.btv.md\/ro\/wp-json\/wp\/v2\/posts\/56311\/revisions"}],"wp:featuredmedia":[{"embeddable":true,"href":"https:\/\/www.btv.md\/ro\/wp-json\/wp\/v2\/media\/56314"}],"wp:attachment":[{"href":"https:\/\/www.btv.md\/ro\/wp-json\/wp\/v2\/media?parent=56311"}],"wp:term":[{"taxonomy":"category","embeddable":true,"href":"https:\/\/www.btv.md\/ro\/wp-json\/wp\/v2\/categories?post=56311"},{"taxonomy":"post_tag","embeddable":true,"href":"https:\/\/www.btv.md\/ro\/wp-json\/wp\/v2\/tags?post=56311"}],"curies":[{"name":"wp","href":"https:\/\/api.w.org\/{rel}","templated":true}]}}