{"id":56425,"date":"2016-12-09T20:05:41","date_gmt":"2016-12-09T17:05:41","guid":{"rendered":"http:\/\/www.btv.md\/v-beltskih-doshkolnyh-uchrezhdeniyah-vsyo-menshe-molodyh-spetsialistov\/"},"modified":"2019-04-01T13:04:22","modified_gmt":"2019-04-01T10:04:22","slug":"mai-putini-tineri-specialisti-in-institutiile-prescolare","status":"publish","type":"post","link":"https:\/\/www.btv.md\/ro\/mai-putini-tineri-specialisti-in-institutiile-prescolare\/","title":{"rendered":"MAI  PU\u0162INI  TINERI  SPECIALI\u015eTI  \u00ceN  INSTITU\u0162IILE  PRE\u015eCOLARE"},"content":{"rendered":"<p><strong>\u00cen gr\u0103dini\u0163ile din B\u0103l\u0163i, aproape 60% din cadrele didactice au experien\u021b\u0103 de munc\u0103 de aproape 20 de ani. Asta arat\u0103 datele statistice ale autorit\u0103\u021bilor publice locale, care mai denot\u0103 faptul c\u0103 municipiul \u00eenregistreaz\u0103 un deficit de circa 14% de cadre didactice \u00een acest domeniu.<\/strong><\/p>\n<p><iframe width=\"1170\" height=\"878\" data-src=\"https:\/\/www.youtube.com\/embed\/WjOj4I67gtc?wmode=transparent&amp;rel=0&amp;feature=oembed\" frameborder=\"0\" allow=\"accelerometer; autoplay; encrypted-media; gyroscope; picture-in-picture\" allowfullscreen src=\"data:image\/svg+xml;base64,PHN2ZyB3aWR0aD0iMSIgaGVpZ2h0PSIxIiB4bWxucz0iaHR0cDovL3d3dy53My5vcmcvMjAwMC9zdmciPjwvc3ZnPg==\" class=\"lazyload\" data-load-mode=\"1\"><\/iframe><\/p>\n<p>\u00cen gr\u0103dini\u0163a nr. 43 din B\u0103l\u0163i activeaz\u0103 21 de educatori, 13 din ei au trecut pragul de 40 de ani. \u00cen ultimii doi ani institu\u0163ia a angajat 8 speciali\u015fti tineri. Un astfel de rezultat le-a reu\u015fit dup\u0103 ce gradini\u0163a a semnat un acord de colaborare cu Universitatea de Stat \u201eAlecu Russo\u201d.<\/p>\n<p>\u00cen institu\u0163iile pre\u015fcolare din B\u0103l\u021bi sunt \u00eenscri\u015fi peste 6000 de copiii, la fiecare cadru didactic revenind c\u00e2te 15.<\/p>\n<p>\u00cen ora\u015f activeaz\u0103 35 de gr\u0103dini\u0163e.<\/p>\n","protected":false},"excerpt":{"rendered":"<p>\u00cen gr\u0103dini\u0163ile din B\u0103l\u0163i, aproape 60% din cadrele didactice au experien\u021b\u0103 de munc\u0103 de aproape 20 de ani. Asta arat\u0103 datele statistice ale autorit\u0103\u021bilor publice locale, care mai denot\u0103 faptul c\u0103 municipiul \u00eenregistreaz\u0103 un deficit de circa 14% de cadre didactice \u00een acest domeniu. \u00cen gr\u0103dini\u0163a nr. 43 din B\u0103l\u0163i activeaz\u0103 21 de educatori, 13 [&hellip;]<\/p>\n","protected":false},"author":4,"featured_media":56428,"comment_status":"closed","ping_status":"closed","sticky":false,"template":"","format":"standard","meta":{"footnotes":""},"categories":[6353],"tags":[],"class_list":["post-56425","post","type-post","status-publish","format-standard","has-post-thumbnail","hentry","category-oras"],"yoast_head":"<!-- This site is optimized with the Yoast SEO plugin v27.4 - https:\/\/yoast.com\/product\/yoast-seo-wordpress\/ -->\n<title>MAI PU\u0162INI TINERI SPECIALI\u015eTI \u00ceN INSTITU\u0162IILE PRE\u015eCOLARE - BTV<\/title>\n<meta name=\"robots\" content=\"index, follow, max-snippet:-1, max-image-preview:large, max-video-preview:-1\" \/>\n<link rel=\"canonical\" href=\"https:\/\/www.btv.md\/ro\/mai-putini-tineri-specialisti-in-institutiile-prescolare\/\" \/>\n<meta property=\"og:locale\" content=\"ro_RO\" \/>\n<meta property=\"og:type\" content=\"article\" \/>\n<meta property=\"og:title\" content=\"MAI PU\u0162INI TINERI SPECIALI\u015eTI \u00ceN INSTITU\u0162IILE PRE\u015eCOLARE - BTV\" \/>\n<meta property=\"og:description\" content=\"\u00cen gr\u0103dini\u0163ile din B\u0103l\u0163i, aproape 60% din cadrele didactice au experien\u021b\u0103 de munc\u0103 de aproape 20 de ani. Asta arat\u0103 datele statistice ale autorit\u0103\u021bilor publice locale, care mai denot\u0103 faptul c\u0103 municipiul \u00eenregistreaz\u0103 un deficit de circa 14% de cadre didactice \u00een acest domeniu. \u00cen gr\u0103dini\u0163a nr. 43 din B\u0103l\u0163i activeaz\u0103 21 de educatori, 13 [&hellip;]\" \/>\n<meta property=\"og:url\" content=\"https:\/\/www.btv.md\/ro\/mai-putini-tineri-specialisti-in-institutiile-prescolare\/\" \/>\n<meta property=\"og:site_name\" content=\"BTV\" \/>\n<meta property=\"article:publisher\" content=\"https:\/\/www.facebook.com\/btvmoldova\/\" \/>\n<meta property=\"article:published_time\" content=\"2016-12-09T17:05:41+00:00\" \/>\n<meta property=\"article:modified_time\" content=\"2019-04-01T10:04:22+00:00\" \/>\n<meta property=\"og:image\" content=\"https:\/\/www.btv.md\/wp-content\/uploads\/2016\/12\/4-5.jpg\" \/>\n\t<meta property=\"og:image:width\" content=\"850\" \/>\n\t<meta property=\"og:image:height\" content=\"567\" \/>\n\t<meta property=\"og:image:type\" content=\"image\/jpeg\" \/>\n<meta name=\"author\" content=\"admin\" \/>\n<meta name=\"twitter:label1\" content=\"Scris de\" \/>\n\t<meta name=\"twitter:data1\" content=\"admin\" \/>\n\t<meta name=\"twitter:label2\" content=\"Timp estimat pentru citire\" \/>\n\t<meta name=\"twitter:data2\" content=\"1 minut\" \/>\n<script type=\"application\/ld+json\" class=\"yoast-schema-graph\">{\"@context\":\"https:\\\/\\\/schema.org\",\"@graph\":[{\"@type\":\"Article\",\"@id\":\"https:\\\/\\\/www.btv.md\\\/ro\\\/mai-putini-tineri-specialisti-in-institutiile-prescolare\\\/#article\",\"isPartOf\":{\"@id\":\"https:\\\/\\\/www.btv.md\\\/ro\\\/mai-putini-tineri-specialisti-in-institutiile-prescolare\\\/\"},\"author\":{\"name\":\"admin\",\"@id\":\"https:\\\/\\\/www.btv.md\\\/#\\\/schema\\\/person\\\/8fadce81561b3ce2c34c46dadc4ccbf2\"},\"headline\":\"MAI PU\u0162INI TINERI SPECIALI\u015eTI \u00ceN INSTITU\u0162IILE PRE\u015eCOLARE\",\"datePublished\":\"2016-12-09T17:05:41+00:00\",\"dateModified\":\"2019-04-01T10:04:22+00:00\",\"mainEntityOfPage\":{\"@id\":\"https:\\\/\\\/www.btv.md\\\/ro\\\/mai-putini-tineri-specialisti-in-institutiile-prescolare\\\/\"},\"wordCount\":146,\"image\":{\"@id\":\"https:\\\/\\\/www.btv.md\\\/ro\\\/mai-putini-tineri-specialisti-in-institutiile-prescolare\\\/#primaryimage\"},\"thumbnailUrl\":\"https:\\\/\\\/www.btv.md\\\/wp-content\\\/uploads\\\/2016\\\/12\\\/4-5.jpg\",\"articleSection\":[\"Ora\u0219\"],\"inLanguage\":\"ro-RO\"},{\"@type\":\"WebPage\",\"@id\":\"https:\\\/\\\/www.btv.md\\\/ro\\\/mai-putini-tineri-specialisti-in-institutiile-prescolare\\\/\",\"url\":\"https:\\\/\\\/www.btv.md\\\/ro\\\/mai-putini-tineri-specialisti-in-institutiile-prescolare\\\/\",\"name\":\"MAI PU\u0162INI TINERI SPECIALI\u015eTI \u00ceN INSTITU\u0162IILE PRE\u015eCOLARE - BTV\",\"isPartOf\":{\"@id\":\"https:\\\/\\\/www.btv.md\\\/#website\"},\"primaryImageOfPage\":{\"@id\":\"https:\\\/\\\/www.btv.md\\\/ro\\\/mai-putini-tineri-specialisti-in-institutiile-prescolare\\\/#primaryimage\"},\"image\":{\"@id\":\"https:\\\/\\\/www.btv.md\\\/ro\\\/mai-putini-tineri-specialisti-in-institutiile-prescolare\\\/#primaryimage\"},\"thumbnailUrl\":\"https:\\\/\\\/www.btv.md\\\/wp-content\\\/uploads\\\/2016\\\/12\\\/4-5.jpg\",\"datePublished\":\"2016-12-09T17:05:41+00:00\",\"dateModified\":\"2019-04-01T10:04:22+00:00\",\"author\":{\"@id\":\"https:\\\/\\\/www.btv.md\\\/#\\\/schema\\\/person\\\/8fadce81561b3ce2c34c46dadc4ccbf2\"},\"inLanguage\":\"ro-RO\",\"potentialAction\":[{\"@type\":\"ReadAction\",\"target\":[\"https:\\\/\\\/www.btv.md\\\/ro\\\/mai-putini-tineri-specialisti-in-institutiile-prescolare\\\/\"]}]},{\"@type\":\"ImageObject\",\"inLanguage\":\"ro-RO\",\"@id\":\"https:\\\/\\\/www.btv.md\\\/ro\\\/mai-putini-tineri-specialisti-in-institutiile-prescolare\\\/#primaryimage\",\"url\":\"https:\\\/\\\/www.btv.md\\\/wp-content\\\/uploads\\\/2016\\\/12\\\/4-5.jpg\",\"contentUrl\":\"https:\\\/\\\/www.btv.md\\\/wp-content\\\/uploads\\\/2016\\\/12\\\/4-5.jpg\",\"width\":850,\"height\":567},{\"@type\":\"WebSite\",\"@id\":\"https:\\\/\\\/www.btv.md\\\/#website\",\"url\":\"https:\\\/\\\/www.btv.md\\\/\",\"name\":\"BTV\",\"description\":\"\u0411\u0435\u043b\u044c\u0446\u043a\u043e\u0435 \u0442\u0435\u043b\u0435\u0432\u0438\u0434\u0435\u043d\u0438\u0435\",\"potentialAction\":[{\"@type\":\"SearchAction\",\"target\":{\"@type\":\"EntryPoint\",\"urlTemplate\":\"https:\\\/\\\/www.btv.md\\\/?s={search_term_string}\"},\"query-input\":{\"@type\":\"PropertyValueSpecification\",\"valueRequired\":true,\"valueName\":\"search_term_string\"}}],\"inLanguage\":\"ro-RO\"},{\"@type\":\"Person\",\"@id\":\"https:\\\/\\\/www.btv.md\\\/#\\\/schema\\\/person\\\/8fadce81561b3ce2c34c46dadc4ccbf2\",\"name\":\"admin\"}]}<\/script>\n<!-- \/ Yoast SEO plugin. -->","yoast_head_json":{"title":"MAI PU\u0162INI TINERI SPECIALI\u015eTI \u00ceN INSTITU\u0162IILE PRE\u015eCOLARE - BTV","robots":{"index":"index","follow":"follow","max-snippet":"max-snippet:-1","max-image-preview":"max-image-preview:large","max-video-preview":"max-video-preview:-1"},"canonical":"https:\/\/www.btv.md\/ro\/mai-putini-tineri-specialisti-in-institutiile-prescolare\/","og_locale":"ro_RO","og_type":"article","og_title":"MAI PU\u0162INI TINERI SPECIALI\u015eTI \u00ceN INSTITU\u0162IILE PRE\u015eCOLARE - BTV","og_description":"\u00cen gr\u0103dini\u0163ile din B\u0103l\u0163i, aproape 60% din cadrele didactice au experien\u021b\u0103 de munc\u0103 de aproape 20 de ani. Asta arat\u0103 datele statistice ale autorit\u0103\u021bilor publice locale, care mai denot\u0103 faptul c\u0103 municipiul \u00eenregistreaz\u0103 un deficit de circa 14% de cadre didactice \u00een acest domeniu. \u00cen gr\u0103dini\u0163a nr. 43 din B\u0103l\u0163i activeaz\u0103 21 de educatori, 13 [&hellip;]","og_url":"https:\/\/www.btv.md\/ro\/mai-putini-tineri-specialisti-in-institutiile-prescolare\/","og_site_name":"BTV","article_publisher":"https:\/\/www.facebook.com\/btvmoldova\/","article_published_time":"2016-12-09T17:05:41+00:00","article_modified_time":"2019-04-01T10:04:22+00:00","og_image":[{"width":850,"height":567,"url":"https:\/\/www.btv.md\/wp-content\/uploads\/2016\/12\/4-5.jpg","type":"image\/jpeg"}],"author":"admin","twitter_misc":{"Scris de":"admin","Timp estimat pentru citire":"1 minut"},"schema":{"@context":"https:\/\/schema.org","@graph":[{"@type":"Article","@id":"https:\/\/www.btv.md\/ro\/mai-putini-tineri-specialisti-in-institutiile-prescolare\/#article","isPartOf":{"@id":"https:\/\/www.btv.md\/ro\/mai-putini-tineri-specialisti-in-institutiile-prescolare\/"},"author":{"name":"admin","@id":"https:\/\/www.btv.md\/#\/schema\/person\/8fadce81561b3ce2c34c46dadc4ccbf2"},"headline":"MAI PU\u0162INI TINERI SPECIALI\u015eTI \u00ceN INSTITU\u0162IILE PRE\u015eCOLARE","datePublished":"2016-12-09T17:05:41+00:00","dateModified":"2019-04-01T10:04:22+00:00","mainEntityOfPage":{"@id":"https:\/\/www.btv.md\/ro\/mai-putini-tineri-specialisti-in-institutiile-prescolare\/"},"wordCount":146,"image":{"@id":"https:\/\/www.btv.md\/ro\/mai-putini-tineri-specialisti-in-institutiile-prescolare\/#primaryimage"},"thumbnailUrl":"https:\/\/www.btv.md\/wp-content\/uploads\/2016\/12\/4-5.jpg","articleSection":["Ora\u0219"],"inLanguage":"ro-RO"},{"@type":"WebPage","@id":"https:\/\/www.btv.md\/ro\/mai-putini-tineri-specialisti-in-institutiile-prescolare\/","url":"https:\/\/www.btv.md\/ro\/mai-putini-tineri-specialisti-in-institutiile-prescolare\/","name":"MAI PU\u0162INI TINERI SPECIALI\u015eTI \u00ceN INSTITU\u0162IILE PRE\u015eCOLARE - BTV","isPartOf":{"@id":"https:\/\/www.btv.md\/#website"},"primaryImageOfPage":{"@id":"https:\/\/www.btv.md\/ro\/mai-putini-tineri-specialisti-in-institutiile-prescolare\/#primaryimage"},"image":{"@id":"https:\/\/www.btv.md\/ro\/mai-putini-tineri-specialisti-in-institutiile-prescolare\/#primaryimage"},"thumbnailUrl":"https:\/\/www.btv.md\/wp-content\/uploads\/2016\/12\/4-5.jpg","datePublished":"2016-12-09T17:05:41+00:00","dateModified":"2019-04-01T10:04:22+00:00","author":{"@id":"https:\/\/www.btv.md\/#\/schema\/person\/8fadce81561b3ce2c34c46dadc4ccbf2"},"inLanguage":"ro-RO","potentialAction":[{"@type":"ReadAction","target":["https:\/\/www.btv.md\/ro\/mai-putini-tineri-specialisti-in-institutiile-prescolare\/"]}]},{"@type":"ImageObject","inLanguage":"ro-RO","@id":"https:\/\/www.btv.md\/ro\/mai-putini-tineri-specialisti-in-institutiile-prescolare\/#primaryimage","url":"https:\/\/www.btv.md\/wp-content\/uploads\/2016\/12\/4-5.jpg","contentUrl":"https:\/\/www.btv.md\/wp-content\/uploads\/2016\/12\/4-5.jpg","width":850,"height":567},{"@type":"WebSite","@id":"https:\/\/www.btv.md\/#website","url":"https:\/\/www.btv.md\/","name":"BTV","description":"\u0411\u0435\u043b\u044c\u0446\u043a\u043e\u0435 \u0442\u0435\u043b\u0435\u0432\u0438\u0434\u0435\u043d\u0438\u0435","potentialAction":[{"@type":"SearchAction","target":{"@type":"EntryPoint","urlTemplate":"https:\/\/www.btv.md\/?s={search_term_string}"},"query-input":{"@type":"PropertyValueSpecification","valueRequired":true,"valueName":"search_term_string"}}],"inLanguage":"ro-RO"},{"@type":"Person","@id":"https:\/\/www.btv.md\/#\/schema\/person\/8fadce81561b3ce2c34c46dadc4ccbf2","name":"admin"}]}},"_links":{"self":[{"href":"https:\/\/www.btv.md\/ro\/wp-json\/wp\/v2\/posts\/56425","targetHints":{"allow":["GET"]}}],"collection":[{"href":"https:\/\/www.btv.md\/ro\/wp-json\/wp\/v2\/posts"}],"about":[{"href":"https:\/\/www.btv.md\/ro\/wp-json\/wp\/v2\/types\/post"}],"author":[{"embeddable":true,"href":"https:\/\/www.btv.md\/ro\/wp-json\/wp\/v2\/users\/4"}],"replies":[{"embeddable":true,"href":"https:\/\/www.btv.md\/ro\/wp-json\/wp\/v2\/comments?post=56425"}],"version-history":[{"count":0,"href":"https:\/\/www.btv.md\/ro\/wp-json\/wp\/v2\/posts\/56425\/revisions"}],"wp:featuredmedia":[{"embeddable":true,"href":"https:\/\/www.btv.md\/ro\/wp-json\/wp\/v2\/media\/56428"}],"wp:attachment":[{"href":"https:\/\/www.btv.md\/ro\/wp-json\/wp\/v2\/media?parent=56425"}],"wp:term":[{"taxonomy":"category","embeddable":true,"href":"https:\/\/www.btv.md\/ro\/wp-json\/wp\/v2\/categories?post=56425"},{"taxonomy":"post_tag","embeddable":true,"href":"https:\/\/www.btv.md\/ro\/wp-json\/wp\/v2\/tags?post=56425"}],"curies":[{"name":"wp","href":"https:\/\/api.w.org\/{rel}","templated":true}]}}