{"id":60588,"date":"2019-09-05T16:14:10","date_gmt":"2019-09-05T13:14:10","guid":{"rendered":"http:\/\/www.btv.md\/?p=60588"},"modified":"2019-09-05T16:14:10","modified_gmt":"2019-09-05T13:14:10","slug":"competitie-pe-lacul-ghidighici-salvatorii-participa-la-turneul-de-poliatlon","status":"publish","type":"post","link":"https:\/\/www.btv.md\/ro\/competitie-pe-lacul-ghidighici-salvatorii-participa-la-turneul-de-poliatlon\/","title":{"rendered":"Competi\u021bie pe lacul Ghidighici: Salvatorii particip\u0103 la turneul de poliatlon"},"content":{"rendered":"<p><strong>Salvatorii din Republica Moldova particip\u0103 \u00een aceaste zile la o competi\u0163ie special\u0103 pe lacul Ghidighici. Competi\u0163ia pune la grea \u00eencercare to\u0163i competitorii iar multe dintre probe simuleaz\u0103 opera\u0163iunile speciale \u00een cazurile de \u00eenec, transmite\u00a0\u0218tiri.md.\u00a0<\/strong><\/p>\n<p>Peste 100 de salvatori din toate regiunile Republicii Moldova s-au \u00eenscris \u00een acest an \u00een concurs. Una dintre probe, la care ar trebui s\u0103 fac\u0103 fa\u0163\u0103 chiar \u015fi oamenii neantrena\u0163i, a fost aruncarea colacului de salvare.<\/p>\n<p>Scafandrii spun c\u0103 probele din turneu nu se compar\u0103 cu interven\u0163iile reale la care particip\u0103 salvatorii zi de zi.<\/p>\n<p>Turneu se desf\u0103\u015foar\u0103 pe parcursul a trei zile, timp \u00een care salvatorii urmeaz\u0103 s\u0103-\u015fi testeze abilit\u0103\u0163ile la 6 probe diferite. La competi\u0163ie particip\u0103 at\u00e2t salvamarii din cadrul Serviciului Situa\u0163ii Excep\u0163ionale c\u00e2t \u015fi salvamari de la sta\u0163iile de salvare din Republica Moldova.<\/p>\n<div id=\"fb-root\"><\/div>\n<p><script async=\"1\" defer=\"1\" crossorigin=\"anonymous\" src=\"https:\/\/connect.facebook.net\/de_DE\/sdk.js#xfbml=1&amp;version=v4.0\"><\/script><\/p>\n<div class=\"fb-video\" data-href=\"https:\/\/www.facebook.com\/btvmoldova\/videos\/714182699006571\/\" data-width=\"1170\">\n<blockquote cite=\"https:\/\/www.facebook.com\/btvmoldova\/videos\/714182699006571\/\" class=\"fb-xfbml-parse-ignore\"><p><a href=\"https:\/\/www.facebook.com\/btvmoldova\/videos\/714182699006571\/\">Competi\u021bie pe lacul Ghidighici: Salvatorii particip\u0103 la turneul de poliatlon<\/a><\/p>\n<p>Competi\u021bie pe lacul Ghidighici: Salvatorii particip\u0103 la turneul de poliatlon<\/p>\n<p>Gepostet von <a href=\"https:\/\/www.facebook.com\/btvmoldova\/\">\u0422\u0435\u043b\u0435\u043a\u043e\u043c\u043f\u0430\u043d\u0438\u044f BTV &#8211; Balti, \u0411\u0435\u043b\u044c\u0446\u044b<\/a> am Donnerstag, 5. September 2019<\/p><\/blockquote>\n<\/div>\n","protected":false},"excerpt":{"rendered":"<p>Salvatorii din Republica Moldova particip\u0103 \u00een aceaste zile la o competi\u0163ie special\u0103 pe lacul Ghidighici. Competi\u0163ia pune la grea \u00eencercare to\u0163i competitorii iar multe dintre probe simuleaz\u0103 opera\u0163iunile speciale \u00een cazurile de \u00eenec, transmite\u00a0\u0218tiri.md.\u00a0 Peste 100 de salvatori din toate regiunile Republicii Moldova s-au \u00eenscris \u00een acest an \u00een concurs. Una dintre probe, la care [&hellip;]<\/p>\n","protected":false},"author":4,"featured_media":60590,"comment_status":"closed","ping_status":"closed","sticky":false,"template":"","format":"standard","meta":{"footnotes":""},"categories":[6349],"tags":[7898,7897,7895,7896,7899],"class_list":["post-60588","post","type-post","status-publish","format-standard","has-post-thumbnail","hentry","category-social","tag-colacul-de-salvare","tag-competitie","tag-lacul-ghidighici","tag-poliatlon","tag-salvatori-ro"],"yoast_head":"<!-- This site is optimized with the Yoast SEO plugin v27.4 - https:\/\/yoast.com\/product\/yoast-seo-wordpress\/ -->\n<title>Competi\u021bie pe lacul Ghidighici: Salvatorii particip\u0103 la turneul de poliatlon - BTV<\/title>\n<meta name=\"robots\" content=\"index, follow, max-snippet:-1, max-image-preview:large, max-video-preview:-1\" \/>\n<link rel=\"canonical\" href=\"https:\/\/www.btv.md\/ro\/competitie-pe-lacul-ghidighici-salvatorii-participa-la-turneul-de-poliatlon\/\" \/>\n<meta property=\"og:locale\" content=\"ro_RO\" \/>\n<meta property=\"og:type\" content=\"article\" \/>\n<meta property=\"og:title\" content=\"Competi\u021bie pe lacul Ghidighici: Salvatorii particip\u0103 la turneul de poliatlon - BTV\" \/>\n<meta property=\"og:description\" content=\"Salvatorii din Republica Moldova particip\u0103 \u00een aceaste zile la o competi\u0163ie special\u0103 pe lacul Ghidighici. Competi\u0163ia pune la grea \u00eencercare to\u0163i competitorii iar multe dintre probe simuleaz\u0103 opera\u0163iunile speciale \u00een cazurile de \u00eenec, transmite\u00a0\u0218tiri.md.\u00a0 Peste 100 de salvatori din toate regiunile Republicii Moldova s-au \u00eenscris \u00een acest an \u00een concurs. Una dintre probe, la care [&hellip;]\" \/>\n<meta property=\"og:url\" content=\"https:\/\/www.btv.md\/ro\/competitie-pe-lacul-ghidighici-salvatorii-participa-la-turneul-de-poliatlon\/\" \/>\n<meta property=\"og:site_name\" content=\"BTV\" \/>\n<meta property=\"article:publisher\" content=\"https:\/\/www.facebook.com\/btvmoldova\/\" \/>\n<meta property=\"article:published_time\" content=\"2019-09-05T13:14:10+00:00\" \/>\n<meta property=\"og:image\" content=\"https:\/\/www.btv.md\/wp-content\/uploads\/2019\/09\/boat-2555755_960_720.jpg\" \/>\n\t<meta property=\"og:image:width\" content=\"960\" \/>\n\t<meta property=\"og:image:height\" content=\"637\" \/>\n\t<meta property=\"og:image:type\" content=\"image\/jpeg\" \/>\n<meta name=\"author\" content=\"admin\" \/>\n<meta name=\"twitter:label1\" content=\"Scris de\" \/>\n\t<meta name=\"twitter:data1\" content=\"admin\" \/>\n\t<meta name=\"twitter:label2\" content=\"Timp estimat pentru citire\" \/>\n\t<meta name=\"twitter:data2\" content=\"1 minut\" \/>\n<script type=\"application\/ld+json\" class=\"yoast-schema-graph\">{\"@context\":\"https:\\\/\\\/schema.org\",\"@graph\":[{\"@type\":\"Article\",\"@id\":\"https:\\\/\\\/www.btv.md\\\/ro\\\/competitie-pe-lacul-ghidighici-salvatorii-participa-la-turneul-de-poliatlon\\\/#article\",\"isPartOf\":{\"@id\":\"https:\\\/\\\/www.btv.md\\\/ro\\\/competitie-pe-lacul-ghidighici-salvatorii-participa-la-turneul-de-poliatlon\\\/\"},\"author\":{\"name\":\"admin\",\"@id\":\"https:\\\/\\\/www.btv.md\\\/#\\\/schema\\\/person\\\/8fadce81561b3ce2c34c46dadc4ccbf2\"},\"headline\":\"Competi\u021bie pe lacul Ghidighici: Salvatorii particip\u0103 la turneul de poliatlon\",\"datePublished\":\"2019-09-05T13:14:10+00:00\",\"mainEntityOfPage\":{\"@id\":\"https:\\\/\\\/www.btv.md\\\/ro\\\/competitie-pe-lacul-ghidighici-salvatorii-participa-la-turneul-de-poliatlon\\\/\"},\"wordCount\":163,\"image\":{\"@id\":\"https:\\\/\\\/www.btv.md\\\/ro\\\/competitie-pe-lacul-ghidighici-salvatorii-participa-la-turneul-de-poliatlon\\\/#primaryimage\"},\"thumbnailUrl\":\"https:\\\/\\\/www.btv.md\\\/wp-content\\\/uploads\\\/2019\\\/09\\\/boat-2555755_960_720.jpg\",\"keywords\":[\"colacul de salvare\",\"competi\u0163ie\",\"lacul Ghidighici\",\"poliatlon\",\"salvatori\"],\"articleSection\":[\"Social\"],\"inLanguage\":\"ro-RO\"},{\"@type\":\"WebPage\",\"@id\":\"https:\\\/\\\/www.btv.md\\\/ro\\\/competitie-pe-lacul-ghidighici-salvatorii-participa-la-turneul-de-poliatlon\\\/\",\"url\":\"https:\\\/\\\/www.btv.md\\\/ro\\\/competitie-pe-lacul-ghidighici-salvatorii-participa-la-turneul-de-poliatlon\\\/\",\"name\":\"Competi\u021bie pe lacul Ghidighici: Salvatorii particip\u0103 la turneul de poliatlon - BTV\",\"isPartOf\":{\"@id\":\"https:\\\/\\\/www.btv.md\\\/#website\"},\"primaryImageOfPage\":{\"@id\":\"https:\\\/\\\/www.btv.md\\\/ro\\\/competitie-pe-lacul-ghidighici-salvatorii-participa-la-turneul-de-poliatlon\\\/#primaryimage\"},\"image\":{\"@id\":\"https:\\\/\\\/www.btv.md\\\/ro\\\/competitie-pe-lacul-ghidighici-salvatorii-participa-la-turneul-de-poliatlon\\\/#primaryimage\"},\"thumbnailUrl\":\"https:\\\/\\\/www.btv.md\\\/wp-content\\\/uploads\\\/2019\\\/09\\\/boat-2555755_960_720.jpg\",\"datePublished\":\"2019-09-05T13:14:10+00:00\",\"author\":{\"@id\":\"https:\\\/\\\/www.btv.md\\\/#\\\/schema\\\/person\\\/8fadce81561b3ce2c34c46dadc4ccbf2\"},\"inLanguage\":\"ro-RO\",\"potentialAction\":[{\"@type\":\"ReadAction\",\"target\":[\"https:\\\/\\\/www.btv.md\\\/ro\\\/competitie-pe-lacul-ghidighici-salvatorii-participa-la-turneul-de-poliatlon\\\/\"]}]},{\"@type\":\"ImageObject\",\"inLanguage\":\"ro-RO\",\"@id\":\"https:\\\/\\\/www.btv.md\\\/ro\\\/competitie-pe-lacul-ghidighici-salvatorii-participa-la-turneul-de-poliatlon\\\/#primaryimage\",\"url\":\"https:\\\/\\\/www.btv.md\\\/wp-content\\\/uploads\\\/2019\\\/09\\\/boat-2555755_960_720.jpg\",\"contentUrl\":\"https:\\\/\\\/www.btv.md\\\/wp-content\\\/uploads\\\/2019\\\/09\\\/boat-2555755_960_720.jpg\",\"width\":960,\"height\":637},{\"@type\":\"WebSite\",\"@id\":\"https:\\\/\\\/www.btv.md\\\/#website\",\"url\":\"https:\\\/\\\/www.btv.md\\\/\",\"name\":\"BTV\",\"description\":\"\u0411\u0435\u043b\u044c\u0446\u043a\u043e\u0435 \u0442\u0435\u043b\u0435\u0432\u0438\u0434\u0435\u043d\u0438\u0435\",\"potentialAction\":[{\"@type\":\"SearchAction\",\"target\":{\"@type\":\"EntryPoint\",\"urlTemplate\":\"https:\\\/\\\/www.btv.md\\\/?s={search_term_string}\"},\"query-input\":{\"@type\":\"PropertyValueSpecification\",\"valueRequired\":true,\"valueName\":\"search_term_string\"}}],\"inLanguage\":\"ro-RO\"},{\"@type\":\"Person\",\"@id\":\"https:\\\/\\\/www.btv.md\\\/#\\\/schema\\\/person\\\/8fadce81561b3ce2c34c46dadc4ccbf2\",\"name\":\"admin\"}]}<\/script>\n<!-- \/ Yoast SEO plugin. -->","yoast_head_json":{"title":"Competi\u021bie pe lacul Ghidighici: Salvatorii particip\u0103 la turneul de poliatlon - BTV","robots":{"index":"index","follow":"follow","max-snippet":"max-snippet:-1","max-image-preview":"max-image-preview:large","max-video-preview":"max-video-preview:-1"},"canonical":"https:\/\/www.btv.md\/ro\/competitie-pe-lacul-ghidighici-salvatorii-participa-la-turneul-de-poliatlon\/","og_locale":"ro_RO","og_type":"article","og_title":"Competi\u021bie pe lacul Ghidighici: Salvatorii particip\u0103 la turneul de poliatlon - BTV","og_description":"Salvatorii din Republica Moldova particip\u0103 \u00een aceaste zile la o competi\u0163ie special\u0103 pe lacul Ghidighici. Competi\u0163ia pune la grea \u00eencercare to\u0163i competitorii iar multe dintre probe simuleaz\u0103 opera\u0163iunile speciale \u00een cazurile de \u00eenec, transmite\u00a0\u0218tiri.md.\u00a0 Peste 100 de salvatori din toate regiunile Republicii Moldova s-au \u00eenscris \u00een acest an \u00een concurs. Una dintre probe, la care [&hellip;]","og_url":"https:\/\/www.btv.md\/ro\/competitie-pe-lacul-ghidighici-salvatorii-participa-la-turneul-de-poliatlon\/","og_site_name":"BTV","article_publisher":"https:\/\/www.facebook.com\/btvmoldova\/","article_published_time":"2019-09-05T13:14:10+00:00","og_image":[{"width":960,"height":637,"url":"https:\/\/www.btv.md\/wp-content\/uploads\/2019\/09\/boat-2555755_960_720.jpg","type":"image\/jpeg"}],"author":"admin","twitter_misc":{"Scris de":"admin","Timp estimat pentru citire":"1 minut"},"schema":{"@context":"https:\/\/schema.org","@graph":[{"@type":"Article","@id":"https:\/\/www.btv.md\/ro\/competitie-pe-lacul-ghidighici-salvatorii-participa-la-turneul-de-poliatlon\/#article","isPartOf":{"@id":"https:\/\/www.btv.md\/ro\/competitie-pe-lacul-ghidighici-salvatorii-participa-la-turneul-de-poliatlon\/"},"author":{"name":"admin","@id":"https:\/\/www.btv.md\/#\/schema\/person\/8fadce81561b3ce2c34c46dadc4ccbf2"},"headline":"Competi\u021bie pe lacul Ghidighici: Salvatorii particip\u0103 la turneul de poliatlon","datePublished":"2019-09-05T13:14:10+00:00","mainEntityOfPage":{"@id":"https:\/\/www.btv.md\/ro\/competitie-pe-lacul-ghidighici-salvatorii-participa-la-turneul-de-poliatlon\/"},"wordCount":163,"image":{"@id":"https:\/\/www.btv.md\/ro\/competitie-pe-lacul-ghidighici-salvatorii-participa-la-turneul-de-poliatlon\/#primaryimage"},"thumbnailUrl":"https:\/\/www.btv.md\/wp-content\/uploads\/2019\/09\/boat-2555755_960_720.jpg","keywords":["colacul de salvare","competi\u0163ie","lacul Ghidighici","poliatlon","salvatori"],"articleSection":["Social"],"inLanguage":"ro-RO"},{"@type":"WebPage","@id":"https:\/\/www.btv.md\/ro\/competitie-pe-lacul-ghidighici-salvatorii-participa-la-turneul-de-poliatlon\/","url":"https:\/\/www.btv.md\/ro\/competitie-pe-lacul-ghidighici-salvatorii-participa-la-turneul-de-poliatlon\/","name":"Competi\u021bie pe lacul Ghidighici: Salvatorii particip\u0103 la turneul de poliatlon - BTV","isPartOf":{"@id":"https:\/\/www.btv.md\/#website"},"primaryImageOfPage":{"@id":"https:\/\/www.btv.md\/ro\/competitie-pe-lacul-ghidighici-salvatorii-participa-la-turneul-de-poliatlon\/#primaryimage"},"image":{"@id":"https:\/\/www.btv.md\/ro\/competitie-pe-lacul-ghidighici-salvatorii-participa-la-turneul-de-poliatlon\/#primaryimage"},"thumbnailUrl":"https:\/\/www.btv.md\/wp-content\/uploads\/2019\/09\/boat-2555755_960_720.jpg","datePublished":"2019-09-05T13:14:10+00:00","author":{"@id":"https:\/\/www.btv.md\/#\/schema\/person\/8fadce81561b3ce2c34c46dadc4ccbf2"},"inLanguage":"ro-RO","potentialAction":[{"@type":"ReadAction","target":["https:\/\/www.btv.md\/ro\/competitie-pe-lacul-ghidighici-salvatorii-participa-la-turneul-de-poliatlon\/"]}]},{"@type":"ImageObject","inLanguage":"ro-RO","@id":"https:\/\/www.btv.md\/ro\/competitie-pe-lacul-ghidighici-salvatorii-participa-la-turneul-de-poliatlon\/#primaryimage","url":"https:\/\/www.btv.md\/wp-content\/uploads\/2019\/09\/boat-2555755_960_720.jpg","contentUrl":"https:\/\/www.btv.md\/wp-content\/uploads\/2019\/09\/boat-2555755_960_720.jpg","width":960,"height":637},{"@type":"WebSite","@id":"https:\/\/www.btv.md\/#website","url":"https:\/\/www.btv.md\/","name":"BTV","description":"\u0411\u0435\u043b\u044c\u0446\u043a\u043e\u0435 \u0442\u0435\u043b\u0435\u0432\u0438\u0434\u0435\u043d\u0438\u0435","potentialAction":[{"@type":"SearchAction","target":{"@type":"EntryPoint","urlTemplate":"https:\/\/www.btv.md\/?s={search_term_string}"},"query-input":{"@type":"PropertyValueSpecification","valueRequired":true,"valueName":"search_term_string"}}],"inLanguage":"ro-RO"},{"@type":"Person","@id":"https:\/\/www.btv.md\/#\/schema\/person\/8fadce81561b3ce2c34c46dadc4ccbf2","name":"admin"}]}},"_links":{"self":[{"href":"https:\/\/www.btv.md\/ro\/wp-json\/wp\/v2\/posts\/60588","targetHints":{"allow":["GET"]}}],"collection":[{"href":"https:\/\/www.btv.md\/ro\/wp-json\/wp\/v2\/posts"}],"about":[{"href":"https:\/\/www.btv.md\/ro\/wp-json\/wp\/v2\/types\/post"}],"author":[{"embeddable":true,"href":"https:\/\/www.btv.md\/ro\/wp-json\/wp\/v2\/users\/4"}],"replies":[{"embeddable":true,"href":"https:\/\/www.btv.md\/ro\/wp-json\/wp\/v2\/comments?post=60588"}],"version-history":[{"count":0,"href":"https:\/\/www.btv.md\/ro\/wp-json\/wp\/v2\/posts\/60588\/revisions"}],"wp:featuredmedia":[{"embeddable":true,"href":"https:\/\/www.btv.md\/ro\/wp-json\/wp\/v2\/media\/60590"}],"wp:attachment":[{"href":"https:\/\/www.btv.md\/ro\/wp-json\/wp\/v2\/media?parent=60588"}],"wp:term":[{"taxonomy":"category","embeddable":true,"href":"https:\/\/www.btv.md\/ro\/wp-json\/wp\/v2\/categories?post=60588"},{"taxonomy":"post_tag","embeddable":true,"href":"https:\/\/www.btv.md\/ro\/wp-json\/wp\/v2\/tags?post=60588"}],"curies":[{"name":"wp","href":"https:\/\/api.w.org\/{rel}","templated":true}]}}