{"id":60699,"date":"2019-09-09T12:24:30","date_gmt":"2019-09-09T09:24:30","guid":{"rendered":"http:\/\/www.btv.md\/?p=60699"},"modified":"2019-09-09T12:24:30","modified_gmt":"2019-09-09T09:24:30","slug":"sandu-exista-riscul-sa-ramanem-fara-gazul-rusesc-dupa-1-ianuarie","status":"publish","type":"post","link":"https:\/\/www.btv.md\/ro\/sandu-exista-riscul-sa-ramanem-fara-gazul-rusesc-dupa-1-ianuarie\/","title":{"rendered":"Sandu: Exist\u0103 riscul s\u0103 r\u0103m\u00e2nem f\u0103r\u0103 gazul rusesc dup\u0103 1 ianuarie"},"content":{"rendered":"<p><strong>Prim-ministrul Maia Sandu spune c\u0103 exist\u0103 riscul ca de la 1 ianuarie 2020 Republica Moldova s\u0103 r\u0103m\u00e2n\u0103 f\u0103r\u0103 gazul rusesc, dac\u0103 Ucraina va interzice tranzitarea acestuia pe teritoriul s\u0103u.<\/strong><\/p>\n<p>\u0218efa cabinetului de mini\u0219tri spune c\u0103 este o situa\u021bie serioas\u0103, dar c\u0103 Guvernul se preg\u0103te\u0219te pentru aceasta \u0219i are solu\u021bii tehnice, transmite<a href=\"https:\/\/ipn.md\/\">\u00a0IPN<\/a>.<\/p>\n<p>Declara\u021bia a fost f\u0103cut\u0103 \u00een cadrul emisiunii \u201e\u00cen profunzime\u201d de la postul de televiziune Pro TV Chi\u0219in\u0103u.<\/p>\n<p>\u201e<em>Avem solu\u021biile cum s\u0103 asigur\u0103m \u021bara cu gaze naturale. Una dintre ele este s\u0103 depozit\u0103m gaze naturale \u00een Ucraina, s\u0103 le cump\u0103r\u0103m mai devreme, la un pre\u021b mai mic pentru c\u0103 \u00een iarn\u0103 va fi mai mare. Discut\u0103m inclusiv identificarea resurselor financiare pentru c\u0103 va fi nevoie de resurse financiare substan\u021biale ca s\u0103 facem acest lucru<\/em>\u201d, a afirmat Maia Sandu.<\/p>\n<p>Potrivit ei, mai exist\u0103 \u0219i alte op\u021biuni, dar acestea depind de faptul dac\u0103 celelalte \u021b\u0103ri, care trebuie s\u0103 finalizeze anumite proiecte, vor reu\u0219i p\u00e2n\u0103 la sf\u00e2r\u0219itul anului.<\/p>\n<p>\u201e<em>Discut\u0103m inclusiv cu UE. Toat\u0103 lumea \u00een\u021belege c\u0103 situa\u021bia este complicat\u0103 \u0219i cu siguran\u021b\u0103 vom avea aceste solu\u021bii tehnice, doar c\u0103 va fi o situa\u021bie complicat\u0103 pentru noi: vom avea nevoie de bani suplimentari. Nu vom r\u0103m\u00e2ne f\u0103r\u0103 gaz<\/em>\u201d, a continuat \u0219efa cabinetului de mini\u0219tri.<\/p>\n<p>Totodat\u0103, prim-ministra spune c\u0103 gazoductul Ia\u0219i-Chi\u0219in\u0103u este o alternativ\u0103 doar pentru trei raioane. Adic\u0103, dac\u0103 ar func\u021biona la capacitate deplin\u0103, s-ar putea asigura trei raioane din Republica Moldova cu gaz.<\/p>\n<div id=\"fb-root\"><\/div>\n<p><script async=\"1\" defer=\"1\" crossorigin=\"anonymous\" src=\"https:\/\/connect.facebook.net\/de_DE\/sdk.js#xfbml=1&amp;version=v4.0\"><\/script><\/p>\n<div class=\"fb-video\" data-href=\"https:\/\/www.facebook.com\/btvmoldova\/videos\/2444646612240352\/\" data-width=\"1170\">\n<blockquote cite=\"https:\/\/www.facebook.com\/btvmoldova\/videos\/2444646612240352\/\" class=\"fb-xfbml-parse-ignore\"><p><a href=\"https:\/\/www.facebook.com\/btvmoldova\/videos\/2444646612240352\/\">Sandu: Exist\u0103 riscul s\u0103 r\u0103m\u00e2nem f\u0103r\u0103 gazul rusesc dup\u0103 1 ianuarie<\/a><\/p>\n<p>Sandu: Exist\u0103 riscul s\u0103 r\u0103m\u00e2nem f\u0103r\u0103 gazul rusesc dup\u0103 1 ianuarie<\/p>\n<p>Gepostet von <a href=\"https:\/\/www.facebook.com\/btvmoldova\/\">\u0422\u0435\u043b\u0435\u043a\u043e\u043c\u043f\u0430\u043d\u0438\u044f BTV &#8211; Balti, \u0411\u0435\u043b\u044c\u0446\u044b<\/a> am Freitag, 6. September 2019<\/p><\/blockquote>\n<\/div>\n","protected":false},"excerpt":{"rendered":"<p>Prim-ministrul Maia Sandu spune c\u0103 exist\u0103 riscul ca de la 1 ianuarie 2020 Republica Moldova s\u0103 r\u0103m\u00e2n\u0103 f\u0103r\u0103 gazul rusesc, dac\u0103 Ucraina va interzice tranzitarea acestuia pe teritoriul s\u0103u. \u0218efa cabinetului de mini\u0219tri spune c\u0103 este o situa\u021bie serioas\u0103, dar c\u0103 Guvernul se preg\u0103te\u0219te pentru aceasta \u0219i are solu\u021bii tehnice, transmite\u00a0IPN. Declara\u021bia a fost f\u0103cut\u0103 [&hellip;]<\/p>\n","protected":false},"author":4,"featured_media":60701,"comment_status":"closed","ping_status":"closed","sticky":false,"template":"","format":"standard","meta":{"footnotes":""},"categories":[6369,6349,6377],"tags":[7942,7683,7943,7944],"class_list":["post-60699","post","type-post","status-publish","format-standard","has-post-thumbnail","hentry","category-economie-ro","category-social","category-stiri","tag-gazul-rusesc","tag-maia-sandu-ro","tag-prim-ministrul","tag-gaz-ro"],"yoast_head":"<!-- This site is optimized with the Yoast SEO plugin v27.4 - https:\/\/yoast.com\/product\/yoast-seo-wordpress\/ -->\n<title>Sandu: Exist\u0103 riscul s\u0103 r\u0103m\u00e2nem f\u0103r\u0103 gazul rusesc dup\u0103 1 ianuarie - BTV<\/title>\n<meta name=\"robots\" content=\"index, follow, max-snippet:-1, max-image-preview:large, max-video-preview:-1\" \/>\n<link rel=\"canonical\" href=\"https:\/\/www.btv.md\/ro\/amp\/sandu-exista-riscul-sa-ramanem-fara-gazul-rusesc-dupa-1-ianuarie\/\" \/>\n<meta property=\"og:locale\" content=\"ro_RO\" \/>\n<meta property=\"og:type\" content=\"article\" \/>\n<meta property=\"og:title\" content=\"Sandu: Exist\u0103 riscul s\u0103 r\u0103m\u00e2nem f\u0103r\u0103 gazul rusesc dup\u0103 1 ianuarie - BTV\" \/>\n<meta property=\"og:description\" content=\"Prim-ministrul Maia Sandu spune c\u0103 exist\u0103 riscul ca de la 1 ianuarie 2020 Republica Moldova s\u0103 r\u0103m\u00e2n\u0103 f\u0103r\u0103 gazul rusesc, dac\u0103 Ucraina va interzice tranzitarea acestuia pe teritoriul s\u0103u. \u0218efa cabinetului de mini\u0219tri spune c\u0103 este o situa\u021bie serioas\u0103, dar c\u0103 Guvernul se preg\u0103te\u0219te pentru aceasta \u0219i are solu\u021bii tehnice, transmite\u00a0IPN. Declara\u021bia a fost f\u0103cut\u0103 [&hellip;]\" \/>\n<meta property=\"og:url\" content=\"https:\/\/www.btv.md\/ro\/amp\/sandu-exista-riscul-sa-ramanem-fara-gazul-rusesc-dupa-1-ianuarie\/\" \/>\n<meta property=\"og:site_name\" content=\"BTV\" \/>\n<meta property=\"article:publisher\" content=\"https:\/\/www.facebook.com\/btvmoldova\/\" \/>\n<meta property=\"article:published_time\" content=\"2019-09-09T09:24:30+00:00\" \/>\n<meta property=\"og:image\" content=\"https:\/\/www.btv.md\/wp-content\/uploads\/2019\/09\/10-gaze.jpg\" \/>\n\t<meta property=\"og:image:width\" content=\"582\" \/>\n\t<meta property=\"og:image:height\" content=\"388\" \/>\n\t<meta property=\"og:image:type\" content=\"image\/jpeg\" \/>\n<meta name=\"author\" content=\"admin\" \/>\n<meta name=\"twitter:label1\" content=\"Scris de\" \/>\n\t<meta name=\"twitter:data1\" content=\"admin\" \/>\n\t<meta name=\"twitter:label2\" content=\"Timp estimat pentru citire\" \/>\n\t<meta name=\"twitter:data2\" content=\"1 minut\" \/>\n<script type=\"application\/ld+json\" class=\"yoast-schema-graph\">{\"@context\":\"https:\\\/\\\/schema.org\",\"@graph\":[{\"@type\":\"Article\",\"@id\":\"https:\\\/\\\/www.btv.md\\\/ro\\\/amp\\\/sandu-exista-riscul-sa-ramanem-fara-gazul-rusesc-dupa-1-ianuarie\\\/#article\",\"isPartOf\":{\"@id\":\"https:\\\/\\\/www.btv.md\\\/ro\\\/amp\\\/sandu-exista-riscul-sa-ramanem-fara-gazul-rusesc-dupa-1-ianuarie\\\/\"},\"author\":{\"name\":\"admin\",\"@id\":\"https:\\\/\\\/www.btv.md\\\/#\\\/schema\\\/person\\\/8fadce81561b3ce2c34c46dadc4ccbf2\"},\"headline\":\"Sandu: Exist\u0103 riscul s\u0103 r\u0103m\u00e2nem f\u0103r\u0103 gazul rusesc dup\u0103 1 ianuarie\",\"datePublished\":\"2019-09-09T09:24:30+00:00\",\"mainEntityOfPage\":{\"@id\":\"https:\\\/\\\/www.btv.md\\\/ro\\\/amp\\\/sandu-exista-riscul-sa-ramanem-fara-gazul-rusesc-dupa-1-ianuarie\\\/\"},\"wordCount\":286,\"image\":{\"@id\":\"https:\\\/\\\/www.btv.md\\\/ro\\\/amp\\\/sandu-exista-riscul-sa-ramanem-fara-gazul-rusesc-dupa-1-ianuarie\\\/#primaryimage\"},\"thumbnailUrl\":\"https:\\\/\\\/www.btv.md\\\/wp-content\\\/uploads\\\/2019\\\/09\\\/10-gaze.jpg\",\"keywords\":[\"gazul rusesc\",\"Maia Sandu\",\"prim-ministrul\",\"\u0433\u0430\u0437\"],\"articleSection\":[\"Economie\",\"Social\",\"\u0218tiri\"],\"inLanguage\":\"ro-RO\"},{\"@type\":\"WebPage\",\"@id\":\"https:\\\/\\\/www.btv.md\\\/ro\\\/amp\\\/sandu-exista-riscul-sa-ramanem-fara-gazul-rusesc-dupa-1-ianuarie\\\/\",\"url\":\"https:\\\/\\\/www.btv.md\\\/ro\\\/amp\\\/sandu-exista-riscul-sa-ramanem-fara-gazul-rusesc-dupa-1-ianuarie\\\/\",\"name\":\"Sandu: Exist\u0103 riscul s\u0103 r\u0103m\u00e2nem f\u0103r\u0103 gazul rusesc dup\u0103 1 ianuarie - BTV\",\"isPartOf\":{\"@id\":\"https:\\\/\\\/www.btv.md\\\/#website\"},\"primaryImageOfPage\":{\"@id\":\"https:\\\/\\\/www.btv.md\\\/ro\\\/amp\\\/sandu-exista-riscul-sa-ramanem-fara-gazul-rusesc-dupa-1-ianuarie\\\/#primaryimage\"},\"image\":{\"@id\":\"https:\\\/\\\/www.btv.md\\\/ro\\\/amp\\\/sandu-exista-riscul-sa-ramanem-fara-gazul-rusesc-dupa-1-ianuarie\\\/#primaryimage\"},\"thumbnailUrl\":\"https:\\\/\\\/www.btv.md\\\/wp-content\\\/uploads\\\/2019\\\/09\\\/10-gaze.jpg\",\"datePublished\":\"2019-09-09T09:24:30+00:00\",\"author\":{\"@id\":\"https:\\\/\\\/www.btv.md\\\/#\\\/schema\\\/person\\\/8fadce81561b3ce2c34c46dadc4ccbf2\"},\"inLanguage\":\"ro-RO\",\"potentialAction\":[{\"@type\":\"ReadAction\",\"target\":[\"https:\\\/\\\/www.btv.md\\\/ro\\\/amp\\\/sandu-exista-riscul-sa-ramanem-fara-gazul-rusesc-dupa-1-ianuarie\\\/\"]}]},{\"@type\":\"ImageObject\",\"inLanguage\":\"ro-RO\",\"@id\":\"https:\\\/\\\/www.btv.md\\\/ro\\\/amp\\\/sandu-exista-riscul-sa-ramanem-fara-gazul-rusesc-dupa-1-ianuarie\\\/#primaryimage\",\"url\":\"https:\\\/\\\/www.btv.md\\\/wp-content\\\/uploads\\\/2019\\\/09\\\/10-gaze.jpg\",\"contentUrl\":\"https:\\\/\\\/www.btv.md\\\/wp-content\\\/uploads\\\/2019\\\/09\\\/10-gaze.jpg\",\"width\":582,\"height\":388},{\"@type\":\"WebSite\",\"@id\":\"https:\\\/\\\/www.btv.md\\\/#website\",\"url\":\"https:\\\/\\\/www.btv.md\\\/\",\"name\":\"BTV\",\"description\":\"\u0411\u0435\u043b\u044c\u0446\u043a\u043e\u0435 \u0442\u0435\u043b\u0435\u0432\u0438\u0434\u0435\u043d\u0438\u0435\",\"potentialAction\":[{\"@type\":\"SearchAction\",\"target\":{\"@type\":\"EntryPoint\",\"urlTemplate\":\"https:\\\/\\\/www.btv.md\\\/?s={search_term_string}\"},\"query-input\":{\"@type\":\"PropertyValueSpecification\",\"valueRequired\":true,\"valueName\":\"search_term_string\"}}],\"inLanguage\":\"ro-RO\"},{\"@type\":\"Person\",\"@id\":\"https:\\\/\\\/www.btv.md\\\/#\\\/schema\\\/person\\\/8fadce81561b3ce2c34c46dadc4ccbf2\",\"name\":\"admin\"}]}<\/script>\n<!-- \/ Yoast SEO plugin. -->","yoast_head_json":{"title":"Sandu: Exist\u0103 riscul s\u0103 r\u0103m\u00e2nem f\u0103r\u0103 gazul rusesc dup\u0103 1 ianuarie - BTV","robots":{"index":"index","follow":"follow","max-snippet":"max-snippet:-1","max-image-preview":"max-image-preview:large","max-video-preview":"max-video-preview:-1"},"canonical":"https:\/\/www.btv.md\/ro\/amp\/sandu-exista-riscul-sa-ramanem-fara-gazul-rusesc-dupa-1-ianuarie\/","og_locale":"ro_RO","og_type":"article","og_title":"Sandu: Exist\u0103 riscul s\u0103 r\u0103m\u00e2nem f\u0103r\u0103 gazul rusesc dup\u0103 1 ianuarie - BTV","og_description":"Prim-ministrul Maia Sandu spune c\u0103 exist\u0103 riscul ca de la 1 ianuarie 2020 Republica Moldova s\u0103 r\u0103m\u00e2n\u0103 f\u0103r\u0103 gazul rusesc, dac\u0103 Ucraina va interzice tranzitarea acestuia pe teritoriul s\u0103u. \u0218efa cabinetului de mini\u0219tri spune c\u0103 este o situa\u021bie serioas\u0103, dar c\u0103 Guvernul se preg\u0103te\u0219te pentru aceasta \u0219i are solu\u021bii tehnice, transmite\u00a0IPN. Declara\u021bia a fost f\u0103cut\u0103 [&hellip;]","og_url":"https:\/\/www.btv.md\/ro\/amp\/sandu-exista-riscul-sa-ramanem-fara-gazul-rusesc-dupa-1-ianuarie\/","og_site_name":"BTV","article_publisher":"https:\/\/www.facebook.com\/btvmoldova\/","article_published_time":"2019-09-09T09:24:30+00:00","og_image":[{"width":582,"height":388,"url":"https:\/\/www.btv.md\/wp-content\/uploads\/2019\/09\/10-gaze.jpg","type":"image\/jpeg"}],"author":"admin","twitter_misc":{"Scris de":"admin","Timp estimat pentru citire":"1 minut"},"schema":{"@context":"https:\/\/schema.org","@graph":[{"@type":"Article","@id":"https:\/\/www.btv.md\/ro\/amp\/sandu-exista-riscul-sa-ramanem-fara-gazul-rusesc-dupa-1-ianuarie\/#article","isPartOf":{"@id":"https:\/\/www.btv.md\/ro\/amp\/sandu-exista-riscul-sa-ramanem-fara-gazul-rusesc-dupa-1-ianuarie\/"},"author":{"name":"admin","@id":"https:\/\/www.btv.md\/#\/schema\/person\/8fadce81561b3ce2c34c46dadc4ccbf2"},"headline":"Sandu: Exist\u0103 riscul s\u0103 r\u0103m\u00e2nem f\u0103r\u0103 gazul rusesc dup\u0103 1 ianuarie","datePublished":"2019-09-09T09:24:30+00:00","mainEntityOfPage":{"@id":"https:\/\/www.btv.md\/ro\/amp\/sandu-exista-riscul-sa-ramanem-fara-gazul-rusesc-dupa-1-ianuarie\/"},"wordCount":286,"image":{"@id":"https:\/\/www.btv.md\/ro\/amp\/sandu-exista-riscul-sa-ramanem-fara-gazul-rusesc-dupa-1-ianuarie\/#primaryimage"},"thumbnailUrl":"https:\/\/www.btv.md\/wp-content\/uploads\/2019\/09\/10-gaze.jpg","keywords":["gazul rusesc","Maia Sandu","prim-ministrul","\u0433\u0430\u0437"],"articleSection":["Economie","Social","\u0218tiri"],"inLanguage":"ro-RO"},{"@type":"WebPage","@id":"https:\/\/www.btv.md\/ro\/amp\/sandu-exista-riscul-sa-ramanem-fara-gazul-rusesc-dupa-1-ianuarie\/","url":"https:\/\/www.btv.md\/ro\/amp\/sandu-exista-riscul-sa-ramanem-fara-gazul-rusesc-dupa-1-ianuarie\/","name":"Sandu: Exist\u0103 riscul s\u0103 r\u0103m\u00e2nem f\u0103r\u0103 gazul rusesc dup\u0103 1 ianuarie - BTV","isPartOf":{"@id":"https:\/\/www.btv.md\/#website"},"primaryImageOfPage":{"@id":"https:\/\/www.btv.md\/ro\/amp\/sandu-exista-riscul-sa-ramanem-fara-gazul-rusesc-dupa-1-ianuarie\/#primaryimage"},"image":{"@id":"https:\/\/www.btv.md\/ro\/amp\/sandu-exista-riscul-sa-ramanem-fara-gazul-rusesc-dupa-1-ianuarie\/#primaryimage"},"thumbnailUrl":"https:\/\/www.btv.md\/wp-content\/uploads\/2019\/09\/10-gaze.jpg","datePublished":"2019-09-09T09:24:30+00:00","author":{"@id":"https:\/\/www.btv.md\/#\/schema\/person\/8fadce81561b3ce2c34c46dadc4ccbf2"},"inLanguage":"ro-RO","potentialAction":[{"@type":"ReadAction","target":["https:\/\/www.btv.md\/ro\/amp\/sandu-exista-riscul-sa-ramanem-fara-gazul-rusesc-dupa-1-ianuarie\/"]}]},{"@type":"ImageObject","inLanguage":"ro-RO","@id":"https:\/\/www.btv.md\/ro\/amp\/sandu-exista-riscul-sa-ramanem-fara-gazul-rusesc-dupa-1-ianuarie\/#primaryimage","url":"https:\/\/www.btv.md\/wp-content\/uploads\/2019\/09\/10-gaze.jpg","contentUrl":"https:\/\/www.btv.md\/wp-content\/uploads\/2019\/09\/10-gaze.jpg","width":582,"height":388},{"@type":"WebSite","@id":"https:\/\/www.btv.md\/#website","url":"https:\/\/www.btv.md\/","name":"BTV","description":"\u0411\u0435\u043b\u044c\u0446\u043a\u043e\u0435 \u0442\u0435\u043b\u0435\u0432\u0438\u0434\u0435\u043d\u0438\u0435","potentialAction":[{"@type":"SearchAction","target":{"@type":"EntryPoint","urlTemplate":"https:\/\/www.btv.md\/?s={search_term_string}"},"query-input":{"@type":"PropertyValueSpecification","valueRequired":true,"valueName":"search_term_string"}}],"inLanguage":"ro-RO"},{"@type":"Person","@id":"https:\/\/www.btv.md\/#\/schema\/person\/8fadce81561b3ce2c34c46dadc4ccbf2","name":"admin"}]}},"_links":{"self":[{"href":"https:\/\/www.btv.md\/ro\/wp-json\/wp\/v2\/posts\/60699","targetHints":{"allow":["GET"]}}],"collection":[{"href":"https:\/\/www.btv.md\/ro\/wp-json\/wp\/v2\/posts"}],"about":[{"href":"https:\/\/www.btv.md\/ro\/wp-json\/wp\/v2\/types\/post"}],"author":[{"embeddable":true,"href":"https:\/\/www.btv.md\/ro\/wp-json\/wp\/v2\/users\/4"}],"replies":[{"embeddable":true,"href":"https:\/\/www.btv.md\/ro\/wp-json\/wp\/v2\/comments?post=60699"}],"version-history":[{"count":0,"href":"https:\/\/www.btv.md\/ro\/wp-json\/wp\/v2\/posts\/60699\/revisions"}],"wp:featuredmedia":[{"embeddable":true,"href":"https:\/\/www.btv.md\/ro\/wp-json\/wp\/v2\/media\/60701"}],"wp:attachment":[{"href":"https:\/\/www.btv.md\/ro\/wp-json\/wp\/v2\/media?parent=60699"}],"wp:term":[{"taxonomy":"category","embeddable":true,"href":"https:\/\/www.btv.md\/ro\/wp-json\/wp\/v2\/categories?post=60699"},{"taxonomy":"post_tag","embeddable":true,"href":"https:\/\/www.btv.md\/ro\/wp-json\/wp\/v2\/tags?post=60699"}],"curies":[{"name":"wp","href":"https:\/\/api.w.org\/{rel}","templated":true}]}}