{"id":60738,"date":"2019-09-09T23:19:09","date_gmt":"2019-09-09T20:19:09","guid":{"rendered":"http:\/\/www.btv.md\/?p=60738"},"modified":"2019-09-09T23:19:09","modified_gmt":"2019-09-09T20:19:09","slug":"elevii-unui-liceu-din-balti-sunt-nevoiti-sa-ia-masa-in-cantina-altei-scoli","status":"publish","type":"post","link":"https:\/\/www.btv.md\/ro\/elevii-unui-liceu-din-balti-sunt-nevoiti-sa-ia-masa-in-cantina-altei-scoli\/","title":{"rendered":"ELEVII UNUI LICEU DIN B\u0102L\u021aI SUNT NEVOI\u021aI S\u0102 IA MASA \u00ceN CANTINA ALTEI \u0218COLI"},"content":{"rendered":"<p><strong>Elevii unui liceu din B\u0103l\u021bi iau masa la cantina unei institu\u021bii din apropiere, din cauza lucr\u0103rilor de repara\u021bii nefinisate, \u00eencepute \u00een luna iulie. Responsabilii sus\u021bin c\u0103 p\u00e2n\u0103 la sf\u00e2r\u0219itul lunii septembrie, elevii se vor alimenta deja \u00een cantina liceului unde \u00ee\u0219i fac studiile.<\/strong><\/p>\n<div id=\"fb-root\"><\/div>\n<p><script async=\"1\" defer=\"1\" crossorigin=\"anonymous\" src=\"https:\/\/connect.facebook.net\/de_DE\/sdk.js#xfbml=1&amp;version=v4.0\"><\/script><\/p>\n<div class=\"fb-video\" data-href=\"https:\/\/www.facebook.com\/btvmoldova\/videos\/403393330369281\/\" data-width=\"1170\">\n<blockquote cite=\"https:\/\/www.facebook.com\/btvmoldova\/videos\/403393330369281\/\" class=\"fb-xfbml-parse-ignore\"><p><a href=\"https:\/\/www.facebook.com\/btvmoldova\/videos\/403393330369281\/\">ELEVII UNUI LICEU DIN B\u0102L\u021aI SUNT NEVOI\u021aI S\u0102 IA MASA \u00ceN CANTINA ALTEI \u0218COLI<\/a><\/p>\n<p>LUCR\u0102RI DE REPARA\u021aII NEFINISATE ELEVII UNUI LICEU DIN B\u0102L\u021aI SUNT NEVOI\u021aI S\u0102 IA MASA \u00ceN CANTINA ALTEI \u0218COLI<\/p>\n<p>Gepostet von <a href=\"https:\/\/www.facebook.com\/btvmoldova\/\">\u0422\u0435\u043b\u0435\u043a\u043e\u043c\u043f\u0430\u043d\u0438\u044f BTV &#8211; Balti, \u0411\u0435\u043b\u044c\u0446\u044b<\/a> am Montag, 9. September 2019<\/p><\/blockquote>\n<\/div>\n<p>Lucr\u0103rile de repara\u021bii a cantinei din Liceul Teoretic ,,Vladimir Maiacovschi\u201d din B\u0103l\u021bi nu au fost finisate, de\u0219i acestea au \u00eenceput \u00een luna iulie curent. Anul de studii a \u00eenceput, iar elevii sunt nevoi\u021bi s\u0103 m\u0103n\u00e2nce \u00eentr-o institu\u021bie de \u00eenv\u0103\u021b\u0103m\u00e2nt din apropiere. Potrivit administra\u021biei liceului, lucr\u0103rile de repara\u021bie au \u00eenceput conform timpului stabilit, dar nu au putut fi finalizate p\u00e2n\u0103 la moment. Rita Socoliuc a men\u021bionat c\u0103 copiii merg la cantina unui alt liceu sub supravegherea profesorilor \u0219i a unor p\u0103rin\u021bi.<\/p>\n<p>\u00cen sala de mese a institu\u021biei au fost re\u00eennoit sistemul de \u00eenc\u0103lzire, ventilare, sistemul electric \u0219i cel de alimentare cu ap\u0103. \u00cenainte de punerea \u00een func\u021biune a instala\u021biei, este necesar\u0103 finalizarea repara\u021biei coridorului \u0219i instalarea echipamentelor tehnice noi.<\/p>\n<p>Autorit\u0103\u021bile sus\u021bin c\u0103 motivul \u00eent\u00e2rzierii repara\u021biilor ar fi fost anun\u021barea celei de-a doua licita\u021bie pentru lucr\u0103ri. Potrivit angaja\u021bilor Direc\u021biei de Construc\u021bie Capital\u0103, lucr\u0103rile vor fi finalizate p\u00e2n\u0103 la sf\u00e2r\u0219itul lunii septembrie.<\/p>\n<p>\u00cen Liceul Teoretic ,,Vladimir Maiacovschi\u201d \u00ee\u0219i fac studiile 567 elevi.<\/p>\n","protected":false},"excerpt":{"rendered":"<p>Elevii unui liceu din B\u0103l\u021bi iau masa la cantina unei institu\u021bii din apropiere, din cauza lucr\u0103rilor de repara\u021bii nefinisate, \u00eencepute \u00een luna iulie. Responsabilii sus\u021bin c\u0103 p\u00e2n\u0103 la sf\u00e2r\u0219itul lunii septembrie, elevii se vor alimenta deja \u00een cantina liceului unde \u00ee\u0219i fac studiile. ELEVII UNUI LICEU DIN B\u0102L\u021aI SUNT NEVOI\u021aI S\u0102 IA MASA \u00ceN CANTINA [&hellip;]<\/p>\n","protected":false},"author":4,"featured_media":60681,"comment_status":"closed","ping_status":"closed","sticky":false,"template":"","format":"standard","meta":{"footnotes":""},"categories":[6349],"tags":[7953],"class_list":["post-60738","post","type-post","status-publish","format-standard","has-post-thumbnail","hentry","category-social","tag-elevii-unui-liceu-din-balti-sunt-nevoiti-sa-ia-masa-in-cantina-altei-scoli"],"yoast_head":"<!-- This site is optimized with the Yoast SEO plugin v27.4 - https:\/\/yoast.com\/product\/yoast-seo-wordpress\/ -->\n<title>ELEVII UNUI LICEU DIN B\u0102L\u021aI SUNT NEVOI\u021aI S\u0102 IA MASA \u00ceN CANTINA ALTEI \u0218COLI - BTV<\/title>\n<meta name=\"robots\" content=\"index, follow, max-snippet:-1, max-image-preview:large, max-video-preview:-1\" \/>\n<link rel=\"canonical\" href=\"https:\/\/www.btv.md\/ro\/elevii-unui-liceu-din-balti-sunt-nevoiti-sa-ia-masa-in-cantina-altei-scoli\/\" \/>\n<meta property=\"og:locale\" content=\"ro_RO\" \/>\n<meta property=\"og:type\" content=\"article\" \/>\n<meta property=\"og:title\" content=\"ELEVII UNUI LICEU DIN B\u0102L\u021aI SUNT NEVOI\u021aI S\u0102 IA MASA \u00ceN CANTINA ALTEI \u0218COLI - BTV\" \/>\n<meta property=\"og:description\" content=\"Elevii unui liceu din B\u0103l\u021bi iau masa la cantina unei institu\u021bii din apropiere, din cauza lucr\u0103rilor de repara\u021bii nefinisate, \u00eencepute \u00een luna iulie. Responsabilii sus\u021bin c\u0103 p\u00e2n\u0103 la sf\u00e2r\u0219itul lunii septembrie, elevii se vor alimenta deja \u00een cantina liceului unde \u00ee\u0219i fac studiile. ELEVII UNUI LICEU DIN B\u0102L\u021aI SUNT NEVOI\u021aI S\u0102 IA MASA \u00ceN CANTINA [&hellip;]\" \/>\n<meta property=\"og:url\" content=\"https:\/\/www.btv.md\/ro\/elevii-unui-liceu-din-balti-sunt-nevoiti-sa-ia-masa-in-cantina-altei-scoli\/\" \/>\n<meta property=\"og:site_name\" content=\"BTV\" \/>\n<meta property=\"article:publisher\" content=\"https:\/\/www.facebook.com\/btvmoldova\/\" \/>\n<meta property=\"article:published_time\" content=\"2019-09-09T20:19:09+00:00\" \/>\n<meta property=\"og:image\" content=\"https:\/\/www.btv.md\/wp-content\/uploads\/2019\/09\/stolovaya.png\" \/>\n\t<meta property=\"og:image:width\" content=\"1190\" \/>\n\t<meta property=\"og:image:height\" content=\"592\" \/>\n\t<meta property=\"og:image:type\" content=\"image\/png\" \/>\n<meta name=\"author\" content=\"admin\" \/>\n<meta name=\"twitter:label1\" content=\"Scris de\" \/>\n\t<meta name=\"twitter:data1\" content=\"admin\" \/>\n\t<meta name=\"twitter:label2\" content=\"Timp estimat pentru citire\" \/>\n\t<meta name=\"twitter:data2\" content=\"1 minut\" \/>\n<script type=\"application\/ld+json\" class=\"yoast-schema-graph\">{\"@context\":\"https:\\\/\\\/schema.org\",\"@graph\":[{\"@type\":\"Article\",\"@id\":\"https:\\\/\\\/www.btv.md\\\/ro\\\/elevii-unui-liceu-din-balti-sunt-nevoiti-sa-ia-masa-in-cantina-altei-scoli\\\/#article\",\"isPartOf\":{\"@id\":\"https:\\\/\\\/www.btv.md\\\/ro\\\/elevii-unui-liceu-din-balti-sunt-nevoiti-sa-ia-masa-in-cantina-altei-scoli\\\/\"},\"author\":{\"name\":\"admin\",\"@id\":\"https:\\\/\\\/www.btv.md\\\/#\\\/schema\\\/person\\\/8fadce81561b3ce2c34c46dadc4ccbf2\"},\"headline\":\"ELEVII UNUI LICEU DIN B\u0102L\u021aI SUNT NEVOI\u021aI S\u0102 IA MASA \u00ceN CANTINA ALTEI \u0218COLI\",\"datePublished\":\"2019-09-09T20:19:09+00:00\",\"mainEntityOfPage\":{\"@id\":\"https:\\\/\\\/www.btv.md\\\/ro\\\/elevii-unui-liceu-din-balti-sunt-nevoiti-sa-ia-masa-in-cantina-altei-scoli\\\/\"},\"wordCount\":271,\"image\":{\"@id\":\"https:\\\/\\\/www.btv.md\\\/ro\\\/elevii-unui-liceu-din-balti-sunt-nevoiti-sa-ia-masa-in-cantina-altei-scoli\\\/#primaryimage\"},\"thumbnailUrl\":\"https:\\\/\\\/www.btv.md\\\/wp-content\\\/uploads\\\/2019\\\/09\\\/stolovaya.png\",\"keywords\":[\"ELEVII UNUI LICEU DIN B\u0102L\u021aI SUNT NEVOI\u021aI S\u0102 IA MASA \u00ceN CANTINA ALTEI \u0218COLI\"],\"articleSection\":[\"Social\"],\"inLanguage\":\"ro-RO\"},{\"@type\":\"WebPage\",\"@id\":\"https:\\\/\\\/www.btv.md\\\/ro\\\/elevii-unui-liceu-din-balti-sunt-nevoiti-sa-ia-masa-in-cantina-altei-scoli\\\/\",\"url\":\"https:\\\/\\\/www.btv.md\\\/ro\\\/elevii-unui-liceu-din-balti-sunt-nevoiti-sa-ia-masa-in-cantina-altei-scoli\\\/\",\"name\":\"ELEVII UNUI LICEU DIN B\u0102L\u021aI SUNT NEVOI\u021aI S\u0102 IA MASA \u00ceN CANTINA ALTEI \u0218COLI - BTV\",\"isPartOf\":{\"@id\":\"https:\\\/\\\/www.btv.md\\\/#website\"},\"primaryImageOfPage\":{\"@id\":\"https:\\\/\\\/www.btv.md\\\/ro\\\/elevii-unui-liceu-din-balti-sunt-nevoiti-sa-ia-masa-in-cantina-altei-scoli\\\/#primaryimage\"},\"image\":{\"@id\":\"https:\\\/\\\/www.btv.md\\\/ro\\\/elevii-unui-liceu-din-balti-sunt-nevoiti-sa-ia-masa-in-cantina-altei-scoli\\\/#primaryimage\"},\"thumbnailUrl\":\"https:\\\/\\\/www.btv.md\\\/wp-content\\\/uploads\\\/2019\\\/09\\\/stolovaya.png\",\"datePublished\":\"2019-09-09T20:19:09+00:00\",\"author\":{\"@id\":\"https:\\\/\\\/www.btv.md\\\/#\\\/schema\\\/person\\\/8fadce81561b3ce2c34c46dadc4ccbf2\"},\"inLanguage\":\"ro-RO\",\"potentialAction\":[{\"@type\":\"ReadAction\",\"target\":[\"https:\\\/\\\/www.btv.md\\\/ro\\\/elevii-unui-liceu-din-balti-sunt-nevoiti-sa-ia-masa-in-cantina-altei-scoli\\\/\"]}]},{\"@type\":\"ImageObject\",\"inLanguage\":\"ro-RO\",\"@id\":\"https:\\\/\\\/www.btv.md\\\/ro\\\/elevii-unui-liceu-din-balti-sunt-nevoiti-sa-ia-masa-in-cantina-altei-scoli\\\/#primaryimage\",\"url\":\"https:\\\/\\\/www.btv.md\\\/wp-content\\\/uploads\\\/2019\\\/09\\\/stolovaya.png\",\"contentUrl\":\"https:\\\/\\\/www.btv.md\\\/wp-content\\\/uploads\\\/2019\\\/09\\\/stolovaya.png\",\"width\":1190,\"height\":592},{\"@type\":\"WebSite\",\"@id\":\"https:\\\/\\\/www.btv.md\\\/#website\",\"url\":\"https:\\\/\\\/www.btv.md\\\/\",\"name\":\"BTV\",\"description\":\"\u0411\u0435\u043b\u044c\u0446\u043a\u043e\u0435 \u0442\u0435\u043b\u0435\u0432\u0438\u0434\u0435\u043d\u0438\u0435\",\"potentialAction\":[{\"@type\":\"SearchAction\",\"target\":{\"@type\":\"EntryPoint\",\"urlTemplate\":\"https:\\\/\\\/www.btv.md\\\/?s={search_term_string}\"},\"query-input\":{\"@type\":\"PropertyValueSpecification\",\"valueRequired\":true,\"valueName\":\"search_term_string\"}}],\"inLanguage\":\"ro-RO\"},{\"@type\":\"Person\",\"@id\":\"https:\\\/\\\/www.btv.md\\\/#\\\/schema\\\/person\\\/8fadce81561b3ce2c34c46dadc4ccbf2\",\"name\":\"admin\"}]}<\/script>\n<!-- \/ Yoast SEO plugin. -->","yoast_head_json":{"title":"ELEVII UNUI LICEU DIN B\u0102L\u021aI SUNT NEVOI\u021aI S\u0102 IA MASA \u00ceN CANTINA ALTEI \u0218COLI - BTV","robots":{"index":"index","follow":"follow","max-snippet":"max-snippet:-1","max-image-preview":"max-image-preview:large","max-video-preview":"max-video-preview:-1"},"canonical":"https:\/\/www.btv.md\/ro\/elevii-unui-liceu-din-balti-sunt-nevoiti-sa-ia-masa-in-cantina-altei-scoli\/","og_locale":"ro_RO","og_type":"article","og_title":"ELEVII UNUI LICEU DIN B\u0102L\u021aI SUNT NEVOI\u021aI S\u0102 IA MASA \u00ceN CANTINA ALTEI \u0218COLI - BTV","og_description":"Elevii unui liceu din B\u0103l\u021bi iau masa la cantina unei institu\u021bii din apropiere, din cauza lucr\u0103rilor de repara\u021bii nefinisate, \u00eencepute \u00een luna iulie. Responsabilii sus\u021bin c\u0103 p\u00e2n\u0103 la sf\u00e2r\u0219itul lunii septembrie, elevii se vor alimenta deja \u00een cantina liceului unde \u00ee\u0219i fac studiile. ELEVII UNUI LICEU DIN B\u0102L\u021aI SUNT NEVOI\u021aI S\u0102 IA MASA \u00ceN CANTINA [&hellip;]","og_url":"https:\/\/www.btv.md\/ro\/elevii-unui-liceu-din-balti-sunt-nevoiti-sa-ia-masa-in-cantina-altei-scoli\/","og_site_name":"BTV","article_publisher":"https:\/\/www.facebook.com\/btvmoldova\/","article_published_time":"2019-09-09T20:19:09+00:00","og_image":[{"width":1190,"height":592,"url":"https:\/\/www.btv.md\/wp-content\/uploads\/2019\/09\/stolovaya.png","type":"image\/png"}],"author":"admin","twitter_misc":{"Scris de":"admin","Timp estimat pentru citire":"1 minut"},"schema":{"@context":"https:\/\/schema.org","@graph":[{"@type":"Article","@id":"https:\/\/www.btv.md\/ro\/elevii-unui-liceu-din-balti-sunt-nevoiti-sa-ia-masa-in-cantina-altei-scoli\/#article","isPartOf":{"@id":"https:\/\/www.btv.md\/ro\/elevii-unui-liceu-din-balti-sunt-nevoiti-sa-ia-masa-in-cantina-altei-scoli\/"},"author":{"name":"admin","@id":"https:\/\/www.btv.md\/#\/schema\/person\/8fadce81561b3ce2c34c46dadc4ccbf2"},"headline":"ELEVII UNUI LICEU DIN B\u0102L\u021aI SUNT NEVOI\u021aI S\u0102 IA MASA \u00ceN CANTINA ALTEI \u0218COLI","datePublished":"2019-09-09T20:19:09+00:00","mainEntityOfPage":{"@id":"https:\/\/www.btv.md\/ro\/elevii-unui-liceu-din-balti-sunt-nevoiti-sa-ia-masa-in-cantina-altei-scoli\/"},"wordCount":271,"image":{"@id":"https:\/\/www.btv.md\/ro\/elevii-unui-liceu-din-balti-sunt-nevoiti-sa-ia-masa-in-cantina-altei-scoli\/#primaryimage"},"thumbnailUrl":"https:\/\/www.btv.md\/wp-content\/uploads\/2019\/09\/stolovaya.png","keywords":["ELEVII UNUI LICEU DIN B\u0102L\u021aI SUNT NEVOI\u021aI S\u0102 IA MASA \u00ceN CANTINA ALTEI \u0218COLI"],"articleSection":["Social"],"inLanguage":"ro-RO"},{"@type":"WebPage","@id":"https:\/\/www.btv.md\/ro\/elevii-unui-liceu-din-balti-sunt-nevoiti-sa-ia-masa-in-cantina-altei-scoli\/","url":"https:\/\/www.btv.md\/ro\/elevii-unui-liceu-din-balti-sunt-nevoiti-sa-ia-masa-in-cantina-altei-scoli\/","name":"ELEVII UNUI LICEU DIN B\u0102L\u021aI SUNT NEVOI\u021aI S\u0102 IA MASA \u00ceN CANTINA ALTEI \u0218COLI - BTV","isPartOf":{"@id":"https:\/\/www.btv.md\/#website"},"primaryImageOfPage":{"@id":"https:\/\/www.btv.md\/ro\/elevii-unui-liceu-din-balti-sunt-nevoiti-sa-ia-masa-in-cantina-altei-scoli\/#primaryimage"},"image":{"@id":"https:\/\/www.btv.md\/ro\/elevii-unui-liceu-din-balti-sunt-nevoiti-sa-ia-masa-in-cantina-altei-scoli\/#primaryimage"},"thumbnailUrl":"https:\/\/www.btv.md\/wp-content\/uploads\/2019\/09\/stolovaya.png","datePublished":"2019-09-09T20:19:09+00:00","author":{"@id":"https:\/\/www.btv.md\/#\/schema\/person\/8fadce81561b3ce2c34c46dadc4ccbf2"},"inLanguage":"ro-RO","potentialAction":[{"@type":"ReadAction","target":["https:\/\/www.btv.md\/ro\/elevii-unui-liceu-din-balti-sunt-nevoiti-sa-ia-masa-in-cantina-altei-scoli\/"]}]},{"@type":"ImageObject","inLanguage":"ro-RO","@id":"https:\/\/www.btv.md\/ro\/elevii-unui-liceu-din-balti-sunt-nevoiti-sa-ia-masa-in-cantina-altei-scoli\/#primaryimage","url":"https:\/\/www.btv.md\/wp-content\/uploads\/2019\/09\/stolovaya.png","contentUrl":"https:\/\/www.btv.md\/wp-content\/uploads\/2019\/09\/stolovaya.png","width":1190,"height":592},{"@type":"WebSite","@id":"https:\/\/www.btv.md\/#website","url":"https:\/\/www.btv.md\/","name":"BTV","description":"\u0411\u0435\u043b\u044c\u0446\u043a\u043e\u0435 \u0442\u0435\u043b\u0435\u0432\u0438\u0434\u0435\u043d\u0438\u0435","potentialAction":[{"@type":"SearchAction","target":{"@type":"EntryPoint","urlTemplate":"https:\/\/www.btv.md\/?s={search_term_string}"},"query-input":{"@type":"PropertyValueSpecification","valueRequired":true,"valueName":"search_term_string"}}],"inLanguage":"ro-RO"},{"@type":"Person","@id":"https:\/\/www.btv.md\/#\/schema\/person\/8fadce81561b3ce2c34c46dadc4ccbf2","name":"admin"}]}},"_links":{"self":[{"href":"https:\/\/www.btv.md\/ro\/wp-json\/wp\/v2\/posts\/60738","targetHints":{"allow":["GET"]}}],"collection":[{"href":"https:\/\/www.btv.md\/ro\/wp-json\/wp\/v2\/posts"}],"about":[{"href":"https:\/\/www.btv.md\/ro\/wp-json\/wp\/v2\/types\/post"}],"author":[{"embeddable":true,"href":"https:\/\/www.btv.md\/ro\/wp-json\/wp\/v2\/users\/4"}],"replies":[{"embeddable":true,"href":"https:\/\/www.btv.md\/ro\/wp-json\/wp\/v2\/comments?post=60738"}],"version-history":[{"count":0,"href":"https:\/\/www.btv.md\/ro\/wp-json\/wp\/v2\/posts\/60738\/revisions"}],"wp:featuredmedia":[{"embeddable":true,"href":"https:\/\/www.btv.md\/ro\/wp-json\/wp\/v2\/media\/60681"}],"wp:attachment":[{"href":"https:\/\/www.btv.md\/ro\/wp-json\/wp\/v2\/media?parent=60738"}],"wp:term":[{"taxonomy":"category","embeddable":true,"href":"https:\/\/www.btv.md\/ro\/wp-json\/wp\/v2\/categories?post=60738"},{"taxonomy":"post_tag","embeddable":true,"href":"https:\/\/www.btv.md\/ro\/wp-json\/wp\/v2\/tags?post=60738"}],"curies":[{"name":"wp","href":"https:\/\/api.w.org\/{rel}","templated":true}]}}