{"id":60742,"date":"2019-09-09T23:24:14","date_gmt":"2019-09-09T20:24:14","guid":{"rendered":"http:\/\/www.btv.md\/?p=60742"},"modified":"2019-09-09T23:24:14","modified_gmt":"2019-09-09T20:24:14","slug":"primul-forum-educational-municipal-la-balti","status":"publish","type":"post","link":"https:\/\/www.btv.md\/ro\/primul-forum-educational-municipal-la-balti\/","title":{"rendered":"PRIMUL FORUM EDUCA\u021aIONAL MUNICIPAL LA B\u0102L\u021aI"},"content":{"rendered":"<p><strong>,,Fii tu \u00eesu\u021bi schimbarea pe care vrei s-o vezi \u00een lume\u201d. Cu acest motto s-a desf\u0103\u0219urat primul Forum Educa\u021bional Municipal \u00een care reprezentan\u021bii sistemului de \u00eenv\u0103\u021b\u0103m\u00e2nt\u00a0 \u0219i-au \u00eemp\u0103rt\u0103\u0219it bunele practici, dar \u0219i provoc\u0103rile care apar \u00een munca de zi cu zi.<\/strong><\/p>\n<div id=\"fb-root\"><\/div>\n<p><script async=\"1\" defer=\"1\" crossorigin=\"anonymous\" src=\"https:\/\/connect.facebook.net\/de_DE\/sdk.js#xfbml=1&amp;version=v4.0\"><\/script><\/p>\n<div class=\"fb-video\" data-href=\"https:\/\/www.facebook.com\/btvmoldova\/videos\/2508382079241678\/\" data-width=\"1170\">\n<blockquote cite=\"https:\/\/www.facebook.com\/btvmoldova\/videos\/2508382079241678\/\" class=\"fb-xfbml-parse-ignore\"><p><a href=\"https:\/\/www.facebook.com\/btvmoldova\/videos\/2508382079241678\/\">PRIMUL FORUM EDUCA\u021aIONAL MUNICIPAL LA B\u0102L\u021aI<\/a><\/p>\n<p>PEDAGOGUL, AGENT AL SCHIMB\u0102RIIPRIMUL FORUM EDUCA\u021aIONAL MUNICIPAL LA B\u0102L\u021aI<\/p>\n<p>Gepostet von <a href=\"https:\/\/www.facebook.com\/btvmoldova\/\">\u0422\u0435\u043b\u0435\u043a\u043e\u043c\u043f\u0430\u043d\u0438\u044f BTV &#8211; Balti, \u0411\u0435\u043b\u044c\u0446\u044b<\/a> am Montag, 9. September 2019<\/p><\/blockquote>\n<\/div>\n<p>,,Pedagogul, agent al schimb\u0103rii\u201d cu acest generic a fost inaugurat primul Forum Educa\u021bional Municipal. Evenimentul a avut loc \u00een acest weekend \u00een incinta Liceului Teoretic ,,Mihai Eminescu\u201d din B\u0103l\u021bi. Acesta a \u00eentrunit reprezentan\u021bi ai sistemul educa\u021bional din ora\u0219, care \u0219i-au \u00eemp\u0103rt\u0103\u0219it bunele practici \u0219i propriile experin\u021be prin care au adus schimbari \u00een institu\u021biile de \u00eenv\u0103\u021b\u0103m\u00e2nt, unde activeaz\u0103. \u00cen cadrul forumului, Tatiana Dubi\u021bkaia \u0219efa Direc\u021biei \u00cenv\u0103\u021b\u0103m\u00e2nt, Tineret \u0219i Sport \u00a0a prezentat sinteza activit\u0103\u021bilor \u00een domeniului educa\u021biei pentru anul 2018-2019.<\/p>\n<p>Programul forumului a inclus 4 paneluri de discu\u021bii unde au fost abordate rezultate, dar \u0219i problemele care apar \u00een structura sistemului de \u00eenv\u0103\u021b\u0103m\u00e2nt. Prima tem\u0103 de dialog a fost ,,Leadership-abordare inovativ\u0103 \u00een managementul \u0219colii contemporane\u201d.<\/p>\n<p>O alt\u0103 tem\u0103 de discu\u021bii abordat\u0103 a fost ,, Rela\u021bia copil-\u0219coal\u0103-p\u0103rinte \u00een contextul actual\u201d. Lola Gorbat\u00eei a povestit despre atitudinea bun\u0103 a reprezentan\u021bilor institu\u021biilor de \u00eenv\u0103\u021b\u0103m\u00e2nt fa\u021b\u0103 de copilul ei cu autism.<\/p>\n<p>Primarul de B\u0103l\u021bi a vorbit despre problemele cu care se confrunt\u0103 sistemul printre care salariile mici \u0219i migra\u021bia.<\/p>\n<p>Evenimentul a fost organizat de c\u0103tre Direc\u021bia \u00cenv\u0103\u021b\u0103m\u00e2nt, Tineret \u0219i Sport B\u0103l\u021bi.<\/p>\n","protected":false},"excerpt":{"rendered":"<p>,,Fii tu \u00eesu\u021bi schimbarea pe care vrei s-o vezi \u00een lume\u201d. Cu acest motto s-a desf\u0103\u0219urat primul Forum Educa\u021bional Municipal \u00een care reprezentan\u021bii sistemului de \u00eenv\u0103\u021b\u0103m\u00e2nt\u00a0 \u0219i-au \u00eemp\u0103rt\u0103\u0219it bunele practici, dar \u0219i provoc\u0103rile care apar \u00een munca de zi cu zi. PRIMUL FORUM EDUCA\u021aIONAL MUNICIPAL LA B\u0102L\u021aI PEDAGOGUL, AGENT AL SCHIMB\u0102RIIPRIMUL FORUM EDUCA\u021aIONAL MUNICIPAL LA [&hellip;]<\/p>\n","protected":false},"author":4,"featured_media":60733,"comment_status":"closed","ping_status":"closed","sticky":false,"template":"","format":"standard","meta":{"footnotes":""},"categories":[6353],"tags":[7957,7956],"class_list":["post-60742","post","type-post","status-publish","format-standard","has-post-thumbnail","hentry","category-oras","tag-agent-al-schimbarii-primul-forum-educational-municipal-la-balti","tag-pedagogul"],"yoast_head":"<!-- This site is optimized with the Yoast SEO plugin v27.4 - https:\/\/yoast.com\/product\/yoast-seo-wordpress\/ -->\n<title>PRIMUL FORUM EDUCA\u021aIONAL MUNICIPAL LA B\u0102L\u021aI - BTV<\/title>\n<meta name=\"robots\" content=\"index, follow, max-snippet:-1, max-image-preview:large, max-video-preview:-1\" \/>\n<link rel=\"canonical\" href=\"https:\/\/www.btv.md\/ro\/primul-forum-educational-municipal-la-balti\/\" \/>\n<meta property=\"og:locale\" content=\"ro_RO\" \/>\n<meta property=\"og:type\" content=\"article\" \/>\n<meta property=\"og:title\" content=\"PRIMUL FORUM EDUCA\u021aIONAL MUNICIPAL LA B\u0102L\u021aI - BTV\" \/>\n<meta property=\"og:description\" content=\",,Fii tu \u00eesu\u021bi schimbarea pe care vrei s-o vezi \u00een lume\u201d. Cu acest motto s-a desf\u0103\u0219urat primul Forum Educa\u021bional Municipal \u00een care reprezentan\u021bii sistemului de \u00eenv\u0103\u021b\u0103m\u00e2nt\u00a0 \u0219i-au \u00eemp\u0103rt\u0103\u0219it bunele practici, dar \u0219i provoc\u0103rile care apar \u00een munca de zi cu zi. PRIMUL FORUM EDUCA\u021aIONAL MUNICIPAL LA B\u0102L\u021aI PEDAGOGUL, AGENT AL SCHIMB\u0102RIIPRIMUL FORUM EDUCA\u021aIONAL MUNICIPAL LA [&hellip;]\" \/>\n<meta property=\"og:url\" content=\"https:\/\/www.btv.md\/ro\/primul-forum-educational-municipal-la-balti\/\" \/>\n<meta property=\"og:site_name\" content=\"BTV\" \/>\n<meta property=\"article:publisher\" content=\"https:\/\/www.facebook.com\/btvmoldova\/\" \/>\n<meta property=\"article:published_time\" content=\"2019-09-09T20:24:14+00:00\" \/>\n<meta property=\"og:image\" content=\"https:\/\/www.btv.md\/wp-content\/uploads\/2019\/09\/Bezymyannyj-2.png\" \/>\n\t<meta property=\"og:image:width\" content=\"722\" \/>\n\t<meta property=\"og:image:height\" content=\"413\" \/>\n\t<meta property=\"og:image:type\" content=\"image\/png\" \/>\n<meta name=\"author\" content=\"admin\" \/>\n<meta name=\"twitter:label1\" content=\"Scris de\" \/>\n\t<meta name=\"twitter:data1\" content=\"admin\" \/>\n\t<meta name=\"twitter:label2\" content=\"Timp estimat pentru citire\" \/>\n\t<meta name=\"twitter:data2\" content=\"1 minut\" \/>\n<script type=\"application\/ld+json\" class=\"yoast-schema-graph\">{\"@context\":\"https:\\\/\\\/schema.org\",\"@graph\":[{\"@type\":\"Article\",\"@id\":\"https:\\\/\\\/www.btv.md\\\/ro\\\/primul-forum-educational-municipal-la-balti\\\/#article\",\"isPartOf\":{\"@id\":\"https:\\\/\\\/www.btv.md\\\/ro\\\/primul-forum-educational-municipal-la-balti\\\/\"},\"author\":{\"name\":\"admin\",\"@id\":\"https:\\\/\\\/www.btv.md\\\/#\\\/schema\\\/person\\\/8fadce81561b3ce2c34c46dadc4ccbf2\"},\"headline\":\"PRIMUL FORUM EDUCA\u021aIONAL MUNICIPAL LA B\u0102L\u021aI\",\"datePublished\":\"2019-09-09T20:24:14+00:00\",\"mainEntityOfPage\":{\"@id\":\"https:\\\/\\\/www.btv.md\\\/ro\\\/primul-forum-educational-municipal-la-balti\\\/\"},\"wordCount\":278,\"image\":{\"@id\":\"https:\\\/\\\/www.btv.md\\\/ro\\\/primul-forum-educational-municipal-la-balti\\\/#primaryimage\"},\"thumbnailUrl\":\"https:\\\/\\\/www.btv.md\\\/wp-content\\\/uploads\\\/2019\\\/09\\\/Bezymyannyj-2.png\",\"keywords\":[\"AGENT AL SCHIMB\u0102RII PRIMUL FORUM EDUCA\u021aIONAL MUNICIPAL LA B\u0102L\u021aI\",\"PEDAGOGUL\"],\"articleSection\":[\"Ora\u0219\"],\"inLanguage\":\"ro-RO\"},{\"@type\":\"WebPage\",\"@id\":\"https:\\\/\\\/www.btv.md\\\/ro\\\/primul-forum-educational-municipal-la-balti\\\/\",\"url\":\"https:\\\/\\\/www.btv.md\\\/ro\\\/primul-forum-educational-municipal-la-balti\\\/\",\"name\":\"PRIMUL FORUM EDUCA\u021aIONAL MUNICIPAL LA B\u0102L\u021aI - BTV\",\"isPartOf\":{\"@id\":\"https:\\\/\\\/www.btv.md\\\/#website\"},\"primaryImageOfPage\":{\"@id\":\"https:\\\/\\\/www.btv.md\\\/ro\\\/primul-forum-educational-municipal-la-balti\\\/#primaryimage\"},\"image\":{\"@id\":\"https:\\\/\\\/www.btv.md\\\/ro\\\/primul-forum-educational-municipal-la-balti\\\/#primaryimage\"},\"thumbnailUrl\":\"https:\\\/\\\/www.btv.md\\\/wp-content\\\/uploads\\\/2019\\\/09\\\/Bezymyannyj-2.png\",\"datePublished\":\"2019-09-09T20:24:14+00:00\",\"author\":{\"@id\":\"https:\\\/\\\/www.btv.md\\\/#\\\/schema\\\/person\\\/8fadce81561b3ce2c34c46dadc4ccbf2\"},\"inLanguage\":\"ro-RO\",\"potentialAction\":[{\"@type\":\"ReadAction\",\"target\":[\"https:\\\/\\\/www.btv.md\\\/ro\\\/primul-forum-educational-municipal-la-balti\\\/\"]}]},{\"@type\":\"ImageObject\",\"inLanguage\":\"ro-RO\",\"@id\":\"https:\\\/\\\/www.btv.md\\\/ro\\\/primul-forum-educational-municipal-la-balti\\\/#primaryimage\",\"url\":\"https:\\\/\\\/www.btv.md\\\/wp-content\\\/uploads\\\/2019\\\/09\\\/Bezymyannyj-2.png\",\"contentUrl\":\"https:\\\/\\\/www.btv.md\\\/wp-content\\\/uploads\\\/2019\\\/09\\\/Bezymyannyj-2.png\",\"width\":722,\"height\":413},{\"@type\":\"WebSite\",\"@id\":\"https:\\\/\\\/www.btv.md\\\/#website\",\"url\":\"https:\\\/\\\/www.btv.md\\\/\",\"name\":\"BTV\",\"description\":\"\u0411\u0435\u043b\u044c\u0446\u043a\u043e\u0435 \u0442\u0435\u043b\u0435\u0432\u0438\u0434\u0435\u043d\u0438\u0435\",\"potentialAction\":[{\"@type\":\"SearchAction\",\"target\":{\"@type\":\"EntryPoint\",\"urlTemplate\":\"https:\\\/\\\/www.btv.md\\\/?s={search_term_string}\"},\"query-input\":{\"@type\":\"PropertyValueSpecification\",\"valueRequired\":true,\"valueName\":\"search_term_string\"}}],\"inLanguage\":\"ro-RO\"},{\"@type\":\"Person\",\"@id\":\"https:\\\/\\\/www.btv.md\\\/#\\\/schema\\\/person\\\/8fadce81561b3ce2c34c46dadc4ccbf2\",\"name\":\"admin\"}]}<\/script>\n<!-- \/ Yoast SEO plugin. -->","yoast_head_json":{"title":"PRIMUL FORUM EDUCA\u021aIONAL MUNICIPAL LA B\u0102L\u021aI - BTV","robots":{"index":"index","follow":"follow","max-snippet":"max-snippet:-1","max-image-preview":"max-image-preview:large","max-video-preview":"max-video-preview:-1"},"canonical":"https:\/\/www.btv.md\/ro\/primul-forum-educational-municipal-la-balti\/","og_locale":"ro_RO","og_type":"article","og_title":"PRIMUL FORUM EDUCA\u021aIONAL MUNICIPAL LA B\u0102L\u021aI - BTV","og_description":",,Fii tu \u00eesu\u021bi schimbarea pe care vrei s-o vezi \u00een lume\u201d. Cu acest motto s-a desf\u0103\u0219urat primul Forum Educa\u021bional Municipal \u00een care reprezentan\u021bii sistemului de \u00eenv\u0103\u021b\u0103m\u00e2nt\u00a0 \u0219i-au \u00eemp\u0103rt\u0103\u0219it bunele practici, dar \u0219i provoc\u0103rile care apar \u00een munca de zi cu zi. PRIMUL FORUM EDUCA\u021aIONAL MUNICIPAL LA B\u0102L\u021aI PEDAGOGUL, AGENT AL SCHIMB\u0102RIIPRIMUL FORUM EDUCA\u021aIONAL MUNICIPAL LA [&hellip;]","og_url":"https:\/\/www.btv.md\/ro\/primul-forum-educational-municipal-la-balti\/","og_site_name":"BTV","article_publisher":"https:\/\/www.facebook.com\/btvmoldova\/","article_published_time":"2019-09-09T20:24:14+00:00","og_image":[{"width":722,"height":413,"url":"https:\/\/www.btv.md\/wp-content\/uploads\/2019\/09\/Bezymyannyj-2.png","type":"image\/png"}],"author":"admin","twitter_misc":{"Scris de":"admin","Timp estimat pentru citire":"1 minut"},"schema":{"@context":"https:\/\/schema.org","@graph":[{"@type":"Article","@id":"https:\/\/www.btv.md\/ro\/primul-forum-educational-municipal-la-balti\/#article","isPartOf":{"@id":"https:\/\/www.btv.md\/ro\/primul-forum-educational-municipal-la-balti\/"},"author":{"name":"admin","@id":"https:\/\/www.btv.md\/#\/schema\/person\/8fadce81561b3ce2c34c46dadc4ccbf2"},"headline":"PRIMUL FORUM EDUCA\u021aIONAL MUNICIPAL LA B\u0102L\u021aI","datePublished":"2019-09-09T20:24:14+00:00","mainEntityOfPage":{"@id":"https:\/\/www.btv.md\/ro\/primul-forum-educational-municipal-la-balti\/"},"wordCount":278,"image":{"@id":"https:\/\/www.btv.md\/ro\/primul-forum-educational-municipal-la-balti\/#primaryimage"},"thumbnailUrl":"https:\/\/www.btv.md\/wp-content\/uploads\/2019\/09\/Bezymyannyj-2.png","keywords":["AGENT AL SCHIMB\u0102RII PRIMUL FORUM EDUCA\u021aIONAL MUNICIPAL LA B\u0102L\u021aI","PEDAGOGUL"],"articleSection":["Ora\u0219"],"inLanguage":"ro-RO"},{"@type":"WebPage","@id":"https:\/\/www.btv.md\/ro\/primul-forum-educational-municipal-la-balti\/","url":"https:\/\/www.btv.md\/ro\/primul-forum-educational-municipal-la-balti\/","name":"PRIMUL FORUM EDUCA\u021aIONAL MUNICIPAL LA B\u0102L\u021aI - BTV","isPartOf":{"@id":"https:\/\/www.btv.md\/#website"},"primaryImageOfPage":{"@id":"https:\/\/www.btv.md\/ro\/primul-forum-educational-municipal-la-balti\/#primaryimage"},"image":{"@id":"https:\/\/www.btv.md\/ro\/primul-forum-educational-municipal-la-balti\/#primaryimage"},"thumbnailUrl":"https:\/\/www.btv.md\/wp-content\/uploads\/2019\/09\/Bezymyannyj-2.png","datePublished":"2019-09-09T20:24:14+00:00","author":{"@id":"https:\/\/www.btv.md\/#\/schema\/person\/8fadce81561b3ce2c34c46dadc4ccbf2"},"inLanguage":"ro-RO","potentialAction":[{"@type":"ReadAction","target":["https:\/\/www.btv.md\/ro\/primul-forum-educational-municipal-la-balti\/"]}]},{"@type":"ImageObject","inLanguage":"ro-RO","@id":"https:\/\/www.btv.md\/ro\/primul-forum-educational-municipal-la-balti\/#primaryimage","url":"https:\/\/www.btv.md\/wp-content\/uploads\/2019\/09\/Bezymyannyj-2.png","contentUrl":"https:\/\/www.btv.md\/wp-content\/uploads\/2019\/09\/Bezymyannyj-2.png","width":722,"height":413},{"@type":"WebSite","@id":"https:\/\/www.btv.md\/#website","url":"https:\/\/www.btv.md\/","name":"BTV","description":"\u0411\u0435\u043b\u044c\u0446\u043a\u043e\u0435 \u0442\u0435\u043b\u0435\u0432\u0438\u0434\u0435\u043d\u0438\u0435","potentialAction":[{"@type":"SearchAction","target":{"@type":"EntryPoint","urlTemplate":"https:\/\/www.btv.md\/?s={search_term_string}"},"query-input":{"@type":"PropertyValueSpecification","valueRequired":true,"valueName":"search_term_string"}}],"inLanguage":"ro-RO"},{"@type":"Person","@id":"https:\/\/www.btv.md\/#\/schema\/person\/8fadce81561b3ce2c34c46dadc4ccbf2","name":"admin"}]}},"_links":{"self":[{"href":"https:\/\/www.btv.md\/ro\/wp-json\/wp\/v2\/posts\/60742","targetHints":{"allow":["GET"]}}],"collection":[{"href":"https:\/\/www.btv.md\/ro\/wp-json\/wp\/v2\/posts"}],"about":[{"href":"https:\/\/www.btv.md\/ro\/wp-json\/wp\/v2\/types\/post"}],"author":[{"embeddable":true,"href":"https:\/\/www.btv.md\/ro\/wp-json\/wp\/v2\/users\/4"}],"replies":[{"embeddable":true,"href":"https:\/\/www.btv.md\/ro\/wp-json\/wp\/v2\/comments?post=60742"}],"version-history":[{"count":0,"href":"https:\/\/www.btv.md\/ro\/wp-json\/wp\/v2\/posts\/60742\/revisions"}],"wp:featuredmedia":[{"embeddable":true,"href":"https:\/\/www.btv.md\/ro\/wp-json\/wp\/v2\/media\/60733"}],"wp:attachment":[{"href":"https:\/\/www.btv.md\/ro\/wp-json\/wp\/v2\/media?parent=60742"}],"wp:term":[{"taxonomy":"category","embeddable":true,"href":"https:\/\/www.btv.md\/ro\/wp-json\/wp\/v2\/categories?post=60742"},{"taxonomy":"post_tag","embeddable":true,"href":"https:\/\/www.btv.md\/ro\/wp-json\/wp\/v2\/tags?post=60742"}],"curies":[{"name":"wp","href":"https:\/\/api.w.org\/{rel}","templated":true}]}}