{"id":60746,"date":"2019-09-09T23:29:21","date_gmt":"2019-09-09T20:29:21","guid":{"rendered":"http:\/\/www.btv.md\/?p=60746"},"modified":"2019-09-09T23:29:21","modified_gmt":"2019-09-09T20:29:21","slug":"moldova-cere-ajutorul-elvetiei-in-anchetarea-lui-vladimir-plahotniuc","status":"publish","type":"post","link":"https:\/\/www.btv.md\/ro\/moldova-cere-ajutorul-elvetiei-in-anchetarea-lui-vladimir-plahotniuc\/","title":{"rendered":"Moldova cere ajutorul Elve\u021biei \u00een anchetarea lui Vladimir Plahotniuc"},"content":{"rendered":"<p><strong>Republica Moldova a trimis autorit\u0103\u021bilor elve\u021biene o solicitare de asisten\u021b\u0103 juridic\u0103 reciproc\u0103 \u00een leg\u0103tur\u0103 cu o anchet\u0103 axat\u0103 pe controversatul oligarh, Vladimir Plahotniuc, transmite swissinfo.ch.<\/strong><\/p>\n<p>Potrivit sursei, oficiul Federal al Justi\u021biei (FOJ) a primit cererea pe 26 august, potrivit s\u0103pt\u0103m\u00e2nalului NZZ am Sonntag \u0219i al agen\u021biei de \u0219tiri elve\u021biene SDA-Keystone, transmite\u00a0 <a href=\"https:\/\/unimedia.info\/ro\/news\/883e96b2dc89488f\/moldova-solicita-ajutor-elevetiei-in-investigarea-lui-vladimir-plahotniuc.html?utm_source=Site%20Widgets&amp;utm_medium=Last%20News%20Widget&amp;utm_campaign=Last%20News%20Widget\">Unimedia.<\/a><\/p>\n<p>Cererea a fost \u00eenaintat\u0103 parchetului public din Zurich, principalul centru financiar al Elve\u021biei.<\/p>\n<p>FOJ nu a oferit detalii despre cerere. Cu toate acestea, potrivit ziarului \u00een limba german\u0103, nu se exclude varianta c\u0103 Procuratura din Moldova a solicitat ca fondurile lui Plahotniuc depuse la b\u0103ncile din Zurich s\u0103 fie \u00eenghe\u021bate. Oligarhul moldovean mai de\u021bine o vil\u0103 \u00een Collonge-Bellerive, \u00een cantonul Geneva.<\/p>\n<p>Pe parcursul lunii iunie, Plahotniuc a negat utilizarea influen\u021bei sale politice \u00een scopuri personale.<\/p>\n<p>Procuratura Republicii Moldova a \u00eenceput cercetarea penal\u0103 pe numele fostului pre\u0219edinte al PDM de la schimbarea guvernului \u00een luna iunie al anului curent.<\/p>\n<p>Acum trei zile, ministrul de Interne, Andrei N\u0103stase, a declarat c\u0103 la Ministerul Afacerilor Interne exist\u0103 un proces penal \u00een care este vizat fostul lider al Partidului Democrat, Vladimir Plahotniuc.<\/p>\n<p>Amintim c\u0103 liderul PDM, Vlad Plahotniuc, a anun\u021bat c\u0103 nu se afl\u0103 \u00een Republica Moldova. \u201eAm nevoie de timp pentru a-mi securiza familia, dup\u0103 ce a trecut prin momente grele, inclusiv dup\u0103 o tentativ\u0103 de r\u0103pire e\u0219uat\u0103 a mea, care a avut loc anul trecut, c\u00e2nd m\u0103 aflam \u00eentr-o vizit\u0103 peste hotare\u201d, a scris Vlad Plahotniuc.<\/p>\n<p>De asemenea, la sf\u00e2r\u0219itul lunii iulie, departamentul de Investiga\u021bii din cadrul Ministerului Afacerilor Interne al Federa\u021biei Ruse a solicitat Cur\u021bii Tverscaia din Moscova s\u0103 emit\u0103 mandat de arest \u00een lips\u0103 pe numele lui Vladimir Plahotniuc, care este acuzat de organizarea \u0219i participare \u00eentr-o grupare criminal\u0103, transmite agen\u021bia TASS.<\/p>\n<p>&nbsp;<\/p>\n","protected":false},"excerpt":{"rendered":"<p>Republica Moldova a trimis autorit\u0103\u021bilor elve\u021biene o solicitare de asisten\u021b\u0103 juridic\u0103 reciproc\u0103 \u00een leg\u0103tur\u0103 cu o anchet\u0103 axat\u0103 pe controversatul oligarh, Vladimir Plahotniuc, transmite swissinfo.ch. Potrivit sursei, oficiul Federal al Justi\u021biei (FOJ) a primit cererea pe 26 august, potrivit s\u0103pt\u0103m\u00e2nalului NZZ am Sonntag \u0219i al agen\u021biei de \u0219tiri elve\u021biene SDA-Keystone, transmite\u00a0 Unimedia. Cererea a fost [&hellip;]<\/p>\n","protected":false},"author":4,"featured_media":60747,"comment_status":"closed","ping_status":"closed","sticky":false,"template":"","format":"standard","meta":{"footnotes":""},"categories":[6368],"tags":[7959],"class_list":["post-60746","post","type-post","status-publish","format-standard","has-post-thumbnail","hentry","category-politica-ro","tag-moldova-cere-ajutorul-elvetiei-in-anchetarea-lui-vladimir-plahotniuc"],"yoast_head":"<!-- This site is optimized with the Yoast SEO plugin v27.4 - https:\/\/yoast.com\/product\/yoast-seo-wordpress\/ -->\n<title>Moldova cere ajutorul Elve\u021biei \u00een anchetarea lui Vladimir Plahotniuc - BTV<\/title>\n<meta name=\"robots\" content=\"index, follow, max-snippet:-1, max-image-preview:large, max-video-preview:-1\" \/>\n<link rel=\"canonical\" href=\"https:\/\/www.btv.md\/ro\/moldova-cere-ajutorul-elvetiei-in-anchetarea-lui-vladimir-plahotniuc\/\" \/>\n<meta property=\"og:locale\" content=\"ro_RO\" \/>\n<meta property=\"og:type\" content=\"article\" \/>\n<meta property=\"og:title\" content=\"Moldova cere ajutorul Elve\u021biei \u00een anchetarea lui Vladimir Plahotniuc - BTV\" \/>\n<meta property=\"og:description\" content=\"Republica Moldova a trimis autorit\u0103\u021bilor elve\u021biene o solicitare de asisten\u021b\u0103 juridic\u0103 reciproc\u0103 \u00een leg\u0103tur\u0103 cu o anchet\u0103 axat\u0103 pe controversatul oligarh, Vladimir Plahotniuc, transmite swissinfo.ch. Potrivit sursei, oficiul Federal al Justi\u021biei (FOJ) a primit cererea pe 26 august, potrivit s\u0103pt\u0103m\u00e2nalului NZZ am Sonntag \u0219i al agen\u021biei de \u0219tiri elve\u021biene SDA-Keystone, transmite\u00a0 Unimedia. Cererea a fost [&hellip;]\" \/>\n<meta property=\"og:url\" content=\"https:\/\/www.btv.md\/ro\/moldova-cere-ajutorul-elvetiei-in-anchetarea-lui-vladimir-plahotniuc\/\" \/>\n<meta property=\"og:site_name\" content=\"BTV\" \/>\n<meta property=\"article:publisher\" content=\"https:\/\/www.facebook.com\/btvmoldova\/\" \/>\n<meta property=\"article:published_time\" content=\"2019-09-09T20:29:21+00:00\" \/>\n<meta property=\"og:image\" content=\"https:\/\/www.btv.md\/wp-content\/uploads\/2019\/09\/vladimir-plahotnyuk_166037207_orig_.jpg\" \/>\n\t<meta property=\"og:image:width\" content=\"960\" \/>\n\t<meta property=\"og:image:height\" content=\"640\" \/>\n\t<meta property=\"og:image:type\" content=\"image\/jpeg\" \/>\n<meta name=\"author\" content=\"admin\" \/>\n<meta name=\"twitter:label1\" content=\"Scris de\" \/>\n\t<meta name=\"twitter:data1\" content=\"admin\" \/>\n\t<meta name=\"twitter:label2\" content=\"Timp estimat pentru citire\" \/>\n\t<meta name=\"twitter:data2\" content=\"2 minute\" \/>\n<script type=\"application\/ld+json\" class=\"yoast-schema-graph\">{\"@context\":\"https:\\\/\\\/schema.org\",\"@graph\":[{\"@type\":\"Article\",\"@id\":\"https:\\\/\\\/www.btv.md\\\/ro\\\/moldova-cere-ajutorul-elvetiei-in-anchetarea-lui-vladimir-plahotniuc\\\/#article\",\"isPartOf\":{\"@id\":\"https:\\\/\\\/www.btv.md\\\/ro\\\/moldova-cere-ajutorul-elvetiei-in-anchetarea-lui-vladimir-plahotniuc\\\/\"},\"author\":{\"name\":\"admin\",\"@id\":\"https:\\\/\\\/www.btv.md\\\/#\\\/schema\\\/person\\\/8fadce81561b3ce2c34c46dadc4ccbf2\"},\"headline\":\"Moldova cere ajutorul Elve\u021biei \u00een anchetarea lui Vladimir Plahotniuc\",\"datePublished\":\"2019-09-09T20:29:21+00:00\",\"mainEntityOfPage\":{\"@id\":\"https:\\\/\\\/www.btv.md\\\/ro\\\/moldova-cere-ajutorul-elvetiei-in-anchetarea-lui-vladimir-plahotniuc\\\/\"},\"wordCount\":321,\"image\":{\"@id\":\"https:\\\/\\\/www.btv.md\\\/ro\\\/moldova-cere-ajutorul-elvetiei-in-anchetarea-lui-vladimir-plahotniuc\\\/#primaryimage\"},\"thumbnailUrl\":\"https:\\\/\\\/www.btv.md\\\/wp-content\\\/uploads\\\/2019\\\/09\\\/vladimir-plahotnyuk_166037207_orig_.jpg\",\"keywords\":[\"Moldova cere ajutorul Elve\u021biei \u00een anchetarea lui Vladimir Plahotniuc\"],\"articleSection\":[\"Politic\u0103\"],\"inLanguage\":\"ro-RO\"},{\"@type\":\"WebPage\",\"@id\":\"https:\\\/\\\/www.btv.md\\\/ro\\\/moldova-cere-ajutorul-elvetiei-in-anchetarea-lui-vladimir-plahotniuc\\\/\",\"url\":\"https:\\\/\\\/www.btv.md\\\/ro\\\/moldova-cere-ajutorul-elvetiei-in-anchetarea-lui-vladimir-plahotniuc\\\/\",\"name\":\"Moldova cere ajutorul Elve\u021biei \u00een anchetarea lui Vladimir Plahotniuc - BTV\",\"isPartOf\":{\"@id\":\"https:\\\/\\\/www.btv.md\\\/#website\"},\"primaryImageOfPage\":{\"@id\":\"https:\\\/\\\/www.btv.md\\\/ro\\\/moldova-cere-ajutorul-elvetiei-in-anchetarea-lui-vladimir-plahotniuc\\\/#primaryimage\"},\"image\":{\"@id\":\"https:\\\/\\\/www.btv.md\\\/ro\\\/moldova-cere-ajutorul-elvetiei-in-anchetarea-lui-vladimir-plahotniuc\\\/#primaryimage\"},\"thumbnailUrl\":\"https:\\\/\\\/www.btv.md\\\/wp-content\\\/uploads\\\/2019\\\/09\\\/vladimir-plahotnyuk_166037207_orig_.jpg\",\"datePublished\":\"2019-09-09T20:29:21+00:00\",\"author\":{\"@id\":\"https:\\\/\\\/www.btv.md\\\/#\\\/schema\\\/person\\\/8fadce81561b3ce2c34c46dadc4ccbf2\"},\"inLanguage\":\"ro-RO\",\"potentialAction\":[{\"@type\":\"ReadAction\",\"target\":[\"https:\\\/\\\/www.btv.md\\\/ro\\\/moldova-cere-ajutorul-elvetiei-in-anchetarea-lui-vladimir-plahotniuc\\\/\"]}]},{\"@type\":\"ImageObject\",\"inLanguage\":\"ro-RO\",\"@id\":\"https:\\\/\\\/www.btv.md\\\/ro\\\/moldova-cere-ajutorul-elvetiei-in-anchetarea-lui-vladimir-plahotniuc\\\/#primaryimage\",\"url\":\"https:\\\/\\\/www.btv.md\\\/wp-content\\\/uploads\\\/2019\\\/09\\\/vladimir-plahotnyuk_166037207_orig_.jpg\",\"contentUrl\":\"https:\\\/\\\/www.btv.md\\\/wp-content\\\/uploads\\\/2019\\\/09\\\/vladimir-plahotnyuk_166037207_orig_.jpg\",\"width\":960,\"height\":640},{\"@type\":\"WebSite\",\"@id\":\"https:\\\/\\\/www.btv.md\\\/#website\",\"url\":\"https:\\\/\\\/www.btv.md\\\/\",\"name\":\"BTV\",\"description\":\"\u0411\u0435\u043b\u044c\u0446\u043a\u043e\u0435 \u0442\u0435\u043b\u0435\u0432\u0438\u0434\u0435\u043d\u0438\u0435\",\"potentialAction\":[{\"@type\":\"SearchAction\",\"target\":{\"@type\":\"EntryPoint\",\"urlTemplate\":\"https:\\\/\\\/www.btv.md\\\/?s={search_term_string}\"},\"query-input\":{\"@type\":\"PropertyValueSpecification\",\"valueRequired\":true,\"valueName\":\"search_term_string\"}}],\"inLanguage\":\"ro-RO\"},{\"@type\":\"Person\",\"@id\":\"https:\\\/\\\/www.btv.md\\\/#\\\/schema\\\/person\\\/8fadce81561b3ce2c34c46dadc4ccbf2\",\"name\":\"admin\"}]}<\/script>\n<!-- \/ Yoast SEO plugin. -->","yoast_head_json":{"title":"Moldova cere ajutorul Elve\u021biei \u00een anchetarea lui Vladimir Plahotniuc - BTV","robots":{"index":"index","follow":"follow","max-snippet":"max-snippet:-1","max-image-preview":"max-image-preview:large","max-video-preview":"max-video-preview:-1"},"canonical":"https:\/\/www.btv.md\/ro\/moldova-cere-ajutorul-elvetiei-in-anchetarea-lui-vladimir-plahotniuc\/","og_locale":"ro_RO","og_type":"article","og_title":"Moldova cere ajutorul Elve\u021biei \u00een anchetarea lui Vladimir Plahotniuc - BTV","og_description":"Republica Moldova a trimis autorit\u0103\u021bilor elve\u021biene o solicitare de asisten\u021b\u0103 juridic\u0103 reciproc\u0103 \u00een leg\u0103tur\u0103 cu o anchet\u0103 axat\u0103 pe controversatul oligarh, Vladimir Plahotniuc, transmite swissinfo.ch. Potrivit sursei, oficiul Federal al Justi\u021biei (FOJ) a primit cererea pe 26 august, potrivit s\u0103pt\u0103m\u00e2nalului NZZ am Sonntag \u0219i al agen\u021biei de \u0219tiri elve\u021biene SDA-Keystone, transmite\u00a0 Unimedia. Cererea a fost [&hellip;]","og_url":"https:\/\/www.btv.md\/ro\/moldova-cere-ajutorul-elvetiei-in-anchetarea-lui-vladimir-plahotniuc\/","og_site_name":"BTV","article_publisher":"https:\/\/www.facebook.com\/btvmoldova\/","article_published_time":"2019-09-09T20:29:21+00:00","og_image":[{"width":960,"height":640,"url":"https:\/\/www.btv.md\/wp-content\/uploads\/2019\/09\/vladimir-plahotnyuk_166037207_orig_.jpg","type":"image\/jpeg"}],"author":"admin","twitter_misc":{"Scris de":"admin","Timp estimat pentru citire":"2 minute"},"schema":{"@context":"https:\/\/schema.org","@graph":[{"@type":"Article","@id":"https:\/\/www.btv.md\/ro\/moldova-cere-ajutorul-elvetiei-in-anchetarea-lui-vladimir-plahotniuc\/#article","isPartOf":{"@id":"https:\/\/www.btv.md\/ro\/moldova-cere-ajutorul-elvetiei-in-anchetarea-lui-vladimir-plahotniuc\/"},"author":{"name":"admin","@id":"https:\/\/www.btv.md\/#\/schema\/person\/8fadce81561b3ce2c34c46dadc4ccbf2"},"headline":"Moldova cere ajutorul Elve\u021biei \u00een anchetarea lui Vladimir Plahotniuc","datePublished":"2019-09-09T20:29:21+00:00","mainEntityOfPage":{"@id":"https:\/\/www.btv.md\/ro\/moldova-cere-ajutorul-elvetiei-in-anchetarea-lui-vladimir-plahotniuc\/"},"wordCount":321,"image":{"@id":"https:\/\/www.btv.md\/ro\/moldova-cere-ajutorul-elvetiei-in-anchetarea-lui-vladimir-plahotniuc\/#primaryimage"},"thumbnailUrl":"https:\/\/www.btv.md\/wp-content\/uploads\/2019\/09\/vladimir-plahotnyuk_166037207_orig_.jpg","keywords":["Moldova cere ajutorul Elve\u021biei \u00een anchetarea lui Vladimir Plahotniuc"],"articleSection":["Politic\u0103"],"inLanguage":"ro-RO"},{"@type":"WebPage","@id":"https:\/\/www.btv.md\/ro\/moldova-cere-ajutorul-elvetiei-in-anchetarea-lui-vladimir-plahotniuc\/","url":"https:\/\/www.btv.md\/ro\/moldova-cere-ajutorul-elvetiei-in-anchetarea-lui-vladimir-plahotniuc\/","name":"Moldova cere ajutorul Elve\u021biei \u00een anchetarea lui Vladimir Plahotniuc - BTV","isPartOf":{"@id":"https:\/\/www.btv.md\/#website"},"primaryImageOfPage":{"@id":"https:\/\/www.btv.md\/ro\/moldova-cere-ajutorul-elvetiei-in-anchetarea-lui-vladimir-plahotniuc\/#primaryimage"},"image":{"@id":"https:\/\/www.btv.md\/ro\/moldova-cere-ajutorul-elvetiei-in-anchetarea-lui-vladimir-plahotniuc\/#primaryimage"},"thumbnailUrl":"https:\/\/www.btv.md\/wp-content\/uploads\/2019\/09\/vladimir-plahotnyuk_166037207_orig_.jpg","datePublished":"2019-09-09T20:29:21+00:00","author":{"@id":"https:\/\/www.btv.md\/#\/schema\/person\/8fadce81561b3ce2c34c46dadc4ccbf2"},"inLanguage":"ro-RO","potentialAction":[{"@type":"ReadAction","target":["https:\/\/www.btv.md\/ro\/moldova-cere-ajutorul-elvetiei-in-anchetarea-lui-vladimir-plahotniuc\/"]}]},{"@type":"ImageObject","inLanguage":"ro-RO","@id":"https:\/\/www.btv.md\/ro\/moldova-cere-ajutorul-elvetiei-in-anchetarea-lui-vladimir-plahotniuc\/#primaryimage","url":"https:\/\/www.btv.md\/wp-content\/uploads\/2019\/09\/vladimir-plahotnyuk_166037207_orig_.jpg","contentUrl":"https:\/\/www.btv.md\/wp-content\/uploads\/2019\/09\/vladimir-plahotnyuk_166037207_orig_.jpg","width":960,"height":640},{"@type":"WebSite","@id":"https:\/\/www.btv.md\/#website","url":"https:\/\/www.btv.md\/","name":"BTV","description":"\u0411\u0435\u043b\u044c\u0446\u043a\u043e\u0435 \u0442\u0435\u043b\u0435\u0432\u0438\u0434\u0435\u043d\u0438\u0435","potentialAction":[{"@type":"SearchAction","target":{"@type":"EntryPoint","urlTemplate":"https:\/\/www.btv.md\/?s={search_term_string}"},"query-input":{"@type":"PropertyValueSpecification","valueRequired":true,"valueName":"search_term_string"}}],"inLanguage":"ro-RO"},{"@type":"Person","@id":"https:\/\/www.btv.md\/#\/schema\/person\/8fadce81561b3ce2c34c46dadc4ccbf2","name":"admin"}]}},"_links":{"self":[{"href":"https:\/\/www.btv.md\/ro\/wp-json\/wp\/v2\/posts\/60746","targetHints":{"allow":["GET"]}}],"collection":[{"href":"https:\/\/www.btv.md\/ro\/wp-json\/wp\/v2\/posts"}],"about":[{"href":"https:\/\/www.btv.md\/ro\/wp-json\/wp\/v2\/types\/post"}],"author":[{"embeddable":true,"href":"https:\/\/www.btv.md\/ro\/wp-json\/wp\/v2\/users\/4"}],"replies":[{"embeddable":true,"href":"https:\/\/www.btv.md\/ro\/wp-json\/wp\/v2\/comments?post=60746"}],"version-history":[{"count":0,"href":"https:\/\/www.btv.md\/ro\/wp-json\/wp\/v2\/posts\/60746\/revisions"}],"wp:featuredmedia":[{"embeddable":true,"href":"https:\/\/www.btv.md\/ro\/wp-json\/wp\/v2\/media\/60747"}],"wp:attachment":[{"href":"https:\/\/www.btv.md\/ro\/wp-json\/wp\/v2\/media?parent=60746"}],"wp:term":[{"taxonomy":"category","embeddable":true,"href":"https:\/\/www.btv.md\/ro\/wp-json\/wp\/v2\/categories?post=60746"},{"taxonomy":"post_tag","embeddable":true,"href":"https:\/\/www.btv.md\/ro\/wp-json\/wp\/v2\/tags?post=60746"}],"curies":[{"name":"wp","href":"https:\/\/api.w.org\/{rel}","templated":true}]}}