{"id":60758,"date":"2019-09-09T23:35:34","date_gmt":"2019-09-09T20:35:34","guid":{"rendered":"http:\/\/www.btv.md\/?p=60758"},"modified":"2019-09-09T23:35:34","modified_gmt":"2019-09-09T20:35:34","slug":"soferii-care-vor-scapa-de-amenda-chiar-daca-conduc-fara-permis-auto","status":"publish","type":"post","link":"https:\/\/www.btv.md\/ro\/soferii-care-vor-scapa-de-amenda-chiar-daca-conduc-fara-permis-auto\/","title":{"rendered":"\u0218oferii care vor sc\u0103pa de amend\u0103 chiar dac\u0103 conduc f\u0103r\u0103 permis auto"},"content":{"rendered":"<p><strong>Guvernul ar urma s\u0103 modifice legea ce ar presupune nesanc\u021bionarea \u0219oferilor care nu au permisul de conducere atunci c\u00e2nd conduc.<\/strong><\/p>\n<p>Astfel, de obligativitatea de a prezenta acest document vor sc\u0103pa doar \u0219oferii care de\u021bin autoturismul \u0219i se afl\u0103 \u00een traficul na\u021bional.<\/p>\n<p>M\u0103sura deocamdat\u0103 este aplicat\u0103 doar acestor \u0219oferi din cauza posibilit\u0103\u021bilor limitate a agen\u021bilor de circula\u021bie de a verifica dac\u0103 cineva are sau nu dreptul de a conduce sau dac\u0103 cineva se afl\u0103 \u00een tranzi\u021bie prin Republica Moldova, transmite\u00a0 <a href=\"https:\/\/diez.md\/2019\/09\/08\/soferii-moldoveni-care-conduc-masina-proprie-dar-nu-au-permisul-de-conducere-la-ei-ar-putea-scapa-de-amenda\/\">diez.md<\/a>.<\/p>\n<p>Legisla\u021bia Moldovei permitea apari\u021bia acestor \u201escutiri\u201d, din cauza c\u0103 datele \u00een prezent despre cet\u0103\u021beni circul\u0103 mai u\u0219or \u00eentre institu\u021bii pe principiul \u201eghi\u0219eului unic\u201d.<\/p>\n<p>Numai c\u0103 m\u0103sura referitoare la permisul de conducere nu putea fi implementat\u0103 din cauza c\u0103 \u00een Codul Contraven\u021bional este stipulat expres sanc\u021biuni c\u0103tre \u0219oferii care nu au asupra lor permisul de conducere.<\/p>\n<p>Deocamdat\u0103 m\u0103sura se refer\u0103 doar la \u0219oferii care de\u021bin permis de conducere \u0219i au \u00een proprietate automobilul pe care \u00eel conduc \u00een momentul c\u00e2nd sunt opri\u021bi de poli\u021bie.<\/p>\n<p>\u201eExcluderea r\u0103spunderii doar pentru aceast\u0103 categorie de conduc\u0103tori auto este determinat\u0103 de posibilit\u0103\u021bile limitate din punct de vedere tehnic a agen\u021bilor de circula\u021bie de a verifica dispunerea de dreptul de a conducere a unei persoane care se afl\u0103 la volanul unui automobil al c\u0103rei posesor nu este, sau se afl\u0103 \u00een trafic interna\u021bional\u201d, se men\u021bioneaz\u0103 \u00een prevedere.<\/p>\n<p>&nbsp;<\/p>\n","protected":false},"excerpt":{"rendered":"<p>Guvernul ar urma s\u0103 modifice legea ce ar presupune nesanc\u021bionarea \u0219oferilor care nu au permisul de conducere atunci c\u00e2nd conduc. Astfel, de obligativitatea de a prezenta acest document vor sc\u0103pa doar \u0219oferii care de\u021bin autoturismul \u0219i se afl\u0103 \u00een traficul na\u021bional. M\u0103sura deocamdat\u0103 este aplicat\u0103 doar acestor \u0219oferi din cauza posibilit\u0103\u021bilor limitate a agen\u021bilor de [&hellip;]<\/p>\n","protected":false},"author":4,"featured_media":60759,"comment_status":"closed","ping_status":"closed","sticky":false,"template":"","format":"standard","meta":{"footnotes":""},"categories":[6349],"tags":[7963],"class_list":["post-60758","post","type-post","status-publish","format-standard","has-post-thumbnail","hentry","category-social","tag-soferii-care-vor-scapa-de-amenda-chiar-daca-conduc-fara-permis-auto"],"yoast_head":"<!-- This site is optimized with the Yoast SEO plugin v27.4 - https:\/\/yoast.com\/product\/yoast-seo-wordpress\/ -->\n<title>\u0218oferii care vor sc\u0103pa de amend\u0103 chiar dac\u0103 conduc f\u0103r\u0103 permis auto - BTV<\/title>\n<meta name=\"robots\" content=\"index, follow, max-snippet:-1, max-image-preview:large, max-video-preview:-1\" \/>\n<link rel=\"canonical\" href=\"https:\/\/www.btv.md\/ro\/soferii-care-vor-scapa-de-amenda-chiar-daca-conduc-fara-permis-auto\/\" \/>\n<meta property=\"og:locale\" content=\"ro_RO\" \/>\n<meta property=\"og:type\" content=\"article\" \/>\n<meta property=\"og:title\" content=\"\u0218oferii care vor sc\u0103pa de amend\u0103 chiar dac\u0103 conduc f\u0103r\u0103 permis auto - BTV\" \/>\n<meta property=\"og:description\" content=\"Guvernul ar urma s\u0103 modifice legea ce ar presupune nesanc\u021bionarea \u0219oferilor care nu au permisul de conducere atunci c\u00e2nd conduc. Astfel, de obligativitatea de a prezenta acest document vor sc\u0103pa doar \u0219oferii care de\u021bin autoturismul \u0219i se afl\u0103 \u00een traficul na\u021bional. M\u0103sura deocamdat\u0103 este aplicat\u0103 doar acestor \u0219oferi din cauza posibilit\u0103\u021bilor limitate a agen\u021bilor de [&hellip;]\" \/>\n<meta property=\"og:url\" content=\"https:\/\/www.btv.md\/ro\/soferii-care-vor-scapa-de-amenda-chiar-daca-conduc-fara-permis-auto\/\" \/>\n<meta property=\"og:site_name\" content=\"BTV\" \/>\n<meta property=\"article:publisher\" content=\"https:\/\/www.facebook.com\/btvmoldova\/\" \/>\n<meta property=\"article:published_time\" content=\"2019-09-09T20:35:34+00:00\" \/>\n<meta property=\"og:image\" content=\"https:\/\/www.btv.md\/wp-content\/uploads\/2019\/09\/c02f6f0b462f716bae6de4f2da6dcfdf.jpg\" \/>\n\t<meta property=\"og:image:width\" content=\"720\" \/>\n\t<meta property=\"og:image:height\" content=\"480\" \/>\n\t<meta property=\"og:image:type\" content=\"image\/jpeg\" \/>\n<meta name=\"author\" content=\"admin\" \/>\n<meta name=\"twitter:label1\" content=\"Scris de\" \/>\n\t<meta name=\"twitter:data1\" content=\"admin\" \/>\n\t<meta name=\"twitter:label2\" content=\"Timp estimat pentru citire\" \/>\n\t<meta name=\"twitter:data2\" content=\"1 minut\" \/>\n<script type=\"application\/ld+json\" class=\"yoast-schema-graph\">{\"@context\":\"https:\\\/\\\/schema.org\",\"@graph\":[{\"@type\":\"Article\",\"@id\":\"https:\\\/\\\/www.btv.md\\\/ro\\\/soferii-care-vor-scapa-de-amenda-chiar-daca-conduc-fara-permis-auto\\\/#article\",\"isPartOf\":{\"@id\":\"https:\\\/\\\/www.btv.md\\\/ro\\\/soferii-care-vor-scapa-de-amenda-chiar-daca-conduc-fara-permis-auto\\\/\"},\"author\":{\"name\":\"admin\",\"@id\":\"https:\\\/\\\/www.btv.md\\\/#\\\/schema\\\/person\\\/8fadce81561b3ce2c34c46dadc4ccbf2\"},\"headline\":\"\u0218oferii care vor sc\u0103pa de amend\u0103 chiar dac\u0103 conduc f\u0103r\u0103 permis auto\",\"datePublished\":\"2019-09-09T20:35:34+00:00\",\"mainEntityOfPage\":{\"@id\":\"https:\\\/\\\/www.btv.md\\\/ro\\\/soferii-care-vor-scapa-de-amenda-chiar-daca-conduc-fara-permis-auto\\\/\"},\"wordCount\":269,\"image\":{\"@id\":\"https:\\\/\\\/www.btv.md\\\/ro\\\/soferii-care-vor-scapa-de-amenda-chiar-daca-conduc-fara-permis-auto\\\/#primaryimage\"},\"thumbnailUrl\":\"https:\\\/\\\/www.btv.md\\\/wp-content\\\/uploads\\\/2019\\\/09\\\/c02f6f0b462f716bae6de4f2da6dcfdf.jpg\",\"keywords\":[\"\u0218oferii care vor sc\u0103pa de amend\u0103 chiar dac\u0103 conduc f\u0103r\u0103 permis auto\"],\"articleSection\":[\"Social\"],\"inLanguage\":\"ro-RO\"},{\"@type\":\"WebPage\",\"@id\":\"https:\\\/\\\/www.btv.md\\\/ro\\\/soferii-care-vor-scapa-de-amenda-chiar-daca-conduc-fara-permis-auto\\\/\",\"url\":\"https:\\\/\\\/www.btv.md\\\/ro\\\/soferii-care-vor-scapa-de-amenda-chiar-daca-conduc-fara-permis-auto\\\/\",\"name\":\"\u0218oferii care vor sc\u0103pa de amend\u0103 chiar dac\u0103 conduc f\u0103r\u0103 permis auto - BTV\",\"isPartOf\":{\"@id\":\"https:\\\/\\\/www.btv.md\\\/#website\"},\"primaryImageOfPage\":{\"@id\":\"https:\\\/\\\/www.btv.md\\\/ro\\\/soferii-care-vor-scapa-de-amenda-chiar-daca-conduc-fara-permis-auto\\\/#primaryimage\"},\"image\":{\"@id\":\"https:\\\/\\\/www.btv.md\\\/ro\\\/soferii-care-vor-scapa-de-amenda-chiar-daca-conduc-fara-permis-auto\\\/#primaryimage\"},\"thumbnailUrl\":\"https:\\\/\\\/www.btv.md\\\/wp-content\\\/uploads\\\/2019\\\/09\\\/c02f6f0b462f716bae6de4f2da6dcfdf.jpg\",\"datePublished\":\"2019-09-09T20:35:34+00:00\",\"author\":{\"@id\":\"https:\\\/\\\/www.btv.md\\\/#\\\/schema\\\/person\\\/8fadce81561b3ce2c34c46dadc4ccbf2\"},\"inLanguage\":\"ro-RO\",\"potentialAction\":[{\"@type\":\"ReadAction\",\"target\":[\"https:\\\/\\\/www.btv.md\\\/ro\\\/soferii-care-vor-scapa-de-amenda-chiar-daca-conduc-fara-permis-auto\\\/\"]}]},{\"@type\":\"ImageObject\",\"inLanguage\":\"ro-RO\",\"@id\":\"https:\\\/\\\/www.btv.md\\\/ro\\\/soferii-care-vor-scapa-de-amenda-chiar-daca-conduc-fara-permis-auto\\\/#primaryimage\",\"url\":\"https:\\\/\\\/www.btv.md\\\/wp-content\\\/uploads\\\/2019\\\/09\\\/c02f6f0b462f716bae6de4f2da6dcfdf.jpg\",\"contentUrl\":\"https:\\\/\\\/www.btv.md\\\/wp-content\\\/uploads\\\/2019\\\/09\\\/c02f6f0b462f716bae6de4f2da6dcfdf.jpg\",\"width\":720,\"height\":480},{\"@type\":\"WebSite\",\"@id\":\"https:\\\/\\\/www.btv.md\\\/#website\",\"url\":\"https:\\\/\\\/www.btv.md\\\/\",\"name\":\"BTV\",\"description\":\"\u0411\u0435\u043b\u044c\u0446\u043a\u043e\u0435 \u0442\u0435\u043b\u0435\u0432\u0438\u0434\u0435\u043d\u0438\u0435\",\"potentialAction\":[{\"@type\":\"SearchAction\",\"target\":{\"@type\":\"EntryPoint\",\"urlTemplate\":\"https:\\\/\\\/www.btv.md\\\/?s={search_term_string}\"},\"query-input\":{\"@type\":\"PropertyValueSpecification\",\"valueRequired\":true,\"valueName\":\"search_term_string\"}}],\"inLanguage\":\"ro-RO\"},{\"@type\":\"Person\",\"@id\":\"https:\\\/\\\/www.btv.md\\\/#\\\/schema\\\/person\\\/8fadce81561b3ce2c34c46dadc4ccbf2\",\"name\":\"admin\"}]}<\/script>\n<!-- \/ Yoast SEO plugin. -->","yoast_head_json":{"title":"\u0218oferii care vor sc\u0103pa de amend\u0103 chiar dac\u0103 conduc f\u0103r\u0103 permis auto - BTV","robots":{"index":"index","follow":"follow","max-snippet":"max-snippet:-1","max-image-preview":"max-image-preview:large","max-video-preview":"max-video-preview:-1"},"canonical":"https:\/\/www.btv.md\/ro\/soferii-care-vor-scapa-de-amenda-chiar-daca-conduc-fara-permis-auto\/","og_locale":"ro_RO","og_type":"article","og_title":"\u0218oferii care vor sc\u0103pa de amend\u0103 chiar dac\u0103 conduc f\u0103r\u0103 permis auto - BTV","og_description":"Guvernul ar urma s\u0103 modifice legea ce ar presupune nesanc\u021bionarea \u0219oferilor care nu au permisul de conducere atunci c\u00e2nd conduc. Astfel, de obligativitatea de a prezenta acest document vor sc\u0103pa doar \u0219oferii care de\u021bin autoturismul \u0219i se afl\u0103 \u00een traficul na\u021bional. M\u0103sura deocamdat\u0103 este aplicat\u0103 doar acestor \u0219oferi din cauza posibilit\u0103\u021bilor limitate a agen\u021bilor de [&hellip;]","og_url":"https:\/\/www.btv.md\/ro\/soferii-care-vor-scapa-de-amenda-chiar-daca-conduc-fara-permis-auto\/","og_site_name":"BTV","article_publisher":"https:\/\/www.facebook.com\/btvmoldova\/","article_published_time":"2019-09-09T20:35:34+00:00","og_image":[{"width":720,"height":480,"url":"https:\/\/www.btv.md\/wp-content\/uploads\/2019\/09\/c02f6f0b462f716bae6de4f2da6dcfdf.jpg","type":"image\/jpeg"}],"author":"admin","twitter_misc":{"Scris de":"admin","Timp estimat pentru citire":"1 minut"},"schema":{"@context":"https:\/\/schema.org","@graph":[{"@type":"Article","@id":"https:\/\/www.btv.md\/ro\/soferii-care-vor-scapa-de-amenda-chiar-daca-conduc-fara-permis-auto\/#article","isPartOf":{"@id":"https:\/\/www.btv.md\/ro\/soferii-care-vor-scapa-de-amenda-chiar-daca-conduc-fara-permis-auto\/"},"author":{"name":"admin","@id":"https:\/\/www.btv.md\/#\/schema\/person\/8fadce81561b3ce2c34c46dadc4ccbf2"},"headline":"\u0218oferii care vor sc\u0103pa de amend\u0103 chiar dac\u0103 conduc f\u0103r\u0103 permis auto","datePublished":"2019-09-09T20:35:34+00:00","mainEntityOfPage":{"@id":"https:\/\/www.btv.md\/ro\/soferii-care-vor-scapa-de-amenda-chiar-daca-conduc-fara-permis-auto\/"},"wordCount":269,"image":{"@id":"https:\/\/www.btv.md\/ro\/soferii-care-vor-scapa-de-amenda-chiar-daca-conduc-fara-permis-auto\/#primaryimage"},"thumbnailUrl":"https:\/\/www.btv.md\/wp-content\/uploads\/2019\/09\/c02f6f0b462f716bae6de4f2da6dcfdf.jpg","keywords":["\u0218oferii care vor sc\u0103pa de amend\u0103 chiar dac\u0103 conduc f\u0103r\u0103 permis auto"],"articleSection":["Social"],"inLanguage":"ro-RO"},{"@type":"WebPage","@id":"https:\/\/www.btv.md\/ro\/soferii-care-vor-scapa-de-amenda-chiar-daca-conduc-fara-permis-auto\/","url":"https:\/\/www.btv.md\/ro\/soferii-care-vor-scapa-de-amenda-chiar-daca-conduc-fara-permis-auto\/","name":"\u0218oferii care vor sc\u0103pa de amend\u0103 chiar dac\u0103 conduc f\u0103r\u0103 permis auto - BTV","isPartOf":{"@id":"https:\/\/www.btv.md\/#website"},"primaryImageOfPage":{"@id":"https:\/\/www.btv.md\/ro\/soferii-care-vor-scapa-de-amenda-chiar-daca-conduc-fara-permis-auto\/#primaryimage"},"image":{"@id":"https:\/\/www.btv.md\/ro\/soferii-care-vor-scapa-de-amenda-chiar-daca-conduc-fara-permis-auto\/#primaryimage"},"thumbnailUrl":"https:\/\/www.btv.md\/wp-content\/uploads\/2019\/09\/c02f6f0b462f716bae6de4f2da6dcfdf.jpg","datePublished":"2019-09-09T20:35:34+00:00","author":{"@id":"https:\/\/www.btv.md\/#\/schema\/person\/8fadce81561b3ce2c34c46dadc4ccbf2"},"inLanguage":"ro-RO","potentialAction":[{"@type":"ReadAction","target":["https:\/\/www.btv.md\/ro\/soferii-care-vor-scapa-de-amenda-chiar-daca-conduc-fara-permis-auto\/"]}]},{"@type":"ImageObject","inLanguage":"ro-RO","@id":"https:\/\/www.btv.md\/ro\/soferii-care-vor-scapa-de-amenda-chiar-daca-conduc-fara-permis-auto\/#primaryimage","url":"https:\/\/www.btv.md\/wp-content\/uploads\/2019\/09\/c02f6f0b462f716bae6de4f2da6dcfdf.jpg","contentUrl":"https:\/\/www.btv.md\/wp-content\/uploads\/2019\/09\/c02f6f0b462f716bae6de4f2da6dcfdf.jpg","width":720,"height":480},{"@type":"WebSite","@id":"https:\/\/www.btv.md\/#website","url":"https:\/\/www.btv.md\/","name":"BTV","description":"\u0411\u0435\u043b\u044c\u0446\u043a\u043e\u0435 \u0442\u0435\u043b\u0435\u0432\u0438\u0434\u0435\u043d\u0438\u0435","potentialAction":[{"@type":"SearchAction","target":{"@type":"EntryPoint","urlTemplate":"https:\/\/www.btv.md\/?s={search_term_string}"},"query-input":{"@type":"PropertyValueSpecification","valueRequired":true,"valueName":"search_term_string"}}],"inLanguage":"ro-RO"},{"@type":"Person","@id":"https:\/\/www.btv.md\/#\/schema\/person\/8fadce81561b3ce2c34c46dadc4ccbf2","name":"admin"}]}},"_links":{"self":[{"href":"https:\/\/www.btv.md\/ro\/wp-json\/wp\/v2\/posts\/60758","targetHints":{"allow":["GET"]}}],"collection":[{"href":"https:\/\/www.btv.md\/ro\/wp-json\/wp\/v2\/posts"}],"about":[{"href":"https:\/\/www.btv.md\/ro\/wp-json\/wp\/v2\/types\/post"}],"author":[{"embeddable":true,"href":"https:\/\/www.btv.md\/ro\/wp-json\/wp\/v2\/users\/4"}],"replies":[{"embeddable":true,"href":"https:\/\/www.btv.md\/ro\/wp-json\/wp\/v2\/comments?post=60758"}],"version-history":[{"count":0,"href":"https:\/\/www.btv.md\/ro\/wp-json\/wp\/v2\/posts\/60758\/revisions"}],"wp:featuredmedia":[{"embeddable":true,"href":"https:\/\/www.btv.md\/ro\/wp-json\/wp\/v2\/media\/60759"}],"wp:attachment":[{"href":"https:\/\/www.btv.md\/ro\/wp-json\/wp\/v2\/media?parent=60758"}],"wp:term":[{"taxonomy":"category","embeddable":true,"href":"https:\/\/www.btv.md\/ro\/wp-json\/wp\/v2\/categories?post=60758"},{"taxonomy":"post_tag","embeddable":true,"href":"https:\/\/www.btv.md\/ro\/wp-json\/wp\/v2\/tags?post=60758"}],"curies":[{"name":"wp","href":"https:\/\/api.w.org\/{rel}","templated":true}]}}