{"id":60762,"date":"2019-09-09T23:38:15","date_gmt":"2019-09-09T20:38:15","guid":{"rendered":"http:\/\/www.btv.md\/?p=60762"},"modified":"2019-09-09T23:38:15","modified_gmt":"2019-09-09T20:38:15","slug":"botan-dupa-plecarea-lui-plahotniuc-pdm-s-a-impartit-in-trei-fractiuni","status":"publish","type":"post","link":"https:\/\/www.btv.md\/ro\/botan-dupa-plecarea-lui-plahotniuc-pdm-s-a-impartit-in-trei-fractiuni\/","title":{"rendered":"Bo\u021ban: Dup\u0103 plecarea lui Plahotniuc, PDM s-a \u00eemp\u0103r\u021bit \u00een trei frac\u021biuni"},"content":{"rendered":"<p><strong>La Congresul extraordinar al Partidului Democrat, care a avut loc s\u00e2mb\u0103t\u0103, au putut fi observate trei frac\u021biuni ale forma\u021biunii. Cel pu\u021bin asta a declarat analistul Igor Bo\u021ban \u00een cadrul unui interviu pentru Europa Liber\u0103.<\/strong><\/p>\n<p>Analistul este de p\u0103rere c\u0103 aceasta este explica\u021bia discursului pro-unitate pe care l-au prezentat democra\u021bii \u00een ajun de alegeri locale, transmite\u00a0<a href=\"https:\/\/agora.md\/stiri\/61395\/analistul-igor-botan-dupa-plecarea-lui-vlad-plahotniuc-partidul-democrat-s-a-impartit-in-trei-fractiuni\" target=\"_blank\" rel=\"noopener noreferrer\">Agora<\/a>.<\/p>\n<p>\u201eEu cred c\u0103 este vorba despre frac\u021biunile care s-au f\u0103cut vizibile la acest congres: frac\u021biunea \u00een care \u00eel vedem lider pe Pavel Filip \u0219i care a c\u00e2\u0219tigat competi\u021bia \u00een interiorul partidului, vedem frac\u021biunea pro-Plahotniuc, din care face parte Andrian Candu, \u0219i \u00a0frac\u021biunea cea de-a treia este cea care a exilat prin invizibilitate.<\/p>\n<p>Este vorba despre cei care s-au desp\u0103r\u021bit de Partidul Comuni\u0219tilor \u0219i au aderat la Partidul Democrat \u0219i, din c\u00e2te \u0219tiu, au o cu totul alt\u0103 viziune \u0219i \u0219i-ar dori o apropiere de Partidul Sociali\u0219tilor\u201d, a spus Igor Bo\u021ban.<\/p>\n<p>Anterior, Bo\u021ban a declarat pentru Agora c\u0103 plecarea lui Vlad Plahotniuc este o tactic\u0103 deja cunoscut\u0103:<\/p>\n<p>\u201eEl, maestrul lu\u0103rii prin surprindere, a fost b\u0103tut \u0219i luat el prin surprindere pe 7 \u0219i 8 iunie \u0219i a trebuit practic s\u0103 dea foc Cur\u021bii Constitu\u021bionale \u0219i s\u0103 o pun\u0103 \u00eentr-o situa\u021bie penibil\u0103. Depinde dac\u0103 Plahotniuc \u00ee\u0219i men\u021bine finan\u021barea generoas\u0103 a acestui partid \u0219i metodele despre care ne-a vorbit pre\u0219edintele r.Criuleni (n.r. &#8211; dona\u021bii fictive)\u201d, prevede Bo\u021ban.<\/p>\n<p>Pe 7 septembrie, \u00een capital\u0103, a avut loc Congresul Extraordinar al Partidului Democrat. De la tribun\u0103, Pavel Filip, a \u021binut un discurs \u00eenfl\u0103c\u0103rat prin intermediul c\u0103ruia a criticat dur actuala guvernare acuz\u00e2ndu-i pe membrii acesteia de ipocrizie.<\/p>\n<p>De asemenea, fostul premier a f\u0103cut un\u00a0total al activit\u0103\u021bii forma\u021biunii \u0219i i-a asigurat pe membrii de partid c\u0103 nu are de ce s\u0103 le fie ru\u0219ine pentru c\u0103 fac parte din aceast\u0103 forma\u021biune.<\/p>\n<p>Ulterior, Filip a fost ales pre\u0219edintele PDM,\u00a0el fiind \u0219i singurul candidat pentru aceast\u0103 func\u021bie.<\/p>\n<p>De asemenea, \u00een cadrul \u00eentrunirii au fost ale\u0219i cei 145 de membri ai Consiliului Politic Na\u021bional al PDM, 7 memebri ai Comisiei Na\u021bionale de Cenzori \u0219i 7 ai Colegiului de Etic\u0103 \u0219i Arbitraj.<\/p>\n","protected":false},"excerpt":{"rendered":"<p>La Congresul extraordinar al Partidului Democrat, care a avut loc s\u00e2mb\u0103t\u0103, au putut fi observate trei frac\u021biuni ale forma\u021biunii. Cel pu\u021bin asta a declarat analistul Igor Bo\u021ban \u00een cadrul unui interviu pentru Europa Liber\u0103. Analistul este de p\u0103rere c\u0103 aceasta este explica\u021bia discursului pro-unitate pe care l-au prezentat democra\u021bii \u00een ajun de alegeri locale, transmite\u00a0Agora. [&hellip;]<\/p>\n","protected":false},"author":4,"featured_media":60763,"comment_status":"closed","ping_status":"closed","sticky":false,"template":"","format":"standard","meta":{"footnotes":""},"categories":[6368],"tags":[7964,7965],"class_list":["post-60762","post","type-post","status-publish","format-standard","has-post-thumbnail","hentry","category-politica-ro","tag-botan-dupa-plecarea-lui-plahotniuc","tag-pdm-s-a-impartit-in-trei-fractiuni"],"yoast_head":"<!-- This site is optimized with the Yoast SEO plugin v27.4 - https:\/\/yoast.com\/product\/yoast-seo-wordpress\/ -->\n<title>Bo\u021ban: Dup\u0103 plecarea lui Plahotniuc, PDM s-a \u00eemp\u0103r\u021bit \u00een trei frac\u021biuni - BTV<\/title>\n<meta name=\"robots\" content=\"index, follow, max-snippet:-1, max-image-preview:large, max-video-preview:-1\" \/>\n<link rel=\"canonical\" href=\"https:\/\/www.btv.md\/ro\/botan-dupa-plecarea-lui-plahotniuc-pdm-s-a-impartit-in-trei-fractiuni\/\" \/>\n<meta property=\"og:locale\" content=\"ro_RO\" \/>\n<meta property=\"og:type\" content=\"article\" \/>\n<meta property=\"og:title\" content=\"Bo\u021ban: Dup\u0103 plecarea lui Plahotniuc, PDM s-a \u00eemp\u0103r\u021bit \u00een trei frac\u021biuni - BTV\" \/>\n<meta property=\"og:description\" content=\"La Congresul extraordinar al Partidului Democrat, care a avut loc s\u00e2mb\u0103t\u0103, au putut fi observate trei frac\u021biuni ale forma\u021biunii. Cel pu\u021bin asta a declarat analistul Igor Bo\u021ban \u00een cadrul unui interviu pentru Europa Liber\u0103. Analistul este de p\u0103rere c\u0103 aceasta este explica\u021bia discursului pro-unitate pe care l-au prezentat democra\u021bii \u00een ajun de alegeri locale, transmite\u00a0Agora. [&hellip;]\" \/>\n<meta property=\"og:url\" content=\"https:\/\/www.btv.md\/ro\/botan-dupa-plecarea-lui-plahotniuc-pdm-s-a-impartit-in-trei-fractiuni\/\" \/>\n<meta property=\"og:site_name\" content=\"BTV\" \/>\n<meta property=\"article:publisher\" content=\"https:\/\/www.facebook.com\/btvmoldova\/\" \/>\n<meta property=\"article:published_time\" content=\"2019-09-09T20:38:15+00:00\" \/>\n<meta property=\"og:image\" content=\"https:\/\/www.btv.md\/wp-content\/uploads\/2019\/09\/cec47793d03e746a81b4bd502d5bc263.jpg\" \/>\n\t<meta property=\"og:image:width\" content=\"676\" \/>\n\t<meta property=\"og:image:height\" content=\"551\" \/>\n\t<meta property=\"og:image:type\" content=\"image\/jpeg\" \/>\n<meta name=\"author\" content=\"admin\" \/>\n<meta name=\"twitter:label1\" content=\"Scris de\" \/>\n\t<meta name=\"twitter:data1\" content=\"admin\" \/>\n\t<meta name=\"twitter:label2\" content=\"Timp estimat pentru citire\" \/>\n\t<meta name=\"twitter:data2\" content=\"2 minute\" \/>\n<script type=\"application\/ld+json\" class=\"yoast-schema-graph\">{\"@context\":\"https:\\\/\\\/schema.org\",\"@graph\":[{\"@type\":\"Article\",\"@id\":\"https:\\\/\\\/www.btv.md\\\/ro\\\/botan-dupa-plecarea-lui-plahotniuc-pdm-s-a-impartit-in-trei-fractiuni\\\/#article\",\"isPartOf\":{\"@id\":\"https:\\\/\\\/www.btv.md\\\/ro\\\/botan-dupa-plecarea-lui-plahotniuc-pdm-s-a-impartit-in-trei-fractiuni\\\/\"},\"author\":{\"name\":\"admin\",\"@id\":\"https:\\\/\\\/www.btv.md\\\/#\\\/schema\\\/person\\\/8fadce81561b3ce2c34c46dadc4ccbf2\"},\"headline\":\"Bo\u021ban: Dup\u0103 plecarea lui Plahotniuc, PDM s-a \u00eemp\u0103r\u021bit \u00een trei frac\u021biuni\",\"datePublished\":\"2019-09-09T20:38:15+00:00\",\"mainEntityOfPage\":{\"@id\":\"https:\\\/\\\/www.btv.md\\\/ro\\\/botan-dupa-plecarea-lui-plahotniuc-pdm-s-a-impartit-in-trei-fractiuni\\\/\"},\"wordCount\":397,\"image\":{\"@id\":\"https:\\\/\\\/www.btv.md\\\/ro\\\/botan-dupa-plecarea-lui-plahotniuc-pdm-s-a-impartit-in-trei-fractiuni\\\/#primaryimage\"},\"thumbnailUrl\":\"https:\\\/\\\/www.btv.md\\\/wp-content\\\/uploads\\\/2019\\\/09\\\/cec47793d03e746a81b4bd502d5bc263.jpg\",\"keywords\":[\"Bo\u021ban: Dup\u0103 plecarea lui Plahotniuc\",\"PDM s-a \u00eemp\u0103r\u021bit \u00een trei frac\u021biuni\"],\"articleSection\":[\"Politic\u0103\"],\"inLanguage\":\"ro-RO\"},{\"@type\":\"WebPage\",\"@id\":\"https:\\\/\\\/www.btv.md\\\/ro\\\/botan-dupa-plecarea-lui-plahotniuc-pdm-s-a-impartit-in-trei-fractiuni\\\/\",\"url\":\"https:\\\/\\\/www.btv.md\\\/ro\\\/botan-dupa-plecarea-lui-plahotniuc-pdm-s-a-impartit-in-trei-fractiuni\\\/\",\"name\":\"Bo\u021ban: Dup\u0103 plecarea lui Plahotniuc, PDM s-a \u00eemp\u0103r\u021bit \u00een trei frac\u021biuni - BTV\",\"isPartOf\":{\"@id\":\"https:\\\/\\\/www.btv.md\\\/#website\"},\"primaryImageOfPage\":{\"@id\":\"https:\\\/\\\/www.btv.md\\\/ro\\\/botan-dupa-plecarea-lui-plahotniuc-pdm-s-a-impartit-in-trei-fractiuni\\\/#primaryimage\"},\"image\":{\"@id\":\"https:\\\/\\\/www.btv.md\\\/ro\\\/botan-dupa-plecarea-lui-plahotniuc-pdm-s-a-impartit-in-trei-fractiuni\\\/#primaryimage\"},\"thumbnailUrl\":\"https:\\\/\\\/www.btv.md\\\/wp-content\\\/uploads\\\/2019\\\/09\\\/cec47793d03e746a81b4bd502d5bc263.jpg\",\"datePublished\":\"2019-09-09T20:38:15+00:00\",\"author\":{\"@id\":\"https:\\\/\\\/www.btv.md\\\/#\\\/schema\\\/person\\\/8fadce81561b3ce2c34c46dadc4ccbf2\"},\"inLanguage\":\"ro-RO\",\"potentialAction\":[{\"@type\":\"ReadAction\",\"target\":[\"https:\\\/\\\/www.btv.md\\\/ro\\\/botan-dupa-plecarea-lui-plahotniuc-pdm-s-a-impartit-in-trei-fractiuni\\\/\"]}]},{\"@type\":\"ImageObject\",\"inLanguage\":\"ro-RO\",\"@id\":\"https:\\\/\\\/www.btv.md\\\/ro\\\/botan-dupa-plecarea-lui-plahotniuc-pdm-s-a-impartit-in-trei-fractiuni\\\/#primaryimage\",\"url\":\"https:\\\/\\\/www.btv.md\\\/wp-content\\\/uploads\\\/2019\\\/09\\\/cec47793d03e746a81b4bd502d5bc263.jpg\",\"contentUrl\":\"https:\\\/\\\/www.btv.md\\\/wp-content\\\/uploads\\\/2019\\\/09\\\/cec47793d03e746a81b4bd502d5bc263.jpg\",\"width\":676,\"height\":551},{\"@type\":\"WebSite\",\"@id\":\"https:\\\/\\\/www.btv.md\\\/#website\",\"url\":\"https:\\\/\\\/www.btv.md\\\/\",\"name\":\"BTV\",\"description\":\"\u0411\u0435\u043b\u044c\u0446\u043a\u043e\u0435 \u0442\u0435\u043b\u0435\u0432\u0438\u0434\u0435\u043d\u0438\u0435\",\"potentialAction\":[{\"@type\":\"SearchAction\",\"target\":{\"@type\":\"EntryPoint\",\"urlTemplate\":\"https:\\\/\\\/www.btv.md\\\/?s={search_term_string}\"},\"query-input\":{\"@type\":\"PropertyValueSpecification\",\"valueRequired\":true,\"valueName\":\"search_term_string\"}}],\"inLanguage\":\"ro-RO\"},{\"@type\":\"Person\",\"@id\":\"https:\\\/\\\/www.btv.md\\\/#\\\/schema\\\/person\\\/8fadce81561b3ce2c34c46dadc4ccbf2\",\"name\":\"admin\"}]}<\/script>\n<!-- \/ Yoast SEO plugin. -->","yoast_head_json":{"title":"Bo\u021ban: Dup\u0103 plecarea lui Plahotniuc, PDM s-a \u00eemp\u0103r\u021bit \u00een trei frac\u021biuni - BTV","robots":{"index":"index","follow":"follow","max-snippet":"max-snippet:-1","max-image-preview":"max-image-preview:large","max-video-preview":"max-video-preview:-1"},"canonical":"https:\/\/www.btv.md\/ro\/botan-dupa-plecarea-lui-plahotniuc-pdm-s-a-impartit-in-trei-fractiuni\/","og_locale":"ro_RO","og_type":"article","og_title":"Bo\u021ban: Dup\u0103 plecarea lui Plahotniuc, PDM s-a \u00eemp\u0103r\u021bit \u00een trei frac\u021biuni - BTV","og_description":"La Congresul extraordinar al Partidului Democrat, care a avut loc s\u00e2mb\u0103t\u0103, au putut fi observate trei frac\u021biuni ale forma\u021biunii. Cel pu\u021bin asta a declarat analistul Igor Bo\u021ban \u00een cadrul unui interviu pentru Europa Liber\u0103. Analistul este de p\u0103rere c\u0103 aceasta este explica\u021bia discursului pro-unitate pe care l-au prezentat democra\u021bii \u00een ajun de alegeri locale, transmite\u00a0Agora. [&hellip;]","og_url":"https:\/\/www.btv.md\/ro\/botan-dupa-plecarea-lui-plahotniuc-pdm-s-a-impartit-in-trei-fractiuni\/","og_site_name":"BTV","article_publisher":"https:\/\/www.facebook.com\/btvmoldova\/","article_published_time":"2019-09-09T20:38:15+00:00","og_image":[{"width":676,"height":551,"url":"https:\/\/www.btv.md\/wp-content\/uploads\/2019\/09\/cec47793d03e746a81b4bd502d5bc263.jpg","type":"image\/jpeg"}],"author":"admin","twitter_misc":{"Scris de":"admin","Timp estimat pentru citire":"2 minute"},"schema":{"@context":"https:\/\/schema.org","@graph":[{"@type":"Article","@id":"https:\/\/www.btv.md\/ro\/botan-dupa-plecarea-lui-plahotniuc-pdm-s-a-impartit-in-trei-fractiuni\/#article","isPartOf":{"@id":"https:\/\/www.btv.md\/ro\/botan-dupa-plecarea-lui-plahotniuc-pdm-s-a-impartit-in-trei-fractiuni\/"},"author":{"name":"admin","@id":"https:\/\/www.btv.md\/#\/schema\/person\/8fadce81561b3ce2c34c46dadc4ccbf2"},"headline":"Bo\u021ban: Dup\u0103 plecarea lui Plahotniuc, PDM s-a \u00eemp\u0103r\u021bit \u00een trei frac\u021biuni","datePublished":"2019-09-09T20:38:15+00:00","mainEntityOfPage":{"@id":"https:\/\/www.btv.md\/ro\/botan-dupa-plecarea-lui-plahotniuc-pdm-s-a-impartit-in-trei-fractiuni\/"},"wordCount":397,"image":{"@id":"https:\/\/www.btv.md\/ro\/botan-dupa-plecarea-lui-plahotniuc-pdm-s-a-impartit-in-trei-fractiuni\/#primaryimage"},"thumbnailUrl":"https:\/\/www.btv.md\/wp-content\/uploads\/2019\/09\/cec47793d03e746a81b4bd502d5bc263.jpg","keywords":["Bo\u021ban: Dup\u0103 plecarea lui Plahotniuc","PDM s-a \u00eemp\u0103r\u021bit \u00een trei frac\u021biuni"],"articleSection":["Politic\u0103"],"inLanguage":"ro-RO"},{"@type":"WebPage","@id":"https:\/\/www.btv.md\/ro\/botan-dupa-plecarea-lui-plahotniuc-pdm-s-a-impartit-in-trei-fractiuni\/","url":"https:\/\/www.btv.md\/ro\/botan-dupa-plecarea-lui-plahotniuc-pdm-s-a-impartit-in-trei-fractiuni\/","name":"Bo\u021ban: Dup\u0103 plecarea lui Plahotniuc, PDM s-a \u00eemp\u0103r\u021bit \u00een trei frac\u021biuni - BTV","isPartOf":{"@id":"https:\/\/www.btv.md\/#website"},"primaryImageOfPage":{"@id":"https:\/\/www.btv.md\/ro\/botan-dupa-plecarea-lui-plahotniuc-pdm-s-a-impartit-in-trei-fractiuni\/#primaryimage"},"image":{"@id":"https:\/\/www.btv.md\/ro\/botan-dupa-plecarea-lui-plahotniuc-pdm-s-a-impartit-in-trei-fractiuni\/#primaryimage"},"thumbnailUrl":"https:\/\/www.btv.md\/wp-content\/uploads\/2019\/09\/cec47793d03e746a81b4bd502d5bc263.jpg","datePublished":"2019-09-09T20:38:15+00:00","author":{"@id":"https:\/\/www.btv.md\/#\/schema\/person\/8fadce81561b3ce2c34c46dadc4ccbf2"},"inLanguage":"ro-RO","potentialAction":[{"@type":"ReadAction","target":["https:\/\/www.btv.md\/ro\/botan-dupa-plecarea-lui-plahotniuc-pdm-s-a-impartit-in-trei-fractiuni\/"]}]},{"@type":"ImageObject","inLanguage":"ro-RO","@id":"https:\/\/www.btv.md\/ro\/botan-dupa-plecarea-lui-plahotniuc-pdm-s-a-impartit-in-trei-fractiuni\/#primaryimage","url":"https:\/\/www.btv.md\/wp-content\/uploads\/2019\/09\/cec47793d03e746a81b4bd502d5bc263.jpg","contentUrl":"https:\/\/www.btv.md\/wp-content\/uploads\/2019\/09\/cec47793d03e746a81b4bd502d5bc263.jpg","width":676,"height":551},{"@type":"WebSite","@id":"https:\/\/www.btv.md\/#website","url":"https:\/\/www.btv.md\/","name":"BTV","description":"\u0411\u0435\u043b\u044c\u0446\u043a\u043e\u0435 \u0442\u0435\u043b\u0435\u0432\u0438\u0434\u0435\u043d\u0438\u0435","potentialAction":[{"@type":"SearchAction","target":{"@type":"EntryPoint","urlTemplate":"https:\/\/www.btv.md\/?s={search_term_string}"},"query-input":{"@type":"PropertyValueSpecification","valueRequired":true,"valueName":"search_term_string"}}],"inLanguage":"ro-RO"},{"@type":"Person","@id":"https:\/\/www.btv.md\/#\/schema\/person\/8fadce81561b3ce2c34c46dadc4ccbf2","name":"admin"}]}},"_links":{"self":[{"href":"https:\/\/www.btv.md\/ro\/wp-json\/wp\/v2\/posts\/60762","targetHints":{"allow":["GET"]}}],"collection":[{"href":"https:\/\/www.btv.md\/ro\/wp-json\/wp\/v2\/posts"}],"about":[{"href":"https:\/\/www.btv.md\/ro\/wp-json\/wp\/v2\/types\/post"}],"author":[{"embeddable":true,"href":"https:\/\/www.btv.md\/ro\/wp-json\/wp\/v2\/users\/4"}],"replies":[{"embeddable":true,"href":"https:\/\/www.btv.md\/ro\/wp-json\/wp\/v2\/comments?post=60762"}],"version-history":[{"count":0,"href":"https:\/\/www.btv.md\/ro\/wp-json\/wp\/v2\/posts\/60762\/revisions"}],"wp:featuredmedia":[{"embeddable":true,"href":"https:\/\/www.btv.md\/ro\/wp-json\/wp\/v2\/media\/60763"}],"wp:attachment":[{"href":"https:\/\/www.btv.md\/ro\/wp-json\/wp\/v2\/media?parent=60762"}],"wp:term":[{"taxonomy":"category","embeddable":true,"href":"https:\/\/www.btv.md\/ro\/wp-json\/wp\/v2\/categories?post=60762"},{"taxonomy":"post_tag","embeddable":true,"href":"https:\/\/www.btv.md\/ro\/wp-json\/wp\/v2\/tags?post=60762"}],"curies":[{"name":"wp","href":"https:\/\/api.w.org\/{rel}","templated":true}]}}