{"id":60766,"date":"2019-09-09T23:40:56","date_gmt":"2019-09-09T20:40:56","guid":{"rendered":"http:\/\/www.btv.md\/?p=60766"},"modified":"2019-09-09T23:40:56","modified_gmt":"2019-09-09T20:40:56","slug":"expert-acum-va-bloca-proiectele-lui-dodon-privind-transnistria","status":"publish","type":"post","link":"https:\/\/www.btv.md\/ro\/expert-acum-va-bloca-proiectele-lui-dodon-privind-transnistria\/","title":{"rendered":"Expert: Acum va bloca proiectele lui Dodon privind Transnistria"},"content":{"rendered":"<p><strong>Blocul ACUM va bloca proiectele Pre\u015fedintelui Igor Dodon privind reintegrarea Transnistriei, consider\u0103 expertul portalului Regional Trends Analytics, Serghei Isaenco.<\/strong><\/p>\n<p>Potrivit agen\u0163iei\u00a0<a href=\"http:\/\/infotag.md\/\" target=\"_blank\" rel=\"noopener noreferrer\">Infotag<\/a>, el a men\u0163ionat \u00een studiul s\u0103u c\u0103, &#8222;dac\u0103 am rezuma toate declara\u0163iile premierului Maia Sandu \u015fi ale ministrului Afacerilor Externe \u015fi Integr\u0103rii Europene, Nicu Popescu, devine clar c\u0103 blocul de dreapta din Moldova nu este preg\u0103tit s\u0103 fac\u0103 din problema transnistrean\u0103 o prioritate \u015fi s\u0103 o includ\u0103 \u00een agenda Guvernului&#8221;<b>.<\/b><\/p>\n<p>&#8222;Cu Igor Dodon situa\u0163ia este invers\u0103. \u00cen august-septembrie, dup\u0103 vizita ministrului rus al Ap\u0103r\u0103rii, Serghei \u015eoigu, \u015fi declara\u0163iile f\u0103cute de acesta referitoare la depozitele de muni\u0163ii de la Cobasna, Pre\u015fedintele moldovean abordeaz\u0103 iar\u0103\u015fi activ problema &#8222;dialogului serios&#8221; cu Tiraspolul. Dodon propune publicului o anumit\u0103 idee &#8222;nefederativ\u0103&#8221; de &#8222;autonomie mare&#8221;. Aceasta \u00eenseamn\u0103 c\u0103, pentru prima dat\u0103 dup\u0103 acele imagini video din oficiul lui Plahotniuc, aparatul pre\u015fedintelui testeaz\u0103 opinia public\u0103 \u015fi tendin\u0163ele \u00een tab\u0103ra alia\u0163ilor. Pentru Igor Dodon este important s\u0103 \u00een\u0163eleag\u0103 atitudinea partenerilor fa\u0163\u0103 de agenda transnistrean\u0103, \u00eentruc\u00e2t retorica \u015fefului de stat la Adunarea General\u0103 a ONU din Statele Unite de la sf\u00e2r\u015fitul lunii va depinde de aceasta&#8221;, consider\u0103 expertul.<\/p>\n<p>Potrivit lui, o astfel de evolu\u0163ie a evenimentelor nu se convine deloc blocului ACUM, sarcina principal\u0103 a consilierilor s\u0103i politici fiind de a &#8222;\u00eenghe\u0163a&#8221; discu\u0163iile politice despre solu\u0163ionarea transnistrean\u0103&#8221;.<\/p>\n<p>Potrivit acestuia, &#8222;for\u0163ele prooccidentale dominante \u00een Moldova, at\u00e2t de la guvernare, c\u00e2t \u015fi din opozi\u0163ie, nu vor accepta niciodat\u0103 un plan de reglementare \u00een care Transnistria prime\u015fte drepturi politice reale \u00een Moldova&#8221;.<\/p>\n","protected":false},"excerpt":{"rendered":"<p>Blocul ACUM va bloca proiectele Pre\u015fedintelui Igor Dodon privind reintegrarea Transnistriei, consider\u0103 expertul portalului Regional Trends Analytics, Serghei Isaenco. Potrivit agen\u0163iei\u00a0Infotag, el a men\u0163ionat \u00een studiul s\u0103u c\u0103, &#8222;dac\u0103 am rezuma toate declara\u0163iile premierului Maia Sandu \u015fi ale ministrului Afacerilor Externe \u015fi Integr\u0103rii Europene, Nicu Popescu, devine clar c\u0103 blocul de dreapta din Moldova nu [&hellip;]<\/p>\n","protected":false},"author":4,"featured_media":60767,"comment_status":"closed","ping_status":"closed","sticky":false,"template":"","format":"standard","meta":{"footnotes":""},"categories":[6368],"tags":[7966],"class_list":["post-60766","post","type-post","status-publish","format-standard","has-post-thumbnail","hentry","category-politica-ro","tag-expert-acum-va-bloca-proiectele-lui-dodon-privind-transnistria"],"yoast_head":"<!-- This site is optimized with the Yoast SEO plugin v27.4 - https:\/\/yoast.com\/product\/yoast-seo-wordpress\/ -->\n<title>Expert: Acum va bloca proiectele lui Dodon privind Transnistria - BTV<\/title>\n<meta name=\"robots\" content=\"index, follow, max-snippet:-1, max-image-preview:large, max-video-preview:-1\" \/>\n<link rel=\"canonical\" href=\"https:\/\/www.btv.md\/ro\/expert-acum-va-bloca-proiectele-lui-dodon-privind-transnistria\/\" \/>\n<meta property=\"og:locale\" content=\"ro_RO\" \/>\n<meta property=\"og:type\" content=\"article\" \/>\n<meta property=\"og:title\" content=\"Expert: Acum va bloca proiectele lui Dodon privind Transnistria - BTV\" \/>\n<meta property=\"og:description\" content=\"Blocul ACUM va bloca proiectele Pre\u015fedintelui Igor Dodon privind reintegrarea Transnistriei, consider\u0103 expertul portalului Regional Trends Analytics, Serghei Isaenco. Potrivit agen\u0163iei\u00a0Infotag, el a men\u0163ionat \u00een studiul s\u0103u c\u0103, &#8222;dac\u0103 am rezuma toate declara\u0163iile premierului Maia Sandu \u015fi ale ministrului Afacerilor Externe \u015fi Integr\u0103rii Europene, Nicu Popescu, devine clar c\u0103 blocul de dreapta din Moldova nu [&hellip;]\" \/>\n<meta property=\"og:url\" content=\"https:\/\/www.btv.md\/ro\/expert-acum-va-bloca-proiectele-lui-dodon-privind-transnistria\/\" \/>\n<meta property=\"og:site_name\" content=\"BTV\" \/>\n<meta property=\"article:publisher\" content=\"https:\/\/www.facebook.com\/btvmoldova\/\" \/>\n<meta property=\"article:published_time\" content=\"2019-09-09T20:40:56+00:00\" \/>\n<meta property=\"og:image\" content=\"https:\/\/www.btv.md\/wp-content\/uploads\/2019\/09\/8zh68kzclsq1.jpg\" \/>\n\t<meta property=\"og:image:width\" content=\"960\" \/>\n\t<meta property=\"og:image:height\" content=\"670\" \/>\n\t<meta property=\"og:image:type\" content=\"image\/jpeg\" \/>\n<meta name=\"author\" content=\"admin\" \/>\n<meta name=\"twitter:label1\" content=\"Scris de\" \/>\n\t<meta name=\"twitter:data1\" content=\"admin\" \/>\n\t<meta name=\"twitter:label2\" content=\"Timp estimat pentru citire\" \/>\n\t<meta name=\"twitter:data2\" content=\"1 minut\" \/>\n<script type=\"application\/ld+json\" class=\"yoast-schema-graph\">{\"@context\":\"https:\\\/\\\/schema.org\",\"@graph\":[{\"@type\":\"Article\",\"@id\":\"https:\\\/\\\/www.btv.md\\\/ro\\\/expert-acum-va-bloca-proiectele-lui-dodon-privind-transnistria\\\/#article\",\"isPartOf\":{\"@id\":\"https:\\\/\\\/www.btv.md\\\/ro\\\/expert-acum-va-bloca-proiectele-lui-dodon-privind-transnistria\\\/\"},\"author\":{\"name\":\"admin\",\"@id\":\"https:\\\/\\\/www.btv.md\\\/#\\\/schema\\\/person\\\/8fadce81561b3ce2c34c46dadc4ccbf2\"},\"headline\":\"Expert: Acum va bloca proiectele lui Dodon privind Transnistria\",\"datePublished\":\"2019-09-09T20:40:56+00:00\",\"mainEntityOfPage\":{\"@id\":\"https:\\\/\\\/www.btv.md\\\/ro\\\/expert-acum-va-bloca-proiectele-lui-dodon-privind-transnistria\\\/\"},\"wordCount\":284,\"image\":{\"@id\":\"https:\\\/\\\/www.btv.md\\\/ro\\\/expert-acum-va-bloca-proiectele-lui-dodon-privind-transnistria\\\/#primaryimage\"},\"thumbnailUrl\":\"https:\\\/\\\/www.btv.md\\\/wp-content\\\/uploads\\\/2019\\\/09\\\/8zh68kzclsq1.jpg\",\"keywords\":[\"Expert: Acum va bloca proiectele lui Dodon privind Transnistria\"],\"articleSection\":[\"Politic\u0103\"],\"inLanguage\":\"ro-RO\"},{\"@type\":\"WebPage\",\"@id\":\"https:\\\/\\\/www.btv.md\\\/ro\\\/expert-acum-va-bloca-proiectele-lui-dodon-privind-transnistria\\\/\",\"url\":\"https:\\\/\\\/www.btv.md\\\/ro\\\/expert-acum-va-bloca-proiectele-lui-dodon-privind-transnistria\\\/\",\"name\":\"Expert: Acum va bloca proiectele lui Dodon privind Transnistria - BTV\",\"isPartOf\":{\"@id\":\"https:\\\/\\\/www.btv.md\\\/#website\"},\"primaryImageOfPage\":{\"@id\":\"https:\\\/\\\/www.btv.md\\\/ro\\\/expert-acum-va-bloca-proiectele-lui-dodon-privind-transnistria\\\/#primaryimage\"},\"image\":{\"@id\":\"https:\\\/\\\/www.btv.md\\\/ro\\\/expert-acum-va-bloca-proiectele-lui-dodon-privind-transnistria\\\/#primaryimage\"},\"thumbnailUrl\":\"https:\\\/\\\/www.btv.md\\\/wp-content\\\/uploads\\\/2019\\\/09\\\/8zh68kzclsq1.jpg\",\"datePublished\":\"2019-09-09T20:40:56+00:00\",\"author\":{\"@id\":\"https:\\\/\\\/www.btv.md\\\/#\\\/schema\\\/person\\\/8fadce81561b3ce2c34c46dadc4ccbf2\"},\"inLanguage\":\"ro-RO\",\"potentialAction\":[{\"@type\":\"ReadAction\",\"target\":[\"https:\\\/\\\/www.btv.md\\\/ro\\\/expert-acum-va-bloca-proiectele-lui-dodon-privind-transnistria\\\/\"]}]},{\"@type\":\"ImageObject\",\"inLanguage\":\"ro-RO\",\"@id\":\"https:\\\/\\\/www.btv.md\\\/ro\\\/expert-acum-va-bloca-proiectele-lui-dodon-privind-transnistria\\\/#primaryimage\",\"url\":\"https:\\\/\\\/www.btv.md\\\/wp-content\\\/uploads\\\/2019\\\/09\\\/8zh68kzclsq1.jpg\",\"contentUrl\":\"https:\\\/\\\/www.btv.md\\\/wp-content\\\/uploads\\\/2019\\\/09\\\/8zh68kzclsq1.jpg\",\"width\":960,\"height\":670},{\"@type\":\"WebSite\",\"@id\":\"https:\\\/\\\/www.btv.md\\\/#website\",\"url\":\"https:\\\/\\\/www.btv.md\\\/\",\"name\":\"BTV\",\"description\":\"\u0411\u0435\u043b\u044c\u0446\u043a\u043e\u0435 \u0442\u0435\u043b\u0435\u0432\u0438\u0434\u0435\u043d\u0438\u0435\",\"potentialAction\":[{\"@type\":\"SearchAction\",\"target\":{\"@type\":\"EntryPoint\",\"urlTemplate\":\"https:\\\/\\\/www.btv.md\\\/?s={search_term_string}\"},\"query-input\":{\"@type\":\"PropertyValueSpecification\",\"valueRequired\":true,\"valueName\":\"search_term_string\"}}],\"inLanguage\":\"ro-RO\"},{\"@type\":\"Person\",\"@id\":\"https:\\\/\\\/www.btv.md\\\/#\\\/schema\\\/person\\\/8fadce81561b3ce2c34c46dadc4ccbf2\",\"name\":\"admin\"}]}<\/script>\n<!-- \/ Yoast SEO plugin. -->","yoast_head_json":{"title":"Expert: Acum va bloca proiectele lui Dodon privind Transnistria - BTV","robots":{"index":"index","follow":"follow","max-snippet":"max-snippet:-1","max-image-preview":"max-image-preview:large","max-video-preview":"max-video-preview:-1"},"canonical":"https:\/\/www.btv.md\/ro\/expert-acum-va-bloca-proiectele-lui-dodon-privind-transnistria\/","og_locale":"ro_RO","og_type":"article","og_title":"Expert: Acum va bloca proiectele lui Dodon privind Transnistria - BTV","og_description":"Blocul ACUM va bloca proiectele Pre\u015fedintelui Igor Dodon privind reintegrarea Transnistriei, consider\u0103 expertul portalului Regional Trends Analytics, Serghei Isaenco. Potrivit agen\u0163iei\u00a0Infotag, el a men\u0163ionat \u00een studiul s\u0103u c\u0103, &#8222;dac\u0103 am rezuma toate declara\u0163iile premierului Maia Sandu \u015fi ale ministrului Afacerilor Externe \u015fi Integr\u0103rii Europene, Nicu Popescu, devine clar c\u0103 blocul de dreapta din Moldova nu [&hellip;]","og_url":"https:\/\/www.btv.md\/ro\/expert-acum-va-bloca-proiectele-lui-dodon-privind-transnistria\/","og_site_name":"BTV","article_publisher":"https:\/\/www.facebook.com\/btvmoldova\/","article_published_time":"2019-09-09T20:40:56+00:00","og_image":[{"width":960,"height":670,"url":"https:\/\/www.btv.md\/wp-content\/uploads\/2019\/09\/8zh68kzclsq1.jpg","type":"image\/jpeg"}],"author":"admin","twitter_misc":{"Scris de":"admin","Timp estimat pentru citire":"1 minut"},"schema":{"@context":"https:\/\/schema.org","@graph":[{"@type":"Article","@id":"https:\/\/www.btv.md\/ro\/expert-acum-va-bloca-proiectele-lui-dodon-privind-transnistria\/#article","isPartOf":{"@id":"https:\/\/www.btv.md\/ro\/expert-acum-va-bloca-proiectele-lui-dodon-privind-transnistria\/"},"author":{"name":"admin","@id":"https:\/\/www.btv.md\/#\/schema\/person\/8fadce81561b3ce2c34c46dadc4ccbf2"},"headline":"Expert: Acum va bloca proiectele lui Dodon privind Transnistria","datePublished":"2019-09-09T20:40:56+00:00","mainEntityOfPage":{"@id":"https:\/\/www.btv.md\/ro\/expert-acum-va-bloca-proiectele-lui-dodon-privind-transnistria\/"},"wordCount":284,"image":{"@id":"https:\/\/www.btv.md\/ro\/expert-acum-va-bloca-proiectele-lui-dodon-privind-transnistria\/#primaryimage"},"thumbnailUrl":"https:\/\/www.btv.md\/wp-content\/uploads\/2019\/09\/8zh68kzclsq1.jpg","keywords":["Expert: Acum va bloca proiectele lui Dodon privind Transnistria"],"articleSection":["Politic\u0103"],"inLanguage":"ro-RO"},{"@type":"WebPage","@id":"https:\/\/www.btv.md\/ro\/expert-acum-va-bloca-proiectele-lui-dodon-privind-transnistria\/","url":"https:\/\/www.btv.md\/ro\/expert-acum-va-bloca-proiectele-lui-dodon-privind-transnistria\/","name":"Expert: Acum va bloca proiectele lui Dodon privind Transnistria - BTV","isPartOf":{"@id":"https:\/\/www.btv.md\/#website"},"primaryImageOfPage":{"@id":"https:\/\/www.btv.md\/ro\/expert-acum-va-bloca-proiectele-lui-dodon-privind-transnistria\/#primaryimage"},"image":{"@id":"https:\/\/www.btv.md\/ro\/expert-acum-va-bloca-proiectele-lui-dodon-privind-transnistria\/#primaryimage"},"thumbnailUrl":"https:\/\/www.btv.md\/wp-content\/uploads\/2019\/09\/8zh68kzclsq1.jpg","datePublished":"2019-09-09T20:40:56+00:00","author":{"@id":"https:\/\/www.btv.md\/#\/schema\/person\/8fadce81561b3ce2c34c46dadc4ccbf2"},"inLanguage":"ro-RO","potentialAction":[{"@type":"ReadAction","target":["https:\/\/www.btv.md\/ro\/expert-acum-va-bloca-proiectele-lui-dodon-privind-transnistria\/"]}]},{"@type":"ImageObject","inLanguage":"ro-RO","@id":"https:\/\/www.btv.md\/ro\/expert-acum-va-bloca-proiectele-lui-dodon-privind-transnistria\/#primaryimage","url":"https:\/\/www.btv.md\/wp-content\/uploads\/2019\/09\/8zh68kzclsq1.jpg","contentUrl":"https:\/\/www.btv.md\/wp-content\/uploads\/2019\/09\/8zh68kzclsq1.jpg","width":960,"height":670},{"@type":"WebSite","@id":"https:\/\/www.btv.md\/#website","url":"https:\/\/www.btv.md\/","name":"BTV","description":"\u0411\u0435\u043b\u044c\u0446\u043a\u043e\u0435 \u0442\u0435\u043b\u0435\u0432\u0438\u0434\u0435\u043d\u0438\u0435","potentialAction":[{"@type":"SearchAction","target":{"@type":"EntryPoint","urlTemplate":"https:\/\/www.btv.md\/?s={search_term_string}"},"query-input":{"@type":"PropertyValueSpecification","valueRequired":true,"valueName":"search_term_string"}}],"inLanguage":"ro-RO"},{"@type":"Person","@id":"https:\/\/www.btv.md\/#\/schema\/person\/8fadce81561b3ce2c34c46dadc4ccbf2","name":"admin"}]}},"_links":{"self":[{"href":"https:\/\/www.btv.md\/ro\/wp-json\/wp\/v2\/posts\/60766","targetHints":{"allow":["GET"]}}],"collection":[{"href":"https:\/\/www.btv.md\/ro\/wp-json\/wp\/v2\/posts"}],"about":[{"href":"https:\/\/www.btv.md\/ro\/wp-json\/wp\/v2\/types\/post"}],"author":[{"embeddable":true,"href":"https:\/\/www.btv.md\/ro\/wp-json\/wp\/v2\/users\/4"}],"replies":[{"embeddable":true,"href":"https:\/\/www.btv.md\/ro\/wp-json\/wp\/v2\/comments?post=60766"}],"version-history":[{"count":0,"href":"https:\/\/www.btv.md\/ro\/wp-json\/wp\/v2\/posts\/60766\/revisions"}],"wp:featuredmedia":[{"embeddable":true,"href":"https:\/\/www.btv.md\/ro\/wp-json\/wp\/v2\/media\/60767"}],"wp:attachment":[{"href":"https:\/\/www.btv.md\/ro\/wp-json\/wp\/v2\/media?parent=60766"}],"wp:term":[{"taxonomy":"category","embeddable":true,"href":"https:\/\/www.btv.md\/ro\/wp-json\/wp\/v2\/categories?post=60766"},{"taxonomy":"post_tag","embeddable":true,"href":"https:\/\/www.btv.md\/ro\/wp-json\/wp\/v2\/tags?post=60766"}],"curies":[{"name":"wp","href":"https:\/\/api.w.org\/{rel}","templated":true}]}}