{"id":61481,"date":"2019-09-26T12:36:33","date_gmt":"2019-09-26T09:36:33","guid":{"rendered":"http:\/\/www.btv.md\/?p=61481"},"modified":"2019-09-26T12:36:33","modified_gmt":"2019-09-26T09:36:33","slug":"un-tata-si-ar-fi-impuscat-mortal-fiul","status":"publish","type":"post","link":"https:\/\/www.btv.md\/ro\/un-tata-si-ar-fi-impuscat-mortal-fiul\/","title":{"rendered":"Un tat\u0103 \u0219i-ar fi \u00eempu\u0219cat mortal fiul"},"content":{"rendered":"<p><strong>Un tat\u0103 \u0219i-ar fi omor\u00e2t inten\u021bionat fiul de 18 ani, dup\u0103 ce \u00eentre cei doi s-a fi iscat un conflict asear\u0103. Autorit\u0103\u021bile spun c\u0103 familia nu f\u0103cea parte din p\u0103tura social vulnerabil\u0103. De cealalt\u0103 parte, vecinii spun c\u0103 so\u021bia a plecat de c\u00e2\u021biva ani peste hotare, iar b\u0103rbatul deseori consuma alcool \u0219i devenea agresiv cu copiii. B\u0103rbatul a fost re\u021binut pentru 72 de ore<\/strong><strong>, transmite TV8.<\/strong><\/p>\n<p>Crima a avut loc ieri. \u00cen jurul orei 19:00 \u00een satul C\u0103rpineni din raionul H\u00e2nce\u0219ti. B\u0103rbat de 45 de ani aflat \u00een stare de ebrietate s-a luat la ceart\u0103 cu fiul s\u0103u. Ulterior a luat o arm\u0103 \u0219i la \u00eempu\u0219cat inten\u021bionat. Vecinii spun c\u0103 b\u0103rbatul obi\u0219nuia s\u0103 consume alcool \u0219i devenea agresiv. \u00centre timp, so\u021bia acestuia se afl\u0103 la munc\u0103 peste hotare. Motivul pentru care a recurs la acest gest nu \u00eel pot explica.<\/p>\n<p>Potrivit poli\u021biei, b\u0103rbatul nu este tat\u0103l biologic al adolescentului. Acesta \u00eel cre\u0219te de la v\u00e2rsta de doi ani.\u00a0<em>\u201eIndividul a \u00eempu\u0219cat dintr-o arm\u0103 cu \u021beav\u0103 lis\u0103, care o de\u021binea ilegal. Aceast\u0103 arm\u0103 a fost ridicat\u0103 de la fa\u021ba locului\u201d<\/em>, a declarat pentru tv8 ofi\u021bera de pres\u0103 a IP H\u00e2nce\u0219ti, Cristina Vicol.<\/p>\n<div id=\"fb-root\"><\/div>\n<p><script async=\"1\" defer=\"1\" crossorigin=\"anonymous\" src=\"https:\/\/connect.facebook.net\/de_DE\/sdk.js#xfbml=1&amp;version=v4.0\"><\/script><\/p>\n<div class=\"fb-video\" data-href=\"https:\/\/www.facebook.com\/btvmoldova\/videos\/2364848153778583\/\" data-width=\"1170\">\n<blockquote cite=\"https:\/\/www.facebook.com\/btvmoldova\/videos\/2364848153778583\/\" class=\"fb-xfbml-parse-ignore\"><p><a href=\"https:\/\/www.facebook.com\/btvmoldova\/videos\/2364848153778583\/\">Un tat\u0103 \u0219i-ar fi \u00eempu\u0219cat mortal fiul<\/a><\/p>\n<p>Un tat\u0103 \u0219i-ar fi \u00eempu\u0219cat mortal fiul<\/p>\n<p>Gepostet von <a href=\"https:\/\/www.facebook.com\/btvmoldova\/\">\u0422\u0435\u043b\u0435\u043a\u043e\u043c\u043f\u0430\u043d\u0438\u044f BTV &#8211; Balti, \u0411\u0435\u043b\u044c\u0446\u044b<\/a> am Mittwoch, 25. September 2019<\/p><\/blockquote>\n<\/div>\n","protected":false},"excerpt":{"rendered":"<p>Un tat\u0103 \u0219i-ar fi omor\u00e2t inten\u021bionat fiul de 18 ani, dup\u0103 ce \u00eentre cei doi s-a fi iscat un conflict asear\u0103. Autorit\u0103\u021bile spun c\u0103 familia nu f\u0103cea parte din p\u0103tura social vulnerabil\u0103. De cealalt\u0103 parte, vecinii spun c\u0103 so\u021bia a plecat de c\u00e2\u021biva ani peste hotare, iar b\u0103rbatul deseori consuma alcool \u0219i devenea agresiv cu [&hellip;]<\/p>\n","protected":false},"author":4,"featured_media":61483,"comment_status":"closed","ping_status":"closed","sticky":false,"template":"","format":"standard","meta":{"footnotes":""},"categories":[6351,6349],"tags":[8258,8261,8259,8262,8257,8260],"class_list":["post-61481","post","type-post","status-publish","format-standard","has-post-thumbnail","hentry","category-incidente","category-social","tag-a-impuscat","tag-carpineni","tag-fiul","tag-raionul-hancesti","tag-tata","tag-tragedie"],"yoast_head":"<!-- This site is optimized with the Yoast SEO plugin v27.4 - https:\/\/yoast.com\/product\/yoast-seo-wordpress\/ -->\n<title>Un tat\u0103 \u0219i-ar fi \u00eempu\u0219cat mortal fiul - BTV<\/title>\n<meta name=\"robots\" content=\"index, follow, max-snippet:-1, max-image-preview:large, max-video-preview:-1\" \/>\n<link rel=\"canonical\" href=\"https:\/\/www.btv.md\/ro\/un-tata-si-ar-fi-impuscat-mortal-fiul\/\" \/>\n<meta property=\"og:locale\" content=\"ro_RO\" \/>\n<meta property=\"og:type\" content=\"article\" \/>\n<meta property=\"og:title\" content=\"Un tat\u0103 \u0219i-ar fi \u00eempu\u0219cat mortal fiul - BTV\" \/>\n<meta property=\"og:description\" content=\"Un tat\u0103 \u0219i-ar fi omor\u00e2t inten\u021bionat fiul de 18 ani, dup\u0103 ce \u00eentre cei doi s-a fi iscat un conflict asear\u0103. Autorit\u0103\u021bile spun c\u0103 familia nu f\u0103cea parte din p\u0103tura social vulnerabil\u0103. De cealalt\u0103 parte, vecinii spun c\u0103 so\u021bia a plecat de c\u00e2\u021biva ani peste hotare, iar b\u0103rbatul deseori consuma alcool \u0219i devenea agresiv cu [&hellip;]\" \/>\n<meta property=\"og:url\" content=\"https:\/\/www.btv.md\/ro\/un-tata-si-ar-fi-impuscat-mortal-fiul\/\" \/>\n<meta property=\"og:site_name\" content=\"BTV\" \/>\n<meta property=\"article:publisher\" content=\"https:\/\/www.facebook.com\/btvmoldova\/\" \/>\n<meta property=\"article:published_time\" content=\"2019-09-26T09:36:33+00:00\" \/>\n<meta property=\"og:image\" content=\"https:\/\/www.btv.md\/wp-content\/uploads\/2019\/09\/v\u00e2n\u0103toare-\u00een-Albina.jpg\" \/>\n\t<meta property=\"og:image:width\" content=\"840\" \/>\n\t<meta property=\"og:image:height\" content=\"402\" \/>\n\t<meta property=\"og:image:type\" content=\"image\/jpeg\" \/>\n<meta name=\"author\" content=\"admin\" \/>\n<meta name=\"twitter:label1\" content=\"Scris de\" \/>\n\t<meta name=\"twitter:data1\" content=\"admin\" \/>\n\t<meta name=\"twitter:label2\" content=\"Timp estimat pentru citire\" \/>\n\t<meta name=\"twitter:data2\" content=\"1 minut\" \/>\n<script type=\"application\/ld+json\" class=\"yoast-schema-graph\">{\"@context\":\"https:\\\/\\\/schema.org\",\"@graph\":[{\"@type\":\"Article\",\"@id\":\"https:\\\/\\\/www.btv.md\\\/ro\\\/un-tata-si-ar-fi-impuscat-mortal-fiul\\\/#article\",\"isPartOf\":{\"@id\":\"https:\\\/\\\/www.btv.md\\\/ro\\\/un-tata-si-ar-fi-impuscat-mortal-fiul\\\/\"},\"author\":{\"name\":\"admin\",\"@id\":\"https:\\\/\\\/www.btv.md\\\/#\\\/schema\\\/person\\\/8fadce81561b3ce2c34c46dadc4ccbf2\"},\"headline\":\"Un tat\u0103 \u0219i-ar fi \u00eempu\u0219cat mortal fiul\",\"datePublished\":\"2019-09-26T09:36:33+00:00\",\"mainEntityOfPage\":{\"@id\":\"https:\\\/\\\/www.btv.md\\\/ro\\\/un-tata-si-ar-fi-impuscat-mortal-fiul\\\/\"},\"wordCount\":232,\"image\":{\"@id\":\"https:\\\/\\\/www.btv.md\\\/ro\\\/un-tata-si-ar-fi-impuscat-mortal-fiul\\\/#primaryimage\"},\"thumbnailUrl\":\"https:\\\/\\\/www.btv.md\\\/wp-content\\\/uploads\\\/2019\\\/09\\\/v\u00e2n\u0103toare-\u00een-Albina.jpg\",\"keywords\":[\"a \u00eempu\u0219cat\",\"C\u0103rpineni\",\"fiul\",\"raionul H\u00e2nce\u0219ti\",\"tata\",\"tragedie\"],\"articleSection\":[\"Incidente\",\"Social\"],\"inLanguage\":\"ro-RO\"},{\"@type\":\"WebPage\",\"@id\":\"https:\\\/\\\/www.btv.md\\\/ro\\\/un-tata-si-ar-fi-impuscat-mortal-fiul\\\/\",\"url\":\"https:\\\/\\\/www.btv.md\\\/ro\\\/un-tata-si-ar-fi-impuscat-mortal-fiul\\\/\",\"name\":\"Un tat\u0103 \u0219i-ar fi \u00eempu\u0219cat mortal fiul - BTV\",\"isPartOf\":{\"@id\":\"https:\\\/\\\/www.btv.md\\\/#website\"},\"primaryImageOfPage\":{\"@id\":\"https:\\\/\\\/www.btv.md\\\/ro\\\/un-tata-si-ar-fi-impuscat-mortal-fiul\\\/#primaryimage\"},\"image\":{\"@id\":\"https:\\\/\\\/www.btv.md\\\/ro\\\/un-tata-si-ar-fi-impuscat-mortal-fiul\\\/#primaryimage\"},\"thumbnailUrl\":\"https:\\\/\\\/www.btv.md\\\/wp-content\\\/uploads\\\/2019\\\/09\\\/v\u00e2n\u0103toare-\u00een-Albina.jpg\",\"datePublished\":\"2019-09-26T09:36:33+00:00\",\"author\":{\"@id\":\"https:\\\/\\\/www.btv.md\\\/#\\\/schema\\\/person\\\/8fadce81561b3ce2c34c46dadc4ccbf2\"},\"inLanguage\":\"ro-RO\",\"potentialAction\":[{\"@type\":\"ReadAction\",\"target\":[\"https:\\\/\\\/www.btv.md\\\/ro\\\/un-tata-si-ar-fi-impuscat-mortal-fiul\\\/\"]}]},{\"@type\":\"ImageObject\",\"inLanguage\":\"ro-RO\",\"@id\":\"https:\\\/\\\/www.btv.md\\\/ro\\\/un-tata-si-ar-fi-impuscat-mortal-fiul\\\/#primaryimage\",\"url\":\"https:\\\/\\\/www.btv.md\\\/wp-content\\\/uploads\\\/2019\\\/09\\\/v\u00e2n\u0103toare-\u00een-Albina.jpg\",\"contentUrl\":\"https:\\\/\\\/www.btv.md\\\/wp-content\\\/uploads\\\/2019\\\/09\\\/v\u00e2n\u0103toare-\u00een-Albina.jpg\",\"width\":840,\"height\":402},{\"@type\":\"WebSite\",\"@id\":\"https:\\\/\\\/www.btv.md\\\/#website\",\"url\":\"https:\\\/\\\/www.btv.md\\\/\",\"name\":\"BTV\",\"description\":\"\u0411\u0435\u043b\u044c\u0446\u043a\u043e\u0435 \u0442\u0435\u043b\u0435\u0432\u0438\u0434\u0435\u043d\u0438\u0435\",\"potentialAction\":[{\"@type\":\"SearchAction\",\"target\":{\"@type\":\"EntryPoint\",\"urlTemplate\":\"https:\\\/\\\/www.btv.md\\\/?s={search_term_string}\"},\"query-input\":{\"@type\":\"PropertyValueSpecification\",\"valueRequired\":true,\"valueName\":\"search_term_string\"}}],\"inLanguage\":\"ro-RO\"},{\"@type\":\"Person\",\"@id\":\"https:\\\/\\\/www.btv.md\\\/#\\\/schema\\\/person\\\/8fadce81561b3ce2c34c46dadc4ccbf2\",\"name\":\"admin\"}]}<\/script>\n<!-- \/ Yoast SEO plugin. -->","yoast_head_json":{"title":"Un tat\u0103 \u0219i-ar fi \u00eempu\u0219cat mortal fiul - BTV","robots":{"index":"index","follow":"follow","max-snippet":"max-snippet:-1","max-image-preview":"max-image-preview:large","max-video-preview":"max-video-preview:-1"},"canonical":"https:\/\/www.btv.md\/ro\/un-tata-si-ar-fi-impuscat-mortal-fiul\/","og_locale":"ro_RO","og_type":"article","og_title":"Un tat\u0103 \u0219i-ar fi \u00eempu\u0219cat mortal fiul - BTV","og_description":"Un tat\u0103 \u0219i-ar fi omor\u00e2t inten\u021bionat fiul de 18 ani, dup\u0103 ce \u00eentre cei doi s-a fi iscat un conflict asear\u0103. Autorit\u0103\u021bile spun c\u0103 familia nu f\u0103cea parte din p\u0103tura social vulnerabil\u0103. De cealalt\u0103 parte, vecinii spun c\u0103 so\u021bia a plecat de c\u00e2\u021biva ani peste hotare, iar b\u0103rbatul deseori consuma alcool \u0219i devenea agresiv cu [&hellip;]","og_url":"https:\/\/www.btv.md\/ro\/un-tata-si-ar-fi-impuscat-mortal-fiul\/","og_site_name":"BTV","article_publisher":"https:\/\/www.facebook.com\/btvmoldova\/","article_published_time":"2019-09-26T09:36:33+00:00","og_image":[{"width":840,"height":402,"url":"https:\/\/www.btv.md\/wp-content\/uploads\/2019\/09\/v\u00e2n\u0103toare-\u00een-Albina.jpg","type":"image\/jpeg"}],"author":"admin","twitter_misc":{"Scris de":"admin","Timp estimat pentru citire":"1 minut"},"schema":{"@context":"https:\/\/schema.org","@graph":[{"@type":"Article","@id":"https:\/\/www.btv.md\/ro\/un-tata-si-ar-fi-impuscat-mortal-fiul\/#article","isPartOf":{"@id":"https:\/\/www.btv.md\/ro\/un-tata-si-ar-fi-impuscat-mortal-fiul\/"},"author":{"name":"admin","@id":"https:\/\/www.btv.md\/#\/schema\/person\/8fadce81561b3ce2c34c46dadc4ccbf2"},"headline":"Un tat\u0103 \u0219i-ar fi \u00eempu\u0219cat mortal fiul","datePublished":"2019-09-26T09:36:33+00:00","mainEntityOfPage":{"@id":"https:\/\/www.btv.md\/ro\/un-tata-si-ar-fi-impuscat-mortal-fiul\/"},"wordCount":232,"image":{"@id":"https:\/\/www.btv.md\/ro\/un-tata-si-ar-fi-impuscat-mortal-fiul\/#primaryimage"},"thumbnailUrl":"https:\/\/www.btv.md\/wp-content\/uploads\/2019\/09\/v\u00e2n\u0103toare-\u00een-Albina.jpg","keywords":["a \u00eempu\u0219cat","C\u0103rpineni","fiul","raionul H\u00e2nce\u0219ti","tata","tragedie"],"articleSection":["Incidente","Social"],"inLanguage":"ro-RO"},{"@type":"WebPage","@id":"https:\/\/www.btv.md\/ro\/un-tata-si-ar-fi-impuscat-mortal-fiul\/","url":"https:\/\/www.btv.md\/ro\/un-tata-si-ar-fi-impuscat-mortal-fiul\/","name":"Un tat\u0103 \u0219i-ar fi \u00eempu\u0219cat mortal fiul - BTV","isPartOf":{"@id":"https:\/\/www.btv.md\/#website"},"primaryImageOfPage":{"@id":"https:\/\/www.btv.md\/ro\/un-tata-si-ar-fi-impuscat-mortal-fiul\/#primaryimage"},"image":{"@id":"https:\/\/www.btv.md\/ro\/un-tata-si-ar-fi-impuscat-mortal-fiul\/#primaryimage"},"thumbnailUrl":"https:\/\/www.btv.md\/wp-content\/uploads\/2019\/09\/v\u00e2n\u0103toare-\u00een-Albina.jpg","datePublished":"2019-09-26T09:36:33+00:00","author":{"@id":"https:\/\/www.btv.md\/#\/schema\/person\/8fadce81561b3ce2c34c46dadc4ccbf2"},"inLanguage":"ro-RO","potentialAction":[{"@type":"ReadAction","target":["https:\/\/www.btv.md\/ro\/un-tata-si-ar-fi-impuscat-mortal-fiul\/"]}]},{"@type":"ImageObject","inLanguage":"ro-RO","@id":"https:\/\/www.btv.md\/ro\/un-tata-si-ar-fi-impuscat-mortal-fiul\/#primaryimage","url":"https:\/\/www.btv.md\/wp-content\/uploads\/2019\/09\/v\u00e2n\u0103toare-\u00een-Albina.jpg","contentUrl":"https:\/\/www.btv.md\/wp-content\/uploads\/2019\/09\/v\u00e2n\u0103toare-\u00een-Albina.jpg","width":840,"height":402},{"@type":"WebSite","@id":"https:\/\/www.btv.md\/#website","url":"https:\/\/www.btv.md\/","name":"BTV","description":"\u0411\u0435\u043b\u044c\u0446\u043a\u043e\u0435 \u0442\u0435\u043b\u0435\u0432\u0438\u0434\u0435\u043d\u0438\u0435","potentialAction":[{"@type":"SearchAction","target":{"@type":"EntryPoint","urlTemplate":"https:\/\/www.btv.md\/?s={search_term_string}"},"query-input":{"@type":"PropertyValueSpecification","valueRequired":true,"valueName":"search_term_string"}}],"inLanguage":"ro-RO"},{"@type":"Person","@id":"https:\/\/www.btv.md\/#\/schema\/person\/8fadce81561b3ce2c34c46dadc4ccbf2","name":"admin"}]}},"_links":{"self":[{"href":"https:\/\/www.btv.md\/ro\/wp-json\/wp\/v2\/posts\/61481","targetHints":{"allow":["GET"]}}],"collection":[{"href":"https:\/\/www.btv.md\/ro\/wp-json\/wp\/v2\/posts"}],"about":[{"href":"https:\/\/www.btv.md\/ro\/wp-json\/wp\/v2\/types\/post"}],"author":[{"embeddable":true,"href":"https:\/\/www.btv.md\/ro\/wp-json\/wp\/v2\/users\/4"}],"replies":[{"embeddable":true,"href":"https:\/\/www.btv.md\/ro\/wp-json\/wp\/v2\/comments?post=61481"}],"version-history":[{"count":0,"href":"https:\/\/www.btv.md\/ro\/wp-json\/wp\/v2\/posts\/61481\/revisions"}],"wp:featuredmedia":[{"embeddable":true,"href":"https:\/\/www.btv.md\/ro\/wp-json\/wp\/v2\/media\/61483"}],"wp:attachment":[{"href":"https:\/\/www.btv.md\/ro\/wp-json\/wp\/v2\/media?parent=61481"}],"wp:term":[{"taxonomy":"category","embeddable":true,"href":"https:\/\/www.btv.md\/ro\/wp-json\/wp\/v2\/categories?post=61481"},{"taxonomy":"post_tag","embeddable":true,"href":"https:\/\/www.btv.md\/ro\/wp-json\/wp\/v2\/tags?post=61481"}],"curies":[{"name":"wp","href":"https:\/\/api.w.org\/{rel}","templated":true}]}}