{"id":61486,"date":"2019-09-26T12:42:04","date_gmt":"2019-09-26T09:42:04","guid":{"rendered":"http:\/\/www.btv.md\/?p=61486"},"modified":"2019-09-26T12:42:04","modified_gmt":"2019-09-26T09:42:04","slug":"cel-mai-bun-regizor-la-un-festival-de-film-din-bosnia-hertegovina-a-fost-declarat-un-moldovean","status":"publish","type":"post","link":"https:\/\/www.btv.md\/ro\/cel-mai-bun-regizor-la-un-festival-de-film-din-bosnia-hertegovina-a-fost-declarat-un-moldovean\/","title":{"rendered":"\u201eCEL MAI BUN REGIZOR\u201d LA UN FESTIVAL DE FILM DIN BOSNIA-HER\u021aEGOVINA A FOST DECLARAT UN MOLDOVEAN"},"content":{"rendered":"<p><strong>Regizorul moldovean Dumitru Grosei a ob\u021binut cu filmul C\u0102L\u0102RA\u0218I \u2013 UN \u021aINUT LA POARTA RAIULUI, premiul pentru \u201dCel mai bun regizor\u201d la cea de-a V-a edi\u021bie a VIVA Film Festival 2019, care a avut loc \u00een Sarajevo, \u00een perioada 18 \u2013 22 septembrie.<\/strong><\/p>\n<p>VIVA Film Festival intr\u0103 \u00een top 100 cele mai bune festivaluri din lume \u0219i unul din cele mai mari festivaluri din Bosnia-Her\u021begovina. Filmele selectate la acest festival sunt proiectate concomitent \u0219i \u00een alte 17 ora\u0219e din Bosnia-Her\u021begovina. Festivalul are 3 categorii: film ecologic, film religios \u0219i film turistic, unde au fost selectate \u00een concursul oficial 96 de filme din toate \u021b\u0103rile \u0219i continentele.<\/p>\n<p>Men\u021bion\u0103m c\u0103 din iulie 2018 p\u00e2n\u0103 acum, filmul C\u0102L\u0102RA\u0218I \u2013 UN \u021aINUT LA POARTA RAIULUI, a adunat 20 selec\u021bii \u0219i 5 premii \u00een \u021b\u0103ri ca: SUA, Rusia, Grecia, Olanda, Rom\u00e2nia, India, Letonia, Iran, Iraq, Bosnia-Her\u021begovina \u0219i Brazilia.<\/p>\n<p>Recent, filmul C\u0102L\u0102RA\u0218I \u2013 UN \u021aINUT LA POARTA RAIULUI, a mai \u00eenregistrat un record: este primul film din Republica Moldova c\u0103ruia i s-a f\u0103cut o audiodescrip\u021bie \u0219i subtitrare pentru spectatorii cu nevoi speciale de auz \u0219i v\u0103z. Audiodescrip\u021bia filmului s-a f\u0103cut \u00een cadrul proiectului \u201eDezvoltarea \u0219i popularizarea tehnicilor de audiodescrip\u021bie a filmelor \u00een \u021a\u0103rile Partereriatului Estic\u201d, finan\u021bat de International Visegrad Fund \u0219i administrat de \u201eHuman Doc\u201d din Polonia.<\/p>\n","protected":false},"excerpt":{"rendered":"<p>Regizorul moldovean Dumitru Grosei a ob\u021binut cu filmul C\u0102L\u0102RA\u0218I \u2013 UN \u021aINUT LA POARTA RAIULUI, premiul pentru \u201dCel mai bun regizor\u201d la cea de-a V-a edi\u021bie a VIVA Film Festival 2019, care a avut loc \u00een Sarajevo, \u00een perioada 18 \u2013 22 septembrie. VIVA Film Festival intr\u0103 \u00een top 100 cele mai bune festivaluri din [&hellip;]<\/p>\n","protected":false},"author":4,"featured_media":61487,"comment_status":"closed","ping_status":"closed","sticky":false,"template":"","format":"standard","meta":{"footnotes":""},"categories":[6349],"tags":[8265,8264,8263],"class_list":["post-61486","post","type-post","status-publish","format-standard","has-post-thumbnail","hentry","category-social","tag-bosnia-hertegovina","tag-festival-de-film","tag-regizor"],"yoast_head":"<!-- This site is optimized with the Yoast SEO plugin v27.4 - https:\/\/yoast.com\/product\/yoast-seo-wordpress\/ -->\n<title>\u201eCEL MAI BUN REGIZOR\u201d LA UN FESTIVAL DE FILM DIN BOSNIA-HER\u021aEGOVINA A FOST DECLARAT UN MOLDOVEAN - BTV<\/title>\n<meta name=\"robots\" content=\"index, follow, max-snippet:-1, max-image-preview:large, max-video-preview:-1\" \/>\n<link rel=\"canonical\" href=\"https:\/\/www.btv.md\/ro\/cel-mai-bun-regizor-la-un-festival-de-film-din-bosnia-hertegovina-a-fost-declarat-un-moldovean\/\" \/>\n<meta property=\"og:locale\" content=\"ro_RO\" \/>\n<meta property=\"og:type\" content=\"article\" \/>\n<meta property=\"og:title\" content=\"\u201eCEL MAI BUN REGIZOR\u201d LA UN FESTIVAL DE FILM DIN BOSNIA-HER\u021aEGOVINA A FOST DECLARAT UN MOLDOVEAN - BTV\" \/>\n<meta property=\"og:description\" content=\"Regizorul moldovean Dumitru Grosei a ob\u021binut cu filmul C\u0102L\u0102RA\u0218I \u2013 UN \u021aINUT LA POARTA RAIULUI, premiul pentru \u201dCel mai bun regizor\u201d la cea de-a V-a edi\u021bie a VIVA Film Festival 2019, care a avut loc \u00een Sarajevo, \u00een perioada 18 \u2013 22 septembrie. VIVA Film Festival intr\u0103 \u00een top 100 cele mai bune festivaluri din [&hellip;]\" \/>\n<meta property=\"og:url\" content=\"https:\/\/www.btv.md\/ro\/cel-mai-bun-regizor-la-un-festival-de-film-din-bosnia-hertegovina-a-fost-declarat-un-moldovean\/\" \/>\n<meta property=\"og:site_name\" content=\"BTV\" \/>\n<meta property=\"article:publisher\" content=\"https:\/\/www.facebook.com\/btvmoldova\/\" \/>\n<meta property=\"article:published_time\" content=\"2019-09-26T09:42:04+00:00\" \/>\n<meta property=\"og:image\" content=\"https:\/\/www.btv.md\/wp-content\/uploads\/2019\/09\/d88e26fc01ce4e0ffd19f8649821b557.jpg\" \/>\n\t<meta property=\"og:image:width\" content=\"620\" \/>\n\t<meta property=\"og:image:height\" content=\"391\" \/>\n\t<meta property=\"og:image:type\" content=\"image\/jpeg\" \/>\n<meta name=\"author\" content=\"admin\" \/>\n<meta name=\"twitter:label1\" content=\"Scris de\" \/>\n\t<meta name=\"twitter:data1\" content=\"admin\" \/>\n\t<meta name=\"twitter:label2\" content=\"Timp estimat pentru citire\" \/>\n\t<meta name=\"twitter:data2\" content=\"1 minut\" \/>\n<script type=\"application\/ld+json\" class=\"yoast-schema-graph\">{\"@context\":\"https:\\\/\\\/schema.org\",\"@graph\":[{\"@type\":\"Article\",\"@id\":\"https:\\\/\\\/www.btv.md\\\/ro\\\/cel-mai-bun-regizor-la-un-festival-de-film-din-bosnia-hertegovina-a-fost-declarat-un-moldovean\\\/#article\",\"isPartOf\":{\"@id\":\"https:\\\/\\\/www.btv.md\\\/ro\\\/cel-mai-bun-regizor-la-un-festival-de-film-din-bosnia-hertegovina-a-fost-declarat-un-moldovean\\\/\"},\"author\":{\"name\":\"admin\",\"@id\":\"https:\\\/\\\/www.btv.md\\\/#\\\/schema\\\/person\\\/8fadce81561b3ce2c34c46dadc4ccbf2\"},\"headline\":\"\u201eCEL MAI BUN REGIZOR\u201d LA UN FESTIVAL DE FILM DIN BOSNIA-HER\u021aEGOVINA A FOST DECLARAT UN MOLDOVEAN\",\"datePublished\":\"2019-09-26T09:42:04+00:00\",\"mainEntityOfPage\":{\"@id\":\"https:\\\/\\\/www.btv.md\\\/ro\\\/cel-mai-bun-regizor-la-un-festival-de-film-din-bosnia-hertegovina-a-fost-declarat-un-moldovean\\\/\"},\"wordCount\":242,\"image\":{\"@id\":\"https:\\\/\\\/www.btv.md\\\/ro\\\/cel-mai-bun-regizor-la-un-festival-de-film-din-bosnia-hertegovina-a-fost-declarat-un-moldovean\\\/#primaryimage\"},\"thumbnailUrl\":\"https:\\\/\\\/www.btv.md\\\/wp-content\\\/uploads\\\/2019\\\/09\\\/d88e26fc01ce4e0ffd19f8649821b557.jpg\",\"keywords\":[\"Bosnia-Her\u021begovina\",\"festival de film\",\"regizor\"],\"articleSection\":[\"Social\"],\"inLanguage\":\"ro-RO\"},{\"@type\":\"WebPage\",\"@id\":\"https:\\\/\\\/www.btv.md\\\/ro\\\/cel-mai-bun-regizor-la-un-festival-de-film-din-bosnia-hertegovina-a-fost-declarat-un-moldovean\\\/\",\"url\":\"https:\\\/\\\/www.btv.md\\\/ro\\\/cel-mai-bun-regizor-la-un-festival-de-film-din-bosnia-hertegovina-a-fost-declarat-un-moldovean\\\/\",\"name\":\"\u201eCEL MAI BUN REGIZOR\u201d LA UN FESTIVAL DE FILM DIN BOSNIA-HER\u021aEGOVINA A FOST DECLARAT UN MOLDOVEAN - BTV\",\"isPartOf\":{\"@id\":\"https:\\\/\\\/www.btv.md\\\/#website\"},\"primaryImageOfPage\":{\"@id\":\"https:\\\/\\\/www.btv.md\\\/ro\\\/cel-mai-bun-regizor-la-un-festival-de-film-din-bosnia-hertegovina-a-fost-declarat-un-moldovean\\\/#primaryimage\"},\"image\":{\"@id\":\"https:\\\/\\\/www.btv.md\\\/ro\\\/cel-mai-bun-regizor-la-un-festival-de-film-din-bosnia-hertegovina-a-fost-declarat-un-moldovean\\\/#primaryimage\"},\"thumbnailUrl\":\"https:\\\/\\\/www.btv.md\\\/wp-content\\\/uploads\\\/2019\\\/09\\\/d88e26fc01ce4e0ffd19f8649821b557.jpg\",\"datePublished\":\"2019-09-26T09:42:04+00:00\",\"author\":{\"@id\":\"https:\\\/\\\/www.btv.md\\\/#\\\/schema\\\/person\\\/8fadce81561b3ce2c34c46dadc4ccbf2\"},\"inLanguage\":\"ro-RO\",\"potentialAction\":[{\"@type\":\"ReadAction\",\"target\":[\"https:\\\/\\\/www.btv.md\\\/ro\\\/cel-mai-bun-regizor-la-un-festival-de-film-din-bosnia-hertegovina-a-fost-declarat-un-moldovean\\\/\"]}]},{\"@type\":\"ImageObject\",\"inLanguage\":\"ro-RO\",\"@id\":\"https:\\\/\\\/www.btv.md\\\/ro\\\/cel-mai-bun-regizor-la-un-festival-de-film-din-bosnia-hertegovina-a-fost-declarat-un-moldovean\\\/#primaryimage\",\"url\":\"https:\\\/\\\/www.btv.md\\\/wp-content\\\/uploads\\\/2019\\\/09\\\/d88e26fc01ce4e0ffd19f8649821b557.jpg\",\"contentUrl\":\"https:\\\/\\\/www.btv.md\\\/wp-content\\\/uploads\\\/2019\\\/09\\\/d88e26fc01ce4e0ffd19f8649821b557.jpg\",\"width\":620,\"height\":391},{\"@type\":\"WebSite\",\"@id\":\"https:\\\/\\\/www.btv.md\\\/#website\",\"url\":\"https:\\\/\\\/www.btv.md\\\/\",\"name\":\"BTV\",\"description\":\"\u0411\u0435\u043b\u044c\u0446\u043a\u043e\u0435 \u0442\u0435\u043b\u0435\u0432\u0438\u0434\u0435\u043d\u0438\u0435\",\"potentialAction\":[{\"@type\":\"SearchAction\",\"target\":{\"@type\":\"EntryPoint\",\"urlTemplate\":\"https:\\\/\\\/www.btv.md\\\/?s={search_term_string}\"},\"query-input\":{\"@type\":\"PropertyValueSpecification\",\"valueRequired\":true,\"valueName\":\"search_term_string\"}}],\"inLanguage\":\"ro-RO\"},{\"@type\":\"Person\",\"@id\":\"https:\\\/\\\/www.btv.md\\\/#\\\/schema\\\/person\\\/8fadce81561b3ce2c34c46dadc4ccbf2\",\"name\":\"admin\"}]}<\/script>\n<!-- \/ Yoast SEO plugin. -->","yoast_head_json":{"title":"\u201eCEL MAI BUN REGIZOR\u201d LA UN FESTIVAL DE FILM DIN BOSNIA-HER\u021aEGOVINA A FOST DECLARAT UN MOLDOVEAN - BTV","robots":{"index":"index","follow":"follow","max-snippet":"max-snippet:-1","max-image-preview":"max-image-preview:large","max-video-preview":"max-video-preview:-1"},"canonical":"https:\/\/www.btv.md\/ro\/cel-mai-bun-regizor-la-un-festival-de-film-din-bosnia-hertegovina-a-fost-declarat-un-moldovean\/","og_locale":"ro_RO","og_type":"article","og_title":"\u201eCEL MAI BUN REGIZOR\u201d LA UN FESTIVAL DE FILM DIN BOSNIA-HER\u021aEGOVINA A FOST DECLARAT UN MOLDOVEAN - BTV","og_description":"Regizorul moldovean Dumitru Grosei a ob\u021binut cu filmul C\u0102L\u0102RA\u0218I \u2013 UN \u021aINUT LA POARTA RAIULUI, premiul pentru \u201dCel mai bun regizor\u201d la cea de-a V-a edi\u021bie a VIVA Film Festival 2019, care a avut loc \u00een Sarajevo, \u00een perioada 18 \u2013 22 septembrie. VIVA Film Festival intr\u0103 \u00een top 100 cele mai bune festivaluri din [&hellip;]","og_url":"https:\/\/www.btv.md\/ro\/cel-mai-bun-regizor-la-un-festival-de-film-din-bosnia-hertegovina-a-fost-declarat-un-moldovean\/","og_site_name":"BTV","article_publisher":"https:\/\/www.facebook.com\/btvmoldova\/","article_published_time":"2019-09-26T09:42:04+00:00","og_image":[{"width":620,"height":391,"url":"https:\/\/www.btv.md\/wp-content\/uploads\/2019\/09\/d88e26fc01ce4e0ffd19f8649821b557.jpg","type":"image\/jpeg"}],"author":"admin","twitter_misc":{"Scris de":"admin","Timp estimat pentru citire":"1 minut"},"schema":{"@context":"https:\/\/schema.org","@graph":[{"@type":"Article","@id":"https:\/\/www.btv.md\/ro\/cel-mai-bun-regizor-la-un-festival-de-film-din-bosnia-hertegovina-a-fost-declarat-un-moldovean\/#article","isPartOf":{"@id":"https:\/\/www.btv.md\/ro\/cel-mai-bun-regizor-la-un-festival-de-film-din-bosnia-hertegovina-a-fost-declarat-un-moldovean\/"},"author":{"name":"admin","@id":"https:\/\/www.btv.md\/#\/schema\/person\/8fadce81561b3ce2c34c46dadc4ccbf2"},"headline":"\u201eCEL MAI BUN REGIZOR\u201d LA UN FESTIVAL DE FILM DIN BOSNIA-HER\u021aEGOVINA A FOST DECLARAT UN MOLDOVEAN","datePublished":"2019-09-26T09:42:04+00:00","mainEntityOfPage":{"@id":"https:\/\/www.btv.md\/ro\/cel-mai-bun-regizor-la-un-festival-de-film-din-bosnia-hertegovina-a-fost-declarat-un-moldovean\/"},"wordCount":242,"image":{"@id":"https:\/\/www.btv.md\/ro\/cel-mai-bun-regizor-la-un-festival-de-film-din-bosnia-hertegovina-a-fost-declarat-un-moldovean\/#primaryimage"},"thumbnailUrl":"https:\/\/www.btv.md\/wp-content\/uploads\/2019\/09\/d88e26fc01ce4e0ffd19f8649821b557.jpg","keywords":["Bosnia-Her\u021begovina","festival de film","regizor"],"articleSection":["Social"],"inLanguage":"ro-RO"},{"@type":"WebPage","@id":"https:\/\/www.btv.md\/ro\/cel-mai-bun-regizor-la-un-festival-de-film-din-bosnia-hertegovina-a-fost-declarat-un-moldovean\/","url":"https:\/\/www.btv.md\/ro\/cel-mai-bun-regizor-la-un-festival-de-film-din-bosnia-hertegovina-a-fost-declarat-un-moldovean\/","name":"\u201eCEL MAI BUN REGIZOR\u201d LA UN FESTIVAL DE FILM DIN BOSNIA-HER\u021aEGOVINA A FOST DECLARAT UN MOLDOVEAN - BTV","isPartOf":{"@id":"https:\/\/www.btv.md\/#website"},"primaryImageOfPage":{"@id":"https:\/\/www.btv.md\/ro\/cel-mai-bun-regizor-la-un-festival-de-film-din-bosnia-hertegovina-a-fost-declarat-un-moldovean\/#primaryimage"},"image":{"@id":"https:\/\/www.btv.md\/ro\/cel-mai-bun-regizor-la-un-festival-de-film-din-bosnia-hertegovina-a-fost-declarat-un-moldovean\/#primaryimage"},"thumbnailUrl":"https:\/\/www.btv.md\/wp-content\/uploads\/2019\/09\/d88e26fc01ce4e0ffd19f8649821b557.jpg","datePublished":"2019-09-26T09:42:04+00:00","author":{"@id":"https:\/\/www.btv.md\/#\/schema\/person\/8fadce81561b3ce2c34c46dadc4ccbf2"},"inLanguage":"ro-RO","potentialAction":[{"@type":"ReadAction","target":["https:\/\/www.btv.md\/ro\/cel-mai-bun-regizor-la-un-festival-de-film-din-bosnia-hertegovina-a-fost-declarat-un-moldovean\/"]}]},{"@type":"ImageObject","inLanguage":"ro-RO","@id":"https:\/\/www.btv.md\/ro\/cel-mai-bun-regizor-la-un-festival-de-film-din-bosnia-hertegovina-a-fost-declarat-un-moldovean\/#primaryimage","url":"https:\/\/www.btv.md\/wp-content\/uploads\/2019\/09\/d88e26fc01ce4e0ffd19f8649821b557.jpg","contentUrl":"https:\/\/www.btv.md\/wp-content\/uploads\/2019\/09\/d88e26fc01ce4e0ffd19f8649821b557.jpg","width":620,"height":391},{"@type":"WebSite","@id":"https:\/\/www.btv.md\/#website","url":"https:\/\/www.btv.md\/","name":"BTV","description":"\u0411\u0435\u043b\u044c\u0446\u043a\u043e\u0435 \u0442\u0435\u043b\u0435\u0432\u0438\u0434\u0435\u043d\u0438\u0435","potentialAction":[{"@type":"SearchAction","target":{"@type":"EntryPoint","urlTemplate":"https:\/\/www.btv.md\/?s={search_term_string}"},"query-input":{"@type":"PropertyValueSpecification","valueRequired":true,"valueName":"search_term_string"}}],"inLanguage":"ro-RO"},{"@type":"Person","@id":"https:\/\/www.btv.md\/#\/schema\/person\/8fadce81561b3ce2c34c46dadc4ccbf2","name":"admin"}]}},"_links":{"self":[{"href":"https:\/\/www.btv.md\/ro\/wp-json\/wp\/v2\/posts\/61486","targetHints":{"allow":["GET"]}}],"collection":[{"href":"https:\/\/www.btv.md\/ro\/wp-json\/wp\/v2\/posts"}],"about":[{"href":"https:\/\/www.btv.md\/ro\/wp-json\/wp\/v2\/types\/post"}],"author":[{"embeddable":true,"href":"https:\/\/www.btv.md\/ro\/wp-json\/wp\/v2\/users\/4"}],"replies":[{"embeddable":true,"href":"https:\/\/www.btv.md\/ro\/wp-json\/wp\/v2\/comments?post=61486"}],"version-history":[{"count":0,"href":"https:\/\/www.btv.md\/ro\/wp-json\/wp\/v2\/posts\/61486\/revisions"}],"wp:featuredmedia":[{"embeddable":true,"href":"https:\/\/www.btv.md\/ro\/wp-json\/wp\/v2\/media\/61487"}],"wp:attachment":[{"href":"https:\/\/www.btv.md\/ro\/wp-json\/wp\/v2\/media?parent=61486"}],"wp:term":[{"taxonomy":"category","embeddable":true,"href":"https:\/\/www.btv.md\/ro\/wp-json\/wp\/v2\/categories?post=61486"},{"taxonomy":"post_tag","embeddable":true,"href":"https:\/\/www.btv.md\/ro\/wp-json\/wp\/v2\/tags?post=61486"}],"curies":[{"name":"wp","href":"https:\/\/api.w.org\/{rel}","templated":true}]}}