{"id":61697,"date":"2019-10-01T17:56:27","date_gmt":"2019-10-01T14:56:27","guid":{"rendered":"http:\/\/www.btv.md\/?p=61697"},"modified":"2019-10-01T17:56:27","modified_gmt":"2019-10-01T14:56:27","slug":"bataia-dintre-o-mama-cu-copil-mic-si-4-tinere-filmata-in-chisinau","status":"publish","type":"post","link":"https:\/\/www.btv.md\/ro\/bataia-dintre-o-mama-cu-copil-mic-si-4-tinere-filmata-in-chisinau\/","title":{"rendered":"B\u0103taia dintre o mam\u0103 cu copil mic \u0219i 4 tinere, filmat\u0103 \u00een Chi\u0219in\u0103u"},"content":{"rendered":"<p><strong>B\u0103taie pe trotuar, sub privirile unui copil de 3 ani. O t\u00e2n\u0103r\u0103 mam\u0103 a fost agresat\u0103 de mai multe tinere \u00een timp ce mergea pe o strad\u0103 din Chi\u0219in\u0103u.<\/strong><\/p>\n<p>Totul s-ar fi produs \u00een dup\u0103-amiaza zilei de 23 septembrie, \u00een jurul orei 15:30, pe strada Nicolae Testemi\u0163anu din Chi\u015fin\u0103u.<\/p>\n<p>Contactat de\u00a0\u0218tiri.md, ofi\u021berul de pres\u0103 Svetlana Scripnic a declarat c\u0103 moldoveanca le-ar fi agresat verbal pe tinerele de origine arab\u0103, ceea ce ar fi provocat b\u0103taia.<\/p>\n<p>Din secven\u021bele video se vede cum una dintre tinere a \u00eempins-o cu um\u0103rul pe moldoveanc\u0103, iar alta a lovit-o cu piciorul din spate.<\/p>\n<p>Ulterior, s-au implicat \u0219i alte dou\u0103 tinere, dar femeia nu s-a dat b\u0103tut\u0103.<\/p>\n<p>Timp de aproape dou\u0103 minute, nimeni nu s-a apropiat pentru a le desp\u0103r\u021bi pe tinerele \u00eenc\u0103ierate.<\/p>\n<p>\u00cen acest timp, micu\u021ba de 3 ani privea neputincioas\u0103 cum mama ei lupt\u0103 cu fetele.<\/p>\n<p>O trec\u0103toare a fost filmat\u0103 cum a luat feti\u021ba speriat\u0103 \u00eentr-o parte pentru a o calma.<\/p>\n<p>Mai apoi, apare un t\u00e2n\u0103r care reu\u0219e\u0219te s\u0103 le despart\u0103, dar femeia furioas\u0103 i-a dat o palm\u0103.<\/p>\n<p>Pe cazul dat a fost pornit un proces penal pentru stabilirea tuturor circumstan\u021belor.<\/p>\n<p>Persoanele vinovate risc\u0103 amend\u0103 de p\u00e2n\u0103 la 5.000 de lei, munc\u0103 neremunerat\u0103 \u00een folosul comunit\u0103\u021bii de p\u00e2n\u0103 la 240 de ore sau 3 ani de \u00eenchisoare.<\/p>\n<div id=\"fb-root\"><\/div>\n<p><script async=\"1\" defer=\"1\" crossorigin=\"anonymous\" src=\"https:\/\/connect.facebook.net\/de_DE\/sdk.js#xfbml=1&amp;version=v4.0\"><\/script><\/p>\n<div class=\"fb-video\" data-href=\"https:\/\/www.facebook.com\/btvmoldova\/videos\/489207404993737\/\" data-width=\"1170\">\n<blockquote cite=\"https:\/\/www.facebook.com\/btvmoldova\/videos\/489207404993737\/\" class=\"fb-xfbml-parse-ignore\"><p><a href=\"https:\/\/www.facebook.com\/btvmoldova\/videos\/489207404993737\/\">B\u0103taia dintre o mam\u0103 cu copil mic \u0219i 4 tinere, filmat\u0103 \u00een Chi\u0219in\u0103u<\/a><\/p>\n<p>B\u0103taia dintre o mam\u0103 cu copil mic \u0219i 4 tinere, filmat\u0103 \u00een Chi\u0219in\u0103u<\/p>\n<p>Gepostet von <a href=\"https:\/\/www.facebook.com\/btvmoldova\/\">\u0422\u0435\u043b\u0435\u043a\u043e\u043c\u043f\u0430\u043d\u0438\u044f BTV &#8211; Balti, \u0411\u0435\u043b\u044c\u0446\u044b<\/a> am Dienstag, 1. Oktober 2019<\/p><\/blockquote>\n<\/div>\n","protected":false},"excerpt":{"rendered":"<p>B\u0103taie pe trotuar, sub privirile unui copil de 3 ani. O t\u00e2n\u0103r\u0103 mam\u0103 a fost agresat\u0103 de mai multe tinere \u00een timp ce mergea pe o strad\u0103 din Chi\u0219in\u0103u. Totul s-ar fi produs \u00een dup\u0103-amiaza zilei de 23 septembrie, \u00een jurul orei 15:30, pe strada Nicolae Testemi\u0163anu din Chi\u015fin\u0103u. Contactat de\u00a0\u0218tiri.md, ofi\u021berul de pres\u0103 Svetlana [&hellip;]<\/p>\n","protected":false},"author":4,"featured_media":61699,"comment_status":"closed","ping_status":"closed","sticky":false,"template":"","format":"standard","meta":{"footnotes":""},"categories":[6351,6349],"tags":[8364,7755,8363],"class_list":["post-61697","post","type-post","status-publish","format-standard","has-post-thumbnail","hentry","category-incidente","category-social","tag-bataie-ro","tag-chisinau-ro","tag-mama-cu-copil"],"yoast_head":"<!-- This site is optimized with the Yoast SEO plugin v27.4 - https:\/\/yoast.com\/product\/yoast-seo-wordpress\/ -->\n<title>B\u0103taia dintre o mam\u0103 cu copil mic \u0219i 4 tinere, filmat\u0103 \u00een Chi\u0219in\u0103u - BTV<\/title>\n<meta name=\"robots\" content=\"index, follow, max-snippet:-1, max-image-preview:large, max-video-preview:-1\" \/>\n<link rel=\"canonical\" href=\"https:\/\/www.btv.md\/ro\/bataia-dintre-o-mama-cu-copil-mic-si-4-tinere-filmata-in-chisinau\/\" \/>\n<meta property=\"og:locale\" content=\"ro_RO\" \/>\n<meta property=\"og:type\" content=\"article\" \/>\n<meta property=\"og:title\" content=\"B\u0103taia dintre o mam\u0103 cu copil mic \u0219i 4 tinere, filmat\u0103 \u00een Chi\u0219in\u0103u - BTV\" \/>\n<meta property=\"og:description\" content=\"B\u0103taie pe trotuar, sub privirile unui copil de 3 ani. O t\u00e2n\u0103r\u0103 mam\u0103 a fost agresat\u0103 de mai multe tinere \u00een timp ce mergea pe o strad\u0103 din Chi\u0219in\u0103u. Totul s-ar fi produs \u00een dup\u0103-amiaza zilei de 23 septembrie, \u00een jurul orei 15:30, pe strada Nicolae Testemi\u0163anu din Chi\u015fin\u0103u. Contactat de\u00a0\u0218tiri.md, ofi\u021berul de pres\u0103 Svetlana [&hellip;]\" \/>\n<meta property=\"og:url\" content=\"https:\/\/www.btv.md\/ro\/bataia-dintre-o-mama-cu-copil-mic-si-4-tinere-filmata-in-chisinau\/\" \/>\n<meta property=\"og:site_name\" content=\"BTV\" \/>\n<meta property=\"article:publisher\" content=\"https:\/\/www.facebook.com\/btvmoldova\/\" \/>\n<meta property=\"article:published_time\" content=\"2019-10-01T14:56:27+00:00\" \/>\n<meta property=\"og:image\" content=\"https:\/\/www.btv.md\/wp-content\/uploads\/2019\/10\/f60cd3095c28188806f1366d07e7290e.jpg\" \/>\n\t<meta property=\"og:image:width\" content=\"854\" \/>\n\t<meta property=\"og:image:height\" content=\"480\" \/>\n\t<meta property=\"og:image:type\" content=\"image\/jpeg\" \/>\n<meta name=\"author\" content=\"admin\" \/>\n<meta name=\"twitter:label1\" content=\"Scris de\" \/>\n\t<meta name=\"twitter:data1\" content=\"admin\" \/>\n\t<meta name=\"twitter:label2\" content=\"Timp estimat pentru citire\" \/>\n\t<meta name=\"twitter:data2\" content=\"1 minut\" \/>\n<script type=\"application\/ld+json\" class=\"yoast-schema-graph\">{\"@context\":\"https:\\\/\\\/schema.org\",\"@graph\":[{\"@type\":\"Article\",\"@id\":\"https:\\\/\\\/www.btv.md\\\/ro\\\/bataia-dintre-o-mama-cu-copil-mic-si-4-tinere-filmata-in-chisinau\\\/#article\",\"isPartOf\":{\"@id\":\"https:\\\/\\\/www.btv.md\\\/ro\\\/bataia-dintre-o-mama-cu-copil-mic-si-4-tinere-filmata-in-chisinau\\\/\"},\"author\":{\"name\":\"admin\",\"@id\":\"https:\\\/\\\/www.btv.md\\\/#\\\/schema\\\/person\\\/8fadce81561b3ce2c34c46dadc4ccbf2\"},\"headline\":\"B\u0103taia dintre o mam\u0103 cu copil mic \u0219i 4 tinere, filmat\u0103 \u00een Chi\u0219in\u0103u\",\"datePublished\":\"2019-10-01T14:56:27+00:00\",\"mainEntityOfPage\":{\"@id\":\"https:\\\/\\\/www.btv.md\\\/ro\\\/bataia-dintre-o-mama-cu-copil-mic-si-4-tinere-filmata-in-chisinau\\\/\"},\"wordCount\":258,\"image\":{\"@id\":\"https:\\\/\\\/www.btv.md\\\/ro\\\/bataia-dintre-o-mama-cu-copil-mic-si-4-tinere-filmata-in-chisinau\\\/#primaryimage\"},\"thumbnailUrl\":\"https:\\\/\\\/www.btv.md\\\/wp-content\\\/uploads\\\/2019\\\/10\\\/f60cd3095c28188806f1366d07e7290e.jpg\",\"keywords\":[\"b\u0103taie\",\"Chi\u0219in\u0103u\",\"mam\u0103 cu copil\"],\"articleSection\":[\"Incidente\",\"Social\"],\"inLanguage\":\"ro-RO\"},{\"@type\":\"WebPage\",\"@id\":\"https:\\\/\\\/www.btv.md\\\/ro\\\/bataia-dintre-o-mama-cu-copil-mic-si-4-tinere-filmata-in-chisinau\\\/\",\"url\":\"https:\\\/\\\/www.btv.md\\\/ro\\\/bataia-dintre-o-mama-cu-copil-mic-si-4-tinere-filmata-in-chisinau\\\/\",\"name\":\"B\u0103taia dintre o mam\u0103 cu copil mic \u0219i 4 tinere, filmat\u0103 \u00een Chi\u0219in\u0103u - BTV\",\"isPartOf\":{\"@id\":\"https:\\\/\\\/www.btv.md\\\/#website\"},\"primaryImageOfPage\":{\"@id\":\"https:\\\/\\\/www.btv.md\\\/ro\\\/bataia-dintre-o-mama-cu-copil-mic-si-4-tinere-filmata-in-chisinau\\\/#primaryimage\"},\"image\":{\"@id\":\"https:\\\/\\\/www.btv.md\\\/ro\\\/bataia-dintre-o-mama-cu-copil-mic-si-4-tinere-filmata-in-chisinau\\\/#primaryimage\"},\"thumbnailUrl\":\"https:\\\/\\\/www.btv.md\\\/wp-content\\\/uploads\\\/2019\\\/10\\\/f60cd3095c28188806f1366d07e7290e.jpg\",\"datePublished\":\"2019-10-01T14:56:27+00:00\",\"author\":{\"@id\":\"https:\\\/\\\/www.btv.md\\\/#\\\/schema\\\/person\\\/8fadce81561b3ce2c34c46dadc4ccbf2\"},\"inLanguage\":\"ro-RO\",\"potentialAction\":[{\"@type\":\"ReadAction\",\"target\":[\"https:\\\/\\\/www.btv.md\\\/ro\\\/bataia-dintre-o-mama-cu-copil-mic-si-4-tinere-filmata-in-chisinau\\\/\"]}]},{\"@type\":\"ImageObject\",\"inLanguage\":\"ro-RO\",\"@id\":\"https:\\\/\\\/www.btv.md\\\/ro\\\/bataia-dintre-o-mama-cu-copil-mic-si-4-tinere-filmata-in-chisinau\\\/#primaryimage\",\"url\":\"https:\\\/\\\/www.btv.md\\\/wp-content\\\/uploads\\\/2019\\\/10\\\/f60cd3095c28188806f1366d07e7290e.jpg\",\"contentUrl\":\"https:\\\/\\\/www.btv.md\\\/wp-content\\\/uploads\\\/2019\\\/10\\\/f60cd3095c28188806f1366d07e7290e.jpg\",\"width\":854,\"height\":480},{\"@type\":\"WebSite\",\"@id\":\"https:\\\/\\\/www.btv.md\\\/#website\",\"url\":\"https:\\\/\\\/www.btv.md\\\/\",\"name\":\"BTV\",\"description\":\"\u0411\u0435\u043b\u044c\u0446\u043a\u043e\u0435 \u0442\u0435\u043b\u0435\u0432\u0438\u0434\u0435\u043d\u0438\u0435\",\"potentialAction\":[{\"@type\":\"SearchAction\",\"target\":{\"@type\":\"EntryPoint\",\"urlTemplate\":\"https:\\\/\\\/www.btv.md\\\/?s={search_term_string}\"},\"query-input\":{\"@type\":\"PropertyValueSpecification\",\"valueRequired\":true,\"valueName\":\"search_term_string\"}}],\"inLanguage\":\"ro-RO\"},{\"@type\":\"Person\",\"@id\":\"https:\\\/\\\/www.btv.md\\\/#\\\/schema\\\/person\\\/8fadce81561b3ce2c34c46dadc4ccbf2\",\"name\":\"admin\"}]}<\/script>\n<!-- \/ Yoast SEO plugin. -->","yoast_head_json":{"title":"B\u0103taia dintre o mam\u0103 cu copil mic \u0219i 4 tinere, filmat\u0103 \u00een Chi\u0219in\u0103u - BTV","robots":{"index":"index","follow":"follow","max-snippet":"max-snippet:-1","max-image-preview":"max-image-preview:large","max-video-preview":"max-video-preview:-1"},"canonical":"https:\/\/www.btv.md\/ro\/bataia-dintre-o-mama-cu-copil-mic-si-4-tinere-filmata-in-chisinau\/","og_locale":"ro_RO","og_type":"article","og_title":"B\u0103taia dintre o mam\u0103 cu copil mic \u0219i 4 tinere, filmat\u0103 \u00een Chi\u0219in\u0103u - BTV","og_description":"B\u0103taie pe trotuar, sub privirile unui copil de 3 ani. O t\u00e2n\u0103r\u0103 mam\u0103 a fost agresat\u0103 de mai multe tinere \u00een timp ce mergea pe o strad\u0103 din Chi\u0219in\u0103u. Totul s-ar fi produs \u00een dup\u0103-amiaza zilei de 23 septembrie, \u00een jurul orei 15:30, pe strada Nicolae Testemi\u0163anu din Chi\u015fin\u0103u. Contactat de\u00a0\u0218tiri.md, ofi\u021berul de pres\u0103 Svetlana [&hellip;]","og_url":"https:\/\/www.btv.md\/ro\/bataia-dintre-o-mama-cu-copil-mic-si-4-tinere-filmata-in-chisinau\/","og_site_name":"BTV","article_publisher":"https:\/\/www.facebook.com\/btvmoldova\/","article_published_time":"2019-10-01T14:56:27+00:00","og_image":[{"width":854,"height":480,"url":"https:\/\/www.btv.md\/wp-content\/uploads\/2019\/10\/f60cd3095c28188806f1366d07e7290e.jpg","type":"image\/jpeg"}],"author":"admin","twitter_misc":{"Scris de":"admin","Timp estimat pentru citire":"1 minut"},"schema":{"@context":"https:\/\/schema.org","@graph":[{"@type":"Article","@id":"https:\/\/www.btv.md\/ro\/bataia-dintre-o-mama-cu-copil-mic-si-4-tinere-filmata-in-chisinau\/#article","isPartOf":{"@id":"https:\/\/www.btv.md\/ro\/bataia-dintre-o-mama-cu-copil-mic-si-4-tinere-filmata-in-chisinau\/"},"author":{"name":"admin","@id":"https:\/\/www.btv.md\/#\/schema\/person\/8fadce81561b3ce2c34c46dadc4ccbf2"},"headline":"B\u0103taia dintre o mam\u0103 cu copil mic \u0219i 4 tinere, filmat\u0103 \u00een Chi\u0219in\u0103u","datePublished":"2019-10-01T14:56:27+00:00","mainEntityOfPage":{"@id":"https:\/\/www.btv.md\/ro\/bataia-dintre-o-mama-cu-copil-mic-si-4-tinere-filmata-in-chisinau\/"},"wordCount":258,"image":{"@id":"https:\/\/www.btv.md\/ro\/bataia-dintre-o-mama-cu-copil-mic-si-4-tinere-filmata-in-chisinau\/#primaryimage"},"thumbnailUrl":"https:\/\/www.btv.md\/wp-content\/uploads\/2019\/10\/f60cd3095c28188806f1366d07e7290e.jpg","keywords":["b\u0103taie","Chi\u0219in\u0103u","mam\u0103 cu copil"],"articleSection":["Incidente","Social"],"inLanguage":"ro-RO"},{"@type":"WebPage","@id":"https:\/\/www.btv.md\/ro\/bataia-dintre-o-mama-cu-copil-mic-si-4-tinere-filmata-in-chisinau\/","url":"https:\/\/www.btv.md\/ro\/bataia-dintre-o-mama-cu-copil-mic-si-4-tinere-filmata-in-chisinau\/","name":"B\u0103taia dintre o mam\u0103 cu copil mic \u0219i 4 tinere, filmat\u0103 \u00een Chi\u0219in\u0103u - BTV","isPartOf":{"@id":"https:\/\/www.btv.md\/#website"},"primaryImageOfPage":{"@id":"https:\/\/www.btv.md\/ro\/bataia-dintre-o-mama-cu-copil-mic-si-4-tinere-filmata-in-chisinau\/#primaryimage"},"image":{"@id":"https:\/\/www.btv.md\/ro\/bataia-dintre-o-mama-cu-copil-mic-si-4-tinere-filmata-in-chisinau\/#primaryimage"},"thumbnailUrl":"https:\/\/www.btv.md\/wp-content\/uploads\/2019\/10\/f60cd3095c28188806f1366d07e7290e.jpg","datePublished":"2019-10-01T14:56:27+00:00","author":{"@id":"https:\/\/www.btv.md\/#\/schema\/person\/8fadce81561b3ce2c34c46dadc4ccbf2"},"inLanguage":"ro-RO","potentialAction":[{"@type":"ReadAction","target":["https:\/\/www.btv.md\/ro\/bataia-dintre-o-mama-cu-copil-mic-si-4-tinere-filmata-in-chisinau\/"]}]},{"@type":"ImageObject","inLanguage":"ro-RO","@id":"https:\/\/www.btv.md\/ro\/bataia-dintre-o-mama-cu-copil-mic-si-4-tinere-filmata-in-chisinau\/#primaryimage","url":"https:\/\/www.btv.md\/wp-content\/uploads\/2019\/10\/f60cd3095c28188806f1366d07e7290e.jpg","contentUrl":"https:\/\/www.btv.md\/wp-content\/uploads\/2019\/10\/f60cd3095c28188806f1366d07e7290e.jpg","width":854,"height":480},{"@type":"WebSite","@id":"https:\/\/www.btv.md\/#website","url":"https:\/\/www.btv.md\/","name":"BTV","description":"\u0411\u0435\u043b\u044c\u0446\u043a\u043e\u0435 \u0442\u0435\u043b\u0435\u0432\u0438\u0434\u0435\u043d\u0438\u0435","potentialAction":[{"@type":"SearchAction","target":{"@type":"EntryPoint","urlTemplate":"https:\/\/www.btv.md\/?s={search_term_string}"},"query-input":{"@type":"PropertyValueSpecification","valueRequired":true,"valueName":"search_term_string"}}],"inLanguage":"ro-RO"},{"@type":"Person","@id":"https:\/\/www.btv.md\/#\/schema\/person\/8fadce81561b3ce2c34c46dadc4ccbf2","name":"admin"}]}},"_links":{"self":[{"href":"https:\/\/www.btv.md\/ro\/wp-json\/wp\/v2\/posts\/61697","targetHints":{"allow":["GET"]}}],"collection":[{"href":"https:\/\/www.btv.md\/ro\/wp-json\/wp\/v2\/posts"}],"about":[{"href":"https:\/\/www.btv.md\/ro\/wp-json\/wp\/v2\/types\/post"}],"author":[{"embeddable":true,"href":"https:\/\/www.btv.md\/ro\/wp-json\/wp\/v2\/users\/4"}],"replies":[{"embeddable":true,"href":"https:\/\/www.btv.md\/ro\/wp-json\/wp\/v2\/comments?post=61697"}],"version-history":[{"count":0,"href":"https:\/\/www.btv.md\/ro\/wp-json\/wp\/v2\/posts\/61697\/revisions"}],"wp:featuredmedia":[{"embeddable":true,"href":"https:\/\/www.btv.md\/ro\/wp-json\/wp\/v2\/media\/61699"}],"wp:attachment":[{"href":"https:\/\/www.btv.md\/ro\/wp-json\/wp\/v2\/media?parent=61697"}],"wp:term":[{"taxonomy":"category","embeddable":true,"href":"https:\/\/www.btv.md\/ro\/wp-json\/wp\/v2\/categories?post=61697"},{"taxonomy":"post_tag","embeddable":true,"href":"https:\/\/www.btv.md\/ro\/wp-json\/wp\/v2\/tags?post=61697"}],"curies":[{"name":"wp","href":"https:\/\/api.w.org\/{rel}","templated":true}]}}