{"id":61790,"date":"2019-10-03T20:06:49","date_gmt":"2019-10-03T17:06:49","guid":{"rendered":"http:\/\/www.btv.md\/?p=61790"},"modified":"2019-10-03T20:06:49","modified_gmt":"2019-10-03T17:06:49","slug":"activitatea-politieneasca-comunitara-prezentata-in-cadrul-zilei-usilor-deschise-la-singerei","status":"publish","type":"post","link":"https:\/\/www.btv.md\/ro\/activitatea-politieneasca-comunitara-prezentata-in-cadrul-zilei-usilor-deschise-la-singerei\/","title":{"rendered":"ACTIVITATEA POLI\u021aIENEASC\u0102 COMUNITAR\u0102 PREZENTAT\u0102 \u00ceN CADRUL ZILEI U\u0218ILOR DESCHISE LA S\u00ceNGEREI"},"content":{"rendered":"<p><strong>Sectorul de poli\u0163ie nr.1 \u201eS\u00eengerei\u201d \u015fi-a deschis larg u\u0219ile pentru to\u021bi doritorii de a cunoa\u0219te despre activitatea poli\u0163ieneasc\u0103. Acesta este al 2-lea sector de poli\u021bie comunitar\u0103 din \u021bar\u0103.<\/strong><\/p>\n<p>La eveniment au fost prezen\u021bi at\u00e2t exper\u0163i din Suedia \u00een domeniul de implementare al proiectului poli\u0163iei comunitare, reprezentan\u021bi ai administra\u021biei publice locale, c\u00e2t \u0219i elevi cu profesori ai \u0219colilor din ora\u015f.<\/p>\n<p>Oaspe\u021bii au vizualizat, filmule\u021be cu activitatea zilnic\u0103 a poli\u021bi\u0219tilor, tehnic\u0103 \u0219i mijloace speciale, precum laboratorul mobil folosit de Serviciul Criminalistic pentru realizarea cercet\u0103rii eficiente la locul comiterii infrac\u021biunilor, o expozi\u021bie de arme \u0219i echipamente aflate \u00een dotarea poli\u021bi\u0219tilor.<\/p>\n<p>Conceptul poli\u021biei comunitare presupune un parteneriat dintre poli\u021bie \u0219i comunitate pentru solu\u021bionarea problemelor de securitate public\u0103, iar activitatea poli\u021bi\u0219tilor este orientat\u0103 spre nevoile comunit\u0103\u021bii \u0219i apropierea de cet\u0103\u021beni.<\/p>\n<p>Partenerii suiedezi de proiect, prezen\u021bi la eveniment au apreciat activitatea poli\u021bieneasc\u0103 comunitar\u0103.<\/p>\n<p>HENRIC ANDERSSON REPREZENTANT DIN SUEDIA: ,,<em>C<\/em><em>\u00e2teva decenii \u00een urm\u0103 \u021bara noastr\u0103 a primit echipamente noi, instruire, aveam personal suficient \u0219i totu\u0219i rata criminalit\u0103\u021bii era foarte mare \u0219i popula\u021bia era nesatisf\u0103cut\u0103 de lucrul poli\u021biei. Astfel am constatat c\u0103 e bine s\u0103 colabor\u0103m \u0219i cu societatea, cu autoritatea public\u0103 local\u0103 pentru a solu\u021biona problemele care apar \u0219i am ajuns la acest model de activitate poli\u021bieneasc\u0103 comunitar\u0103 cu care am atins rezultate durabile. <\/em><em>Ast\u0103zi a avut loc prima mea \u00eent\u00e2lnire cu poli\u021bia din S\u00eengerei. Vreau s\u0103 v\u0103 spun c\u0103 sunt profund impresionat de cele auzite \u0219i v\u0103zute. Sunt foarte uimit \u0219i \u00een general c\u0103 impresiile sunt pozitive.<\/em><em>\u201d <\/em><\/p>\n<p>\u00cen cadrul sectorului de poli\u021bie nr.1 din S\u00eengerei activeaz\u0103 13 ofi\u021beri de sector \u0219i 2 ofi\u021beri de investiga\u021bii.<\/p>\n<div id=\"fb-root\"><\/div>\n<p><script async=\"1\" defer=\"1\" crossorigin=\"anonymous\" src=\"https:\/\/connect.facebook.net\/de_DE\/sdk.js#xfbml=1&amp;version=v4.0\"><\/script><\/p>\n<div class=\"fb-video\" data-href=\"https:\/\/www.facebook.com\/btvmoldova\/videos\/2407522662909769\/\" data-width=\"1170\">\n<blockquote cite=\"https:\/\/www.facebook.com\/btvmoldova\/videos\/2407522662909769\/\" class=\"fb-xfbml-parse-ignore\"><p><a href=\"https:\/\/www.facebook.com\/btvmoldova\/videos\/2407522662909769\/\">ACTIVITATEA POLI\u021aIENEASC\u0102 COMUNITAR\u0102 PREZENTAT\u0102 \u00ceN CADRUL ZILEI U\u0218ILOR DESCHISE LA S\u00ceNGEREI<\/a><\/p>\n<p>ACTIVITATEA POLI\u021aIENEASC\u0102 COMUNITAR\u0102 PREZENTAT\u0102 \u00ceN CADRUL ZILEI U\u0218ILOR DESCHISE LA S\u00ceNGEREI<\/p>\n<p>Gepostet von <a href=\"https:\/\/www.facebook.com\/btvmoldova\/\">\u0422\u0435\u043b\u0435\u043a\u043e\u043c\u043f\u0430\u043d\u0438\u044f BTV &#8211; Balti, \u0411\u0435\u043b\u044c\u0446\u044b<\/a> am Donnerstag, 3. Oktober 2019<\/p><\/blockquote>\n<\/div>\n","protected":false},"excerpt":{"rendered":"<p>Sectorul de poli\u0163ie nr.1 \u201eS\u00eengerei\u201d \u015fi-a deschis larg u\u0219ile pentru to\u021bi doritorii de a cunoa\u0219te despre activitatea poli\u0163ieneasc\u0103. Acesta este al 2-lea sector de poli\u021bie comunitar\u0103 din \u021bar\u0103. La eveniment au fost prezen\u021bi at\u00e2t exper\u0163i din Suedia \u00een domeniul de implementare al proiectului poli\u0163iei comunitare, reprezentan\u021bi ai administra\u021biei publice locale, c\u00e2t \u0219i elevi cu profesori [&hellip;]<\/p>\n","protected":false},"author":4,"featured_media":61783,"comment_status":"closed","ping_status":"closed","sticky":false,"template":"","format":"standard","meta":{"footnotes":""},"categories":[6349,6377],"tags":[8397,8398,7858],"class_list":["post-61790","post","type-post","status-publish","format-standard","has-post-thumbnail","hentry","category-social","category-stiri","tag-activitatea-comunitara","tag-politia-ro","tag-singerei"],"yoast_head":"<!-- This site is optimized with the Yoast SEO plugin v27.4 - https:\/\/yoast.com\/product\/yoast-seo-wordpress\/ -->\n<title>ACTIVITATEA POLI\u021aIENEASC\u0102 COMUNITAR\u0102 PREZENTAT\u0102 \u00ceN CADRUL ZILEI U\u0218ILOR DESCHISE LA S\u00ceNGEREI - BTV<\/title>\n<meta name=\"robots\" content=\"index, follow, max-snippet:-1, max-image-preview:large, max-video-preview:-1\" \/>\n<link rel=\"canonical\" href=\"https:\/\/www.btv.md\/ro\/amp\/activitatea-politieneasca-comunitara-prezentata-in-cadrul-zilei-usilor-deschise-la-singerei\/\" \/>\n<meta property=\"og:locale\" content=\"ro_RO\" \/>\n<meta property=\"og:type\" content=\"article\" \/>\n<meta property=\"og:title\" content=\"ACTIVITATEA POLI\u021aIENEASC\u0102 COMUNITAR\u0102 PREZENTAT\u0102 \u00ceN CADRUL ZILEI U\u0218ILOR DESCHISE LA S\u00ceNGEREI - BTV\" \/>\n<meta property=\"og:description\" content=\"Sectorul de poli\u0163ie nr.1 \u201eS\u00eengerei\u201d \u015fi-a deschis larg u\u0219ile pentru to\u021bi doritorii de a cunoa\u0219te despre activitatea poli\u0163ieneasc\u0103. Acesta este al 2-lea sector de poli\u021bie comunitar\u0103 din \u021bar\u0103. La eveniment au fost prezen\u021bi at\u00e2t exper\u0163i din Suedia \u00een domeniul de implementare al proiectului poli\u0163iei comunitare, reprezentan\u021bi ai administra\u021biei publice locale, c\u00e2t \u0219i elevi cu profesori [&hellip;]\" \/>\n<meta property=\"og:url\" content=\"https:\/\/www.btv.md\/ro\/amp\/activitatea-politieneasca-comunitara-prezentata-in-cadrul-zilei-usilor-deschise-la-singerei\/\" \/>\n<meta property=\"og:site_name\" content=\"BTV\" \/>\n<meta property=\"article:publisher\" content=\"https:\/\/www.facebook.com\/btvmoldova\/\" \/>\n<meta property=\"article:published_time\" content=\"2019-10-03T17:06:49+00:00\" \/>\n<meta property=\"og:image\" content=\"https:\/\/www.btv.md\/wp-content\/uploads\/2019\/10\/synzhereya-768x417.png\" \/>\n\t<meta property=\"og:image:width\" content=\"768\" \/>\n\t<meta property=\"og:image:height\" content=\"417\" \/>\n\t<meta property=\"og:image:type\" content=\"image\/png\" \/>\n<meta name=\"author\" content=\"admin\" \/>\n<meta name=\"twitter:label1\" content=\"Scris de\" \/>\n\t<meta name=\"twitter:data1\" content=\"admin\" \/>\n\t<meta name=\"twitter:label2\" content=\"Timp estimat pentru citire\" \/>\n\t<meta name=\"twitter:data2\" content=\"2 minute\" \/>\n<script type=\"application\/ld+json\" class=\"yoast-schema-graph\">{\"@context\":\"https:\\\/\\\/schema.org\",\"@graph\":[{\"@type\":\"Article\",\"@id\":\"https:\\\/\\\/www.btv.md\\\/ro\\\/amp\\\/activitatea-politieneasca-comunitara-prezentata-in-cadrul-zilei-usilor-deschise-la-singerei\\\/#article\",\"isPartOf\":{\"@id\":\"https:\\\/\\\/www.btv.md\\\/ro\\\/amp\\\/activitatea-politieneasca-comunitara-prezentata-in-cadrul-zilei-usilor-deschise-la-singerei\\\/\"},\"author\":{\"name\":\"admin\",\"@id\":\"https:\\\/\\\/www.btv.md\\\/#\\\/schema\\\/person\\\/8fadce81561b3ce2c34c46dadc4ccbf2\"},\"headline\":\"ACTIVITATEA POLI\u021aIENEASC\u0102 COMUNITAR\u0102 PREZENTAT\u0102 \u00ceN CADRUL ZILEI U\u0218ILOR DESCHISE LA S\u00ceNGEREI\",\"datePublished\":\"2019-10-03T17:06:49+00:00\",\"mainEntityOfPage\":{\"@id\":\"https:\\\/\\\/www.btv.md\\\/ro\\\/amp\\\/activitatea-politieneasca-comunitara-prezentata-in-cadrul-zilei-usilor-deschise-la-singerei\\\/\"},\"wordCount\":328,\"image\":{\"@id\":\"https:\\\/\\\/www.btv.md\\\/ro\\\/amp\\\/activitatea-politieneasca-comunitara-prezentata-in-cadrul-zilei-usilor-deschise-la-singerei\\\/#primaryimage\"},\"thumbnailUrl\":\"https:\\\/\\\/www.btv.md\\\/wp-content\\\/uploads\\\/2019\\\/10\\\/synzhereya.png\",\"keywords\":[\"activitatea comunitar\u0103\",\"poli\u021bia\",\"S\u00eengerei\"],\"articleSection\":[\"Social\",\"\u0218tiri\"],\"inLanguage\":\"ro-RO\"},{\"@type\":\"WebPage\",\"@id\":\"https:\\\/\\\/www.btv.md\\\/ro\\\/amp\\\/activitatea-politieneasca-comunitara-prezentata-in-cadrul-zilei-usilor-deschise-la-singerei\\\/\",\"url\":\"https:\\\/\\\/www.btv.md\\\/ro\\\/amp\\\/activitatea-politieneasca-comunitara-prezentata-in-cadrul-zilei-usilor-deschise-la-singerei\\\/\",\"name\":\"ACTIVITATEA POLI\u021aIENEASC\u0102 COMUNITAR\u0102 PREZENTAT\u0102 \u00ceN CADRUL ZILEI U\u0218ILOR DESCHISE LA S\u00ceNGEREI - BTV\",\"isPartOf\":{\"@id\":\"https:\\\/\\\/www.btv.md\\\/#website\"},\"primaryImageOfPage\":{\"@id\":\"https:\\\/\\\/www.btv.md\\\/ro\\\/amp\\\/activitatea-politieneasca-comunitara-prezentata-in-cadrul-zilei-usilor-deschise-la-singerei\\\/#primaryimage\"},\"image\":{\"@id\":\"https:\\\/\\\/www.btv.md\\\/ro\\\/amp\\\/activitatea-politieneasca-comunitara-prezentata-in-cadrul-zilei-usilor-deschise-la-singerei\\\/#primaryimage\"},\"thumbnailUrl\":\"https:\\\/\\\/www.btv.md\\\/wp-content\\\/uploads\\\/2019\\\/10\\\/synzhereya.png\",\"datePublished\":\"2019-10-03T17:06:49+00:00\",\"author\":{\"@id\":\"https:\\\/\\\/www.btv.md\\\/#\\\/schema\\\/person\\\/8fadce81561b3ce2c34c46dadc4ccbf2\"},\"inLanguage\":\"ro-RO\",\"potentialAction\":[{\"@type\":\"ReadAction\",\"target\":[\"https:\\\/\\\/www.btv.md\\\/ro\\\/amp\\\/activitatea-politieneasca-comunitara-prezentata-in-cadrul-zilei-usilor-deschise-la-singerei\\\/\"]}]},{\"@type\":\"ImageObject\",\"inLanguage\":\"ro-RO\",\"@id\":\"https:\\\/\\\/www.btv.md\\\/ro\\\/amp\\\/activitatea-politieneasca-comunitara-prezentata-in-cadrul-zilei-usilor-deschise-la-singerei\\\/#primaryimage\",\"url\":\"https:\\\/\\\/www.btv.md\\\/wp-content\\\/uploads\\\/2019\\\/10\\\/synzhereya.png\",\"contentUrl\":\"https:\\\/\\\/www.btv.md\\\/wp-content\\\/uploads\\\/2019\\\/10\\\/synzhereya.png\",\"width\":1612,\"height\":876},{\"@type\":\"WebSite\",\"@id\":\"https:\\\/\\\/www.btv.md\\\/#website\",\"url\":\"https:\\\/\\\/www.btv.md\\\/\",\"name\":\"BTV\",\"description\":\"\u0411\u0435\u043b\u044c\u0446\u043a\u043e\u0435 \u0442\u0435\u043b\u0435\u0432\u0438\u0434\u0435\u043d\u0438\u0435\",\"potentialAction\":[{\"@type\":\"SearchAction\",\"target\":{\"@type\":\"EntryPoint\",\"urlTemplate\":\"https:\\\/\\\/www.btv.md\\\/?s={search_term_string}\"},\"query-input\":{\"@type\":\"PropertyValueSpecification\",\"valueRequired\":true,\"valueName\":\"search_term_string\"}}],\"inLanguage\":\"ro-RO\"},{\"@type\":\"Person\",\"@id\":\"https:\\\/\\\/www.btv.md\\\/#\\\/schema\\\/person\\\/8fadce81561b3ce2c34c46dadc4ccbf2\",\"name\":\"admin\"}]}<\/script>\n<!-- \/ Yoast SEO plugin. -->","yoast_head_json":{"title":"ACTIVITATEA POLI\u021aIENEASC\u0102 COMUNITAR\u0102 PREZENTAT\u0102 \u00ceN CADRUL ZILEI U\u0218ILOR DESCHISE LA S\u00ceNGEREI - BTV","robots":{"index":"index","follow":"follow","max-snippet":"max-snippet:-1","max-image-preview":"max-image-preview:large","max-video-preview":"max-video-preview:-1"},"canonical":"https:\/\/www.btv.md\/ro\/amp\/activitatea-politieneasca-comunitara-prezentata-in-cadrul-zilei-usilor-deschise-la-singerei\/","og_locale":"ro_RO","og_type":"article","og_title":"ACTIVITATEA POLI\u021aIENEASC\u0102 COMUNITAR\u0102 PREZENTAT\u0102 \u00ceN CADRUL ZILEI U\u0218ILOR DESCHISE LA S\u00ceNGEREI - BTV","og_description":"Sectorul de poli\u0163ie nr.1 \u201eS\u00eengerei\u201d \u015fi-a deschis larg u\u0219ile pentru to\u021bi doritorii de a cunoa\u0219te despre activitatea poli\u0163ieneasc\u0103. Acesta este al 2-lea sector de poli\u021bie comunitar\u0103 din \u021bar\u0103. La eveniment au fost prezen\u021bi at\u00e2t exper\u0163i din Suedia \u00een domeniul de implementare al proiectului poli\u0163iei comunitare, reprezentan\u021bi ai administra\u021biei publice locale, c\u00e2t \u0219i elevi cu profesori [&hellip;]","og_url":"https:\/\/www.btv.md\/ro\/amp\/activitatea-politieneasca-comunitara-prezentata-in-cadrul-zilei-usilor-deschise-la-singerei\/","og_site_name":"BTV","article_publisher":"https:\/\/www.facebook.com\/btvmoldova\/","article_published_time":"2019-10-03T17:06:49+00:00","og_image":[{"width":768,"height":417,"url":"https:\/\/www.btv.md\/wp-content\/uploads\/2019\/10\/synzhereya-768x417.png","type":"image\/png"}],"author":"admin","twitter_misc":{"Scris de":"admin","Timp estimat pentru citire":"2 minute"},"schema":{"@context":"https:\/\/schema.org","@graph":[{"@type":"Article","@id":"https:\/\/www.btv.md\/ro\/amp\/activitatea-politieneasca-comunitara-prezentata-in-cadrul-zilei-usilor-deschise-la-singerei\/#article","isPartOf":{"@id":"https:\/\/www.btv.md\/ro\/amp\/activitatea-politieneasca-comunitara-prezentata-in-cadrul-zilei-usilor-deschise-la-singerei\/"},"author":{"name":"admin","@id":"https:\/\/www.btv.md\/#\/schema\/person\/8fadce81561b3ce2c34c46dadc4ccbf2"},"headline":"ACTIVITATEA POLI\u021aIENEASC\u0102 COMUNITAR\u0102 PREZENTAT\u0102 \u00ceN CADRUL ZILEI U\u0218ILOR DESCHISE LA S\u00ceNGEREI","datePublished":"2019-10-03T17:06:49+00:00","mainEntityOfPage":{"@id":"https:\/\/www.btv.md\/ro\/amp\/activitatea-politieneasca-comunitara-prezentata-in-cadrul-zilei-usilor-deschise-la-singerei\/"},"wordCount":328,"image":{"@id":"https:\/\/www.btv.md\/ro\/amp\/activitatea-politieneasca-comunitara-prezentata-in-cadrul-zilei-usilor-deschise-la-singerei\/#primaryimage"},"thumbnailUrl":"https:\/\/www.btv.md\/wp-content\/uploads\/2019\/10\/synzhereya.png","keywords":["activitatea comunitar\u0103","poli\u021bia","S\u00eengerei"],"articleSection":["Social","\u0218tiri"],"inLanguage":"ro-RO"},{"@type":"WebPage","@id":"https:\/\/www.btv.md\/ro\/amp\/activitatea-politieneasca-comunitara-prezentata-in-cadrul-zilei-usilor-deschise-la-singerei\/","url":"https:\/\/www.btv.md\/ro\/amp\/activitatea-politieneasca-comunitara-prezentata-in-cadrul-zilei-usilor-deschise-la-singerei\/","name":"ACTIVITATEA POLI\u021aIENEASC\u0102 COMUNITAR\u0102 PREZENTAT\u0102 \u00ceN CADRUL ZILEI U\u0218ILOR DESCHISE LA S\u00ceNGEREI - BTV","isPartOf":{"@id":"https:\/\/www.btv.md\/#website"},"primaryImageOfPage":{"@id":"https:\/\/www.btv.md\/ro\/amp\/activitatea-politieneasca-comunitara-prezentata-in-cadrul-zilei-usilor-deschise-la-singerei\/#primaryimage"},"image":{"@id":"https:\/\/www.btv.md\/ro\/amp\/activitatea-politieneasca-comunitara-prezentata-in-cadrul-zilei-usilor-deschise-la-singerei\/#primaryimage"},"thumbnailUrl":"https:\/\/www.btv.md\/wp-content\/uploads\/2019\/10\/synzhereya.png","datePublished":"2019-10-03T17:06:49+00:00","author":{"@id":"https:\/\/www.btv.md\/#\/schema\/person\/8fadce81561b3ce2c34c46dadc4ccbf2"},"inLanguage":"ro-RO","potentialAction":[{"@type":"ReadAction","target":["https:\/\/www.btv.md\/ro\/amp\/activitatea-politieneasca-comunitara-prezentata-in-cadrul-zilei-usilor-deschise-la-singerei\/"]}]},{"@type":"ImageObject","inLanguage":"ro-RO","@id":"https:\/\/www.btv.md\/ro\/amp\/activitatea-politieneasca-comunitara-prezentata-in-cadrul-zilei-usilor-deschise-la-singerei\/#primaryimage","url":"https:\/\/www.btv.md\/wp-content\/uploads\/2019\/10\/synzhereya.png","contentUrl":"https:\/\/www.btv.md\/wp-content\/uploads\/2019\/10\/synzhereya.png","width":1612,"height":876},{"@type":"WebSite","@id":"https:\/\/www.btv.md\/#website","url":"https:\/\/www.btv.md\/","name":"BTV","description":"\u0411\u0435\u043b\u044c\u0446\u043a\u043e\u0435 \u0442\u0435\u043b\u0435\u0432\u0438\u0434\u0435\u043d\u0438\u0435","potentialAction":[{"@type":"SearchAction","target":{"@type":"EntryPoint","urlTemplate":"https:\/\/www.btv.md\/?s={search_term_string}"},"query-input":{"@type":"PropertyValueSpecification","valueRequired":true,"valueName":"search_term_string"}}],"inLanguage":"ro-RO"},{"@type":"Person","@id":"https:\/\/www.btv.md\/#\/schema\/person\/8fadce81561b3ce2c34c46dadc4ccbf2","name":"admin"}]}},"_links":{"self":[{"href":"https:\/\/www.btv.md\/ro\/wp-json\/wp\/v2\/posts\/61790","targetHints":{"allow":["GET"]}}],"collection":[{"href":"https:\/\/www.btv.md\/ro\/wp-json\/wp\/v2\/posts"}],"about":[{"href":"https:\/\/www.btv.md\/ro\/wp-json\/wp\/v2\/types\/post"}],"author":[{"embeddable":true,"href":"https:\/\/www.btv.md\/ro\/wp-json\/wp\/v2\/users\/4"}],"replies":[{"embeddable":true,"href":"https:\/\/www.btv.md\/ro\/wp-json\/wp\/v2\/comments?post=61790"}],"version-history":[{"count":0,"href":"https:\/\/www.btv.md\/ro\/wp-json\/wp\/v2\/posts\/61790\/revisions"}],"wp:featuredmedia":[{"embeddable":true,"href":"https:\/\/www.btv.md\/ro\/wp-json\/wp\/v2\/media\/61783"}],"wp:attachment":[{"href":"https:\/\/www.btv.md\/ro\/wp-json\/wp\/v2\/media?parent=61790"}],"wp:term":[{"taxonomy":"category","embeddable":true,"href":"https:\/\/www.btv.md\/ro\/wp-json\/wp\/v2\/categories?post=61790"},{"taxonomy":"post_tag","embeddable":true,"href":"https:\/\/www.btv.md\/ro\/wp-json\/wp\/v2\/tags?post=61790"}],"curies":[{"name":"wp","href":"https:\/\/api.w.org\/{rel}","templated":true}]}}