{"id":61852,"date":"2019-10-04T20:58:12","date_gmt":"2019-10-04T17:58:12","guid":{"rendered":"http:\/\/www.btv.md\/?p=61852"},"modified":"2019-10-04T20:58:12","modified_gmt":"2019-10-04T17:58:12","slug":"medicii-despre-starea-soferitei-cu-porsche-ne-asteptam-la-orice","status":"publish","type":"post","link":"https:\/\/www.btv.md\/ro\/medicii-despre-starea-soferitei-cu-porsche-ne-asteptam-la-orice\/","title":{"rendered":"Medicii, despre starea \u0219oferi\u021bei cu Porsche: Ne a\u0219tept\u0103m la orice"},"content":{"rendered":"<p><strong>La trei zile de la cumplitul accident din sectorul Buiucani al Capitalei \u0219oferi\u021ba care l-a provocat r\u0103m\u00e2ne \u00een stare extrem de grav\u0103 \u00een sec\u021bia de terapie intensiv\u0103. Anun\u021bul a fost f\u0103cut joi, 3 septembrie , de vicedirectorul Institutului de Medicin\u0103 Urgent\u0103, Igor Curov, transmite \u0218tiri.md.<\/strong><\/p>\n<p>\u201eNoi \u00eentreprindem toate m\u0103surile necesare ca s\u0103 salv\u0103m via\u021ba ei, dar e vorba de un politraumatism sever, foarte complicat \u0219i, \u00een principiu, noi putem a\u0219tepta orice complica\u021bie \u00een orice moment. Ca s\u0103 \u00een\u021belege\u021bi, despre pronosticuri e prea devreme s\u0103 vorbim\u201d, a declarat Curov.<\/p>\n<p>Totodat\u0103, Igor Curov a men\u021bionat c\u0103 \u00een prezent nou\u0103 persoane continu\u0103 s\u0103 fie internate \u00een spital.<\/p>\n<p>\u0218tiri.md aminte\u0219te c\u0103 accidentul groaznic s-a produs pe 30 septembrie, la ora 14:08, la intersec\u021bia bulevardului Alba Iulia cu strada Onisifor Ghibu.<\/p>\n<p>O ma\u0219in\u0103 de marca Porsche Cayenne s-a tamponat \u00eentr-un troleibuz condus de un \u0219ofer de 40 de ani, iar \u00een urma impactului puternic, troleibuzul a fost redirec\u021bionat pe trotuar.<\/p>\n<p>La volanul ma\u0219inii era o femeie \u00een v\u00e2rst\u0103 de 33 de ani, care pentru moment se afl\u0103 \u00een sec\u021bia de reanimare, iar pasagerul, un b\u0103rbat, care era pe scaunul din fa\u021b\u0103 a ma\u0219inii a decedat pe loc.<\/p>\n<p>De asemenea, dup\u0103 coliziune, 24 de pasageri au fost prelua\u021bi de echipaje medicale, printre care un minor.<\/p>\n<p>\u00cen urma accidentului teribil, \u00eenc\u0103 un b\u0103rbat, care a fost transportat \u00een stare grav\u0103 la spital, a decedat.<\/p>\n<p>Men\u021bion\u0103m c\u0103 \u0219oferi\u021ba cu Porsche a mai provocat un accident \u00een 2017 fiind beat\u0103 la volan, iar ulterior ea a fost condamnat\u0103 \u00een 2018, la 6 luni de \u00eenchisoare.<\/p>\n<p>De asemnea, \u0219oferi\u021ba cu Porsche a fost filmat\u0103 cum a distrus gardul unei case \u00een 2018.<\/p>\n<p>Tot aceast\u0103 \u0219oferi\u021ba a stat \u00eenchis\u0103 la Rusca, av\u00e2nd mai multe \u00eenc\u0103lc\u0103ri \u00eenregistrate din 2016.<\/p>\n<p>Totodat\u0103, cu o reac\u021bie la accidentul teribil din Capital\u0103 a venit \u0219i avocatul Dumitru Petru Sliusarenco, care afirm\u0103 c\u0103 nu femeile sunt vinovate, dar prostia \u0219i iresponsabilitatea oamenilor.<\/p>\n<p>Ulterior, poli\u021bia a confirmat c\u0103 femeia se afla \u00een stare avansat\u0103 de ebrietate \u00een momentul accidentului.<\/p>\n<div id=\"fb-root\"><\/div>\n<p><script async=\"1\" defer=\"1\" crossorigin=\"anonymous\" src=\"https:\/\/connect.facebook.net\/de_DE\/sdk.js#xfbml=1&amp;version=v4.0\"><\/script><\/p>\n<div class=\"fb-video\" data-href=\"https:\/\/www.facebook.com\/btvmoldova\/videos\/335443353915584\/\" data-width=\"1170\">\n<blockquote cite=\"https:\/\/www.facebook.com\/btvmoldova\/videos\/335443353915584\/\" class=\"fb-xfbml-parse-ignore\"><p><a href=\"https:\/\/www.facebook.com\/btvmoldova\/videos\/335443353915584\/\">Medicii, despre starea \u0219oferi\u021bei cu Porsche: Ne a\u0219tept\u0103m la orice<\/a><\/p>\n<p>Medicii, despre starea \u0219oferi\u021bei cu Porsche: Ne a\u0219tept\u0103m la orice<\/p>\n<p>Gepostet von <a href=\"https:\/\/www.facebook.com\/btvmoldova\/\">\u0422\u0435\u043b\u0435\u043a\u043e\u043c\u043f\u0430\u043d\u0438\u044f BTV &#8211; Balti, \u0411\u0435\u043b\u044c\u0446\u044b<\/a> am Freitag, 4. Oktober 2019<\/p><\/blockquote>\n<\/div>\n","protected":false},"excerpt":{"rendered":"<p>La trei zile de la cumplitul accident din sectorul Buiucani al Capitalei \u0219oferi\u021ba care l-a provocat r\u0103m\u00e2ne \u00een stare extrem de grav\u0103 \u00een sec\u021bia de terapie intensiv\u0103. Anun\u021bul a fost f\u0103cut joi, 3 septembrie , de vicedirectorul Institutului de Medicin\u0103 Urgent\u0103, Igor Curov, transmite \u0218tiri.md. \u201eNoi \u00eentreprindem toate m\u0103surile necesare ca s\u0103 salv\u0103m via\u021ba ei, [&hellip;]<\/p>\n","protected":false},"author":4,"featured_media":61854,"comment_status":"closed","ping_status":"closed","sticky":false,"template":"","format":"standard","meta":{"footnotes":""},"categories":[6351,6349,6377],"tags":[8379,7860,7755,8417,8416],"class_list":["post-61852","post","type-post","status-publish","format-standard","has-post-thumbnail","hentry","category-incidente","category-social","category-stiri","tag-accident-grav","tag-accident-rutier-ro","tag-chisinau-ro","tag-medicii","tag-soferita"],"yoast_head":"<!-- This site is optimized with the Yoast SEO plugin v27.4 - https:\/\/yoast.com\/product\/yoast-seo-wordpress\/ -->\n<title>Medicii, despre starea \u0219oferi\u021bei cu Porsche: Ne a\u0219tept\u0103m la orice - BTV<\/title>\n<meta name=\"robots\" content=\"index, follow, max-snippet:-1, max-image-preview:large, max-video-preview:-1\" \/>\n<link rel=\"canonical\" href=\"https:\/\/www.btv.md\/ro\/amp\/medicii-despre-starea-soferitei-cu-porsche-ne-asteptam-la-orice\/\" \/>\n<meta property=\"og:locale\" content=\"ro_RO\" \/>\n<meta property=\"og:type\" content=\"article\" \/>\n<meta property=\"og:title\" content=\"Medicii, despre starea \u0219oferi\u021bei cu Porsche: Ne a\u0219tept\u0103m la orice - BTV\" \/>\n<meta property=\"og:description\" content=\"La trei zile de la cumplitul accident din sectorul Buiucani al Capitalei \u0219oferi\u021ba care l-a provocat r\u0103m\u00e2ne \u00een stare extrem de grav\u0103 \u00een sec\u021bia de terapie intensiv\u0103. Anun\u021bul a fost f\u0103cut joi, 3 septembrie , de vicedirectorul Institutului de Medicin\u0103 Urgent\u0103, Igor Curov, transmite \u0218tiri.md. \u201eNoi \u00eentreprindem toate m\u0103surile necesare ca s\u0103 salv\u0103m via\u021ba ei, [&hellip;]\" \/>\n<meta property=\"og:url\" content=\"https:\/\/www.btv.md\/ro\/amp\/medicii-despre-starea-soferitei-cu-porsche-ne-asteptam-la-orice\/\" \/>\n<meta property=\"og:site_name\" content=\"BTV\" \/>\n<meta property=\"article:publisher\" content=\"https:\/\/www.facebook.com\/btvmoldova\/\" \/>\n<meta property=\"article:published_time\" content=\"2019-10-04T17:58:12+00:00\" \/>\n<meta property=\"og:image\" content=\"https:\/\/www.btv.md\/wp-content\/uploads\/2019\/10\/b463b62061939bfcb6c368917cecd39d.jpg\" \/>\n\t<meta property=\"og:image:width\" content=\"600\" \/>\n\t<meta property=\"og:image:height\" content=\"315\" \/>\n\t<meta property=\"og:image:type\" content=\"image\/jpeg\" \/>\n<meta name=\"author\" content=\"admin\" \/>\n<meta name=\"twitter:label1\" content=\"Scris de\" \/>\n\t<meta name=\"twitter:data1\" content=\"admin\" \/>\n\t<meta name=\"twitter:label2\" content=\"Timp estimat pentru citire\" \/>\n\t<meta name=\"twitter:data2\" content=\"2 minute\" \/>\n<script type=\"application\/ld+json\" class=\"yoast-schema-graph\">{\"@context\":\"https:\\\/\\\/schema.org\",\"@graph\":[{\"@type\":\"Article\",\"@id\":\"https:\\\/\\\/www.btv.md\\\/ro\\\/amp\\\/medicii-despre-starea-soferitei-cu-porsche-ne-asteptam-la-orice\\\/#article\",\"isPartOf\":{\"@id\":\"https:\\\/\\\/www.btv.md\\\/ro\\\/amp\\\/medicii-despre-starea-soferitei-cu-porsche-ne-asteptam-la-orice\\\/\"},\"author\":{\"name\":\"admin\",\"@id\":\"https:\\\/\\\/www.btv.md\\\/#\\\/schema\\\/person\\\/8fadce81561b3ce2c34c46dadc4ccbf2\"},\"headline\":\"Medicii, despre starea \u0219oferi\u021bei cu Porsche: Ne a\u0219tept\u0103m la orice\",\"datePublished\":\"2019-10-04T17:58:12+00:00\",\"mainEntityOfPage\":{\"@id\":\"https:\\\/\\\/www.btv.md\\\/ro\\\/amp\\\/medicii-despre-starea-soferitei-cu-porsche-ne-asteptam-la-orice\\\/\"},\"wordCount\":375,\"image\":{\"@id\":\"https:\\\/\\\/www.btv.md\\\/ro\\\/amp\\\/medicii-despre-starea-soferitei-cu-porsche-ne-asteptam-la-orice\\\/#primaryimage\"},\"thumbnailUrl\":\"https:\\\/\\\/www.btv.md\\\/wp-content\\\/uploads\\\/2019\\\/10\\\/b463b62061939bfcb6c368917cecd39d.jpg\",\"keywords\":[\"accident grav\",\"Accident rutier\",\"Chi\u0219in\u0103u\",\"medicii\",\"\u0219oferi\u021ba\"],\"articleSection\":[\"Incidente\",\"Social\",\"\u0218tiri\"],\"inLanguage\":\"ro-RO\"},{\"@type\":\"WebPage\",\"@id\":\"https:\\\/\\\/www.btv.md\\\/ro\\\/amp\\\/medicii-despre-starea-soferitei-cu-porsche-ne-asteptam-la-orice\\\/\",\"url\":\"https:\\\/\\\/www.btv.md\\\/ro\\\/amp\\\/medicii-despre-starea-soferitei-cu-porsche-ne-asteptam-la-orice\\\/\",\"name\":\"Medicii, despre starea \u0219oferi\u021bei cu Porsche: Ne a\u0219tept\u0103m la orice - BTV\",\"isPartOf\":{\"@id\":\"https:\\\/\\\/www.btv.md\\\/#website\"},\"primaryImageOfPage\":{\"@id\":\"https:\\\/\\\/www.btv.md\\\/ro\\\/amp\\\/medicii-despre-starea-soferitei-cu-porsche-ne-asteptam-la-orice\\\/#primaryimage\"},\"image\":{\"@id\":\"https:\\\/\\\/www.btv.md\\\/ro\\\/amp\\\/medicii-despre-starea-soferitei-cu-porsche-ne-asteptam-la-orice\\\/#primaryimage\"},\"thumbnailUrl\":\"https:\\\/\\\/www.btv.md\\\/wp-content\\\/uploads\\\/2019\\\/10\\\/b463b62061939bfcb6c368917cecd39d.jpg\",\"datePublished\":\"2019-10-04T17:58:12+00:00\",\"author\":{\"@id\":\"https:\\\/\\\/www.btv.md\\\/#\\\/schema\\\/person\\\/8fadce81561b3ce2c34c46dadc4ccbf2\"},\"inLanguage\":\"ro-RO\",\"potentialAction\":[{\"@type\":\"ReadAction\",\"target\":[\"https:\\\/\\\/www.btv.md\\\/ro\\\/amp\\\/medicii-despre-starea-soferitei-cu-porsche-ne-asteptam-la-orice\\\/\"]}]},{\"@type\":\"ImageObject\",\"inLanguage\":\"ro-RO\",\"@id\":\"https:\\\/\\\/www.btv.md\\\/ro\\\/amp\\\/medicii-despre-starea-soferitei-cu-porsche-ne-asteptam-la-orice\\\/#primaryimage\",\"url\":\"https:\\\/\\\/www.btv.md\\\/wp-content\\\/uploads\\\/2019\\\/10\\\/b463b62061939bfcb6c368917cecd39d.jpg\",\"contentUrl\":\"https:\\\/\\\/www.btv.md\\\/wp-content\\\/uploads\\\/2019\\\/10\\\/b463b62061939bfcb6c368917cecd39d.jpg\",\"width\":600,\"height\":315},{\"@type\":\"WebSite\",\"@id\":\"https:\\\/\\\/www.btv.md\\\/#website\",\"url\":\"https:\\\/\\\/www.btv.md\\\/\",\"name\":\"BTV\",\"description\":\"\u0411\u0435\u043b\u044c\u0446\u043a\u043e\u0435 \u0442\u0435\u043b\u0435\u0432\u0438\u0434\u0435\u043d\u0438\u0435\",\"potentialAction\":[{\"@type\":\"SearchAction\",\"target\":{\"@type\":\"EntryPoint\",\"urlTemplate\":\"https:\\\/\\\/www.btv.md\\\/?s={search_term_string}\"},\"query-input\":{\"@type\":\"PropertyValueSpecification\",\"valueRequired\":true,\"valueName\":\"search_term_string\"}}],\"inLanguage\":\"ro-RO\"},{\"@type\":\"Person\",\"@id\":\"https:\\\/\\\/www.btv.md\\\/#\\\/schema\\\/person\\\/8fadce81561b3ce2c34c46dadc4ccbf2\",\"name\":\"admin\"}]}<\/script>\n<!-- \/ Yoast SEO plugin. -->","yoast_head_json":{"title":"Medicii, despre starea \u0219oferi\u021bei cu Porsche: Ne a\u0219tept\u0103m la orice - BTV","robots":{"index":"index","follow":"follow","max-snippet":"max-snippet:-1","max-image-preview":"max-image-preview:large","max-video-preview":"max-video-preview:-1"},"canonical":"https:\/\/www.btv.md\/ro\/amp\/medicii-despre-starea-soferitei-cu-porsche-ne-asteptam-la-orice\/","og_locale":"ro_RO","og_type":"article","og_title":"Medicii, despre starea \u0219oferi\u021bei cu Porsche: Ne a\u0219tept\u0103m la orice - BTV","og_description":"La trei zile de la cumplitul accident din sectorul Buiucani al Capitalei \u0219oferi\u021ba care l-a provocat r\u0103m\u00e2ne \u00een stare extrem de grav\u0103 \u00een sec\u021bia de terapie intensiv\u0103. Anun\u021bul a fost f\u0103cut joi, 3 septembrie , de vicedirectorul Institutului de Medicin\u0103 Urgent\u0103, Igor Curov, transmite \u0218tiri.md. \u201eNoi \u00eentreprindem toate m\u0103surile necesare ca s\u0103 salv\u0103m via\u021ba ei, [&hellip;]","og_url":"https:\/\/www.btv.md\/ro\/amp\/medicii-despre-starea-soferitei-cu-porsche-ne-asteptam-la-orice\/","og_site_name":"BTV","article_publisher":"https:\/\/www.facebook.com\/btvmoldova\/","article_published_time":"2019-10-04T17:58:12+00:00","og_image":[{"width":600,"height":315,"url":"https:\/\/www.btv.md\/wp-content\/uploads\/2019\/10\/b463b62061939bfcb6c368917cecd39d.jpg","type":"image\/jpeg"}],"author":"admin","twitter_misc":{"Scris de":"admin","Timp estimat pentru citire":"2 minute"},"schema":{"@context":"https:\/\/schema.org","@graph":[{"@type":"Article","@id":"https:\/\/www.btv.md\/ro\/amp\/medicii-despre-starea-soferitei-cu-porsche-ne-asteptam-la-orice\/#article","isPartOf":{"@id":"https:\/\/www.btv.md\/ro\/amp\/medicii-despre-starea-soferitei-cu-porsche-ne-asteptam-la-orice\/"},"author":{"name":"admin","@id":"https:\/\/www.btv.md\/#\/schema\/person\/8fadce81561b3ce2c34c46dadc4ccbf2"},"headline":"Medicii, despre starea \u0219oferi\u021bei cu Porsche: Ne a\u0219tept\u0103m la orice","datePublished":"2019-10-04T17:58:12+00:00","mainEntityOfPage":{"@id":"https:\/\/www.btv.md\/ro\/amp\/medicii-despre-starea-soferitei-cu-porsche-ne-asteptam-la-orice\/"},"wordCount":375,"image":{"@id":"https:\/\/www.btv.md\/ro\/amp\/medicii-despre-starea-soferitei-cu-porsche-ne-asteptam-la-orice\/#primaryimage"},"thumbnailUrl":"https:\/\/www.btv.md\/wp-content\/uploads\/2019\/10\/b463b62061939bfcb6c368917cecd39d.jpg","keywords":["accident grav","Accident rutier","Chi\u0219in\u0103u","medicii","\u0219oferi\u021ba"],"articleSection":["Incidente","Social","\u0218tiri"],"inLanguage":"ro-RO"},{"@type":"WebPage","@id":"https:\/\/www.btv.md\/ro\/amp\/medicii-despre-starea-soferitei-cu-porsche-ne-asteptam-la-orice\/","url":"https:\/\/www.btv.md\/ro\/amp\/medicii-despre-starea-soferitei-cu-porsche-ne-asteptam-la-orice\/","name":"Medicii, despre starea \u0219oferi\u021bei cu Porsche: Ne a\u0219tept\u0103m la orice - BTV","isPartOf":{"@id":"https:\/\/www.btv.md\/#website"},"primaryImageOfPage":{"@id":"https:\/\/www.btv.md\/ro\/amp\/medicii-despre-starea-soferitei-cu-porsche-ne-asteptam-la-orice\/#primaryimage"},"image":{"@id":"https:\/\/www.btv.md\/ro\/amp\/medicii-despre-starea-soferitei-cu-porsche-ne-asteptam-la-orice\/#primaryimage"},"thumbnailUrl":"https:\/\/www.btv.md\/wp-content\/uploads\/2019\/10\/b463b62061939bfcb6c368917cecd39d.jpg","datePublished":"2019-10-04T17:58:12+00:00","author":{"@id":"https:\/\/www.btv.md\/#\/schema\/person\/8fadce81561b3ce2c34c46dadc4ccbf2"},"inLanguage":"ro-RO","potentialAction":[{"@type":"ReadAction","target":["https:\/\/www.btv.md\/ro\/amp\/medicii-despre-starea-soferitei-cu-porsche-ne-asteptam-la-orice\/"]}]},{"@type":"ImageObject","inLanguage":"ro-RO","@id":"https:\/\/www.btv.md\/ro\/amp\/medicii-despre-starea-soferitei-cu-porsche-ne-asteptam-la-orice\/#primaryimage","url":"https:\/\/www.btv.md\/wp-content\/uploads\/2019\/10\/b463b62061939bfcb6c368917cecd39d.jpg","contentUrl":"https:\/\/www.btv.md\/wp-content\/uploads\/2019\/10\/b463b62061939bfcb6c368917cecd39d.jpg","width":600,"height":315},{"@type":"WebSite","@id":"https:\/\/www.btv.md\/#website","url":"https:\/\/www.btv.md\/","name":"BTV","description":"\u0411\u0435\u043b\u044c\u0446\u043a\u043e\u0435 \u0442\u0435\u043b\u0435\u0432\u0438\u0434\u0435\u043d\u0438\u0435","potentialAction":[{"@type":"SearchAction","target":{"@type":"EntryPoint","urlTemplate":"https:\/\/www.btv.md\/?s={search_term_string}"},"query-input":{"@type":"PropertyValueSpecification","valueRequired":true,"valueName":"search_term_string"}}],"inLanguage":"ro-RO"},{"@type":"Person","@id":"https:\/\/www.btv.md\/#\/schema\/person\/8fadce81561b3ce2c34c46dadc4ccbf2","name":"admin"}]}},"_links":{"self":[{"href":"https:\/\/www.btv.md\/ro\/wp-json\/wp\/v2\/posts\/61852","targetHints":{"allow":["GET"]}}],"collection":[{"href":"https:\/\/www.btv.md\/ro\/wp-json\/wp\/v2\/posts"}],"about":[{"href":"https:\/\/www.btv.md\/ro\/wp-json\/wp\/v2\/types\/post"}],"author":[{"embeddable":true,"href":"https:\/\/www.btv.md\/ro\/wp-json\/wp\/v2\/users\/4"}],"replies":[{"embeddable":true,"href":"https:\/\/www.btv.md\/ro\/wp-json\/wp\/v2\/comments?post=61852"}],"version-history":[{"count":0,"href":"https:\/\/www.btv.md\/ro\/wp-json\/wp\/v2\/posts\/61852\/revisions"}],"wp:featuredmedia":[{"embeddable":true,"href":"https:\/\/www.btv.md\/ro\/wp-json\/wp\/v2\/media\/61854"}],"wp:attachment":[{"href":"https:\/\/www.btv.md\/ro\/wp-json\/wp\/v2\/media?parent=61852"}],"wp:term":[{"taxonomy":"category","embeddable":true,"href":"https:\/\/www.btv.md\/ro\/wp-json\/wp\/v2\/categories?post=61852"},{"taxonomy":"post_tag","embeddable":true,"href":"https:\/\/www.btv.md\/ro\/wp-json\/wp\/v2\/tags?post=61852"}],"curies":[{"name":"wp","href":"https:\/\/api.w.org\/{rel}","templated":true}]}}