{"id":61857,"date":"2019-10-04T21:03:07","date_gmt":"2019-10-04T18:03:07","guid":{"rendered":"http:\/\/www.btv.md\/?p=61857"},"modified":"2019-10-04T21:03:07","modified_gmt":"2019-10-04T18:03:07","slug":"ziua-muzicii-celebrata-la-balti","status":"publish","type":"post","link":"https:\/\/www.btv.md\/ro\/ziua-muzicii-celebrata-la-balti\/","title":{"rendered":"ZIUA MUZICII \u2014 CELEBRAT\u0102 LA B\u0102L\u021aI"},"content":{"rendered":"<p><strong>Ziua Mondial\u0103 a Muzicii a fost marcat\u0103 la Universitatea de Stat \u201eAlecu Russo\u201d din B\u0103l\u021bi. Evenimentul a fost deschis cu faimoasa crea\u021bie simfonic\u0103 rapsodia marelui George Enescu. Pe scen\u0103 au evoluat arti\u0219ti \u00eencep\u0103tori \u0219i profesioni\u0219ti din zona de nord a \u021b\u0103rii.<\/strong><\/p>\n<p>La eveniment s-au adunat toate institu\u021biile de \u00eenv\u0103\u021b\u0103m\u00e2nt artistic din B\u0103l\u021bi.<\/p>\n<p>\u0218tefan Tutunaru din S\u00eengerei, frecventeaz\u0103 \u0218coala de Muzic\u0103 \u201eGeorge Enescu\u201d din B\u0103l\u021bi. T\u00e2n\u0103rul \u00een acest an absolve\u0219te \u0219coala, astfel la concert a interpretat \u201eValsirui\u0219ii acordion\u201d al compozitorului rus Roman Bajilin.<\/p>\n<p>Kira Cojeniakin la ai s\u0103i 13 ani a interpretat compozi\u021bia muzical\u0103 a pianistului \u0219i compozitorului german Friedrich Burgm\u00fcller.<\/p>\n<p>Margarita Tetelea sus\u021bin\u0103 c\u0103 USARB este centrul cultural artistic al zonei de nord a \u021b\u0103rii.<\/p>\n<p>Ziua Interna\u0163ional\u0103 a Muzicii se celebreaz\u0103 la 1 octombrie, \u00een fiecare an, pentru a promova toate genurile artei muzicale. Aceasta sus\u0163ine idealurile de pace \u015fi prietenie \u00eentre popoare, evolu\u0163ia cultural\u0103 a comunit\u0103\u0163ilor, schimbul de experien\u0163\u0103 \u015fi aprecierea numeroaselor valori estetice care \u00eembog\u0103\u0163esc existen\u0163a noastr\u0103 zilnic\u0103.<\/p>\n<div id=\"fb-root\"><\/div>\n<p><script async=\"1\" defer=\"1\" crossorigin=\"anonymous\" src=\"https:\/\/connect.facebook.net\/de_DE\/sdk.js#xfbml=1&amp;version=v4.0\"><\/script><\/p>\n<div class=\"fb-video\" data-href=\"https:\/\/www.facebook.com\/btvmoldova\/videos\/2401643576761788\/\" data-width=\"1170\">\n<blockquote cite=\"https:\/\/www.facebook.com\/btvmoldova\/videos\/2401643576761788\/\" class=\"fb-xfbml-parse-ignore\"><p><a href=\"https:\/\/www.facebook.com\/btvmoldova\/videos\/2401643576761788\/\">ZIUA MUZICII \u2014 CELEBRAT\u0102 LA B\u0102L\u021aI<\/a><\/p>\n<p>ZIUA MUZICII \u2014 CELEBRAT\u0102 LA B\u0102L\u021aI<\/p>\n<p>Gepostet von <a href=\"https:\/\/www.facebook.com\/btvmoldova\/\">\u0422\u0435\u043b\u0435\u043a\u043e\u043c\u043f\u0430\u043d\u0438\u044f BTV &#8211; Balti, \u0411\u0435\u043b\u044c\u0446\u044b<\/a> am Freitag, 4. Oktober 2019<\/p><\/blockquote>\n<\/div>\n","protected":false},"excerpt":{"rendered":"<p>Ziua Mondial\u0103 a Muzicii a fost marcat\u0103 la Universitatea de Stat \u201eAlecu Russo\u201d din B\u0103l\u021bi. Evenimentul a fost deschis cu faimoasa crea\u021bie simfonic\u0103 rapsodia marelui George Enescu. Pe scen\u0103 au evoluat arti\u0219ti \u00eencep\u0103tori \u0219i profesioni\u0219ti din zona de nord a \u021b\u0103rii. La eveniment s-au adunat toate institu\u021biile de \u00eenv\u0103\u021b\u0103m\u00e2nt artistic din B\u0103l\u021bi. \u0218tefan Tutunaru din [&hellip;]<\/p>\n","protected":false},"author":4,"featured_media":61859,"comment_status":"closed","ping_status":"closed","sticky":false,"template":"","format":"standard","meta":{"footnotes":""},"categories":[6349,6377],"tags":[8419,8418,6498],"class_list":["post-61857","post","type-post","status-publish","format-standard","has-post-thumbnail","hentry","category-social","category-stiri","tag-muzicanti","tag-ziua-muzicii","tag-balti-ro"],"yoast_head":"<!-- This site is optimized with the Yoast SEO plugin v27.4 - https:\/\/yoast.com\/product\/yoast-seo-wordpress\/ -->\n<title>ZIUA MUZICII \u2014 CELEBRAT\u0102 LA B\u0102L\u021aI - BTV<\/title>\n<meta name=\"robots\" content=\"index, follow, max-snippet:-1, max-image-preview:large, max-video-preview:-1\" \/>\n<link rel=\"canonical\" href=\"https:\/\/www.btv.md\/ro\/ziua-muzicii-celebrata-la-balti\/\" \/>\n<meta property=\"og:locale\" content=\"ro_RO\" \/>\n<meta property=\"og:type\" content=\"article\" \/>\n<meta property=\"og:title\" content=\"ZIUA MUZICII \u2014 CELEBRAT\u0102 LA B\u0102L\u021aI - BTV\" \/>\n<meta property=\"og:description\" content=\"Ziua Mondial\u0103 a Muzicii a fost marcat\u0103 la Universitatea de Stat \u201eAlecu Russo\u201d din B\u0103l\u021bi. Evenimentul a fost deschis cu faimoasa crea\u021bie simfonic\u0103 rapsodia marelui George Enescu. Pe scen\u0103 au evoluat arti\u0219ti \u00eencep\u0103tori \u0219i profesioni\u0219ti din zona de nord a \u021b\u0103rii. La eveniment s-au adunat toate institu\u021biile de \u00eenv\u0103\u021b\u0103m\u00e2nt artistic din B\u0103l\u021bi. \u0218tefan Tutunaru din [&hellip;]\" \/>\n<meta property=\"og:url\" content=\"https:\/\/www.btv.md\/ro\/ziua-muzicii-celebrata-la-balti\/\" \/>\n<meta property=\"og:site_name\" content=\"BTV\" \/>\n<meta property=\"article:publisher\" content=\"https:\/\/www.facebook.com\/btvmoldova\/\" \/>\n<meta property=\"article:published_time\" content=\"2019-10-04T18:03:07+00:00\" \/>\n<meta property=\"og:image\" content=\"https:\/\/www.btv.md\/wp-content\/uploads\/2019\/10\/ziua-muzicii-768x434.png\" \/>\n\t<meta property=\"og:image:width\" content=\"768\" \/>\n\t<meta property=\"og:image:height\" content=\"434\" \/>\n\t<meta property=\"og:image:type\" content=\"image\/png\" \/>\n<meta name=\"author\" content=\"admin\" \/>\n<meta name=\"twitter:label1\" content=\"Scris de\" \/>\n\t<meta name=\"twitter:data1\" content=\"admin\" \/>\n\t<meta name=\"twitter:label2\" content=\"Timp estimat pentru citire\" \/>\n\t<meta name=\"twitter:data2\" content=\"1 minut\" \/>\n<script type=\"application\/ld+json\" class=\"yoast-schema-graph\">{\"@context\":\"https:\\\/\\\/schema.org\",\"@graph\":[{\"@type\":\"Article\",\"@id\":\"https:\\\/\\\/www.btv.md\\\/ro\\\/ziua-muzicii-celebrata-la-balti\\\/#article\",\"isPartOf\":{\"@id\":\"https:\\\/\\\/www.btv.md\\\/ro\\\/ziua-muzicii-celebrata-la-balti\\\/\"},\"author\":{\"name\":\"admin\",\"@id\":\"https:\\\/\\\/www.btv.md\\\/#\\\/schema\\\/person\\\/8fadce81561b3ce2c34c46dadc4ccbf2\"},\"headline\":\"ZIUA MUZICII \u2014 CELEBRAT\u0102 LA B\u0102L\u021aI\",\"datePublished\":\"2019-10-04T18:03:07+00:00\",\"mainEntityOfPage\":{\"@id\":\"https:\\\/\\\/www.btv.md\\\/ro\\\/ziua-muzicii-celebrata-la-balti\\\/\"},\"wordCount\":199,\"image\":{\"@id\":\"https:\\\/\\\/www.btv.md\\\/ro\\\/ziua-muzicii-celebrata-la-balti\\\/#primaryimage\"},\"thumbnailUrl\":\"https:\\\/\\\/www.btv.md\\\/wp-content\\\/uploads\\\/2019\\\/10\\\/ziua-muzicii.png\",\"keywords\":[\"muzican\u021bi\",\"ziua muzicii\",\"\u0411\u0435\u043b\u044c\u0446\u044b\"],\"articleSection\":[\"Social\",\"\u0218tiri\"],\"inLanguage\":\"ro-RO\"},{\"@type\":\"WebPage\",\"@id\":\"https:\\\/\\\/www.btv.md\\\/ro\\\/ziua-muzicii-celebrata-la-balti\\\/\",\"url\":\"https:\\\/\\\/www.btv.md\\\/ro\\\/ziua-muzicii-celebrata-la-balti\\\/\",\"name\":\"ZIUA MUZICII \u2014 CELEBRAT\u0102 LA B\u0102L\u021aI - BTV\",\"isPartOf\":{\"@id\":\"https:\\\/\\\/www.btv.md\\\/#website\"},\"primaryImageOfPage\":{\"@id\":\"https:\\\/\\\/www.btv.md\\\/ro\\\/ziua-muzicii-celebrata-la-balti\\\/#primaryimage\"},\"image\":{\"@id\":\"https:\\\/\\\/www.btv.md\\\/ro\\\/ziua-muzicii-celebrata-la-balti\\\/#primaryimage\"},\"thumbnailUrl\":\"https:\\\/\\\/www.btv.md\\\/wp-content\\\/uploads\\\/2019\\\/10\\\/ziua-muzicii.png\",\"datePublished\":\"2019-10-04T18:03:07+00:00\",\"author\":{\"@id\":\"https:\\\/\\\/www.btv.md\\\/#\\\/schema\\\/person\\\/8fadce81561b3ce2c34c46dadc4ccbf2\"},\"inLanguage\":\"ro-RO\",\"potentialAction\":[{\"@type\":\"ReadAction\",\"target\":[\"https:\\\/\\\/www.btv.md\\\/ro\\\/ziua-muzicii-celebrata-la-balti\\\/\"]}]},{\"@type\":\"ImageObject\",\"inLanguage\":\"ro-RO\",\"@id\":\"https:\\\/\\\/www.btv.md\\\/ro\\\/ziua-muzicii-celebrata-la-balti\\\/#primaryimage\",\"url\":\"https:\\\/\\\/www.btv.md\\\/wp-content\\\/uploads\\\/2019\\\/10\\\/ziua-muzicii.png\",\"contentUrl\":\"https:\\\/\\\/www.btv.md\\\/wp-content\\\/uploads\\\/2019\\\/10\\\/ziua-muzicii.png\",\"width\":1558,\"height\":880},{\"@type\":\"WebSite\",\"@id\":\"https:\\\/\\\/www.btv.md\\\/#website\",\"url\":\"https:\\\/\\\/www.btv.md\\\/\",\"name\":\"BTV\",\"description\":\"\u0411\u0435\u043b\u044c\u0446\u043a\u043e\u0435 \u0442\u0435\u043b\u0435\u0432\u0438\u0434\u0435\u043d\u0438\u0435\",\"potentialAction\":[{\"@type\":\"SearchAction\",\"target\":{\"@type\":\"EntryPoint\",\"urlTemplate\":\"https:\\\/\\\/www.btv.md\\\/?s={search_term_string}\"},\"query-input\":{\"@type\":\"PropertyValueSpecification\",\"valueRequired\":true,\"valueName\":\"search_term_string\"}}],\"inLanguage\":\"ro-RO\"},{\"@type\":\"Person\",\"@id\":\"https:\\\/\\\/www.btv.md\\\/#\\\/schema\\\/person\\\/8fadce81561b3ce2c34c46dadc4ccbf2\",\"name\":\"admin\"}]}<\/script>\n<!-- \/ Yoast SEO plugin. -->","yoast_head_json":{"title":"ZIUA MUZICII \u2014 CELEBRAT\u0102 LA B\u0102L\u021aI - BTV","robots":{"index":"index","follow":"follow","max-snippet":"max-snippet:-1","max-image-preview":"max-image-preview:large","max-video-preview":"max-video-preview:-1"},"canonical":"https:\/\/www.btv.md\/ro\/ziua-muzicii-celebrata-la-balti\/","og_locale":"ro_RO","og_type":"article","og_title":"ZIUA MUZICII \u2014 CELEBRAT\u0102 LA B\u0102L\u021aI - BTV","og_description":"Ziua Mondial\u0103 a Muzicii a fost marcat\u0103 la Universitatea de Stat \u201eAlecu Russo\u201d din B\u0103l\u021bi. Evenimentul a fost deschis cu faimoasa crea\u021bie simfonic\u0103 rapsodia marelui George Enescu. Pe scen\u0103 au evoluat arti\u0219ti \u00eencep\u0103tori \u0219i profesioni\u0219ti din zona de nord a \u021b\u0103rii. La eveniment s-au adunat toate institu\u021biile de \u00eenv\u0103\u021b\u0103m\u00e2nt artistic din B\u0103l\u021bi. \u0218tefan Tutunaru din [&hellip;]","og_url":"https:\/\/www.btv.md\/ro\/ziua-muzicii-celebrata-la-balti\/","og_site_name":"BTV","article_publisher":"https:\/\/www.facebook.com\/btvmoldova\/","article_published_time":"2019-10-04T18:03:07+00:00","og_image":[{"width":768,"height":434,"url":"https:\/\/www.btv.md\/wp-content\/uploads\/2019\/10\/ziua-muzicii-768x434.png","type":"image\/png"}],"author":"admin","twitter_misc":{"Scris de":"admin","Timp estimat pentru citire":"1 minut"},"schema":{"@context":"https:\/\/schema.org","@graph":[{"@type":"Article","@id":"https:\/\/www.btv.md\/ro\/ziua-muzicii-celebrata-la-balti\/#article","isPartOf":{"@id":"https:\/\/www.btv.md\/ro\/ziua-muzicii-celebrata-la-balti\/"},"author":{"name":"admin","@id":"https:\/\/www.btv.md\/#\/schema\/person\/8fadce81561b3ce2c34c46dadc4ccbf2"},"headline":"ZIUA MUZICII \u2014 CELEBRAT\u0102 LA B\u0102L\u021aI","datePublished":"2019-10-04T18:03:07+00:00","mainEntityOfPage":{"@id":"https:\/\/www.btv.md\/ro\/ziua-muzicii-celebrata-la-balti\/"},"wordCount":199,"image":{"@id":"https:\/\/www.btv.md\/ro\/ziua-muzicii-celebrata-la-balti\/#primaryimage"},"thumbnailUrl":"https:\/\/www.btv.md\/wp-content\/uploads\/2019\/10\/ziua-muzicii.png","keywords":["muzican\u021bi","ziua muzicii","\u0411\u0435\u043b\u044c\u0446\u044b"],"articleSection":["Social","\u0218tiri"],"inLanguage":"ro-RO"},{"@type":"WebPage","@id":"https:\/\/www.btv.md\/ro\/ziua-muzicii-celebrata-la-balti\/","url":"https:\/\/www.btv.md\/ro\/ziua-muzicii-celebrata-la-balti\/","name":"ZIUA MUZICII \u2014 CELEBRAT\u0102 LA B\u0102L\u021aI - BTV","isPartOf":{"@id":"https:\/\/www.btv.md\/#website"},"primaryImageOfPage":{"@id":"https:\/\/www.btv.md\/ro\/ziua-muzicii-celebrata-la-balti\/#primaryimage"},"image":{"@id":"https:\/\/www.btv.md\/ro\/ziua-muzicii-celebrata-la-balti\/#primaryimage"},"thumbnailUrl":"https:\/\/www.btv.md\/wp-content\/uploads\/2019\/10\/ziua-muzicii.png","datePublished":"2019-10-04T18:03:07+00:00","author":{"@id":"https:\/\/www.btv.md\/#\/schema\/person\/8fadce81561b3ce2c34c46dadc4ccbf2"},"inLanguage":"ro-RO","potentialAction":[{"@type":"ReadAction","target":["https:\/\/www.btv.md\/ro\/ziua-muzicii-celebrata-la-balti\/"]}]},{"@type":"ImageObject","inLanguage":"ro-RO","@id":"https:\/\/www.btv.md\/ro\/ziua-muzicii-celebrata-la-balti\/#primaryimage","url":"https:\/\/www.btv.md\/wp-content\/uploads\/2019\/10\/ziua-muzicii.png","contentUrl":"https:\/\/www.btv.md\/wp-content\/uploads\/2019\/10\/ziua-muzicii.png","width":1558,"height":880},{"@type":"WebSite","@id":"https:\/\/www.btv.md\/#website","url":"https:\/\/www.btv.md\/","name":"BTV","description":"\u0411\u0435\u043b\u044c\u0446\u043a\u043e\u0435 \u0442\u0435\u043b\u0435\u0432\u0438\u0434\u0435\u043d\u0438\u0435","potentialAction":[{"@type":"SearchAction","target":{"@type":"EntryPoint","urlTemplate":"https:\/\/www.btv.md\/?s={search_term_string}"},"query-input":{"@type":"PropertyValueSpecification","valueRequired":true,"valueName":"search_term_string"}}],"inLanguage":"ro-RO"},{"@type":"Person","@id":"https:\/\/www.btv.md\/#\/schema\/person\/8fadce81561b3ce2c34c46dadc4ccbf2","name":"admin"}]}},"_links":{"self":[{"href":"https:\/\/www.btv.md\/ro\/wp-json\/wp\/v2\/posts\/61857","targetHints":{"allow":["GET"]}}],"collection":[{"href":"https:\/\/www.btv.md\/ro\/wp-json\/wp\/v2\/posts"}],"about":[{"href":"https:\/\/www.btv.md\/ro\/wp-json\/wp\/v2\/types\/post"}],"author":[{"embeddable":true,"href":"https:\/\/www.btv.md\/ro\/wp-json\/wp\/v2\/users\/4"}],"replies":[{"embeddable":true,"href":"https:\/\/www.btv.md\/ro\/wp-json\/wp\/v2\/comments?post=61857"}],"version-history":[{"count":0,"href":"https:\/\/www.btv.md\/ro\/wp-json\/wp\/v2\/posts\/61857\/revisions"}],"wp:featuredmedia":[{"embeddable":true,"href":"https:\/\/www.btv.md\/ro\/wp-json\/wp\/v2\/media\/61859"}],"wp:attachment":[{"href":"https:\/\/www.btv.md\/ro\/wp-json\/wp\/v2\/media?parent=61857"}],"wp:term":[{"taxonomy":"category","embeddable":true,"href":"https:\/\/www.btv.md\/ro\/wp-json\/wp\/v2\/categories?post=61857"},{"taxonomy":"post_tag","embeddable":true,"href":"https:\/\/www.btv.md\/ro\/wp-json\/wp\/v2\/tags?post=61857"}],"curies":[{"name":"wp","href":"https:\/\/api.w.org\/{rel}","templated":true}]}}