{"id":61862,"date":"2019-10-07T09:32:07","date_gmt":"2019-10-07T06:32:07","guid":{"rendered":"http:\/\/www.btv.md\/?p=61862"},"modified":"2019-10-07T09:32:07","modified_gmt":"2019-10-07T06:32:07","slug":"caparol-de-acum-si-la-balti","status":"publish","type":"post","link":"https:\/\/www.btv.md\/ro\/caparol-de-acum-si-la-balti\/","title":{"rendered":"CAPAROL DE ACUM \u0218I LA B\u0102L\u021aI"},"content":{"rendered":"<p><strong>Elefantul colorat Caparol \u0219i-a deschis u\u0219ile \u0219i pentru clien\u021bii din B\u0103l\u021bi. Brand german recunoscut ca p\u0103rintele vopselei lavabile v\u0103 aduce \u00een aten\u021bia dumneavoastr\u0103 solutii profesionionale de finisaj, produse de calitate, sisteme complete de termoizolare a fa\u021badei, tehnici decorative, vopsele de interior \u0219i exterior &#8211; tot ceea ce poate fi aplicat \u00een locuin\u021ba sau pe casa dumneavoastr\u0103 g\u0103si\u021bi la Caparol.<\/strong><\/p>\n<p>REMUS AUREL BEN\u021aA CO-FONDATOR, COMPANIA DAW BEN\u021aA: \u201e<em>Prin acest Caparol Centru putem s\u0103 ar\u0103t\u0103m comunit\u0103\u021bii din B\u0103l\u021bi un mod diferit de prezentare a materialelor de construc\u021bii. Aici putem discuta despre inova\u021bie, o gam\u0103 de produse uria\u0219e, experien\u021ba unei companii de peste 120 de ani, 5 genera\u021bii, am adus-o \u0219i va fi prezent\u0103 aici \u00een B\u0103l\u021bi la dispozi\u021bia clien\u021bilor \u0219i a partenerilor no\u0219tri<\/em>.\u201d<\/p>\n<p><strong>Caparol asigur\u0103 confort de durat\u0103, pentru orice nevoie exist\u0103 solu\u021bie potrivit\u0103. <\/strong><strong>Produsele Caparol, al\u0103turi de colec\u021biile de culori \u015fi numeroasele solu\u021bii decorative accesibile pentru orice buget, v\u0103 stau la dispozi\u021bie pentru crearea acelui ambient special care \u00eenseamn\u0103 \u201eacas\u0103\u201d.<\/strong><\/p>\n<p>RADU MERDARI ADMINISTRATOR \u00a0COMPANIA DAW BEN\u021aA ROM\u00c2NIA: \u201e<em>Credem cu t\u0103rie c\u0103 acest concept pe care \u00eel avem noi de prezentare a materialelor de finisaje \u00een construc\u021bii este de mare ajutor at\u00e2t pentru cei care utilizeaz\u0103 \u00een munca de zi cu zi aceste materiale, c\u00e2t \u0219i pentru cei care investesc \u00een diferite proiecte de finisare mai mari sau mai mici.<\/em>\u201d<\/p>\n<p><strong>Administra\u021bia Public\u0103 Local\u0103 este deschis\u0103 spre cooperare \u0219i parteneriate sociale cu compania Caparol.<\/strong><\/p>\n<p>VERA RUSU \u0218EFA A DIREC\u021aIEI GENERAL FINANCIAR-ECONOMICE A PRIM\u0102RIEI B\u0102L\u021aI: \u201e <em>Eu \u00een numele Prim\u0103riei salut inaugurarea Caparol \u00een municipiul B\u0103l\u021bi cunosc\u00e2ndu-i ca un lider pe pia\u021ba vopselelor \u00een construc\u021bii din Republica Moldova, nu doar pentru produsele lor calitative \u0219i ecologice, dar \u0219i pentru sus\u021binerea unor idei sociale<\/em>.\u201d<\/p>\n<p><strong>Caparol ofer\u0103 suport tehnic \u0219i informativ clien\u021bilor prin consulta\u021bii profesioniste, <\/strong><strong>cataloage, paletare, mostrare de diferite tipuri pentru a alege produsele potrivite casei dumneavoastre.<\/strong><\/p>\n<p>\u201e<em>Avem trei tipuri de vopsea pentru lucr\u0103ri interioare \u0219i exterioare: vopsea acrilic\u0103, vopsea pe baz\u0103 de latex \u0219i vopsea siliconic\u0103<\/em>.\u201d<\/p>\n<p><strong>Clien\u021bii recomand\u0103 \u0219i sunt mul\u021bumi\u021bi de calitatea produselor Carapol. <\/strong><\/p>\n<p>VLADIMIR PIROGAN REPREZENTANTUL UNEI COMPANII DE CONSTRUC\u021aII B\u0102L\u021aI: \u201e<em>Noi lucr\u0103m cu aceat\u0103 produc\u021bie din 2008. Aici sunt produse de calitatea. Este un holding german. Este o vopsea rezistent\u0103 la temperaturi \u00eenalte. Recomand<\/em>.\u201d<\/p>\n<p><strong>Daw Ben\u021ba a fost \u00eenfiin\u021bat\u0103 \u00een 2006 din Republica Moldova, inaugur\u00e2nd \u00een 2009 un Centru Caparol la Chi\u0219in\u0103u \u0219i \u00een 2019 un Centru Caparol la B\u0103l\u021bi.<\/strong><\/p>\n<div id=\"fb-root\"><\/div>\n<p><script async=\"1\" defer=\"1\" crossorigin=\"anonymous\" src=\"https:\/\/connect.facebook.net\/de_DE\/sdk.js#xfbml=1&amp;version=v4.0\"><\/script><\/p>\n<div class=\"fb-video\" data-href=\"https:\/\/www.facebook.com\/btvmoldova\/videos\/2492063037692436\/\" data-width=\"1170\">\n<blockquote cite=\"https:\/\/www.facebook.com\/btvmoldova\/videos\/2492063037692436\/\" class=\"fb-xfbml-parse-ignore\"><p><a href=\"https:\/\/www.facebook.com\/btvmoldova\/videos\/2492063037692436\/\">Elefantul colorat Caparol \u0219i-a deschis u\u0219ile \u0219i pentru clien\u021bii din B\u0103l\u021bi<\/a><\/p>\n<p>Elefantul colorat Caparol \u0219i-a deschis u\u0219ile \u0219i pentru clien\u021bii din B\u0103l\u021bi. Brand recunoscut ca p\u0103rintele vopselei lavabile v\u0103 aduce \u00een aten\u021bia dumneavoastr\u0103 idei practice \u0219i produse eficiente. Fa\u021bade ventilate cu panouri solare, diferite sisteme de termoizola\u021bii speciale, elemente decorative, tot ceea ce poate fi \u00een locuin\u021ba sau pe casa dumneavoastr\u0103 g\u0103si\u021bi la Caparol.<\/p>\n<p>Gepostet von <a href=\"https:\/\/www.facebook.com\/btvmoldova\/\">\u0422\u0435\u043b\u0435\u043a\u043e\u043c\u043f\u0430\u043d\u0438\u044f BTV &#8211; Balti, \u0411\u0435\u043b\u044c\u0446\u044b<\/a> am Samstag, 5. Oktober 2019<\/p><\/blockquote>\n<\/div>\n","protected":false},"excerpt":{"rendered":"<p>Elefantul colorat Caparol \u0219i-a deschis u\u0219ile \u0219i pentru clien\u021bii din B\u0103l\u021bi. Brand german recunoscut ca p\u0103rintele vopselei lavabile v\u0103 aduce \u00een aten\u021bia dumneavoastr\u0103 solutii profesionionale de finisaj, produse de calitate, sisteme complete de termoizolare a fa\u021badei, tehnici decorative, vopsele de interior \u0219i exterior &#8211; tot ceea ce poate fi aplicat \u00een locuin\u021ba sau pe casa [&hellip;]<\/p>\n","protected":false},"author":4,"featured_media":61864,"comment_status":"closed","ping_status":"closed","sticky":false,"template":"","format":"standard","meta":{"footnotes":""},"categories":[7773,6349],"tags":[8422,8420,7777,8421],"class_list":["post-61862","post","type-post","status-publish","format-standard","has-post-thumbnail","hentry","category-publicitate","category-social","tag-caparol","tag-clientii","tag-filiala","tag-vopsele"],"yoast_head":"<!-- This site is optimized with the Yoast SEO plugin v27.4 - https:\/\/yoast.com\/product\/yoast-seo-wordpress\/ -->\n<title>CAPAROL DE ACUM \u0218I LA B\u0102L\u021aI - BTV<\/title>\n<meta name=\"robots\" content=\"index, follow, max-snippet:-1, max-image-preview:large, max-video-preview:-1\" \/>\n<link rel=\"canonical\" href=\"https:\/\/www.btv.md\/ro\/amp\/caparol-de-acum-si-la-balti\/\" \/>\n<meta property=\"og:locale\" content=\"ro_RO\" \/>\n<meta property=\"og:type\" content=\"article\" \/>\n<meta property=\"og:title\" content=\"CAPAROL DE ACUM \u0218I LA B\u0102L\u021aI - BTV\" \/>\n<meta property=\"og:description\" content=\"Elefantul colorat Caparol \u0219i-a deschis u\u0219ile \u0219i pentru clien\u021bii din B\u0103l\u021bi. Brand german recunoscut ca p\u0103rintele vopselei lavabile v\u0103 aduce \u00een aten\u021bia dumneavoastr\u0103 solutii profesionionale de finisaj, produse de calitate, sisteme complete de termoizolare a fa\u021badei, tehnici decorative, vopsele de interior \u0219i exterior &#8211; tot ceea ce poate fi aplicat \u00een locuin\u021ba sau pe casa [&hellip;]\" \/>\n<meta property=\"og:url\" content=\"https:\/\/www.btv.md\/ro\/amp\/caparol-de-acum-si-la-balti\/\" \/>\n<meta property=\"og:site_name\" content=\"BTV\" \/>\n<meta property=\"article:publisher\" content=\"https:\/\/www.facebook.com\/btvmoldova\/\" \/>\n<meta property=\"article:published_time\" content=\"2019-10-07T06:32:07+00:00\" \/>\n<meta property=\"og:image\" content=\"https:\/\/www.btv.md\/wp-content\/uploads\/2019\/10\/csm_Caparol_Center_450x300_4944a3429c.jpg\" \/>\n\t<meta property=\"og:image:width\" content=\"1280\" \/>\n\t<meta property=\"og:image:height\" content=\"720\" \/>\n\t<meta property=\"og:image:type\" content=\"image\/jpeg\" \/>\n<meta name=\"author\" content=\"admin\" \/>\n<meta name=\"twitter:label1\" content=\"Scris de\" \/>\n\t<meta name=\"twitter:data1\" content=\"admin\" \/>\n\t<meta name=\"twitter:label2\" content=\"Timp estimat pentru citire\" \/>\n\t<meta name=\"twitter:data2\" content=\"2 minute\" \/>\n<script type=\"application\/ld+json\" class=\"yoast-schema-graph\">{\"@context\":\"https:\\\/\\\/schema.org\",\"@graph\":[{\"@type\":\"Article\",\"@id\":\"https:\\\/\\\/www.btv.md\\\/ro\\\/amp\\\/caparol-de-acum-si-la-balti\\\/#article\",\"isPartOf\":{\"@id\":\"https:\\\/\\\/www.btv.md\\\/ro\\\/amp\\\/caparol-de-acum-si-la-balti\\\/\"},\"author\":{\"name\":\"admin\",\"@id\":\"https:\\\/\\\/www.btv.md\\\/#\\\/schema\\\/person\\\/8fadce81561b3ce2c34c46dadc4ccbf2\"},\"headline\":\"CAPAROL DE ACUM \u0218I LA B\u0102L\u021aI\",\"datePublished\":\"2019-10-07T06:32:07+00:00\",\"mainEntityOfPage\":{\"@id\":\"https:\\\/\\\/www.btv.md\\\/ro\\\/amp\\\/caparol-de-acum-si-la-balti\\\/\"},\"wordCount\":464,\"image\":{\"@id\":\"https:\\\/\\\/www.btv.md\\\/ro\\\/amp\\\/caparol-de-acum-si-la-balti\\\/#primaryimage\"},\"thumbnailUrl\":\"https:\\\/\\\/www.btv.md\\\/wp-content\\\/uploads\\\/2019\\\/10\\\/csm_Caparol_Center_450x300_4944a3429c.jpg\",\"keywords\":[\"Caparol\",\"clien\u021bii\",\"filiala\",\"vopsele\"],\"articleSection\":[\"Publicitate\",\"Social\"],\"inLanguage\":\"ro-RO\"},{\"@type\":\"WebPage\",\"@id\":\"https:\\\/\\\/www.btv.md\\\/ro\\\/amp\\\/caparol-de-acum-si-la-balti\\\/\",\"url\":\"https:\\\/\\\/www.btv.md\\\/ro\\\/amp\\\/caparol-de-acum-si-la-balti\\\/\",\"name\":\"CAPAROL DE ACUM \u0218I LA B\u0102L\u021aI - BTV\",\"isPartOf\":{\"@id\":\"https:\\\/\\\/www.btv.md\\\/#website\"},\"primaryImageOfPage\":{\"@id\":\"https:\\\/\\\/www.btv.md\\\/ro\\\/amp\\\/caparol-de-acum-si-la-balti\\\/#primaryimage\"},\"image\":{\"@id\":\"https:\\\/\\\/www.btv.md\\\/ro\\\/amp\\\/caparol-de-acum-si-la-balti\\\/#primaryimage\"},\"thumbnailUrl\":\"https:\\\/\\\/www.btv.md\\\/wp-content\\\/uploads\\\/2019\\\/10\\\/csm_Caparol_Center_450x300_4944a3429c.jpg\",\"datePublished\":\"2019-10-07T06:32:07+00:00\",\"author\":{\"@id\":\"https:\\\/\\\/www.btv.md\\\/#\\\/schema\\\/person\\\/8fadce81561b3ce2c34c46dadc4ccbf2\"},\"inLanguage\":\"ro-RO\",\"potentialAction\":[{\"@type\":\"ReadAction\",\"target\":[\"https:\\\/\\\/www.btv.md\\\/ro\\\/amp\\\/caparol-de-acum-si-la-balti\\\/\"]}]},{\"@type\":\"ImageObject\",\"inLanguage\":\"ro-RO\",\"@id\":\"https:\\\/\\\/www.btv.md\\\/ro\\\/amp\\\/caparol-de-acum-si-la-balti\\\/#primaryimage\",\"url\":\"https:\\\/\\\/www.btv.md\\\/wp-content\\\/uploads\\\/2019\\\/10\\\/csm_Caparol_Center_450x300_4944a3429c.jpg\",\"contentUrl\":\"https:\\\/\\\/www.btv.md\\\/wp-content\\\/uploads\\\/2019\\\/10\\\/csm_Caparol_Center_450x300_4944a3429c.jpg\",\"width\":1280,\"height\":720},{\"@type\":\"WebSite\",\"@id\":\"https:\\\/\\\/www.btv.md\\\/#website\",\"url\":\"https:\\\/\\\/www.btv.md\\\/\",\"name\":\"BTV\",\"description\":\"\u0411\u0435\u043b\u044c\u0446\u043a\u043e\u0435 \u0442\u0435\u043b\u0435\u0432\u0438\u0434\u0435\u043d\u0438\u0435\",\"potentialAction\":[{\"@type\":\"SearchAction\",\"target\":{\"@type\":\"EntryPoint\",\"urlTemplate\":\"https:\\\/\\\/www.btv.md\\\/?s={search_term_string}\"},\"query-input\":{\"@type\":\"PropertyValueSpecification\",\"valueRequired\":true,\"valueName\":\"search_term_string\"}}],\"inLanguage\":\"ro-RO\"},{\"@type\":\"Person\",\"@id\":\"https:\\\/\\\/www.btv.md\\\/#\\\/schema\\\/person\\\/8fadce81561b3ce2c34c46dadc4ccbf2\",\"name\":\"admin\"}]}<\/script>\n<!-- \/ Yoast SEO plugin. -->","yoast_head_json":{"title":"CAPAROL DE ACUM \u0218I LA B\u0102L\u021aI - BTV","robots":{"index":"index","follow":"follow","max-snippet":"max-snippet:-1","max-image-preview":"max-image-preview:large","max-video-preview":"max-video-preview:-1"},"canonical":"https:\/\/www.btv.md\/ro\/amp\/caparol-de-acum-si-la-balti\/","og_locale":"ro_RO","og_type":"article","og_title":"CAPAROL DE ACUM \u0218I LA B\u0102L\u021aI - BTV","og_description":"Elefantul colorat Caparol \u0219i-a deschis u\u0219ile \u0219i pentru clien\u021bii din B\u0103l\u021bi. Brand german recunoscut ca p\u0103rintele vopselei lavabile v\u0103 aduce \u00een aten\u021bia dumneavoastr\u0103 solutii profesionionale de finisaj, produse de calitate, sisteme complete de termoizolare a fa\u021badei, tehnici decorative, vopsele de interior \u0219i exterior &#8211; tot ceea ce poate fi aplicat \u00een locuin\u021ba sau pe casa [&hellip;]","og_url":"https:\/\/www.btv.md\/ro\/amp\/caparol-de-acum-si-la-balti\/","og_site_name":"BTV","article_publisher":"https:\/\/www.facebook.com\/btvmoldova\/","article_published_time":"2019-10-07T06:32:07+00:00","og_image":[{"width":1280,"height":720,"url":"https:\/\/www.btv.md\/wp-content\/uploads\/2019\/10\/csm_Caparol_Center_450x300_4944a3429c.jpg","type":"image\/jpeg"}],"author":"admin","twitter_misc":{"Scris de":"admin","Timp estimat pentru citire":"2 minute"},"schema":{"@context":"https:\/\/schema.org","@graph":[{"@type":"Article","@id":"https:\/\/www.btv.md\/ro\/amp\/caparol-de-acum-si-la-balti\/#article","isPartOf":{"@id":"https:\/\/www.btv.md\/ro\/amp\/caparol-de-acum-si-la-balti\/"},"author":{"name":"admin","@id":"https:\/\/www.btv.md\/#\/schema\/person\/8fadce81561b3ce2c34c46dadc4ccbf2"},"headline":"CAPAROL DE ACUM \u0218I LA B\u0102L\u021aI","datePublished":"2019-10-07T06:32:07+00:00","mainEntityOfPage":{"@id":"https:\/\/www.btv.md\/ro\/amp\/caparol-de-acum-si-la-balti\/"},"wordCount":464,"image":{"@id":"https:\/\/www.btv.md\/ro\/amp\/caparol-de-acum-si-la-balti\/#primaryimage"},"thumbnailUrl":"https:\/\/www.btv.md\/wp-content\/uploads\/2019\/10\/csm_Caparol_Center_450x300_4944a3429c.jpg","keywords":["Caparol","clien\u021bii","filiala","vopsele"],"articleSection":["Publicitate","Social"],"inLanguage":"ro-RO"},{"@type":"WebPage","@id":"https:\/\/www.btv.md\/ro\/amp\/caparol-de-acum-si-la-balti\/","url":"https:\/\/www.btv.md\/ro\/amp\/caparol-de-acum-si-la-balti\/","name":"CAPAROL DE ACUM \u0218I LA B\u0102L\u021aI - BTV","isPartOf":{"@id":"https:\/\/www.btv.md\/#website"},"primaryImageOfPage":{"@id":"https:\/\/www.btv.md\/ro\/amp\/caparol-de-acum-si-la-balti\/#primaryimage"},"image":{"@id":"https:\/\/www.btv.md\/ro\/amp\/caparol-de-acum-si-la-balti\/#primaryimage"},"thumbnailUrl":"https:\/\/www.btv.md\/wp-content\/uploads\/2019\/10\/csm_Caparol_Center_450x300_4944a3429c.jpg","datePublished":"2019-10-07T06:32:07+00:00","author":{"@id":"https:\/\/www.btv.md\/#\/schema\/person\/8fadce81561b3ce2c34c46dadc4ccbf2"},"inLanguage":"ro-RO","potentialAction":[{"@type":"ReadAction","target":["https:\/\/www.btv.md\/ro\/amp\/caparol-de-acum-si-la-balti\/"]}]},{"@type":"ImageObject","inLanguage":"ro-RO","@id":"https:\/\/www.btv.md\/ro\/amp\/caparol-de-acum-si-la-balti\/#primaryimage","url":"https:\/\/www.btv.md\/wp-content\/uploads\/2019\/10\/csm_Caparol_Center_450x300_4944a3429c.jpg","contentUrl":"https:\/\/www.btv.md\/wp-content\/uploads\/2019\/10\/csm_Caparol_Center_450x300_4944a3429c.jpg","width":1280,"height":720},{"@type":"WebSite","@id":"https:\/\/www.btv.md\/#website","url":"https:\/\/www.btv.md\/","name":"BTV","description":"\u0411\u0435\u043b\u044c\u0446\u043a\u043e\u0435 \u0442\u0435\u043b\u0435\u0432\u0438\u0434\u0435\u043d\u0438\u0435","potentialAction":[{"@type":"SearchAction","target":{"@type":"EntryPoint","urlTemplate":"https:\/\/www.btv.md\/?s={search_term_string}"},"query-input":{"@type":"PropertyValueSpecification","valueRequired":true,"valueName":"search_term_string"}}],"inLanguage":"ro-RO"},{"@type":"Person","@id":"https:\/\/www.btv.md\/#\/schema\/person\/8fadce81561b3ce2c34c46dadc4ccbf2","name":"admin"}]}},"_links":{"self":[{"href":"https:\/\/www.btv.md\/ro\/wp-json\/wp\/v2\/posts\/61862","targetHints":{"allow":["GET"]}}],"collection":[{"href":"https:\/\/www.btv.md\/ro\/wp-json\/wp\/v2\/posts"}],"about":[{"href":"https:\/\/www.btv.md\/ro\/wp-json\/wp\/v2\/types\/post"}],"author":[{"embeddable":true,"href":"https:\/\/www.btv.md\/ro\/wp-json\/wp\/v2\/users\/4"}],"replies":[{"embeddable":true,"href":"https:\/\/www.btv.md\/ro\/wp-json\/wp\/v2\/comments?post=61862"}],"version-history":[{"count":0,"href":"https:\/\/www.btv.md\/ro\/wp-json\/wp\/v2\/posts\/61862\/revisions"}],"wp:featuredmedia":[{"embeddable":true,"href":"https:\/\/www.btv.md\/ro\/wp-json\/wp\/v2\/media\/61864"}],"wp:attachment":[{"href":"https:\/\/www.btv.md\/ro\/wp-json\/wp\/v2\/media?parent=61862"}],"wp:term":[{"taxonomy":"category","embeddable":true,"href":"https:\/\/www.btv.md\/ro\/wp-json\/wp\/v2\/categories?post=61862"},{"taxonomy":"post_tag","embeddable":true,"href":"https:\/\/www.btv.md\/ro\/wp-json\/wp\/v2\/tags?post=61862"}],"curies":[{"name":"wp","href":"https:\/\/api.w.org\/{rel}","templated":true}]}}