{"id":62610,"date":"2019-10-20T15:11:54","date_gmt":"2019-10-20T12:11:54","guid":{"rendered":"http:\/\/www.btv.md\/?p=62610"},"modified":"2019-10-20T15:11:54","modified_gmt":"2019-10-20T12:11:54","slug":"frati-banuiti-de-comiterea-a-doua-tentative-de-omor-la-comanda","status":"publish","type":"post","link":"https:\/\/www.btv.md\/ro\/frati-banuiti-de-comiterea-a-doua-tentative-de-omor-la-comanda\/","title":{"rendered":"FRA\u021aI B\u0102NUI\u021aI DE COMITEREA A DOU\u0102 TENTATIVE DE OMOR LA COMAND\u0102"},"content":{"rendered":"<p><strong>Doi fra\u021bi, \u00een v\u00e2rst\u0103 de 39 \u0219i 40 de ani, locuitori ai municipiului Chi\u0219in\u0103u, au fost re\u021binu\u021bi fiind suspecta\u021bi de comiterea a dou\u0103 tentative de omor la comand\u0103, s\u0103v\u00e2r\u0219ite \u00een anul 2018. Infrac\u021biunile au e\u0219uat, ambele victime au supravie\u021buit.\u00a0<\/strong><\/p>\n<p>Re\u021binerea suspec\u021bilor\u00a0\u00a0a avut\u00a0\u00a0loc ca urmare\u00a0\u00a0a unor ample m\u0103suri speciale de investiga\u021bii efectuate de ofi\u021berii organelor de drept.<\/p>\n<p>O tentativ\u0103 de omor a avut loc \u00een data de 28 februarie\u00a0\u00a02018,\u00a0\u00a0\u00een municipiul Chi\u0219in\u0103u.\u00a0\u00a0\u00cen apropierea unui bloc de locuit,\u00a0\u00a0persoane necunoscute au efectuat mai multe \u00eempu\u0219c\u0103turi dintr-o arm\u0103 automat\u0103 de model kala\u0219nikov cu calibru de 5,45 mm, \u00een direc\u021bia unui Mercedes.\u00a0\u00a0La volanul ma\u0219inii\u00a0\u00a0se afla un b\u0103rbat\u00a0\u00a0de 46 ani, care a suferit\u00a0\u00a0leziuni corporale, \u00een urma c\u0103ruia a fost internat \u00een spitalul de urgen\u021b\u0103 \u00een stare grav\u0103. Ca urmare a unei\u00a0\u00a0interven\u021bii\u00a0\u00a0chirurgicale, victima\u00a0\u00a0a supravie\u021buit.<\/p>\n<p>Cel de-al doilea caz,\u00a0\u00a0s-a produs la 21 noiembrie 2018. O persoan\u0103 necunoscut\u0103 l-a ademenit pe un localnic din satul Stoianovca, raionul Cantemir s\u0103 ias\u0103 \u00een strad\u0103. Deoarece\u00a0\u00a0b\u0103rbatul a refuzat,\u00a0\u00a0suspectul a intrat\u00a0\u00a0\u00een ograda acestuia \u0219i dintr-un revolver de model Colt a efectuat \u0219apte \u00eempu\u0219c\u0103turi asupra lui. Ca\u00a0\u00a0urmare a leziunilor provocate,\u00a0\u00a0victima a fost internat\u0103 \u00een spitalul raional Cantemir \u00een stare grav\u0103,\u00a0\u00a0\u00eens\u0103\u00a0\u00a0a supravie\u021buit.<\/p>\n<p>\u00cen acest caz, a fost identificat comanditarul,\u00a0\u00a0partenerul de afaceri a victimei \u0219i alte dou\u0103 persoane care au avut rolul de organizator \u0219i intermediar \u00een s\u0103v\u00e2r\u0219irea infrac\u021biunii, ace\u0219tia\u00a0\u00a0fiind diferi\u021bi justi\u021biei, iar \u00een privin\u021ba autorilor neidentifica\u021bi a fost ini\u021biat\u0103\u00a0\u00a0o alt\u0103 cauz\u0103 penal\u0103.<\/p>\n<p>Astfel, ca urmare a m\u0103surilor speciale de investiga\u021bii \u0219i urm\u0103rire penal\u0103 efectuate de poli\u021bi\u0219ti \u0219i procurori, au\u00a0\u00a0fost identifica\u021bi executorii ambelor infrac\u021biuni.<\/p>\n<p>Ca urmare a\u00a0\u00a0perchezi\u021biilor efectuate la domiciliile \u0219i locurile de trai temporare a suspec\u021bilor, poli\u021bi\u0219tii\u00a0\u00a0au\u00a0\u00a0depistat \u0219i ridicat mai multe telefoane mobile, cartele sim \u0219i sta\u021bii radio de care ace\u0219tia sau folosit la organizarea, coordonarea\u00a0\u00a0\u0219i s\u0103v\u00e2r\u0219irea crimelor precum \u0219i o arm\u0103 de foc cu care a fost s\u0103v\u00e2r\u0219it\u0103 una dintre infrac\u021biuni.<\/p>\n<p>Ac\u021biunile de urm\u0103rire penal\u0103 \u0219i m\u0103surile speciale de investiga\u021bii continu\u0103 \u00een vederea stabilirii tuturor persoanelor implicate \u00een comiterea crimelor\u00a0\u00a0\u00a0\u0219i stabilirea apartenen\u021bei acestora la comiterea\u00a0\u00a0altor infrac\u021biuni.<\/p>\n<p>Dac\u0103 vor fi g\u0103si\u021bi vinova\u021bi, suspec\u021bii risc\u0103 de la 15 la 20 ani sau\u00a0\u00a0deten\u021bie pe via\u021b\u0103.<\/p>\n<div id=\"fb-root\"><\/div>\n<p><script async=\"1\" defer=\"1\" crossorigin=\"anonymous\" src=\"https:\/\/connect.facebook.net\/de_DE\/sdk.js#xfbml=1&amp;version=v4.0\"><\/script><\/p>\n<div class=\"fb-video\" data-href=\"https:\/\/www.facebook.com\/btvmoldova\/videos\/2681904288540088\/\" data-width=\"1170\">\n<blockquote cite=\"https:\/\/www.facebook.com\/btvmoldova\/videos\/2681904288540088\/\" class=\"fb-xfbml-parse-ignore\"><p><a href=\"https:\/\/www.facebook.com\/btvmoldova\/videos\/2681904288540088\/\">FRA\u021aI B\u0102NUI\u021aI DE COMITEREA A DOU\u0102 TENTATIVE DE OMOR LA COMAND\u0102<\/a><\/p>\n<p>FRA\u021aI B\u0102NUI\u021aI DE COMITEREA A DOU\u0102 TENTATIVE DE OMOR LA COMAND\u0102<\/p>\n<p>Gepostet von <a href=\"https:\/\/www.facebook.com\/btvmoldova\/\">\u0422\u0435\u043b\u0435\u043a\u043e\u043c\u043f\u0430\u043d\u0438\u044f BTV &#8211; Balti, \u0411\u0435\u043b\u044c\u0446\u044b<\/a> am Donnerstag, 17. Oktober 2019<\/p><\/blockquote>\n<\/div>\n","protected":false},"excerpt":{"rendered":"<p>Doi fra\u021bi, \u00een v\u00e2rst\u0103 de 39 \u0219i 40 de ani, locuitori ai municipiului Chi\u0219in\u0103u, au fost re\u021binu\u021bi fiind suspecta\u021bi de comiterea a dou\u0103 tentative de omor la comand\u0103, s\u0103v\u00e2r\u0219ite \u00een anul 2018. Infrac\u021biunile au e\u0219uat, ambele victime au supravie\u021buit.\u00a0 Re\u021binerea suspec\u021bilor\u00a0\u00a0a avut\u00a0\u00a0loc ca urmare\u00a0\u00a0a unor ample m\u0103suri speciale de investiga\u021bii efectuate de ofi\u021berii organelor de [&hellip;]<\/p>\n","protected":false},"author":4,"featured_media":62612,"comment_status":"closed","ping_status":"closed","sticky":false,"template":"","format":"standard","meta":{"footnotes":""},"categories":[6351,6349],"tags":[8678,7755,8677,8679],"class_list":["post-62610","post","type-post","status-publish","format-standard","has-post-thumbnail","hentry","category-incidente","category-social","tag-banuiti","tag-chisinau-ro","tag-frati","tag-omor-la-comanda"],"yoast_head":"<!-- This site is optimized with the Yoast SEO plugin v27.4 - https:\/\/yoast.com\/product\/yoast-seo-wordpress\/ -->\n<title>FRA\u021aI B\u0102NUI\u021aI DE COMITEREA A DOU\u0102 TENTATIVE DE OMOR LA COMAND\u0102 - BTV<\/title>\n<meta name=\"robots\" content=\"index, follow, max-snippet:-1, max-image-preview:large, max-video-preview:-1\" \/>\n<link rel=\"canonical\" href=\"https:\/\/www.btv.md\/ro\/frati-banuiti-de-comiterea-a-doua-tentative-de-omor-la-comanda\/\" \/>\n<meta property=\"og:locale\" content=\"ro_RO\" \/>\n<meta property=\"og:type\" content=\"article\" \/>\n<meta property=\"og:title\" content=\"FRA\u021aI B\u0102NUI\u021aI DE COMITEREA A DOU\u0102 TENTATIVE DE OMOR LA COMAND\u0102 - BTV\" \/>\n<meta property=\"og:description\" content=\"Doi fra\u021bi, \u00een v\u00e2rst\u0103 de 39 \u0219i 40 de ani, locuitori ai municipiului Chi\u0219in\u0103u, au fost re\u021binu\u021bi fiind suspecta\u021bi de comiterea a dou\u0103 tentative de omor la comand\u0103, s\u0103v\u00e2r\u0219ite \u00een anul 2018. Infrac\u021biunile au e\u0219uat, ambele victime au supravie\u021buit.\u00a0 Re\u021binerea suspec\u021bilor\u00a0\u00a0a avut\u00a0\u00a0loc ca urmare\u00a0\u00a0a unor ample m\u0103suri speciale de investiga\u021bii efectuate de ofi\u021berii organelor de [&hellip;]\" \/>\n<meta property=\"og:url\" content=\"https:\/\/www.btv.md\/ro\/frati-banuiti-de-comiterea-a-doua-tentative-de-omor-la-comanda\/\" \/>\n<meta property=\"og:site_name\" content=\"BTV\" \/>\n<meta property=\"article:publisher\" content=\"https:\/\/www.facebook.com\/btvmoldova\/\" \/>\n<meta property=\"article:published_time\" content=\"2019-10-20T12:11:54+00:00\" \/>\n<meta property=\"og:image\" content=\"https:\/\/www.btv.md\/wp-content\/uploads\/2019\/10\/trage.jpg\" \/>\n\t<meta property=\"og:image:width\" content=\"700\" \/>\n\t<meta property=\"og:image:height\" content=\"394\" \/>\n\t<meta property=\"og:image:type\" content=\"image\/jpeg\" \/>\n<meta name=\"author\" content=\"admin\" \/>\n<meta name=\"twitter:label1\" content=\"Scris de\" \/>\n\t<meta name=\"twitter:data1\" content=\"admin\" \/>\n\t<meta name=\"twitter:label2\" content=\"Timp estimat pentru citire\" \/>\n\t<meta name=\"twitter:data2\" content=\"2 minute\" \/>\n<script type=\"application\/ld+json\" class=\"yoast-schema-graph\">{\"@context\":\"https:\\\/\\\/schema.org\",\"@graph\":[{\"@type\":\"Article\",\"@id\":\"https:\\\/\\\/www.btv.md\\\/ro\\\/frati-banuiti-de-comiterea-a-doua-tentative-de-omor-la-comanda\\\/#article\",\"isPartOf\":{\"@id\":\"https:\\\/\\\/www.btv.md\\\/ro\\\/frati-banuiti-de-comiterea-a-doua-tentative-de-omor-la-comanda\\\/\"},\"author\":{\"name\":\"admin\",\"@id\":\"https:\\\/\\\/www.btv.md\\\/#\\\/schema\\\/person\\\/8fadce81561b3ce2c34c46dadc4ccbf2\"},\"headline\":\"FRA\u021aI B\u0102NUI\u021aI DE COMITEREA A DOU\u0102 TENTATIVE DE OMOR LA COMAND\u0102\",\"datePublished\":\"2019-10-20T12:11:54+00:00\",\"mainEntityOfPage\":{\"@id\":\"https:\\\/\\\/www.btv.md\\\/ro\\\/frati-banuiti-de-comiterea-a-doua-tentative-de-omor-la-comanda\\\/\"},\"wordCount\":453,\"image\":{\"@id\":\"https:\\\/\\\/www.btv.md\\\/ro\\\/frati-banuiti-de-comiterea-a-doua-tentative-de-omor-la-comanda\\\/#primaryimage\"},\"thumbnailUrl\":\"https:\\\/\\\/www.btv.md\\\/wp-content\\\/uploads\\\/2019\\\/10\\\/trage.jpg\",\"keywords\":[\"b\u0103nui\u021bi\",\"Chi\u0219in\u0103u\",\"fra\u021bi\",\"omor la comand\u0103\"],\"articleSection\":[\"Incidente\",\"Social\"],\"inLanguage\":\"ro-RO\"},{\"@type\":\"WebPage\",\"@id\":\"https:\\\/\\\/www.btv.md\\\/ro\\\/frati-banuiti-de-comiterea-a-doua-tentative-de-omor-la-comanda\\\/\",\"url\":\"https:\\\/\\\/www.btv.md\\\/ro\\\/frati-banuiti-de-comiterea-a-doua-tentative-de-omor-la-comanda\\\/\",\"name\":\"FRA\u021aI B\u0102NUI\u021aI DE COMITEREA A DOU\u0102 TENTATIVE DE OMOR LA COMAND\u0102 - BTV\",\"isPartOf\":{\"@id\":\"https:\\\/\\\/www.btv.md\\\/#website\"},\"primaryImageOfPage\":{\"@id\":\"https:\\\/\\\/www.btv.md\\\/ro\\\/frati-banuiti-de-comiterea-a-doua-tentative-de-omor-la-comanda\\\/#primaryimage\"},\"image\":{\"@id\":\"https:\\\/\\\/www.btv.md\\\/ro\\\/frati-banuiti-de-comiterea-a-doua-tentative-de-omor-la-comanda\\\/#primaryimage\"},\"thumbnailUrl\":\"https:\\\/\\\/www.btv.md\\\/wp-content\\\/uploads\\\/2019\\\/10\\\/trage.jpg\",\"datePublished\":\"2019-10-20T12:11:54+00:00\",\"author\":{\"@id\":\"https:\\\/\\\/www.btv.md\\\/#\\\/schema\\\/person\\\/8fadce81561b3ce2c34c46dadc4ccbf2\"},\"inLanguage\":\"ro-RO\",\"potentialAction\":[{\"@type\":\"ReadAction\",\"target\":[\"https:\\\/\\\/www.btv.md\\\/ro\\\/frati-banuiti-de-comiterea-a-doua-tentative-de-omor-la-comanda\\\/\"]}]},{\"@type\":\"ImageObject\",\"inLanguage\":\"ro-RO\",\"@id\":\"https:\\\/\\\/www.btv.md\\\/ro\\\/frati-banuiti-de-comiterea-a-doua-tentative-de-omor-la-comanda\\\/#primaryimage\",\"url\":\"https:\\\/\\\/www.btv.md\\\/wp-content\\\/uploads\\\/2019\\\/10\\\/trage.jpg\",\"contentUrl\":\"https:\\\/\\\/www.btv.md\\\/wp-content\\\/uploads\\\/2019\\\/10\\\/trage.jpg\",\"width\":700,\"height\":394},{\"@type\":\"WebSite\",\"@id\":\"https:\\\/\\\/www.btv.md\\\/#website\",\"url\":\"https:\\\/\\\/www.btv.md\\\/\",\"name\":\"BTV\",\"description\":\"\u0411\u0435\u043b\u044c\u0446\u043a\u043e\u0435 \u0442\u0435\u043b\u0435\u0432\u0438\u0434\u0435\u043d\u0438\u0435\",\"potentialAction\":[{\"@type\":\"SearchAction\",\"target\":{\"@type\":\"EntryPoint\",\"urlTemplate\":\"https:\\\/\\\/www.btv.md\\\/?s={search_term_string}\"},\"query-input\":{\"@type\":\"PropertyValueSpecification\",\"valueRequired\":true,\"valueName\":\"search_term_string\"}}],\"inLanguage\":\"ro-RO\"},{\"@type\":\"Person\",\"@id\":\"https:\\\/\\\/www.btv.md\\\/#\\\/schema\\\/person\\\/8fadce81561b3ce2c34c46dadc4ccbf2\",\"name\":\"admin\"}]}<\/script>\n<!-- \/ Yoast SEO plugin. -->","yoast_head_json":{"title":"FRA\u021aI B\u0102NUI\u021aI DE COMITEREA A DOU\u0102 TENTATIVE DE OMOR LA COMAND\u0102 - BTV","robots":{"index":"index","follow":"follow","max-snippet":"max-snippet:-1","max-image-preview":"max-image-preview:large","max-video-preview":"max-video-preview:-1"},"canonical":"https:\/\/www.btv.md\/ro\/frati-banuiti-de-comiterea-a-doua-tentative-de-omor-la-comanda\/","og_locale":"ro_RO","og_type":"article","og_title":"FRA\u021aI B\u0102NUI\u021aI DE COMITEREA A DOU\u0102 TENTATIVE DE OMOR LA COMAND\u0102 - BTV","og_description":"Doi fra\u021bi, \u00een v\u00e2rst\u0103 de 39 \u0219i 40 de ani, locuitori ai municipiului Chi\u0219in\u0103u, au fost re\u021binu\u021bi fiind suspecta\u021bi de comiterea a dou\u0103 tentative de omor la comand\u0103, s\u0103v\u00e2r\u0219ite \u00een anul 2018. Infrac\u021biunile au e\u0219uat, ambele victime au supravie\u021buit.\u00a0 Re\u021binerea suspec\u021bilor\u00a0\u00a0a avut\u00a0\u00a0loc ca urmare\u00a0\u00a0a unor ample m\u0103suri speciale de investiga\u021bii efectuate de ofi\u021berii organelor de [&hellip;]","og_url":"https:\/\/www.btv.md\/ro\/frati-banuiti-de-comiterea-a-doua-tentative-de-omor-la-comanda\/","og_site_name":"BTV","article_publisher":"https:\/\/www.facebook.com\/btvmoldova\/","article_published_time":"2019-10-20T12:11:54+00:00","og_image":[{"width":700,"height":394,"url":"https:\/\/www.btv.md\/wp-content\/uploads\/2019\/10\/trage.jpg","type":"image\/jpeg"}],"author":"admin","twitter_misc":{"Scris de":"admin","Timp estimat pentru citire":"2 minute"},"schema":{"@context":"https:\/\/schema.org","@graph":[{"@type":"Article","@id":"https:\/\/www.btv.md\/ro\/frati-banuiti-de-comiterea-a-doua-tentative-de-omor-la-comanda\/#article","isPartOf":{"@id":"https:\/\/www.btv.md\/ro\/frati-banuiti-de-comiterea-a-doua-tentative-de-omor-la-comanda\/"},"author":{"name":"admin","@id":"https:\/\/www.btv.md\/#\/schema\/person\/8fadce81561b3ce2c34c46dadc4ccbf2"},"headline":"FRA\u021aI B\u0102NUI\u021aI DE COMITEREA A DOU\u0102 TENTATIVE DE OMOR LA COMAND\u0102","datePublished":"2019-10-20T12:11:54+00:00","mainEntityOfPage":{"@id":"https:\/\/www.btv.md\/ro\/frati-banuiti-de-comiterea-a-doua-tentative-de-omor-la-comanda\/"},"wordCount":453,"image":{"@id":"https:\/\/www.btv.md\/ro\/frati-banuiti-de-comiterea-a-doua-tentative-de-omor-la-comanda\/#primaryimage"},"thumbnailUrl":"https:\/\/www.btv.md\/wp-content\/uploads\/2019\/10\/trage.jpg","keywords":["b\u0103nui\u021bi","Chi\u0219in\u0103u","fra\u021bi","omor la comand\u0103"],"articleSection":["Incidente","Social"],"inLanguage":"ro-RO"},{"@type":"WebPage","@id":"https:\/\/www.btv.md\/ro\/frati-banuiti-de-comiterea-a-doua-tentative-de-omor-la-comanda\/","url":"https:\/\/www.btv.md\/ro\/frati-banuiti-de-comiterea-a-doua-tentative-de-omor-la-comanda\/","name":"FRA\u021aI B\u0102NUI\u021aI DE COMITEREA A DOU\u0102 TENTATIVE DE OMOR LA COMAND\u0102 - BTV","isPartOf":{"@id":"https:\/\/www.btv.md\/#website"},"primaryImageOfPage":{"@id":"https:\/\/www.btv.md\/ro\/frati-banuiti-de-comiterea-a-doua-tentative-de-omor-la-comanda\/#primaryimage"},"image":{"@id":"https:\/\/www.btv.md\/ro\/frati-banuiti-de-comiterea-a-doua-tentative-de-omor-la-comanda\/#primaryimage"},"thumbnailUrl":"https:\/\/www.btv.md\/wp-content\/uploads\/2019\/10\/trage.jpg","datePublished":"2019-10-20T12:11:54+00:00","author":{"@id":"https:\/\/www.btv.md\/#\/schema\/person\/8fadce81561b3ce2c34c46dadc4ccbf2"},"inLanguage":"ro-RO","potentialAction":[{"@type":"ReadAction","target":["https:\/\/www.btv.md\/ro\/frati-banuiti-de-comiterea-a-doua-tentative-de-omor-la-comanda\/"]}]},{"@type":"ImageObject","inLanguage":"ro-RO","@id":"https:\/\/www.btv.md\/ro\/frati-banuiti-de-comiterea-a-doua-tentative-de-omor-la-comanda\/#primaryimage","url":"https:\/\/www.btv.md\/wp-content\/uploads\/2019\/10\/trage.jpg","contentUrl":"https:\/\/www.btv.md\/wp-content\/uploads\/2019\/10\/trage.jpg","width":700,"height":394},{"@type":"WebSite","@id":"https:\/\/www.btv.md\/#website","url":"https:\/\/www.btv.md\/","name":"BTV","description":"\u0411\u0435\u043b\u044c\u0446\u043a\u043e\u0435 \u0442\u0435\u043b\u0435\u0432\u0438\u0434\u0435\u043d\u0438\u0435","potentialAction":[{"@type":"SearchAction","target":{"@type":"EntryPoint","urlTemplate":"https:\/\/www.btv.md\/?s={search_term_string}"},"query-input":{"@type":"PropertyValueSpecification","valueRequired":true,"valueName":"search_term_string"}}],"inLanguage":"ro-RO"},{"@type":"Person","@id":"https:\/\/www.btv.md\/#\/schema\/person\/8fadce81561b3ce2c34c46dadc4ccbf2","name":"admin"}]}},"_links":{"self":[{"href":"https:\/\/www.btv.md\/ro\/wp-json\/wp\/v2\/posts\/62610","targetHints":{"allow":["GET"]}}],"collection":[{"href":"https:\/\/www.btv.md\/ro\/wp-json\/wp\/v2\/posts"}],"about":[{"href":"https:\/\/www.btv.md\/ro\/wp-json\/wp\/v2\/types\/post"}],"author":[{"embeddable":true,"href":"https:\/\/www.btv.md\/ro\/wp-json\/wp\/v2\/users\/4"}],"replies":[{"embeddable":true,"href":"https:\/\/www.btv.md\/ro\/wp-json\/wp\/v2\/comments?post=62610"}],"version-history":[{"count":0,"href":"https:\/\/www.btv.md\/ro\/wp-json\/wp\/v2\/posts\/62610\/revisions"}],"wp:featuredmedia":[{"embeddable":true,"href":"https:\/\/www.btv.md\/ro\/wp-json\/wp\/v2\/media\/62612"}],"wp:attachment":[{"href":"https:\/\/www.btv.md\/ro\/wp-json\/wp\/v2\/media?parent=62610"}],"wp:term":[{"taxonomy":"category","embeddable":true,"href":"https:\/\/www.btv.md\/ro\/wp-json\/wp\/v2\/categories?post=62610"},{"taxonomy":"post_tag","embeddable":true,"href":"https:\/\/www.btv.md\/ro\/wp-json\/wp\/v2\/tags?post=62610"}],"curies":[{"name":"wp","href":"https:\/\/api.w.org\/{rel}","templated":true}]}}