{"id":62615,"date":"2019-10-20T15:16:40","date_gmt":"2019-10-20T12:16:40","guid":{"rendered":"http:\/\/www.btv.md\/?p=62615"},"modified":"2019-10-22T16:44:39","modified_gmt":"2019-10-22T13:44:39","slug":"consulul-general-al-romaniei-la-balti-noi-acordam-intre-400-si-450-de-certificate-de-cetatenie-romana-pe-saptamana","status":"publish","type":"post","link":"https:\/\/www.btv.md\/ro\/consulul-general-al-romaniei-la-balti-noi-acordam-intre-400-si-450-de-certificate-de-cetatenie-romana-pe-saptamana\/","title":{"rendered":"CONSULUL GENERAL AL ROM\u00c2NIEI LA B\u0102L\u021aI: NOI ACORD\u0102M \u00ceNTRE 400 \u0218I 450 DE CERTIFICATE DE CET\u0102\u021aENIE ROM\u00c2N\u0102 PE S\u0102PT\u0102M\u00c2N\u0102\u201d"},"content":{"rendered":"<p><strong>Conform statisticilor Agen\u021biei Na\u021bionale pentru Cet\u0103\u021benie, din anul 2002 \u0219i p\u00e2n\u0103 la 30 martie 2018, \u00een total 521.025 cet\u0103\u021beni din Republica Moldova au redob\u00e2ndit cet\u0103\u021benia statului rom\u00e2n.<\/strong><\/p>\n<p>Pentru moment ANC ofer\u0103 s\u0103pt\u0103m\u00e2nal \u00eentre 400 \u0219i 450 de certificate de cet\u0103\u021benie rom\u00e2n\u0103. De\u0219i guvernul a f\u0103cut careva schimb\u0103ri pentru a face mai rapid\u00a0 procesul de redob\u00e2ndire, se constat\u0103 ni\u0219te \u00eent\u00e2rzieri, deoarece sunt foarte multe solicit\u0103ri din Republica Moldova. Despre aceasta a anun\u021bat Ionel Dumitrescu Petri\u0219or, noul Consul General al Rom\u00e2niei la B\u0103l\u021bi.<\/p>\n<p><em>,, Noi acord\u0103m \u00eentre 400 \u0219i 450 de certificate de cet\u0103\u021benie rom\u00e2n\u0103 pe s\u0103pt\u0103m\u00e2n\u0103. S-au f\u0103cut c\u00e2teva schimb\u0103ri. Ele merg mai repede. Cu toate acestea constat\u0103m ni\u0219te \u00eent\u00e2rzieri, pentru c\u0103 sunt foarte multe solicit\u0103ri.<\/em><em> Solicit<\/em><em>\u0103ri care vin at\u00e2t \u0219i de la B\u0103l\u021bi, de la Cahul, de la Chi\u0219in\u0103u \u0219i din toate celelalte comunit\u0103\u021bi istorice. E un drept natural al fiec\u0103ruia de a ar\u0103ta cet\u0103\u021benia rom\u00e2n\u0103, cet\u0103\u021benie \u00een care mo\u0219ii \u0219i str\u0103mo\u0219ii lor s-au n\u0103scut.<\/em><em>\u201d, <\/em>a declarat Petri\u0219or.<\/p>\n<p>Ionel Dumitrescu Petri\u0219or a fost numit \u00een func\u021bie de c\u0103tre Guvernul Rom\u00e2niei \u00eencep\u00e2nd cu data de 15 septembrie curent \u0219i \u00ee\u0219i dore\u0219te s\u0103 ridice nivelul rela\u021biilor de cooperare dintre cele 2 \u021b\u0103ri \u0219i \u00een special \u00een ora\u0219ul B\u0103l\u021bi.<\/p>\n<p><em>,, Am constatat cu mare bucurie c\u0103 rela\u021biile de cooperare sunt la un nivel \u00eenalt \u0219i-mi doresc ca \u00eempreun\u0103 s\u0103 extindem aceast\u0103 arie \u0219i s\u0103 ridic\u0103m nivelul cooprer\u0103rii noastre. Noi investim foarte mult \u00een educa\u021bie, \u00een viitor, acord\u0103mm burse pentru copiii din Republica Moldova, pentru dezvoltarea lor \u0219i de fiecare dat\u0103 le ar\u0103t\u0103m c\u00e2t de bine este s\u0103 se \u00eentoarc\u0103 la ei acas\u0103 \u0219i s\u0103 dezvolte \u021bara. Noi respect\u0103m constitu\u021bia \u021b\u0103rii, respect\u0103m Republica Moldova. Nu facem dec\u00e2t s\u0103 ridic\u0103m nivelul educa\u021bional \u0219i s\u0103 ne aducem \u0219i noi o contribu\u021bie prin ceea ce facem pentru ace\u0219ti copii, pe care \u00eei determin\u0103m s\u0103 \u00ee\u0219i iubeasc\u0103 foarte mult \u021bara, glia \u0219i s\u0103 ridice nivelul \u021b\u0103rii.\u201d<\/em>, a men\u021bionat Ionel Dumitrescu Petri\u0219or.<\/p>\n<p>Ionel Dumitrescu Petri\u0219or, doctor \u00een \u0219tiin\u021be sociale, diplomat \u00een carier\u0103 \u0219i-a desf\u0103\u0219urat activitatea \u00een Ministerul Afacerilor Externe, ocup\u00e2nd func\u021biile de director, director general al Departamentului Consular \u0219i ulterior, secretar general al Institutului Cultural Rom\u00e2n, func\u021bie \u00een care \u0219i-a adus o contribu\u021bie important\u0103 la dezvoltarea rela\u021biilor consulare \u0219i culturale ale Rom\u00e2niei.<\/p>\n<div id=\"fb-root\"><\/div>\n<p><script async=\"1\" defer=\"1\" crossorigin=\"anonymous\" src=\"https:\/\/connect.facebook.net\/de_DE\/sdk.js#xfbml=1&amp;version=v4.0\"><\/script><\/p>\n<div class=\"fb-video\" data-href=\"https:\/\/www.facebook.com\/btvmoldova\/videos\/921098304937855\/\" data-width=\"1170\">\n<blockquote cite=\"https:\/\/www.facebook.com\/btvmoldova\/videos\/921098304937855\/\" class=\"fb-xfbml-parse-ignore\"><p><a href=\"https:\/\/www.facebook.com\/btvmoldova\/videos\/921098304937855\/\">CONSULUL GENERAL AL ROM\u00c2NIEI LA B\u0102L\u021aI: NOI ACORD\u0102M \u00ceNTRE 400 \u0218I 450 DE CERTIFICATE DE CET\u0102\u021aENIE ROM\u00c2N\u0102 PE S\u0102PT\u0102M\u00c2N\u0102\u201d<\/a><\/p>\n<p>CONSULUL GENERAL AL ROM\u00c2NIEI LA B\u0102L\u021aI: NOI ACORD\u0102M \u00ceNTRE 400 \u0218I 450 DE CERTIFICATE DE CET\u0102\u021aENIE ROM\u00c2N\u0102 PE S\u0102PT\u0102M\u00c2N\u0102\u201d<\/p>\n<p>Gepostet von <a href=\"https:\/\/www.facebook.com\/btvmoldova\/\">\u0422\u0435\u043b\u0435\u043a\u043e\u043c\u043f\u0430\u043d\u0438\u044f BTV &#8211; Balti, \u0411\u0435\u043b\u044c\u0446\u044b<\/a> am Donnerstag, 17. Oktober 2019<\/p><\/blockquote>\n<\/div>\n","protected":false},"excerpt":{"rendered":"<p>Conform statisticilor Agen\u021biei Na\u021bionale pentru Cet\u0103\u021benie, din anul 2002 \u0219i p\u00e2n\u0103 la 30 martie 2018, \u00een total 521.025 cet\u0103\u021beni din Republica Moldova au redob\u00e2ndit cet\u0103\u021benia statului rom\u00e2n. Pentru moment ANC ofer\u0103 s\u0103pt\u0103m\u00e2nal \u00eentre 400 \u0219i 450 de certificate de cet\u0103\u021benie rom\u00e2n\u0103. De\u0219i guvernul a f\u0103cut careva schimb\u0103ri pentru a face mai rapid\u00a0 procesul de redob\u00e2ndire, [&hellip;]<\/p>\n","protected":false},"author":4,"featured_media":62617,"comment_status":"closed","ping_status":"closed","sticky":false,"template":"","format":"standard","meta":{"footnotes":""},"categories":[6353,6368,6349],"tags":[8681,7836,8680,8682,7595],"class_list":["post-62615","post","type-post","status-publish","format-standard","has-post-thumbnail","hentry","category-oras","category-politica-ro","category-social","tag-certificate","tag-cetatenia-romana","tag-consulul-general","tag-ionel-dumitrescu-petrisor","tag-romania-ro"],"yoast_head":"<!-- This site is optimized with the Yoast SEO plugin v27.4 - https:\/\/yoast.com\/product\/yoast-seo-wordpress\/ -->\n<title>CONSULUL GENERAL AL ROM\u00c2NIEI LA B\u0102L\u021aI: NOI ACORD\u0102M \u00ceNTRE 400 \u0218I 450 DE CERTIFICATE DE CET\u0102\u021aENIE ROM\u00c2N\u0102 PE S\u0102PT\u0102M\u00c2N\u0102\u201d - BTV<\/title>\n<meta name=\"robots\" content=\"index, follow, max-snippet:-1, max-image-preview:large, max-video-preview:-1\" \/>\n<link rel=\"canonical\" href=\"https:\/\/www.btv.md\/ro\/consulul-general-al-romaniei-la-balti-noi-acordam-intre-400-si-450-de-certificate-de-cetatenie-romana-pe-saptamana\/\" \/>\n<meta property=\"og:locale\" content=\"ro_RO\" \/>\n<meta property=\"og:type\" content=\"article\" \/>\n<meta property=\"og:title\" content=\"CONSULUL GENERAL AL ROM\u00c2NIEI LA B\u0102L\u021aI: NOI ACORD\u0102M \u00ceNTRE 400 \u0218I 450 DE CERTIFICATE DE CET\u0102\u021aENIE ROM\u00c2N\u0102 PE S\u0102PT\u0102M\u00c2N\u0102\u201d - BTV\" \/>\n<meta property=\"og:description\" content=\"Conform statisticilor Agen\u021biei Na\u021bionale pentru Cet\u0103\u021benie, din anul 2002 \u0219i p\u00e2n\u0103 la 30 martie 2018, \u00een total 521.025 cet\u0103\u021beni din Republica Moldova au redob\u00e2ndit cet\u0103\u021benia statului rom\u00e2n. Pentru moment ANC ofer\u0103 s\u0103pt\u0103m\u00e2nal \u00eentre 400 \u0219i 450 de certificate de cet\u0103\u021benie rom\u00e2n\u0103. De\u0219i guvernul a f\u0103cut careva schimb\u0103ri pentru a face mai rapid\u00a0 procesul de redob\u00e2ndire, [&hellip;]\" \/>\n<meta property=\"og:url\" content=\"https:\/\/www.btv.md\/ro\/consulul-general-al-romaniei-la-balti-noi-acordam-intre-400-si-450-de-certificate-de-cetatenie-romana-pe-saptamana\/\" \/>\n<meta property=\"og:site_name\" content=\"BTV\" \/>\n<meta property=\"article:publisher\" content=\"https:\/\/www.facebook.com\/btvmoldova\/\" \/>\n<meta property=\"article:published_time\" content=\"2019-10-20T12:16:40+00:00\" \/>\n<meta property=\"article:modified_time\" content=\"2019-10-22T13:44:39+00:00\" \/>\n<meta property=\"og:image\" content=\"https:\/\/www.btv.md\/wp-content\/uploads\/2019\/10\/Consulatul_Rom\u00e2niei_din_B\u0103l\u021bi.jpg\" \/>\n\t<meta property=\"og:image:width\" content=\"994\" \/>\n\t<meta property=\"og:image:height\" content=\"745\" \/>\n\t<meta property=\"og:image:type\" content=\"image\/jpeg\" \/>\n<meta name=\"author\" content=\"admin\" \/>\n<meta name=\"twitter:label1\" content=\"Scris de\" \/>\n\t<meta name=\"twitter:data1\" content=\"admin\" \/>\n\t<meta name=\"twitter:label2\" content=\"Timp estimat pentru citire\" \/>\n\t<meta name=\"twitter:data2\" content=\"2 minute\" \/>\n<script type=\"application\/ld+json\" class=\"yoast-schema-graph\">{\"@context\":\"https:\\\/\\\/schema.org\",\"@graph\":[{\"@type\":\"Article\",\"@id\":\"https:\\\/\\\/www.btv.md\\\/ro\\\/consulul-general-al-romaniei-la-balti-noi-acordam-intre-400-si-450-de-certificate-de-cetatenie-romana-pe-saptamana\\\/#article\",\"isPartOf\":{\"@id\":\"https:\\\/\\\/www.btv.md\\\/ro\\\/consulul-general-al-romaniei-la-balti-noi-acordam-intre-400-si-450-de-certificate-de-cetatenie-romana-pe-saptamana\\\/\"},\"author\":{\"name\":\"admin\",\"@id\":\"https:\\\/\\\/www.btv.md\\\/#\\\/schema\\\/person\\\/8fadce81561b3ce2c34c46dadc4ccbf2\"},\"headline\":\"CONSULUL GENERAL AL ROM\u00c2NIEI LA B\u0102L\u021aI: NOI ACORD\u0102M \u00ceNTRE 400 \u0218I 450 DE CERTIFICATE DE CET\u0102\u021aENIE ROM\u00c2N\u0102 PE S\u0102PT\u0102M\u00c2N\u0102\u201d\",\"datePublished\":\"2019-10-20T12:16:40+00:00\",\"dateModified\":\"2019-10-22T13:44:39+00:00\",\"mainEntityOfPage\":{\"@id\":\"https:\\\/\\\/www.btv.md\\\/ro\\\/consulul-general-al-romaniei-la-balti-noi-acordam-intre-400-si-450-de-certificate-de-cetatenie-romana-pe-saptamana\\\/\"},\"wordCount\":477,\"image\":{\"@id\":\"https:\\\/\\\/www.btv.md\\\/ro\\\/consulul-general-al-romaniei-la-balti-noi-acordam-intre-400-si-450-de-certificate-de-cetatenie-romana-pe-saptamana\\\/#primaryimage\"},\"thumbnailUrl\":\"https:\\\/\\\/www.btv.md\\\/wp-content\\\/uploads\\\/2019\\\/10\\\/Consulatul_Rom\u00e2niei_din_B\u0103l\u021bi.jpg\",\"keywords\":[\"certificate\",\"cet\u0103\u0163enia rom\u00e2n\u0103\",\"consulul general\",\"Ionel Dumitrescu Petri\u0219or\",\"Rom\u00e2nia\"],\"articleSection\":[\"Ora\u0219\",\"Politic\u0103\",\"Social\"],\"inLanguage\":\"ro-RO\"},{\"@type\":\"WebPage\",\"@id\":\"https:\\\/\\\/www.btv.md\\\/ro\\\/consulul-general-al-romaniei-la-balti-noi-acordam-intre-400-si-450-de-certificate-de-cetatenie-romana-pe-saptamana\\\/\",\"url\":\"https:\\\/\\\/www.btv.md\\\/ro\\\/consulul-general-al-romaniei-la-balti-noi-acordam-intre-400-si-450-de-certificate-de-cetatenie-romana-pe-saptamana\\\/\",\"name\":\"CONSULUL GENERAL AL ROM\u00c2NIEI LA B\u0102L\u021aI: NOI ACORD\u0102M \u00ceNTRE 400 \u0218I 450 DE CERTIFICATE DE CET\u0102\u021aENIE ROM\u00c2N\u0102 PE S\u0102PT\u0102M\u00c2N\u0102\u201d - BTV\",\"isPartOf\":{\"@id\":\"https:\\\/\\\/www.btv.md\\\/#website\"},\"primaryImageOfPage\":{\"@id\":\"https:\\\/\\\/www.btv.md\\\/ro\\\/consulul-general-al-romaniei-la-balti-noi-acordam-intre-400-si-450-de-certificate-de-cetatenie-romana-pe-saptamana\\\/#primaryimage\"},\"image\":{\"@id\":\"https:\\\/\\\/www.btv.md\\\/ro\\\/consulul-general-al-romaniei-la-balti-noi-acordam-intre-400-si-450-de-certificate-de-cetatenie-romana-pe-saptamana\\\/#primaryimage\"},\"thumbnailUrl\":\"https:\\\/\\\/www.btv.md\\\/wp-content\\\/uploads\\\/2019\\\/10\\\/Consulatul_Rom\u00e2niei_din_B\u0103l\u021bi.jpg\",\"datePublished\":\"2019-10-20T12:16:40+00:00\",\"dateModified\":\"2019-10-22T13:44:39+00:00\",\"author\":{\"@id\":\"https:\\\/\\\/www.btv.md\\\/#\\\/schema\\\/person\\\/8fadce81561b3ce2c34c46dadc4ccbf2\"},\"inLanguage\":\"ro-RO\",\"potentialAction\":[{\"@type\":\"ReadAction\",\"target\":[\"https:\\\/\\\/www.btv.md\\\/ro\\\/consulul-general-al-romaniei-la-balti-noi-acordam-intre-400-si-450-de-certificate-de-cetatenie-romana-pe-saptamana\\\/\"]}]},{\"@type\":\"ImageObject\",\"inLanguage\":\"ro-RO\",\"@id\":\"https:\\\/\\\/www.btv.md\\\/ro\\\/consulul-general-al-romaniei-la-balti-noi-acordam-intre-400-si-450-de-certificate-de-cetatenie-romana-pe-saptamana\\\/#primaryimage\",\"url\":\"https:\\\/\\\/www.btv.md\\\/wp-content\\\/uploads\\\/2019\\\/10\\\/Consulatul_Rom\u00e2niei_din_B\u0103l\u021bi.jpg\",\"contentUrl\":\"https:\\\/\\\/www.btv.md\\\/wp-content\\\/uploads\\\/2019\\\/10\\\/Consulatul_Rom\u00e2niei_din_B\u0103l\u021bi.jpg\",\"width\":994,\"height\":745},{\"@type\":\"WebSite\",\"@id\":\"https:\\\/\\\/www.btv.md\\\/#website\",\"url\":\"https:\\\/\\\/www.btv.md\\\/\",\"name\":\"BTV\",\"description\":\"\u0411\u0435\u043b\u044c\u0446\u043a\u043e\u0435 \u0442\u0435\u043b\u0435\u0432\u0438\u0434\u0435\u043d\u0438\u0435\",\"potentialAction\":[{\"@type\":\"SearchAction\",\"target\":{\"@type\":\"EntryPoint\",\"urlTemplate\":\"https:\\\/\\\/www.btv.md\\\/?s={search_term_string}\"},\"query-input\":{\"@type\":\"PropertyValueSpecification\",\"valueRequired\":true,\"valueName\":\"search_term_string\"}}],\"inLanguage\":\"ro-RO\"},{\"@type\":\"Person\",\"@id\":\"https:\\\/\\\/www.btv.md\\\/#\\\/schema\\\/person\\\/8fadce81561b3ce2c34c46dadc4ccbf2\",\"name\":\"admin\"}]}<\/script>\n<!-- \/ Yoast SEO plugin. -->","yoast_head_json":{"title":"CONSULUL GENERAL AL ROM\u00c2NIEI LA B\u0102L\u021aI: NOI ACORD\u0102M \u00ceNTRE 400 \u0218I 450 DE CERTIFICATE DE CET\u0102\u021aENIE ROM\u00c2N\u0102 PE S\u0102PT\u0102M\u00c2N\u0102\u201d - BTV","robots":{"index":"index","follow":"follow","max-snippet":"max-snippet:-1","max-image-preview":"max-image-preview:large","max-video-preview":"max-video-preview:-1"},"canonical":"https:\/\/www.btv.md\/ro\/consulul-general-al-romaniei-la-balti-noi-acordam-intre-400-si-450-de-certificate-de-cetatenie-romana-pe-saptamana\/","og_locale":"ro_RO","og_type":"article","og_title":"CONSULUL GENERAL AL ROM\u00c2NIEI LA B\u0102L\u021aI: NOI ACORD\u0102M \u00ceNTRE 400 \u0218I 450 DE CERTIFICATE DE CET\u0102\u021aENIE ROM\u00c2N\u0102 PE S\u0102PT\u0102M\u00c2N\u0102\u201d - BTV","og_description":"Conform statisticilor Agen\u021biei Na\u021bionale pentru Cet\u0103\u021benie, din anul 2002 \u0219i p\u00e2n\u0103 la 30 martie 2018, \u00een total 521.025 cet\u0103\u021beni din Republica Moldova au redob\u00e2ndit cet\u0103\u021benia statului rom\u00e2n. Pentru moment ANC ofer\u0103 s\u0103pt\u0103m\u00e2nal \u00eentre 400 \u0219i 450 de certificate de cet\u0103\u021benie rom\u00e2n\u0103. De\u0219i guvernul a f\u0103cut careva schimb\u0103ri pentru a face mai rapid\u00a0 procesul de redob\u00e2ndire, [&hellip;]","og_url":"https:\/\/www.btv.md\/ro\/consulul-general-al-romaniei-la-balti-noi-acordam-intre-400-si-450-de-certificate-de-cetatenie-romana-pe-saptamana\/","og_site_name":"BTV","article_publisher":"https:\/\/www.facebook.com\/btvmoldova\/","article_published_time":"2019-10-20T12:16:40+00:00","article_modified_time":"2019-10-22T13:44:39+00:00","og_image":[{"width":994,"height":745,"url":"https:\/\/www.btv.md\/wp-content\/uploads\/2019\/10\/Consulatul_Rom\u00e2niei_din_B\u0103l\u021bi.jpg","type":"image\/jpeg"}],"author":"admin","twitter_misc":{"Scris de":"admin","Timp estimat pentru citire":"2 minute"},"schema":{"@context":"https:\/\/schema.org","@graph":[{"@type":"Article","@id":"https:\/\/www.btv.md\/ro\/consulul-general-al-romaniei-la-balti-noi-acordam-intre-400-si-450-de-certificate-de-cetatenie-romana-pe-saptamana\/#article","isPartOf":{"@id":"https:\/\/www.btv.md\/ro\/consulul-general-al-romaniei-la-balti-noi-acordam-intre-400-si-450-de-certificate-de-cetatenie-romana-pe-saptamana\/"},"author":{"name":"admin","@id":"https:\/\/www.btv.md\/#\/schema\/person\/8fadce81561b3ce2c34c46dadc4ccbf2"},"headline":"CONSULUL GENERAL AL ROM\u00c2NIEI LA B\u0102L\u021aI: NOI ACORD\u0102M \u00ceNTRE 400 \u0218I 450 DE CERTIFICATE DE CET\u0102\u021aENIE ROM\u00c2N\u0102 PE S\u0102PT\u0102M\u00c2N\u0102\u201d","datePublished":"2019-10-20T12:16:40+00:00","dateModified":"2019-10-22T13:44:39+00:00","mainEntityOfPage":{"@id":"https:\/\/www.btv.md\/ro\/consulul-general-al-romaniei-la-balti-noi-acordam-intre-400-si-450-de-certificate-de-cetatenie-romana-pe-saptamana\/"},"wordCount":477,"image":{"@id":"https:\/\/www.btv.md\/ro\/consulul-general-al-romaniei-la-balti-noi-acordam-intre-400-si-450-de-certificate-de-cetatenie-romana-pe-saptamana\/#primaryimage"},"thumbnailUrl":"https:\/\/www.btv.md\/wp-content\/uploads\/2019\/10\/Consulatul_Rom\u00e2niei_din_B\u0103l\u021bi.jpg","keywords":["certificate","cet\u0103\u0163enia rom\u00e2n\u0103","consulul general","Ionel Dumitrescu Petri\u0219or","Rom\u00e2nia"],"articleSection":["Ora\u0219","Politic\u0103","Social"],"inLanguage":"ro-RO"},{"@type":"WebPage","@id":"https:\/\/www.btv.md\/ro\/consulul-general-al-romaniei-la-balti-noi-acordam-intre-400-si-450-de-certificate-de-cetatenie-romana-pe-saptamana\/","url":"https:\/\/www.btv.md\/ro\/consulul-general-al-romaniei-la-balti-noi-acordam-intre-400-si-450-de-certificate-de-cetatenie-romana-pe-saptamana\/","name":"CONSULUL GENERAL AL ROM\u00c2NIEI LA B\u0102L\u021aI: NOI ACORD\u0102M \u00ceNTRE 400 \u0218I 450 DE CERTIFICATE DE CET\u0102\u021aENIE ROM\u00c2N\u0102 PE S\u0102PT\u0102M\u00c2N\u0102\u201d - BTV","isPartOf":{"@id":"https:\/\/www.btv.md\/#website"},"primaryImageOfPage":{"@id":"https:\/\/www.btv.md\/ro\/consulul-general-al-romaniei-la-balti-noi-acordam-intre-400-si-450-de-certificate-de-cetatenie-romana-pe-saptamana\/#primaryimage"},"image":{"@id":"https:\/\/www.btv.md\/ro\/consulul-general-al-romaniei-la-balti-noi-acordam-intre-400-si-450-de-certificate-de-cetatenie-romana-pe-saptamana\/#primaryimage"},"thumbnailUrl":"https:\/\/www.btv.md\/wp-content\/uploads\/2019\/10\/Consulatul_Rom\u00e2niei_din_B\u0103l\u021bi.jpg","datePublished":"2019-10-20T12:16:40+00:00","dateModified":"2019-10-22T13:44:39+00:00","author":{"@id":"https:\/\/www.btv.md\/#\/schema\/person\/8fadce81561b3ce2c34c46dadc4ccbf2"},"inLanguage":"ro-RO","potentialAction":[{"@type":"ReadAction","target":["https:\/\/www.btv.md\/ro\/consulul-general-al-romaniei-la-balti-noi-acordam-intre-400-si-450-de-certificate-de-cetatenie-romana-pe-saptamana\/"]}]},{"@type":"ImageObject","inLanguage":"ro-RO","@id":"https:\/\/www.btv.md\/ro\/consulul-general-al-romaniei-la-balti-noi-acordam-intre-400-si-450-de-certificate-de-cetatenie-romana-pe-saptamana\/#primaryimage","url":"https:\/\/www.btv.md\/wp-content\/uploads\/2019\/10\/Consulatul_Rom\u00e2niei_din_B\u0103l\u021bi.jpg","contentUrl":"https:\/\/www.btv.md\/wp-content\/uploads\/2019\/10\/Consulatul_Rom\u00e2niei_din_B\u0103l\u021bi.jpg","width":994,"height":745},{"@type":"WebSite","@id":"https:\/\/www.btv.md\/#website","url":"https:\/\/www.btv.md\/","name":"BTV","description":"\u0411\u0435\u043b\u044c\u0446\u043a\u043e\u0435 \u0442\u0435\u043b\u0435\u0432\u0438\u0434\u0435\u043d\u0438\u0435","potentialAction":[{"@type":"SearchAction","target":{"@type":"EntryPoint","urlTemplate":"https:\/\/www.btv.md\/?s={search_term_string}"},"query-input":{"@type":"PropertyValueSpecification","valueRequired":true,"valueName":"search_term_string"}}],"inLanguage":"ro-RO"},{"@type":"Person","@id":"https:\/\/www.btv.md\/#\/schema\/person\/8fadce81561b3ce2c34c46dadc4ccbf2","name":"admin"}]}},"_links":{"self":[{"href":"https:\/\/www.btv.md\/ro\/wp-json\/wp\/v2\/posts\/62615","targetHints":{"allow":["GET"]}}],"collection":[{"href":"https:\/\/www.btv.md\/ro\/wp-json\/wp\/v2\/posts"}],"about":[{"href":"https:\/\/www.btv.md\/ro\/wp-json\/wp\/v2\/types\/post"}],"author":[{"embeddable":true,"href":"https:\/\/www.btv.md\/ro\/wp-json\/wp\/v2\/users\/4"}],"replies":[{"embeddable":true,"href":"https:\/\/www.btv.md\/ro\/wp-json\/wp\/v2\/comments?post=62615"}],"version-history":[{"count":0,"href":"https:\/\/www.btv.md\/ro\/wp-json\/wp\/v2\/posts\/62615\/revisions"}],"wp:featuredmedia":[{"embeddable":true,"href":"https:\/\/www.btv.md\/ro\/wp-json\/wp\/v2\/media\/62617"}],"wp:attachment":[{"href":"https:\/\/www.btv.md\/ro\/wp-json\/wp\/v2\/media?parent=62615"}],"wp:term":[{"taxonomy":"category","embeddable":true,"href":"https:\/\/www.btv.md\/ro\/wp-json\/wp\/v2\/categories?post=62615"},{"taxonomy":"post_tag","embeddable":true,"href":"https:\/\/www.btv.md\/ro\/wp-json\/wp\/v2\/tags?post=62615"}],"curies":[{"name":"wp","href":"https:\/\/api.w.org\/{rel}","templated":true}]}}